{"id":272605,"date":"2025-07-16T10:48:45","date_gmt":"2025-07-16T13:48:45","guid":{"rendered":"https:\/\/www.gaveanews.com\/?p=272605"},"modified":"2025-07-16T10:48:49","modified_gmt":"2025-07-16T13:48:49","slug":"flamengo-define-futuro-de-leo-ortiz-apos-interesse-da-europa","status":"publish","type":"post","link":"https:\/\/www.gaveanews.com\/index.php\/2025\/07\/16\/flamengo-define-futuro-de-leo-ortiz-apos-interesse-da-europa\/","title":{"rendered":"Flamengo define futuro de L\u00e9o Ortiz ap\u00f3s interesse da Europa"},"content":{"rendered":"\n<p>Titular absoluto da defesa rubro-negra, L\u00e9o Ortiz vem se destacando na temporada com atua\u00e7\u00f5es regulares e participa\u00e7\u00e3o direta na s\u00f3lida campanha do Flamengo no Campeonato Brasileiro. O zagueiro esteve em campo em 11 das 12 partidas disputadas pela equipe na competi\u00e7\u00e3o e ajudou a consolidar o sistema defensivo menos vazado at\u00e9 aqui, com apenas quatro gols sofridos.<\/p>\n\n\n\n<p>Na temporada, Ortiz soma 31 jogos, tr\u00eas gols e uma assist\u00eancia. Com ele em campo, o time sofreu 15 gols \u2014 m\u00e9dia de um a cada 186 minutos. J\u00e1 nas dez partidas em que esteve ausente, o Flamengo sofreu oito gols, m\u00e9dia mais alta de um gol a cada 112 minutos.<\/p>\n\n\n\n<p>Al\u00e9m do bom desempenho t\u00e9cnico, Ortiz tem se firmado como uma das lideran\u00e7as do grupo. No clube desde 2024, ganhou a confian\u00e7a da comiss\u00e3o t\u00e9cnica e do elenco. Filipe Lu\u00eds utiliza o defensor como pe\u00e7a central no revezamento defensivo que inclui ainda L\u00e9o Pereira e Danilo, outro jogador com passagens pela sele\u00e7\u00e3o brasileira.<\/p>\n\n\n\n<p>Essa sequ\u00eancia consistente dentro e fora de campo despertou o interesse de clubes europeus, especialmente da It\u00e1lia. Juventus e Roma sondaram o jogador, buscando informa\u00e7\u00f5es sobre sua situa\u00e7\u00e3o contratual e possibilidades de negocia\u00e7\u00e3o.<\/p>\n\n\n\n<p>Apesar das investidas, a diretoria do Flamengo j\u00e1 decidiu: n\u00e3o h\u00e1 inten\u00e7\u00e3o de liberar L\u00e9o Ortiz na janela atual. A decis\u00e3o considera n\u00e3o apenas a import\u00e2ncia do jogador no elenco, mas tamb\u00e9m a limita\u00e7\u00e3o de op\u00e7\u00f5es para a zaga. O clube conta, al\u00e9m do trio principal, apenas com os jovens Jo\u00e3o Victor e Cleiton \u2014 este \u00faltimo com contrato at\u00e9 o fim do ano.<\/p>\n\n\n\n<p>Internamente, a diretoria at\u00e9 avalia a contrata\u00e7\u00e3o de um novo zagueiro, mas n\u00e3o trata o tema como prioridade. Segundo os dirigentes, Filipe Lu\u00eds j\u00e1 enfrenta \u201cdor de cabe\u00e7a\u201d positiva para definir os titulares entre L\u00e9o Pereira, Ortiz e Danilo. Ainda assim, o clube segue atento ao mercado por nomes que atuem pelo lado esquerdo da defesa, onde s\u00f3 L\u00e9o Pereira e Cleiton s\u00e3o canhotos.<\/p>\n\n\n\n<p>O Flamengo volta a campo nesta quarta-feira (16), \u00e0s 20 horas (hor\u00e1rio de Bras\u00edlia), para enfrentar o Santos na Vila Belmiro, em jogo v\u00e1lido pela 14\u00aa rodada do Brasileir\u00e3o. O Rubro-Negro lidera a competi\u00e7\u00e3o com a mesma pontua\u00e7\u00e3o do Cruzeiro, mas com um jogo a mais.<\/p>\n","protected":false},"excerpt":{"rendered":"<p>Titular absoluto da defesa rubro-negra, L\u00e9o Ortiz vem se destacando na temporada com atua\u00e7\u00f5es regulares e participa\u00e7\u00e3o direta na s\u00f3lida campanha do Flamengo no Campeonato Brasileiro. O zagueiro esteve em campo em 11 das 12 partidas disputadas pela equipe na competi\u00e7\u00e3o e ajudou a consolidar o sistema defensivo menos vazado at\u00e9 aqui, com apenas quatro [&hellip;]<\/p>\n","protected":false},"author":15,"featured_media":255009,"comment_status":"open","ping_status":"closed","sticky":false,"template":"","format":"standard","meta":{"footnotes":""},"categories":[1],"tags":[],"class_list":["post-272605","post","type-post","status-publish","format-standard","has-post-thumbnail","hentry","category-flamengo"],"yoast_head":"<!-- This site is optimized with the Yoast SEO Premium plugin v24.2 (Yoast SEO v26.9) - https:\/\/yoast.com\/product\/yoast-seo-premium-wordpress\/ -->\n<title>Flamengo define futuro de L\u00e9o Ortiz ap\u00f3s interesse da Europa<\/title>\n<meta name=\"robots\" content=\"index, follow, max-snippet:-1, max-image-preview:large, max-video-preview:-1\" \/>\n<link rel=\"canonical\" href=\"https:\/\/www.gaveanews.com\/index.php\/2025\/07\/16\/flamengo-define-futuro-de-leo-ortiz-apos-interesse-da-europa\/\" \/>\n<meta property=\"og:locale\" content=\"pt_BR\" \/>\n<meta property=\"og:type\" content=\"article\" \/>\n<meta property=\"og:title\" content=\"Flamengo define futuro de L\u00e9o Ortiz ap\u00f3s interesse da Europa\" \/>\n<meta property=\"og:description\" content=\"Titular absoluto da defesa rubro-negra, L\u00e9o Ortiz vem se destacando na temporada com atua\u00e7\u00f5es regulares e participa\u00e7\u00e3o direta na s\u00f3lida campanha do Flamengo no Campeonato Brasileiro. O zagueiro esteve em campo em 11 das 12 partidas disputadas pela equipe na competi\u00e7\u00e3o e ajudou a consolidar o sistema defensivo menos vazado at\u00e9 aqui, com apenas quatro [&hellip;]\" \/>\n<meta property=\"og:url\" content=\"https:\/\/www.gaveanews.com\/index.php\/2025\/07\/16\/flamengo-define-futuro-de-leo-ortiz-apos-interesse-da-europa\/\" \/>\n<meta property=\"og:site_name\" content=\"G\u00e1vea News\" \/>\n<meta property=\"article:publisher\" content=\"https:\/\/facebook.com\/gaveaNews\/\" \/>\n<meta property=\"article:published_time\" content=\"2025-07-16T13:48:45+00:00\" \/>\n<meta property=\"article:modified_time\" content=\"2025-07-16T13:48:49+00:00\" \/>\n<meta property=\"og:image\" content=\"http:\/\/www.gaveanews.com\/wp-content\/uploads\/Leo-Ortiz-treinando-com-o-grupo-no-CT-Ninho-do-Urubu.webp\" \/>\n\t<meta property=\"og:image:width\" content=\"1200\" \/>\n\t<meta property=\"og:image:height\" content=\"800\" \/>\n\t<meta property=\"og:image:type\" content=\"image\/png\" \/>\n<meta name=\"author\" content=\"Henrique Machado\" \/>\n<meta name=\"twitter:card\" content=\"summary_large_image\" \/>\n<meta name=\"twitter:label1\" content=\"Escrito por\" \/>\n\t<meta name=\"twitter:data1\" content=\"Henrique Machado\" \/>\n\t<meta name=\"twitter:label2\" content=\"Est. tempo de leitura\" \/>\n\t<meta name=\"twitter:data2\" content=\"3 minutos\" \/>\n<script type=\"application\/ld+json\" class=\"yoast-schema-graph\">{\"@context\":\"https:\/\/schema.org\",\"@graph\":[{\"@type\":\"NewsArticle\",\"@id\":\"https:\/\/www.gaveanews.com\/index.php\/2025\/07\/16\/flamengo-define-futuro-de-leo-ortiz-apos-interesse-da-europa\/#article\",\"isPartOf\":{\"@id\":\"https:\/\/www.gaveanews.com\/index.php\/2025\/07\/16\/flamengo-define-futuro-de-leo-ortiz-apos-interesse-da-europa\/\"},\"author\":{\"name\":\"Henrique Machado\",\"@id\":\"https:\/\/www.gaveanews.com\/#\/schema\/person\/fd07635ec039ec3ba74ad18ec8a6dbd6\"},\"headline\":\"Flamengo define futuro de L\u00e9o Ortiz ap\u00f3s interesse da Europa\",\"datePublished\":\"2025-07-16T13:48:45+00:00\",\"dateModified\":\"2025-07-16T13:48:49+00:00\",\"mainEntityOfPage\":{\"@id\":\"https:\/\/www.gaveanews.com\/index.php\/2025\/07\/16\/flamengo-define-futuro-de-leo-ortiz-apos-interesse-da-europa\/\"},\"wordCount\":416,\"commentCount\":0,\"image\":{\"@id\":\"https:\/\/www.gaveanews.com\/index.php\/2025\/07\/16\/flamengo-define-futuro-de-leo-ortiz-apos-interesse-da-europa\/#primaryimage\"},\"thumbnailUrl\":\"https:\/\/www.gaveanews.com\/wp-content\/uploads\/Leo-Ortiz-treinando-com-o-grupo-no-CT-Ninho-do-Urubu.webp\",\"articleSection\":[\"Flamengo\"],\"inLanguage\":\"pt-BR\",\"potentialAction\":[{\"@type\":\"CommentAction\",\"name\":\"Comment\",\"target\":[\"https:\/\/www.gaveanews.com\/index.php\/2025\/07\/16\/flamengo-define-futuro-de-leo-ortiz-apos-interesse-da-europa\/#respond\"]}],\"copyrightYear\":\"2025\",\"copyrightHolder\":{\"@id\":\"https:\/\/www.gaveanews.com\/#organization\"}},{\"@type\":\"WebPage\",\"@id\":\"https:\/\/www.gaveanews.com\/index.php\/2025\/07\/16\/flamengo-define-futuro-de-leo-ortiz-apos-interesse-da-europa\/\",\"url\":\"https:\/\/www.gaveanews.com\/index.php\/2025\/07\/16\/flamengo-define-futuro-de-leo-ortiz-apos-interesse-da-europa\/\",\"name\":\"Flamengo define futuro de L\u00e9o Ortiz ap\u00f3s interesse da Europa\",\"isPartOf\":{\"@id\":\"https:\/\/www.gaveanews.com\/#website\"},\"primaryImageOfPage\":{\"@id\":\"https:\/\/www.gaveanews.com\/index.php\/2025\/07\/16\/flamengo-define-futuro-de-leo-ortiz-apos-interesse-da-europa\/#primaryimage\"},\"image\":{\"@id\":\"https:\/\/www.gaveanews.com\/index.php\/2025\/07\/16\/flamengo-define-futuro-de-leo-ortiz-apos-interesse-da-europa\/#primaryimage\"},\"thumbnailUrl\":\"https:\/\/www.gaveanews.com\/wp-content\/uploads\/Leo-Ortiz-treinando-com-o-grupo-no-CT-Ninho-do-Urubu.webp\",\"datePublished\":\"2025-07-16T13:48:45+00:00\",\"dateModified\":\"2025-07-16T13:48:49+00:00\",\"author\":{\"@id\":\"https:\/\/www.gaveanews.com\/#\/schema\/person\/fd07635ec039ec3ba74ad18ec8a6dbd6\"},\"breadcrumb\":{\"@id\":\"https:\/\/www.gaveanews.com\/index.php\/2025\/07\/16\/flamengo-define-futuro-de-leo-ortiz-apos-interesse-da-europa\/#breadcrumb\"},\"inLanguage\":\"pt-BR\",\"potentialAction\":[{\"@type\":\"ReadAction\",\"target\":[\"https:\/\/www.gaveanews.com\/index.php\/2025\/07\/16\/flamengo-define-futuro-de-leo-ortiz-apos-interesse-da-europa\/\"]}]},{\"@type\":\"ImageObject\",\"inLanguage\":\"pt-BR\",\"@id\":\"https:\/\/www.gaveanews.com\/index.php\/2025\/07\/16\/flamengo-define-futuro-de-leo-ortiz-apos-interesse-da-europa\/#primaryimage\",\"url\":\"https:\/\/www.gaveanews.com\/wp-content\/uploads\/Leo-Ortiz-treinando-com-o-grupo-no-CT-Ninho-do-Urubu.webp\",\"contentUrl\":\"https:\/\/www.gaveanews.com\/wp-content\/uploads\/Leo-Ortiz-treinando-com-o-grupo-no-CT-Ninho-do-Urubu.webp\",\"width\":1200,\"height\":800,\"caption\":\"L\u00e9o Ortiz treinando com o grupo no CT Ninho do Urubu - Foto: Adriano Fontes\/Flamengo\"},{\"@type\":\"BreadcrumbList\",\"@id\":\"https:\/\/www.gaveanews.com\/index.php\/2025\/07\/16\/flamengo-define-futuro-de-leo-ortiz-apos-interesse-da-europa\/#breadcrumb\",\"itemListElement\":[{\"@type\":\"ListItem\",\"position\":1,\"name\":\"Home\",\"item\":\"https:\/\/www.gaveanews.com\/\"},{\"@type\":\"ListItem\",\"position\":2,\"name\":\"Flamengo define futuro de L\u00e9o Ortiz ap\u00f3s interesse da Europa\"}]},{\"@type\":\"WebSite\",\"@id\":\"https:\/\/www.gaveanews.com\/#website\",\"url\":\"https:\/\/www.gaveanews.com\/\",\"name\":\"G\u00e1vea News\",\"description\":\"Veja todas as not\u00edcias sobre o Flamengo: Contrata\u00e7\u00f5es, categorias de base, resultados das partidas, tabela de classifica\u00e7\u00e3o, pr\u00f3ximos jogos!\",\"potentialAction\":[{\"@type\":\"SearchAction\",\"target\":{\"@type\":\"EntryPoint\",\"urlTemplate\":\"https:\/\/www.gaveanews.com\/?s={search_term_string}\"},\"query-input\":{\"@type\":\"PropertyValueSpecification\",\"valueRequired\":true,\"valueName\":\"search_term_string\"}}],\"inLanguage\":\"pt-BR\"},{\"@type\":\"Person\",\"@id\":\"https:\/\/www.gaveanews.com\/#\/schema\/person\/fd07635ec039ec3ba74ad18ec8a6dbd6\",\"name\":\"Henrique Machado\",\"image\":{\"@type\":\"ImageObject\",\"inLanguage\":\"pt-BR\",\"@id\":\"https:\/\/www.gaveanews.com\/#\/schema\/person\/image\/\",\"url\":\"https:\/\/secure.gravatar.com\/avatar\/b95e35997e01d9800c1b6184bd79d4d898d370a3fce2584f5c77b907d5c7d9e9?s=96&d=mm&r=g\",\"contentUrl\":\"https:\/\/secure.gravatar.com\/avatar\/b95e35997e01d9800c1b6184bd79d4d898d370a3fce2584f5c77b907d5c7d9e9?s=96&d=mm&r=g\",\"caption\":\"Henrique Machado\"}}]}<\/script>\n<!-- \/ Yoast SEO Premium plugin. -->","yoast_head_json":{"title":"Flamengo define futuro de L\u00e9o Ortiz ap\u00f3s interesse da Europa","robots":{"index":"index","follow":"follow","max-snippet":"max-snippet:-1","max-image-preview":"max-image-preview:large","max-video-preview":"max-video-preview:-1"},"canonical":"https:\/\/www.gaveanews.com\/index.php\/2025\/07\/16\/flamengo-define-futuro-de-leo-ortiz-apos-interesse-da-europa\/","og_locale":"pt_BR","og_type":"article","og_title":"Flamengo define futuro de L\u00e9o Ortiz ap\u00f3s interesse da Europa","og_description":"Titular absoluto da defesa rubro-negra, L\u00e9o Ortiz vem se destacando na temporada com atua\u00e7\u00f5es regulares e participa\u00e7\u00e3o direta na s\u00f3lida campanha do Flamengo no Campeonato Brasileiro. O zagueiro esteve em campo em 11 das 12 partidas disputadas pela equipe na competi\u00e7\u00e3o e ajudou a consolidar o sistema defensivo menos vazado at\u00e9 aqui, com apenas quatro [&hellip;]","og_url":"https:\/\/www.gaveanews.com\/index.php\/2025\/07\/16\/flamengo-define-futuro-de-leo-ortiz-apos-interesse-da-europa\/","og_site_name":"G\u00e1vea News","article_publisher":"https:\/\/facebook.com\/gaveaNews\/","article_published_time":"2025-07-16T13:48:45+00:00","article_modified_time":"2025-07-16T13:48:49+00:00","og_image":[{"width":1200,"height":800,"url":"http:\/\/www.gaveanews.com\/wp-content\/uploads\/Leo-Ortiz-treinando-com-o-grupo-no-CT-Ninho-do-Urubu.webp","type":"image\/png"}],"author":"Henrique Machado","twitter_card":"summary_large_image","twitter_misc":{"Escrito por":"Henrique Machado","Est. tempo de leitura":"3 minutos"},"schema":{"@context":"https:\/\/schema.org","@graph":[{"@type":"NewsArticle","@id":"https:\/\/www.gaveanews.com\/index.php\/2025\/07\/16\/flamengo-define-futuro-de-leo-ortiz-apos-interesse-da-europa\/#article","isPartOf":{"@id":"https:\/\/www.gaveanews.com\/index.php\/2025\/07\/16\/flamengo-define-futuro-de-leo-ortiz-apos-interesse-da-europa\/"},"author":{"name":"Henrique Machado","@id":"https:\/\/www.gaveanews.com\/#\/schema\/person\/fd07635ec039ec3ba74ad18ec8a6dbd6"},"headline":"Flamengo define futuro de L\u00e9o Ortiz ap\u00f3s interesse da Europa","datePublished":"2025-07-16T13:48:45+00:00","dateModified":"2025-07-16T13:48:49+00:00","mainEntityOfPage":{"@id":"https:\/\/www.gaveanews.com\/index.php\/2025\/07\/16\/flamengo-define-futuro-de-leo-ortiz-apos-interesse-da-europa\/"},"wordCount":416,"commentCount":0,"image":{"@id":"https:\/\/www.gaveanews.com\/index.php\/2025\/07\/16\/flamengo-define-futuro-de-leo-ortiz-apos-interesse-da-europa\/#primaryimage"},"thumbnailUrl":"https:\/\/www.gaveanews.com\/wp-content\/uploads\/Leo-Ortiz-treinando-com-o-grupo-no-CT-Ninho-do-Urubu.webp","articleSection":["Flamengo"],"inLanguage":"pt-BR","potentialAction":[{"@type":"CommentAction","name":"Comment","target":["https:\/\/www.gaveanews.com\/index.php\/2025\/07\/16\/flamengo-define-futuro-de-leo-ortiz-apos-interesse-da-europa\/#respond"]}],"copyrightYear":"2025","copyrightHolder":{"@id":"https:\/\/www.gaveanews.com\/#organization"}},{"@type":"WebPage","@id":"https:\/\/www.gaveanews.com\/index.php\/2025\/07\/16\/flamengo-define-futuro-de-leo-ortiz-apos-interesse-da-europa\/","url":"https:\/\/www.gaveanews.com\/index.php\/2025\/07\/16\/flamengo-define-futuro-de-leo-ortiz-apos-interesse-da-europa\/","name":"Flamengo define futuro de L\u00e9o Ortiz ap\u00f3s interesse da Europa","isPartOf":{"@id":"https:\/\/www.gaveanews.com\/#website"},"primaryImageOfPage":{"@id":"https:\/\/www.gaveanews.com\/index.php\/2025\/07\/16\/flamengo-define-futuro-de-leo-ortiz-apos-interesse-da-europa\/#primaryimage"},"image":{"@id":"https:\/\/www.gaveanews.com\/index.php\/2025\/07\/16\/flamengo-define-futuro-de-leo-ortiz-apos-interesse-da-europa\/#primaryimage"},"thumbnailUrl":"https:\/\/www.gaveanews.com\/wp-content\/uploads\/Leo-Ortiz-treinando-com-o-grupo-no-CT-Ninho-do-Urubu.webp","datePublished":"2025-07-16T13:48:45+00:00","dateModified":"2025-07-16T13:48:49+00:00","author":{"@id":"https:\/\/www.gaveanews.com\/#\/schema\/person\/fd07635ec039ec3ba74ad18ec8a6dbd6"},"breadcrumb":{"@id":"https:\/\/www.gaveanews.com\/index.php\/2025\/07\/16\/flamengo-define-futuro-de-leo-ortiz-apos-interesse-da-europa\/#breadcrumb"},"inLanguage":"pt-BR","potentialAction":[{"@type":"ReadAction","target":["https:\/\/www.gaveanews.com\/index.php\/2025\/07\/16\/flamengo-define-futuro-de-leo-ortiz-apos-interesse-da-europa\/"]}]},{"@type":"ImageObject","inLanguage":"pt-BR","@id":"https:\/\/www.gaveanews.com\/index.php\/2025\/07\/16\/flamengo-define-futuro-de-leo-ortiz-apos-interesse-da-europa\/#primaryimage","url":"https:\/\/www.gaveanews.com\/wp-content\/uploads\/Leo-Ortiz-treinando-com-o-grupo-no-CT-Ninho-do-Urubu.webp","contentUrl":"https:\/\/www.gaveanews.com\/wp-content\/uploads\/Leo-Ortiz-treinando-com-o-grupo-no-CT-Ninho-do-Urubu.webp","width":1200,"height":800,"caption":"L\u00e9o Ortiz treinando com o grupo no CT Ninho do Urubu - Foto: Adriano Fontes\/Flamengo"},{"@type":"BreadcrumbList","@id":"https:\/\/www.gaveanews.com\/index.php\/2025\/07\/16\/flamengo-define-futuro-de-leo-ortiz-apos-interesse-da-europa\/#breadcrumb","itemListElement":[{"@type":"ListItem","position":1,"name":"Home","item":"https:\/\/www.gaveanews.com\/"},{"@type":"ListItem","position":2,"name":"Flamengo define futuro de L\u00e9o Ortiz ap\u00f3s interesse da Europa"}]},{"@type":"WebSite","@id":"https:\/\/www.gaveanews.com\/#website","url":"https:\/\/www.gaveanews.com\/","name":"G\u00e1vea News","description":"Veja todas as not\u00edcias sobre o Flamengo: Contrata\u00e7\u00f5es, categorias de base, resultados das partidas, tabela de classifica\u00e7\u00e3o, pr\u00f3ximos jogos!","potentialAction":[{"@type":"SearchAction","target":{"@type":"EntryPoint","urlTemplate":"https:\/\/www.gaveanews.com\/?s={search_term_string}"},"query-input":{"@type":"PropertyValueSpecification","valueRequired":true,"valueName":"search_term_string"}}],"inLanguage":"pt-BR"},{"@type":"Person","@id":"https:\/\/www.gaveanews.com\/#\/schema\/person\/fd07635ec039ec3ba74ad18ec8a6dbd6","name":"Henrique Machado","image":{"@type":"ImageObject","inLanguage":"pt-BR","@id":"https:\/\/www.gaveanews.com\/#\/schema\/person\/image\/","url":"https:\/\/secure.gravatar.com\/avatar\/b95e35997e01d9800c1b6184bd79d4d898d370a3fce2584f5c77b907d5c7d9e9?s=96&d=mm&r=g","contentUrl":"https:\/\/secure.gravatar.com\/avatar\/b95e35997e01d9800c1b6184bd79d4d898d370a3fce2584f5c77b907d5c7d9e9?s=96&d=mm&r=g","caption":"Henrique Machado"}}]}},"_links":{"self":[{"href":"https:\/\/www.gaveanews.com\/index.php\/wp-json\/wp\/v2\/posts\/272605","targetHints":{"allow":["GET"]}}],"collection":[{"href":"https:\/\/www.gaveanews.com\/index.php\/wp-json\/wp\/v2\/posts"}],"about":[{"href":"https:\/\/www.gaveanews.com\/index.php\/wp-json\/wp\/v2\/types\/post"}],"author":[{"embeddable":true,"href":"https:\/\/www.gaveanews.com\/index.php\/wp-json\/wp\/v2\/users\/15"}],"replies":[{"embeddable":true,"href":"https:\/\/www.gaveanews.com\/index.php\/wp-json\/wp\/v2\/comments?post=272605"}],"version-history":[{"count":1,"href":"https:\/\/www.gaveanews.com\/index.php\/wp-json\/wp\/v2\/posts\/272605\/revisions"}],"predecessor-version":[{"id":272607,"href":"https:\/\/www.gaveanews.com\/index.php\/wp-json\/wp\/v2\/posts\/272605\/revisions\/272607"}],"wp:featuredmedia":[{"embeddable":true,"href":"https:\/\/www.gaveanews.com\/index.php\/wp-json\/wp\/v2\/media\/255009"}],"wp:attachment":[{"href":"https:\/\/www.gaveanews.com\/index.php\/wp-json\/wp\/v2\/media?parent=272605"}],"wp:term":[{"taxonomy":"category","embeddable":true,"href":"https:\/\/www.gaveanews.com\/index.php\/wp-json\/wp\/v2\/categories?post=272605"},{"taxonomy":"post_tag","embeddable":true,"href":"https:\/\/www.gaveanews.com\/index.php\/wp-json\/wp\/v2\/tags?post=272605"}],"curies":[{"name":"wp","href":"https:\/\/api.w.org\/{rel}","templated":true}]}}