{"id":272609,"date":"2025-07-16T11:33:30","date_gmt":"2025-07-16T14:33:30","guid":{"rendered":"https:\/\/www.gaveanews.com\/?p=272609"},"modified":"2025-07-16T11:33:36","modified_gmt":"2025-07-16T14:33:36","slug":"saiba-mais-sobre-o-interesse-do-flamengo-em-neymar","status":"publish","type":"post","link":"https:\/\/www.gaveanews.com\/index.php\/2025\/07\/16\/saiba-mais-sobre-o-interesse-do-flamengo-em-neymar\/","title":{"rendered":"Saiba mais sobre o interesse do Flamengo em Neymar"},"content":{"rendered":"\n<p>O retorno de Neymar ao futebol brasileiro reacendeu debates que h\u00e1 tempos rondam a G\u00e1vea. Apesar da rela\u00e7\u00e3o de longa data entre o jogador e o Flamengo, o esperado encontro profissional nunca saiu do papel.&nbsp;<\/p>\n\n\n\n<p>Agora, com o craque de volta ao Santos, o Rubro-Negro volta a enfrentar o camisa 10 nesta quarta-feira, na Vila Belmiro, pela 14\u00aa rodada do Brasileir\u00e3o. Nos bastidores, no entanto, a possibilidade de vestir vermelho e preto chegou, sim, a ser considerada.<\/p>\n\n\n\n<h2 class=\"wp-block-heading\" id=\"h-diretoria-avaliou-cenario-em-janeiro-mas-optou-pela-cautela\">Diretoria avaliou cen\u00e1rio em janeiro, mas optou pela cautela<\/h2>\n\n\n\n<p>Quando Neymar ficou livre no mercado ap\u00f3s rescindir com o Al-Hilal, a diretoria do Flamengo analisou com seriedade a hip\u00f3tese de contrat\u00e1-lo. Cabe ressaltar que o jogador sempre demonstrou carinho pelo clube carioca, e o Flamengo vive uma fase financeira s\u00f3lida, com estrutura para grandes investimentos. Por isso, o tema chegou a ser debatido internamente.<\/p>\n\n\n\n<p>No entanto, entre a rescis\u00e3o contratual e o an\u00fancio pelo Santos foram apenas quatro dias. Sendo assim, n\u00e3o houve tempo h\u00e1bil para o Flamengo iniciar qualquer tratativa formal.&nbsp;<\/p>\n\n\n\n<p>Mesmo com o cen\u00e1rio j\u00e1 sendo discutido nos bastidores antes da libera\u00e7\u00e3o oficial do atleta, a avalia\u00e7\u00e3o final foi por n\u00e3o seguir adiante.<\/p>\n\n\n\n<h2 class=\"wp-block-heading\" id=\"h-pontos-analisados-pelo-flamengo\">Pontos analisados pelo Flamengo<\/h2>\n\n\n\n<p>Segundo o t\u00e9cnico Filipe Lu\u00eds e o diretor executivo Jos\u00e9 Boto, os pontos positivos inclu\u00edam a visibilidade internacional, o marketing envolvido e a qualidade t\u00e9cnica de Neymar. Al\u00e9m disso, o craque poderia ser um diferencial em campo, dentro e fora das competi\u00e7\u00f5es nacionais.<\/p>\n\n\n\n<p>Dessa maneira, o clube tamb\u00e9m considerou os aspectos negativos: a grave les\u00e3o no joelho, o hist\u00f3rico recente de poucas partidas disputadas, o desejo por um contrato curto e o alto sal\u00e1rio, muito acima do teto rubro-negro. Com isso, a diretoria concluiu que uma contrata\u00e7\u00e3o nesse molde poderia gerar mais impactos negativos do que benef\u00edcios esportivos.<\/p>\n\n\n\n<p>Portanto, embora o flerte tenha sido real, o \u201ccasamento\u201d entre Neymar e Flamengo ainda n\u00e3o aconteceu.<\/p>\n","protected":false},"excerpt":{"rendered":"<p>O retorno de Neymar ao futebol brasileiro reacendeu debates que h\u00e1 tempos rondam a G\u00e1vea. Apesar da rela\u00e7\u00e3o de longa data entre o jogador e o Flamengo, o esperado encontro profissional nunca saiu do papel.&nbsp; Agora, com o craque de volta ao Santos, o Rubro-Negro volta a enfrentar o camisa 10 nesta quarta-feira, na Vila [&hellip;]<\/p>\n","protected":false},"author":25,"featured_media":255254,"comment_status":"open","ping_status":"closed","sticky":false,"template":"","format":"standard","meta":{"footnotes":""},"categories":[1,139],"tags":[],"class_list":["post-272609","post","type-post","status-publish","format-standard","has-post-thumbnail","hentry","category-flamengo","category-santos"],"yoast_head":"<!-- This site is optimized with the Yoast SEO Premium plugin v24.2 (Yoast SEO v26.9) - https:\/\/yoast.com\/product\/yoast-seo-premium-wordpress\/ -->\n<title>Saiba mais sobre o interesse do Flamengo em Neymar<\/title>\n<meta name=\"robots\" content=\"index, follow, max-snippet:-1, max-image-preview:large, max-video-preview:-1\" \/>\n<link rel=\"canonical\" href=\"https:\/\/www.gaveanews.com\/index.php\/2025\/07\/16\/saiba-mais-sobre-o-interesse-do-flamengo-em-neymar\/\" \/>\n<meta property=\"og:locale\" content=\"pt_BR\" \/>\n<meta property=\"og:type\" content=\"article\" \/>\n<meta property=\"og:title\" content=\"Saiba mais sobre o interesse do Flamengo em Neymar\" \/>\n<meta property=\"og:description\" content=\"O retorno de Neymar ao futebol brasileiro reacendeu debates que h\u00e1 tempos rondam a G\u00e1vea. Apesar da rela\u00e7\u00e3o de longa data entre o jogador e o Flamengo, o esperado encontro profissional nunca saiu do papel.&nbsp; Agora, com o craque de volta ao Santos, o Rubro-Negro volta a enfrentar o camisa 10 nesta quarta-feira, na Vila [&hellip;]\" \/>\n<meta property=\"og:url\" content=\"https:\/\/www.gaveanews.com\/index.php\/2025\/07\/16\/saiba-mais-sobre-o-interesse-do-flamengo-em-neymar\/\" \/>\n<meta property=\"og:site_name\" content=\"G\u00e1vea News\" \/>\n<meta property=\"article:publisher\" content=\"https:\/\/facebook.com\/gaveaNews\/\" \/>\n<meta property=\"article:published_time\" content=\"2025-07-16T14:33:30+00:00\" \/>\n<meta property=\"article:modified_time\" content=\"2025-07-16T14:33:36+00:00\" \/>\n<meta property=\"og:image\" content=\"http:\/\/www.gaveanews.com\/wp-content\/uploads\/Neymar-em-atuacao-pelo-Santos-na-Vila-Belmiro.webp\" \/>\n\t<meta property=\"og:image:width\" content=\"1200\" \/>\n\t<meta property=\"og:image:height\" content=\"800\" \/>\n\t<meta property=\"og:image:type\" content=\"image\/png\" \/>\n<meta name=\"author\" content=\"Rafaela Ladeira\" \/>\n<meta name=\"twitter:card\" content=\"summary_large_image\" \/>\n<meta name=\"twitter:label1\" content=\"Escrito por\" \/>\n\t<meta name=\"twitter:data1\" content=\"Rafaela Ladeira\" \/>\n\t<meta name=\"twitter:label2\" content=\"Est. tempo de leitura\" \/>\n\t<meta name=\"twitter:data2\" content=\"2 minutos\" \/>\n<script type=\"application\/ld+json\" class=\"yoast-schema-graph\">{\"@context\":\"https:\/\/schema.org\",\"@graph\":[{\"@type\":\"NewsArticle\",\"@id\":\"https:\/\/www.gaveanews.com\/index.php\/2025\/07\/16\/saiba-mais-sobre-o-interesse-do-flamengo-em-neymar\/#article\",\"isPartOf\":{\"@id\":\"https:\/\/www.gaveanews.com\/index.php\/2025\/07\/16\/saiba-mais-sobre-o-interesse-do-flamengo-em-neymar\/\"},\"author\":{\"name\":\"Rafaela Ladeira\",\"@id\":\"https:\/\/www.gaveanews.com\/#\/schema\/person\/0eb3e3fe1754f0205218538adbe8f5ed\"},\"headline\":\"Saiba mais sobre o interesse do Flamengo em Neymar\",\"datePublished\":\"2025-07-16T14:33:30+00:00\",\"dateModified\":\"2025-07-16T14:33:36+00:00\",\"mainEntityOfPage\":{\"@id\":\"https:\/\/www.gaveanews.com\/index.php\/2025\/07\/16\/saiba-mais-sobre-o-interesse-do-flamengo-em-neymar\/\"},\"wordCount\":348,\"commentCount\":0,\"image\":{\"@id\":\"https:\/\/www.gaveanews.com\/index.php\/2025\/07\/16\/saiba-mais-sobre-o-interesse-do-flamengo-em-neymar\/#primaryimage\"},\"thumbnailUrl\":\"https:\/\/www.gaveanews.com\/wp-content\/uploads\/Neymar-em-atuacao-pelo-Santos-na-Vila-Belmiro.webp\",\"articleSection\":[\"Flamengo\",\"Santos\"],\"inLanguage\":\"pt-BR\",\"potentialAction\":[{\"@type\":\"CommentAction\",\"name\":\"Comment\",\"target\":[\"https:\/\/www.gaveanews.com\/index.php\/2025\/07\/16\/saiba-mais-sobre-o-interesse-do-flamengo-em-neymar\/#respond\"]}],\"copyrightYear\":\"2025\",\"copyrightHolder\":{\"@id\":\"https:\/\/www.gaveanews.com\/#organization\"}},{\"@type\":\"WebPage\",\"@id\":\"https:\/\/www.gaveanews.com\/index.php\/2025\/07\/16\/saiba-mais-sobre-o-interesse-do-flamengo-em-neymar\/\",\"url\":\"https:\/\/www.gaveanews.com\/index.php\/2025\/07\/16\/saiba-mais-sobre-o-interesse-do-flamengo-em-neymar\/\",\"name\":\"Saiba mais sobre o interesse do Flamengo em Neymar\",\"isPartOf\":{\"@id\":\"https:\/\/www.gaveanews.com\/#website\"},\"primaryImageOfPage\":{\"@id\":\"https:\/\/www.gaveanews.com\/index.php\/2025\/07\/16\/saiba-mais-sobre-o-interesse-do-flamengo-em-neymar\/#primaryimage\"},\"image\":{\"@id\":\"https:\/\/www.gaveanews.com\/index.php\/2025\/07\/16\/saiba-mais-sobre-o-interesse-do-flamengo-em-neymar\/#primaryimage\"},\"thumbnailUrl\":\"https:\/\/www.gaveanews.com\/wp-content\/uploads\/Neymar-em-atuacao-pelo-Santos-na-Vila-Belmiro.webp\",\"datePublished\":\"2025-07-16T14:33:30+00:00\",\"dateModified\":\"2025-07-16T14:33:36+00:00\",\"author\":{\"@id\":\"https:\/\/www.gaveanews.com\/#\/schema\/person\/0eb3e3fe1754f0205218538adbe8f5ed\"},\"breadcrumb\":{\"@id\":\"https:\/\/www.gaveanews.com\/index.php\/2025\/07\/16\/saiba-mais-sobre-o-interesse-do-flamengo-em-neymar\/#breadcrumb\"},\"inLanguage\":\"pt-BR\",\"potentialAction\":[{\"@type\":\"ReadAction\",\"target\":[\"https:\/\/www.gaveanews.com\/index.php\/2025\/07\/16\/saiba-mais-sobre-o-interesse-do-flamengo-em-neymar\/\"]}]},{\"@type\":\"ImageObject\",\"inLanguage\":\"pt-BR\",\"@id\":\"https:\/\/www.gaveanews.com\/index.php\/2025\/07\/16\/saiba-mais-sobre-o-interesse-do-flamengo-em-neymar\/#primaryimage\",\"url\":\"https:\/\/www.gaveanews.com\/wp-content\/uploads\/Neymar-em-atuacao-pelo-Santos-na-Vila-Belmiro.webp\",\"contentUrl\":\"https:\/\/www.gaveanews.com\/wp-content\/uploads\/Neymar-em-atuacao-pelo-Santos-na-Vila-Belmiro.webp\",\"width\":1200,\"height\":800,\"caption\":\"Neymar em atua\u00e7\u00e3o pelo Santos na Vila Belmiro - Fotos: Raul Baretta\/ Santos FC.\"},{\"@type\":\"BreadcrumbList\",\"@id\":\"https:\/\/www.gaveanews.com\/index.php\/2025\/07\/16\/saiba-mais-sobre-o-interesse-do-flamengo-em-neymar\/#breadcrumb\",\"itemListElement\":[{\"@type\":\"ListItem\",\"position\":1,\"name\":\"Home\",\"item\":\"https:\/\/www.gaveanews.com\/\"},{\"@type\":\"ListItem\",\"position\":2,\"name\":\"Saiba mais sobre o interesse do Flamengo em Neymar\"}]},{\"@type\":\"WebSite\",\"@id\":\"https:\/\/www.gaveanews.com\/#website\",\"url\":\"https:\/\/www.gaveanews.com\/\",\"name\":\"G\u00e1vea News\",\"description\":\"Veja todas as not\u00edcias sobre o Flamengo: Contrata\u00e7\u00f5es, categorias de base, resultados das partidas, tabela de classifica\u00e7\u00e3o, pr\u00f3ximos jogos!\",\"potentialAction\":[{\"@type\":\"SearchAction\",\"target\":{\"@type\":\"EntryPoint\",\"urlTemplate\":\"https:\/\/www.gaveanews.com\/?s={search_term_string}\"},\"query-input\":{\"@type\":\"PropertyValueSpecification\",\"valueRequired\":true,\"valueName\":\"search_term_string\"}}],\"inLanguage\":\"pt-BR\"},{\"@type\":\"Person\",\"@id\":\"https:\/\/www.gaveanews.com\/#\/schema\/person\/0eb3e3fe1754f0205218538adbe8f5ed\",\"name\":\"Rafaela Ladeira\",\"image\":{\"@type\":\"ImageObject\",\"inLanguage\":\"pt-BR\",\"@id\":\"https:\/\/www.gaveanews.com\/#\/schema\/person\/image\/\",\"url\":\"https:\/\/secure.gravatar.com\/avatar\/c31f513acffd85eacab5730cbdfdbbf59f21ba5aeada8cd890acea879fbb2455?s=96&d=mm&r=g\",\"contentUrl\":\"https:\/\/secure.gravatar.com\/avatar\/c31f513acffd85eacab5730cbdfdbbf59f21ba5aeada8cd890acea879fbb2455?s=96&d=mm&r=g\",\"caption\":\"Rafaela Ladeira\"}}]}<\/script>\n<!-- \/ Yoast SEO Premium plugin. -->","yoast_head_json":{"title":"Saiba mais sobre o interesse do Flamengo em Neymar","robots":{"index":"index","follow":"follow","max-snippet":"max-snippet:-1","max-image-preview":"max-image-preview:large","max-video-preview":"max-video-preview:-1"},"canonical":"https:\/\/www.gaveanews.com\/index.php\/2025\/07\/16\/saiba-mais-sobre-o-interesse-do-flamengo-em-neymar\/","og_locale":"pt_BR","og_type":"article","og_title":"Saiba mais sobre o interesse do Flamengo em Neymar","og_description":"O retorno de Neymar ao futebol brasileiro reacendeu debates que h\u00e1 tempos rondam a G\u00e1vea. Apesar da rela\u00e7\u00e3o de longa data entre o jogador e o Flamengo, o esperado encontro profissional nunca saiu do papel.&nbsp; Agora, com o craque de volta ao Santos, o Rubro-Negro volta a enfrentar o camisa 10 nesta quarta-feira, na Vila [&hellip;]","og_url":"https:\/\/www.gaveanews.com\/index.php\/2025\/07\/16\/saiba-mais-sobre-o-interesse-do-flamengo-em-neymar\/","og_site_name":"G\u00e1vea News","article_publisher":"https:\/\/facebook.com\/gaveaNews\/","article_published_time":"2025-07-16T14:33:30+00:00","article_modified_time":"2025-07-16T14:33:36+00:00","og_image":[{"width":1200,"height":800,"url":"http:\/\/www.gaveanews.com\/wp-content\/uploads\/Neymar-em-atuacao-pelo-Santos-na-Vila-Belmiro.webp","type":"image\/png"}],"author":"Rafaela Ladeira","twitter_card":"summary_large_image","twitter_misc":{"Escrito por":"Rafaela Ladeira","Est. tempo de leitura":"2 minutos"},"schema":{"@context":"https:\/\/schema.org","@graph":[{"@type":"NewsArticle","@id":"https:\/\/www.gaveanews.com\/index.php\/2025\/07\/16\/saiba-mais-sobre-o-interesse-do-flamengo-em-neymar\/#article","isPartOf":{"@id":"https:\/\/www.gaveanews.com\/index.php\/2025\/07\/16\/saiba-mais-sobre-o-interesse-do-flamengo-em-neymar\/"},"author":{"name":"Rafaela Ladeira","@id":"https:\/\/www.gaveanews.com\/#\/schema\/person\/0eb3e3fe1754f0205218538adbe8f5ed"},"headline":"Saiba mais sobre o interesse do Flamengo em Neymar","datePublished":"2025-07-16T14:33:30+00:00","dateModified":"2025-07-16T14:33:36+00:00","mainEntityOfPage":{"@id":"https:\/\/www.gaveanews.com\/index.php\/2025\/07\/16\/saiba-mais-sobre-o-interesse-do-flamengo-em-neymar\/"},"wordCount":348,"commentCount":0,"image":{"@id":"https:\/\/www.gaveanews.com\/index.php\/2025\/07\/16\/saiba-mais-sobre-o-interesse-do-flamengo-em-neymar\/#primaryimage"},"thumbnailUrl":"https:\/\/www.gaveanews.com\/wp-content\/uploads\/Neymar-em-atuacao-pelo-Santos-na-Vila-Belmiro.webp","articleSection":["Flamengo","Santos"],"inLanguage":"pt-BR","potentialAction":[{"@type":"CommentAction","name":"Comment","target":["https:\/\/www.gaveanews.com\/index.php\/2025\/07\/16\/saiba-mais-sobre-o-interesse-do-flamengo-em-neymar\/#respond"]}],"copyrightYear":"2025","copyrightHolder":{"@id":"https:\/\/www.gaveanews.com\/#organization"}},{"@type":"WebPage","@id":"https:\/\/www.gaveanews.com\/index.php\/2025\/07\/16\/saiba-mais-sobre-o-interesse-do-flamengo-em-neymar\/","url":"https:\/\/www.gaveanews.com\/index.php\/2025\/07\/16\/saiba-mais-sobre-o-interesse-do-flamengo-em-neymar\/","name":"Saiba mais sobre o interesse do Flamengo em Neymar","isPartOf":{"@id":"https:\/\/www.gaveanews.com\/#website"},"primaryImageOfPage":{"@id":"https:\/\/www.gaveanews.com\/index.php\/2025\/07\/16\/saiba-mais-sobre-o-interesse-do-flamengo-em-neymar\/#primaryimage"},"image":{"@id":"https:\/\/www.gaveanews.com\/index.php\/2025\/07\/16\/saiba-mais-sobre-o-interesse-do-flamengo-em-neymar\/#primaryimage"},"thumbnailUrl":"https:\/\/www.gaveanews.com\/wp-content\/uploads\/Neymar-em-atuacao-pelo-Santos-na-Vila-Belmiro.webp","datePublished":"2025-07-16T14:33:30+00:00","dateModified":"2025-07-16T14:33:36+00:00","author":{"@id":"https:\/\/www.gaveanews.com\/#\/schema\/person\/0eb3e3fe1754f0205218538adbe8f5ed"},"breadcrumb":{"@id":"https:\/\/www.gaveanews.com\/index.php\/2025\/07\/16\/saiba-mais-sobre-o-interesse-do-flamengo-em-neymar\/#breadcrumb"},"inLanguage":"pt-BR","potentialAction":[{"@type":"ReadAction","target":["https:\/\/www.gaveanews.com\/index.php\/2025\/07\/16\/saiba-mais-sobre-o-interesse-do-flamengo-em-neymar\/"]}]},{"@type":"ImageObject","inLanguage":"pt-BR","@id":"https:\/\/www.gaveanews.com\/index.php\/2025\/07\/16\/saiba-mais-sobre-o-interesse-do-flamengo-em-neymar\/#primaryimage","url":"https:\/\/www.gaveanews.com\/wp-content\/uploads\/Neymar-em-atuacao-pelo-Santos-na-Vila-Belmiro.webp","contentUrl":"https:\/\/www.gaveanews.com\/wp-content\/uploads\/Neymar-em-atuacao-pelo-Santos-na-Vila-Belmiro.webp","width":1200,"height":800,"caption":"Neymar em atua\u00e7\u00e3o pelo Santos na Vila Belmiro - Fotos: Raul Baretta\/ Santos FC."},{"@type":"BreadcrumbList","@id":"https:\/\/www.gaveanews.com\/index.php\/2025\/07\/16\/saiba-mais-sobre-o-interesse-do-flamengo-em-neymar\/#breadcrumb","itemListElement":[{"@type":"ListItem","position":1,"name":"Home","item":"https:\/\/www.gaveanews.com\/"},{"@type":"ListItem","position":2,"name":"Saiba mais sobre o interesse do Flamengo em Neymar"}]},{"@type":"WebSite","@id":"https:\/\/www.gaveanews.com\/#website","url":"https:\/\/www.gaveanews.com\/","name":"G\u00e1vea News","description":"Veja todas as not\u00edcias sobre o Flamengo: Contrata\u00e7\u00f5es, categorias de base, resultados das partidas, tabela de classifica\u00e7\u00e3o, pr\u00f3ximos jogos!","potentialAction":[{"@type":"SearchAction","target":{"@type":"EntryPoint","urlTemplate":"https:\/\/www.gaveanews.com\/?s={search_term_string}"},"query-input":{"@type":"PropertyValueSpecification","valueRequired":true,"valueName":"search_term_string"}}],"inLanguage":"pt-BR"},{"@type":"Person","@id":"https:\/\/www.gaveanews.com\/#\/schema\/person\/0eb3e3fe1754f0205218538adbe8f5ed","name":"Rafaela Ladeira","image":{"@type":"ImageObject","inLanguage":"pt-BR","@id":"https:\/\/www.gaveanews.com\/#\/schema\/person\/image\/","url":"https:\/\/secure.gravatar.com\/avatar\/c31f513acffd85eacab5730cbdfdbbf59f21ba5aeada8cd890acea879fbb2455?s=96&d=mm&r=g","contentUrl":"https:\/\/secure.gravatar.com\/avatar\/c31f513acffd85eacab5730cbdfdbbf59f21ba5aeada8cd890acea879fbb2455?s=96&d=mm&r=g","caption":"Rafaela Ladeira"}}]}},"_links":{"self":[{"href":"https:\/\/www.gaveanews.com\/index.php\/wp-json\/wp\/v2\/posts\/272609","targetHints":{"allow":["GET"]}}],"collection":[{"href":"https:\/\/www.gaveanews.com\/index.php\/wp-json\/wp\/v2\/posts"}],"about":[{"href":"https:\/\/www.gaveanews.com\/index.php\/wp-json\/wp\/v2\/types\/post"}],"author":[{"embeddable":true,"href":"https:\/\/www.gaveanews.com\/index.php\/wp-json\/wp\/v2\/users\/25"}],"replies":[{"embeddable":true,"href":"https:\/\/www.gaveanews.com\/index.php\/wp-json\/wp\/v2\/comments?post=272609"}],"version-history":[{"count":1,"href":"https:\/\/www.gaveanews.com\/index.php\/wp-json\/wp\/v2\/posts\/272609\/revisions"}],"predecessor-version":[{"id":272610,"href":"https:\/\/www.gaveanews.com\/index.php\/wp-json\/wp\/v2\/posts\/272609\/revisions\/272610"}],"wp:featuredmedia":[{"embeddable":true,"href":"https:\/\/www.gaveanews.com\/index.php\/wp-json\/wp\/v2\/media\/255254"}],"wp:attachment":[{"href":"https:\/\/www.gaveanews.com\/index.php\/wp-json\/wp\/v2\/media?parent=272609"}],"wp:term":[{"taxonomy":"category","embeddable":true,"href":"https:\/\/www.gaveanews.com\/index.php\/wp-json\/wp\/v2\/categories?post=272609"},{"taxonomy":"post_tag","embeddable":true,"href":"https:\/\/www.gaveanews.com\/index.php\/wp-json\/wp\/v2\/tags?post=272609"}],"curies":[{"name":"wp","href":"https:\/\/api.w.org\/{rel}","templated":true}]}}