{"id":272613,"date":"2025-07-16T12:30:00","date_gmt":"2025-07-16T15:30:00","guid":{"rendered":"https:\/\/www.gaveanews.com\/?p=272613"},"modified":"2025-07-16T12:04:03","modified_gmt":"2025-07-16T15:04:03","slug":"flamengo-pode-perder-dois-jogadores-para-o-fla-flu","status":"publish","type":"post","link":"https:\/\/www.gaveanews.com\/index.php\/2025\/07\/16\/flamengo-pode-perder-dois-jogadores-para-o-fla-flu\/","title":{"rendered":"Flamengo pode perder dois jogadores para o Fla-Flu"},"content":{"rendered":"\n<p>Com a lideran\u00e7a do Brasileir\u00e3o em jogo e um cl\u00e1ssico decisivo no horizonte, o Flamengo vive uma situa\u00e7\u00e3o delicada. Antes de encarar o Fluminense no pr\u00f3ximo domingo (21), o Rubro-Negro entra em campo nesta quarta-feira (16), \u00e0s 20h, contra o Santos, na Vila Belmiro, e corre o risco de perder dois jogadores importantes para o Fla-Flu: Bruno Henrique e Wallace Yan.<\/p>\n\n\n\n<h2 class=\"wp-block-heading\" id=\"h-pendurados-e-em-alerta\">Pendurados e em alerta<\/h2>\n\n\n\n<p>A preocupa\u00e7\u00e3o do t\u00e9cnico Filipe Lu\u00eds vai al\u00e9m do advers\u00e1rio desta noite. Isso porque tanto Bruno Henrique quanto Wallace Yan est\u00e3o pendurados com dois cart\u00f5es amarelos. Caso recebam nova advert\u00eancia diante do Peixe, estar\u00e3o automaticamente fora do cl\u00e1ssico contra o Tricolor, o que seria um golpe consider\u00e1vel para o setor ofensivo do time. Al\u00e9m disso, Erick Pulgar segue como desfalque certo, ainda se recuperando de les\u00e3o.<\/p>\n\n\n\n<p>Sendo assim, a decis\u00e3o de escalar ou preservar os atletas se tornou estrat\u00e9gica. Na prov\u00e1vel escala\u00e7\u00e3o divulgada, Bruno Henrique deve come\u00e7ar entre os titulares, o que mostra a inten\u00e7\u00e3o de Filipe Lu\u00eds de buscar a vit\u00f3ria mesmo correndo riscos.&nbsp;<\/p>\n\n\n\n<p>Por outro lado, a aus\u00eancia de Pedro da lista de relacionados refor\u00e7a o clima de indefini\u00e7\u00e3o no ataque rubro-negro.<\/p>\n\n\n\n<h2 class=\"wp-block-heading\" id=\"h-garotos-da-base-ganham-espaco-no-elenco\">Garotos da base ganham espa\u00e7o no elenco<\/h2>\n\n\n\n<p>Vale destacar que, com algumas baixas no elenco, o Flamengo tem recorrido \u00e0 sua base para manter o rendimento. Matheus Gon\u00e7alves, ap\u00f3s boas atua\u00e7\u00f5es no Brasileir\u00e3o Sub-20, foi novamente convocado para o time principal. Dessa maneira, o jovem atacante ser\u00e1 op\u00e7\u00e3o no banco para o confronto com o Santos.<\/p>\n\n\n\n<p>Outra novidade \u00e9 a improvisa\u00e7\u00e3o de Varela na lateral-esquerda. Isso porque Alex Sandro e Ayrton Lucas seguem no departamento m\u00e9dico. Com isso, o time dever\u00e1 ter uma forma\u00e7\u00e3o alternativa, o que aumenta o desafio para manter a lideran\u00e7a da competi\u00e7\u00e3o.<\/p>\n\n\n\n<h2 class=\"wp-block-heading\" id=\"h-situacao-na-tabela\">Situa\u00e7\u00e3o na tabela<\/h2>\n\n\n\n<p>Com 27 pontos, o Flamengo divide a lideran\u00e7a com o Cruzeiro, que tem um jogo a mais. Por isso, vencer hoje \u00e9 fundamental para se manter no topo. Cabe ressaltar que o cl\u00e1ssico contra o Fluminense pode definir os rumos do campeonato, e chegar completo \u00e0 partida ser\u00e1 essencial para o Rubro-Negro. Desse jeito, cada detalhe desta rodada pode fazer toda a diferen\u00e7a na briga pelo t\u00edtulo.<\/p>\n","protected":false},"excerpt":{"rendered":"<p>Com a lideran\u00e7a do Brasileir\u00e3o em jogo e um cl\u00e1ssico decisivo no horizonte, o Flamengo vive uma situa\u00e7\u00e3o delicada. Antes de encarar o Fluminense no pr\u00f3ximo domingo (21), o Rubro-Negro entra em campo nesta quarta-feira (16), \u00e0s 20h, contra o Santos, na Vila Belmiro, e corre o risco de perder dois jogadores importantes para o [&hellip;]<\/p>\n","protected":false},"author":25,"featured_media":171213,"comment_status":"open","ping_status":"closed","sticky":false,"template":"","format":"standard","meta":{"footnotes":""},"categories":[1],"tags":[],"class_list":["post-272613","post","type-post","status-publish","format-standard","has-post-thumbnail","hentry","category-flamengo"],"yoast_head":"<!-- This site is optimized with the Yoast SEO Premium plugin v24.2 (Yoast SEO v26.9) - https:\/\/yoast.com\/product\/yoast-seo-premium-wordpress\/ -->\n<title>Flamengo pode perder dois jogadores para o Fla-Flu<\/title>\n<meta name=\"robots\" content=\"index, follow, max-snippet:-1, max-image-preview:large, max-video-preview:-1\" \/>\n<link rel=\"canonical\" href=\"https:\/\/www.gaveanews.com\/index.php\/2025\/07\/16\/flamengo-pode-perder-dois-jogadores-para-o-fla-flu\/\" \/>\n<meta property=\"og:locale\" content=\"pt_BR\" \/>\n<meta property=\"og:type\" content=\"article\" \/>\n<meta property=\"og:title\" content=\"Flamengo pode perder dois jogadores para o Fla-Flu\" \/>\n<meta property=\"og:description\" content=\"Com a lideran\u00e7a do Brasileir\u00e3o em jogo e um cl\u00e1ssico decisivo no horizonte, o Flamengo vive uma situa\u00e7\u00e3o delicada. Antes de encarar o Fluminense no pr\u00f3ximo domingo (21), o Rubro-Negro entra em campo nesta quarta-feira (16), \u00e0s 20h, contra o Santos, na Vila Belmiro, e corre o risco de perder dois jogadores importantes para o [&hellip;]\" \/>\n<meta property=\"og:url\" content=\"https:\/\/www.gaveanews.com\/index.php\/2025\/07\/16\/flamengo-pode-perder-dois-jogadores-para-o-fla-flu\/\" \/>\n<meta property=\"og:site_name\" content=\"G\u00e1vea News\" \/>\n<meta property=\"article:publisher\" content=\"https:\/\/facebook.com\/gaveaNews\/\" \/>\n<meta property=\"article:published_time\" content=\"2025-07-16T15:30:00+00:00\" \/>\n<meta property=\"og:image\" content=\"https:\/\/www.gaveanews.com\/wp-content\/uploads\/Filipe-Luis-como-tecnico-do-Flamengo-em-2024.webp\" \/>\n\t<meta property=\"og:image:width\" content=\"1065\" \/>\n\t<meta property=\"og:image:height\" content=\"710\" \/>\n\t<meta property=\"og:image:type\" content=\"image\/webp\" \/>\n<meta name=\"author\" content=\"Rafaela Ladeira\" \/>\n<meta name=\"twitter:card\" content=\"summary_large_image\" \/>\n<meta name=\"twitter:label1\" content=\"Escrito por\" \/>\n\t<meta name=\"twitter:data1\" content=\"Rafaela Ladeira\" \/>\n\t<meta name=\"twitter:label2\" content=\"Est. tempo de leitura\" \/>\n\t<meta name=\"twitter:data2\" content=\"3 minutos\" \/>\n<script type=\"application\/ld+json\" class=\"yoast-schema-graph\">{\"@context\":\"https:\/\/schema.org\",\"@graph\":[{\"@type\":\"NewsArticle\",\"@id\":\"https:\/\/www.gaveanews.com\/index.php\/2025\/07\/16\/flamengo-pode-perder-dois-jogadores-para-o-fla-flu\/#article\",\"isPartOf\":{\"@id\":\"https:\/\/www.gaveanews.com\/index.php\/2025\/07\/16\/flamengo-pode-perder-dois-jogadores-para-o-fla-flu\/\"},\"author\":{\"name\":\"Rafaela Ladeira\",\"@id\":\"https:\/\/www.gaveanews.com\/#\/schema\/person\/0eb3e3fe1754f0205218538adbe8f5ed\"},\"headline\":\"Flamengo pode perder dois jogadores para o Fla-Flu\",\"datePublished\":\"2025-07-16T15:30:00+00:00\",\"mainEntityOfPage\":{\"@id\":\"https:\/\/www.gaveanews.com\/index.php\/2025\/07\/16\/flamengo-pode-perder-dois-jogadores-para-o-fla-flu\/\"},\"wordCount\":402,\"commentCount\":0,\"image\":{\"@id\":\"https:\/\/www.gaveanews.com\/index.php\/2025\/07\/16\/flamengo-pode-perder-dois-jogadores-para-o-fla-flu\/#primaryimage\"},\"thumbnailUrl\":\"https:\/\/www.gaveanews.com\/wp-content\/uploads\/Filipe-Luis-como-tecnico-do-Flamengo-em-2024.webp\",\"articleSection\":[\"Flamengo\"],\"inLanguage\":\"pt-BR\",\"potentialAction\":[{\"@type\":\"CommentAction\",\"name\":\"Comment\",\"target\":[\"https:\/\/www.gaveanews.com\/index.php\/2025\/07\/16\/flamengo-pode-perder-dois-jogadores-para-o-fla-flu\/#respond\"]}],\"copyrightYear\":\"2025\",\"copyrightHolder\":{\"@id\":\"https:\/\/www.gaveanews.com\/#organization\"}},{\"@type\":\"WebPage\",\"@id\":\"https:\/\/www.gaveanews.com\/index.php\/2025\/07\/16\/flamengo-pode-perder-dois-jogadores-para-o-fla-flu\/\",\"url\":\"https:\/\/www.gaveanews.com\/index.php\/2025\/07\/16\/flamengo-pode-perder-dois-jogadores-para-o-fla-flu\/\",\"name\":\"Flamengo pode perder dois jogadores para o Fla-Flu\",\"isPartOf\":{\"@id\":\"https:\/\/www.gaveanews.com\/#website\"},\"primaryImageOfPage\":{\"@id\":\"https:\/\/www.gaveanews.com\/index.php\/2025\/07\/16\/flamengo-pode-perder-dois-jogadores-para-o-fla-flu\/#primaryimage\"},\"image\":{\"@id\":\"https:\/\/www.gaveanews.com\/index.php\/2025\/07\/16\/flamengo-pode-perder-dois-jogadores-para-o-fla-flu\/#primaryimage\"},\"thumbnailUrl\":\"https:\/\/www.gaveanews.com\/wp-content\/uploads\/Filipe-Luis-como-tecnico-do-Flamengo-em-2024.webp\",\"datePublished\":\"2025-07-16T15:30:00+00:00\",\"author\":{\"@id\":\"https:\/\/www.gaveanews.com\/#\/schema\/person\/0eb3e3fe1754f0205218538adbe8f5ed\"},\"breadcrumb\":{\"@id\":\"https:\/\/www.gaveanews.com\/index.php\/2025\/07\/16\/flamengo-pode-perder-dois-jogadores-para-o-fla-flu\/#breadcrumb\"},\"inLanguage\":\"pt-BR\",\"potentialAction\":[{\"@type\":\"ReadAction\",\"target\":[\"https:\/\/www.gaveanews.com\/index.php\/2025\/07\/16\/flamengo-pode-perder-dois-jogadores-para-o-fla-flu\/\"]}]},{\"@type\":\"ImageObject\",\"inLanguage\":\"pt-BR\",\"@id\":\"https:\/\/www.gaveanews.com\/index.php\/2025\/07\/16\/flamengo-pode-perder-dois-jogadores-para-o-fla-flu\/#primaryimage\",\"url\":\"https:\/\/www.gaveanews.com\/wp-content\/uploads\/Filipe-Luis-como-tecnico-do-Flamengo-em-2024.webp\",\"contentUrl\":\"https:\/\/www.gaveanews.com\/wp-content\/uploads\/Filipe-Luis-como-tecnico-do-Flamengo-em-2024.webp\",\"width\":1065,\"height\":710,\"caption\":\"Filipe Lu\u00eds como t\u00e9cnico do Flamengo em (Foto: Gilvan de Souza e Marcelo Cortes \/ CRF)\"},{\"@type\":\"BreadcrumbList\",\"@id\":\"https:\/\/www.gaveanews.com\/index.php\/2025\/07\/16\/flamengo-pode-perder-dois-jogadores-para-o-fla-flu\/#breadcrumb\",\"itemListElement\":[{\"@type\":\"ListItem\",\"position\":1,\"name\":\"Home\",\"item\":\"https:\/\/www.gaveanews.com\/\"},{\"@type\":\"ListItem\",\"position\":2,\"name\":\"Flamengo pode perder dois jogadores para o Fla-Flu\"}]},{\"@type\":\"WebSite\",\"@id\":\"https:\/\/www.gaveanews.com\/#website\",\"url\":\"https:\/\/www.gaveanews.com\/\",\"name\":\"G\u00e1vea News\",\"description\":\"Veja todas as not\u00edcias sobre o Flamengo: Contrata\u00e7\u00f5es, categorias de base, resultados das partidas, tabela de classifica\u00e7\u00e3o, pr\u00f3ximos jogos!\",\"potentialAction\":[{\"@type\":\"SearchAction\",\"target\":{\"@type\":\"EntryPoint\",\"urlTemplate\":\"https:\/\/www.gaveanews.com\/?s={search_term_string}\"},\"query-input\":{\"@type\":\"PropertyValueSpecification\",\"valueRequired\":true,\"valueName\":\"search_term_string\"}}],\"inLanguage\":\"pt-BR\"},{\"@type\":\"Person\",\"@id\":\"https:\/\/www.gaveanews.com\/#\/schema\/person\/0eb3e3fe1754f0205218538adbe8f5ed\",\"name\":\"Rafaela Ladeira\",\"image\":{\"@type\":\"ImageObject\",\"inLanguage\":\"pt-BR\",\"@id\":\"https:\/\/www.gaveanews.com\/#\/schema\/person\/image\/\",\"url\":\"https:\/\/secure.gravatar.com\/avatar\/c31f513acffd85eacab5730cbdfdbbf59f21ba5aeada8cd890acea879fbb2455?s=96&d=mm&r=g\",\"contentUrl\":\"https:\/\/secure.gravatar.com\/avatar\/c31f513acffd85eacab5730cbdfdbbf59f21ba5aeada8cd890acea879fbb2455?s=96&d=mm&r=g\",\"caption\":\"Rafaela Ladeira\"}}]}<\/script>\n<!-- \/ Yoast SEO Premium plugin. -->","yoast_head_json":{"title":"Flamengo pode perder dois jogadores para o Fla-Flu","robots":{"index":"index","follow":"follow","max-snippet":"max-snippet:-1","max-image-preview":"max-image-preview:large","max-video-preview":"max-video-preview:-1"},"canonical":"https:\/\/www.gaveanews.com\/index.php\/2025\/07\/16\/flamengo-pode-perder-dois-jogadores-para-o-fla-flu\/","og_locale":"pt_BR","og_type":"article","og_title":"Flamengo pode perder dois jogadores para o Fla-Flu","og_description":"Com a lideran\u00e7a do Brasileir\u00e3o em jogo e um cl\u00e1ssico decisivo no horizonte, o Flamengo vive uma situa\u00e7\u00e3o delicada. Antes de encarar o Fluminense no pr\u00f3ximo domingo (21), o Rubro-Negro entra em campo nesta quarta-feira (16), \u00e0s 20h, contra o Santos, na Vila Belmiro, e corre o risco de perder dois jogadores importantes para o [&hellip;]","og_url":"https:\/\/www.gaveanews.com\/index.php\/2025\/07\/16\/flamengo-pode-perder-dois-jogadores-para-o-fla-flu\/","og_site_name":"G\u00e1vea News","article_publisher":"https:\/\/facebook.com\/gaveaNews\/","article_published_time":"2025-07-16T15:30:00+00:00","og_image":[{"width":1065,"height":710,"url":"https:\/\/www.gaveanews.com\/wp-content\/uploads\/Filipe-Luis-como-tecnico-do-Flamengo-em-2024.webp","type":"image\/webp"}],"author":"Rafaela Ladeira","twitter_card":"summary_large_image","twitter_misc":{"Escrito por":"Rafaela Ladeira","Est. tempo de leitura":"3 minutos"},"schema":{"@context":"https:\/\/schema.org","@graph":[{"@type":"NewsArticle","@id":"https:\/\/www.gaveanews.com\/index.php\/2025\/07\/16\/flamengo-pode-perder-dois-jogadores-para-o-fla-flu\/#article","isPartOf":{"@id":"https:\/\/www.gaveanews.com\/index.php\/2025\/07\/16\/flamengo-pode-perder-dois-jogadores-para-o-fla-flu\/"},"author":{"name":"Rafaela Ladeira","@id":"https:\/\/www.gaveanews.com\/#\/schema\/person\/0eb3e3fe1754f0205218538adbe8f5ed"},"headline":"Flamengo pode perder dois jogadores para o Fla-Flu","datePublished":"2025-07-16T15:30:00+00:00","mainEntityOfPage":{"@id":"https:\/\/www.gaveanews.com\/index.php\/2025\/07\/16\/flamengo-pode-perder-dois-jogadores-para-o-fla-flu\/"},"wordCount":402,"commentCount":0,"image":{"@id":"https:\/\/www.gaveanews.com\/index.php\/2025\/07\/16\/flamengo-pode-perder-dois-jogadores-para-o-fla-flu\/#primaryimage"},"thumbnailUrl":"https:\/\/www.gaveanews.com\/wp-content\/uploads\/Filipe-Luis-como-tecnico-do-Flamengo-em-2024.webp","articleSection":["Flamengo"],"inLanguage":"pt-BR","potentialAction":[{"@type":"CommentAction","name":"Comment","target":["https:\/\/www.gaveanews.com\/index.php\/2025\/07\/16\/flamengo-pode-perder-dois-jogadores-para-o-fla-flu\/#respond"]}],"copyrightYear":"2025","copyrightHolder":{"@id":"https:\/\/www.gaveanews.com\/#organization"}},{"@type":"WebPage","@id":"https:\/\/www.gaveanews.com\/index.php\/2025\/07\/16\/flamengo-pode-perder-dois-jogadores-para-o-fla-flu\/","url":"https:\/\/www.gaveanews.com\/index.php\/2025\/07\/16\/flamengo-pode-perder-dois-jogadores-para-o-fla-flu\/","name":"Flamengo pode perder dois jogadores para o Fla-Flu","isPartOf":{"@id":"https:\/\/www.gaveanews.com\/#website"},"primaryImageOfPage":{"@id":"https:\/\/www.gaveanews.com\/index.php\/2025\/07\/16\/flamengo-pode-perder-dois-jogadores-para-o-fla-flu\/#primaryimage"},"image":{"@id":"https:\/\/www.gaveanews.com\/index.php\/2025\/07\/16\/flamengo-pode-perder-dois-jogadores-para-o-fla-flu\/#primaryimage"},"thumbnailUrl":"https:\/\/www.gaveanews.com\/wp-content\/uploads\/Filipe-Luis-como-tecnico-do-Flamengo-em-2024.webp","datePublished":"2025-07-16T15:30:00+00:00","author":{"@id":"https:\/\/www.gaveanews.com\/#\/schema\/person\/0eb3e3fe1754f0205218538adbe8f5ed"},"breadcrumb":{"@id":"https:\/\/www.gaveanews.com\/index.php\/2025\/07\/16\/flamengo-pode-perder-dois-jogadores-para-o-fla-flu\/#breadcrumb"},"inLanguage":"pt-BR","potentialAction":[{"@type":"ReadAction","target":["https:\/\/www.gaveanews.com\/index.php\/2025\/07\/16\/flamengo-pode-perder-dois-jogadores-para-o-fla-flu\/"]}]},{"@type":"ImageObject","inLanguage":"pt-BR","@id":"https:\/\/www.gaveanews.com\/index.php\/2025\/07\/16\/flamengo-pode-perder-dois-jogadores-para-o-fla-flu\/#primaryimage","url":"https:\/\/www.gaveanews.com\/wp-content\/uploads\/Filipe-Luis-como-tecnico-do-Flamengo-em-2024.webp","contentUrl":"https:\/\/www.gaveanews.com\/wp-content\/uploads\/Filipe-Luis-como-tecnico-do-Flamengo-em-2024.webp","width":1065,"height":710,"caption":"Filipe Lu\u00eds como t\u00e9cnico do Flamengo em (Foto: Gilvan de Souza e Marcelo Cortes \/ CRF)"},{"@type":"BreadcrumbList","@id":"https:\/\/www.gaveanews.com\/index.php\/2025\/07\/16\/flamengo-pode-perder-dois-jogadores-para-o-fla-flu\/#breadcrumb","itemListElement":[{"@type":"ListItem","position":1,"name":"Home","item":"https:\/\/www.gaveanews.com\/"},{"@type":"ListItem","position":2,"name":"Flamengo pode perder dois jogadores para o Fla-Flu"}]},{"@type":"WebSite","@id":"https:\/\/www.gaveanews.com\/#website","url":"https:\/\/www.gaveanews.com\/","name":"G\u00e1vea News","description":"Veja todas as not\u00edcias sobre o Flamengo: Contrata\u00e7\u00f5es, categorias de base, resultados das partidas, tabela de classifica\u00e7\u00e3o, pr\u00f3ximos jogos!","potentialAction":[{"@type":"SearchAction","target":{"@type":"EntryPoint","urlTemplate":"https:\/\/www.gaveanews.com\/?s={search_term_string}"},"query-input":{"@type":"PropertyValueSpecification","valueRequired":true,"valueName":"search_term_string"}}],"inLanguage":"pt-BR"},{"@type":"Person","@id":"https:\/\/www.gaveanews.com\/#\/schema\/person\/0eb3e3fe1754f0205218538adbe8f5ed","name":"Rafaela Ladeira","image":{"@type":"ImageObject","inLanguage":"pt-BR","@id":"https:\/\/www.gaveanews.com\/#\/schema\/person\/image\/","url":"https:\/\/secure.gravatar.com\/avatar\/c31f513acffd85eacab5730cbdfdbbf59f21ba5aeada8cd890acea879fbb2455?s=96&d=mm&r=g","contentUrl":"https:\/\/secure.gravatar.com\/avatar\/c31f513acffd85eacab5730cbdfdbbf59f21ba5aeada8cd890acea879fbb2455?s=96&d=mm&r=g","caption":"Rafaela Ladeira"}}]}},"_links":{"self":[{"href":"https:\/\/www.gaveanews.com\/index.php\/wp-json\/wp\/v2\/posts\/272613","targetHints":{"allow":["GET"]}}],"collection":[{"href":"https:\/\/www.gaveanews.com\/index.php\/wp-json\/wp\/v2\/posts"}],"about":[{"href":"https:\/\/www.gaveanews.com\/index.php\/wp-json\/wp\/v2\/types\/post"}],"author":[{"embeddable":true,"href":"https:\/\/www.gaveanews.com\/index.php\/wp-json\/wp\/v2\/users\/25"}],"replies":[{"embeddable":true,"href":"https:\/\/www.gaveanews.com\/index.php\/wp-json\/wp\/v2\/comments?post=272613"}],"version-history":[{"count":1,"href":"https:\/\/www.gaveanews.com\/index.php\/wp-json\/wp\/v2\/posts\/272613\/revisions"}],"predecessor-version":[{"id":272614,"href":"https:\/\/www.gaveanews.com\/index.php\/wp-json\/wp\/v2\/posts\/272613\/revisions\/272614"}],"wp:featuredmedia":[{"embeddable":true,"href":"https:\/\/www.gaveanews.com\/index.php\/wp-json\/wp\/v2\/media\/171213"}],"wp:attachment":[{"href":"https:\/\/www.gaveanews.com\/index.php\/wp-json\/wp\/v2\/media?parent=272613"}],"wp:term":[{"taxonomy":"category","embeddable":true,"href":"https:\/\/www.gaveanews.com\/index.php\/wp-json\/wp\/v2\/categories?post=272613"},{"taxonomy":"post_tag","embeddable":true,"href":"https:\/\/www.gaveanews.com\/index.php\/wp-json\/wp\/v2\/tags?post=272613"}],"curies":[{"name":"wp","href":"https:\/\/api.w.org\/{rel}","templated":true}]}}