{"id":272615,"date":"2025-07-16T13:00:00","date_gmt":"2025-07-16T16:00:00","guid":{"rendered":"https:\/\/www.gaveanews.com\/?p=272615"},"modified":"2025-07-16T12:09:48","modified_gmt":"2025-07-16T15:09:48","slug":"filipe-luis-mostra-nova-postura-no-flamengo","status":"publish","type":"post","link":"https:\/\/www.gaveanews.com\/index.php\/2025\/07\/16\/filipe-luis-mostra-nova-postura-no-flamengo\/","title":{"rendered":"Filipe Lu\u00eds mostra nova postura no Flamengo"},"content":{"rendered":"\n<p>Filipe Lu\u00eds vem deixando claro que sua transi\u00e7\u00e3o de jogador para treinador n\u00e3o \u00e9 apenas uma mudan\u00e7a de fun\u00e7\u00e3o, mas de atitude. No comando do Flamengo, o ex-lateral tem demonstrado uma postura linha dura que surpreende at\u00e9 quem o conheceu como atleta.&nbsp;<\/p>\n\n\n\n<p>A maneira como tem tratado situa\u00e7\u00f5es delicadas, como a recente crise com Pedro, escancara seu compromisso com a disciplina e o alto n\u00edvel de desempenho, independentemente do status do jogador.<\/p>\n\n\n\n<h2 class=\"wp-block-heading\" id=\"h-um-tecnico-formado-na-escola-da-exigencia\">Um t\u00e9cnico formado na escola da exig\u00eancia<\/h2>\n\n\n\n<p>N\u00e3o \u00e9 por acaso que Filipe se mostra exigente. Ele teve como mentores dois dos t\u00e9cnicos mais intensos do futebol mundial: Diego Simeone e Jorge Jesus. Do argentino, herdou a obsess\u00e3o pela \u201ccultura de treino\u201d e a necessidade de dedica\u00e7\u00e3o m\u00e1xima no dia a dia. Do portugu\u00eas, aprendeu a n\u00e3o fazer distin\u00e7\u00e3o entre astros e coadjuvantes: todos s\u00e3o cobrados igualmente.<\/p>\n\n\n\n<p>Vale destacar que o pr\u00f3prio Filipe relembrou em entrevista como Jorge Jesus ganhou o grupo ao n\u00e3o poupar ningu\u00e9m.&nbsp;<\/p>\n\n\n\n<p>\u201cEle falava igual com todo mundo&#8230; Ele falou: \u2018O que voc\u00ea fez ficou para tr\u00e1s, aqui voc\u00ea tem que fazer o que eu mando\u2019\u201d, relatou, sobre um epis\u00f3dio com Rafinha.&nbsp;<\/p>\n\n\n\n<h2 class=\"wp-block-heading\" id=\"h-decisoes-firmes-e-discursos-sem-rodeios\">Decis\u00f5es firmes e discursos sem rodeios<\/h2>\n\n\n\n<p>Nos \u00faltimos meses, Filipe deixou claro que n\u00e3o entrega vaga de titular por nome ou hist\u00f3rico. \u201cN\u00e3o dou nada de gra\u00e7a a ningu\u00e9m\u201d, afirmou.&nbsp;<\/p>\n\n\n\n<p>Com isso, nomes como Luiz Ara\u00fajo e Plata ganharam espa\u00e7o por desempenho, enquanto Pedro, mesmo com hist\u00f3rico de Sele\u00e7\u00e3o, foi afastado ap\u00f3s atitudes que \u201cbeiraram o rid\u00edculo\u201d, segundo palavras do pr\u00f3prio t\u00e9cnico.<\/p>\n\n\n\n<p>Al\u00e9m disso, Filipe n\u00e3o hesita em assumir responsabilidades. Em rela\u00e7\u00e3o a Alcaraz, por exemplo, declarou: \u201cEu sinto que foi um fracasso meu o Alcaraz ter sa\u00eddo, n\u00e3o ter dado certo na minha m\u00e3o\u201d. Dessa maneira, o t\u00e9cnico mostra que cobra, mas tamb\u00e9m se cobra.<\/p>\n\n\n\n<h2 class=\"wp-block-heading\" id=\"h-lideranca-pela-meritocracia\">Lideran\u00e7a pela meritocracia<\/h2>\n\n\n\n<p>Cabe ressaltar que Filipe Lu\u00eds constr\u00f3i sua autoridade com base em coer\u00eancia. Sendo assim, o grupo entende que oportunidades s\u00e3o conquistadas dentro de campo.&nbsp;<\/p>\n\n\n\n<p>Por isso, sua firmeza vem sendo cada vez mais vista como um reflexo de profissionalismo, algo que pode marcar sua trajet\u00f3ria de treinador com a mesma solidez que marcou sua carreira como jogador.<\/p>\n","protected":false},"excerpt":{"rendered":"<p>Filipe Lu\u00eds vem deixando claro que sua transi\u00e7\u00e3o de jogador para treinador n\u00e3o \u00e9 apenas uma mudan\u00e7a de fun\u00e7\u00e3o, mas de atitude. No comando do Flamengo, o ex-lateral tem demonstrado uma postura linha dura que surpreende at\u00e9 quem o conheceu como atleta.&nbsp; A maneira como tem tratado situa\u00e7\u00f5es delicadas, como a recente crise com Pedro, [&hellip;]<\/p>\n","protected":false},"author":25,"featured_media":256399,"comment_status":"open","ping_status":"closed","sticky":false,"template":"","format":"standard","meta":{"footnotes":""},"categories":[1],"tags":[],"class_list":["post-272615","post","type-post","status-publish","format-standard","has-post-thumbnail","hentry","category-flamengo"],"yoast_head":"<!-- This site is optimized with the Yoast SEO Premium plugin v24.2 (Yoast SEO v26.9) - https:\/\/yoast.com\/product\/yoast-seo-premium-wordpress\/ -->\n<title>Filipe Lu\u00eds mostra nova postura no Flamengo<\/title>\n<meta name=\"robots\" content=\"index, follow, max-snippet:-1, max-image-preview:large, max-video-preview:-1\" \/>\n<link rel=\"canonical\" href=\"https:\/\/www.gaveanews.com\/index.php\/2025\/07\/16\/filipe-luis-mostra-nova-postura-no-flamengo\/\" \/>\n<meta property=\"og:locale\" content=\"pt_BR\" \/>\n<meta property=\"og:type\" content=\"article\" \/>\n<meta property=\"og:title\" content=\"Filipe Lu\u00eds mostra nova postura no Flamengo\" \/>\n<meta property=\"og:description\" content=\"Filipe Lu\u00eds vem deixando claro que sua transi\u00e7\u00e3o de jogador para treinador n\u00e3o \u00e9 apenas uma mudan\u00e7a de fun\u00e7\u00e3o, mas de atitude. No comando do Flamengo, o ex-lateral tem demonstrado uma postura linha dura que surpreende at\u00e9 quem o conheceu como atleta.&nbsp; A maneira como tem tratado situa\u00e7\u00f5es delicadas, como a recente crise com Pedro, [&hellip;]\" \/>\n<meta property=\"og:url\" content=\"https:\/\/www.gaveanews.com\/index.php\/2025\/07\/16\/filipe-luis-mostra-nova-postura-no-flamengo\/\" \/>\n<meta property=\"og:site_name\" content=\"G\u00e1vea News\" \/>\n<meta property=\"article:publisher\" content=\"https:\/\/facebook.com\/gaveaNews\/\" \/>\n<meta property=\"article:published_time\" content=\"2025-07-16T16:00:00+00:00\" \/>\n<meta property=\"og:image\" content=\"https:\/\/www.gaveanews.com\/wp-content\/uploads\/Design-sem-nome-5.webp\" \/>\n\t<meta property=\"og:image:width\" content=\"1200\" \/>\n\t<meta property=\"og:image:height\" content=\"800\" \/>\n\t<meta property=\"og:image:type\" content=\"image\/webp\" \/>\n<meta name=\"author\" content=\"Rafaela Ladeira\" \/>\n<meta name=\"twitter:card\" content=\"summary_large_image\" \/>\n<meta name=\"twitter:label1\" content=\"Escrito por\" \/>\n\t<meta name=\"twitter:data1\" content=\"Rafaela Ladeira\" \/>\n\t<meta name=\"twitter:label2\" content=\"Est. tempo de leitura\" \/>\n\t<meta name=\"twitter:data2\" content=\"3 minutos\" \/>\n<script type=\"application\/ld+json\" class=\"yoast-schema-graph\">{\"@context\":\"https:\/\/schema.org\",\"@graph\":[{\"@type\":\"NewsArticle\",\"@id\":\"https:\/\/www.gaveanews.com\/index.php\/2025\/07\/16\/filipe-luis-mostra-nova-postura-no-flamengo\/#article\",\"isPartOf\":{\"@id\":\"https:\/\/www.gaveanews.com\/index.php\/2025\/07\/16\/filipe-luis-mostra-nova-postura-no-flamengo\/\"},\"author\":{\"name\":\"Rafaela Ladeira\",\"@id\":\"https:\/\/www.gaveanews.com\/#\/schema\/person\/0eb3e3fe1754f0205218538adbe8f5ed\"},\"headline\":\"Filipe Lu\u00eds mostra nova postura no Flamengo\",\"datePublished\":\"2025-07-16T16:00:00+00:00\",\"mainEntityOfPage\":{\"@id\":\"https:\/\/www.gaveanews.com\/index.php\/2025\/07\/16\/filipe-luis-mostra-nova-postura-no-flamengo\/\"},\"wordCount\":416,\"commentCount\":0,\"image\":{\"@id\":\"https:\/\/www.gaveanews.com\/index.php\/2025\/07\/16\/filipe-luis-mostra-nova-postura-no-flamengo\/#primaryimage\"},\"thumbnailUrl\":\"https:\/\/www.gaveanews.com\/wp-content\/uploads\/Design-sem-nome-5.webp\",\"articleSection\":[\"Flamengo\"],\"inLanguage\":\"pt-BR\",\"potentialAction\":[{\"@type\":\"CommentAction\",\"name\":\"Comment\",\"target\":[\"https:\/\/www.gaveanews.com\/index.php\/2025\/07\/16\/filipe-luis-mostra-nova-postura-no-flamengo\/#respond\"]}],\"copyrightYear\":\"2025\",\"copyrightHolder\":{\"@id\":\"https:\/\/www.gaveanews.com\/#organization\"}},{\"@type\":\"WebPage\",\"@id\":\"https:\/\/www.gaveanews.com\/index.php\/2025\/07\/16\/filipe-luis-mostra-nova-postura-no-flamengo\/\",\"url\":\"https:\/\/www.gaveanews.com\/index.php\/2025\/07\/16\/filipe-luis-mostra-nova-postura-no-flamengo\/\",\"name\":\"Filipe Lu\u00eds mostra nova postura no Flamengo\",\"isPartOf\":{\"@id\":\"https:\/\/www.gaveanews.com\/#website\"},\"primaryImageOfPage\":{\"@id\":\"https:\/\/www.gaveanews.com\/index.php\/2025\/07\/16\/filipe-luis-mostra-nova-postura-no-flamengo\/#primaryimage\"},\"image\":{\"@id\":\"https:\/\/www.gaveanews.com\/index.php\/2025\/07\/16\/filipe-luis-mostra-nova-postura-no-flamengo\/#primaryimage\"},\"thumbnailUrl\":\"https:\/\/www.gaveanews.com\/wp-content\/uploads\/Design-sem-nome-5.webp\",\"datePublished\":\"2025-07-16T16:00:00+00:00\",\"author\":{\"@id\":\"https:\/\/www.gaveanews.com\/#\/schema\/person\/0eb3e3fe1754f0205218538adbe8f5ed\"},\"breadcrumb\":{\"@id\":\"https:\/\/www.gaveanews.com\/index.php\/2025\/07\/16\/filipe-luis-mostra-nova-postura-no-flamengo\/#breadcrumb\"},\"inLanguage\":\"pt-BR\",\"potentialAction\":[{\"@type\":\"ReadAction\",\"target\":[\"https:\/\/www.gaveanews.com\/index.php\/2025\/07\/16\/filipe-luis-mostra-nova-postura-no-flamengo\/\"]}]},{\"@type\":\"ImageObject\",\"inLanguage\":\"pt-BR\",\"@id\":\"https:\/\/www.gaveanews.com\/index.php\/2025\/07\/16\/filipe-luis-mostra-nova-postura-no-flamengo\/#primaryimage\",\"url\":\"https:\/\/www.gaveanews.com\/wp-content\/uploads\/Design-sem-nome-5.webp\",\"contentUrl\":\"https:\/\/www.gaveanews.com\/wp-content\/uploads\/Design-sem-nome-5.webp\",\"width\":1200,\"height\":800,\"caption\":\"Filipe Lu\u00eds desembarcando com a delega\u00e7\u00e3o do Flamengo - Foto: Gilvan de Souza\/CRF\"},{\"@type\":\"BreadcrumbList\",\"@id\":\"https:\/\/www.gaveanews.com\/index.php\/2025\/07\/16\/filipe-luis-mostra-nova-postura-no-flamengo\/#breadcrumb\",\"itemListElement\":[{\"@type\":\"ListItem\",\"position\":1,\"name\":\"Home\",\"item\":\"https:\/\/www.gaveanews.com\/\"},{\"@type\":\"ListItem\",\"position\":2,\"name\":\"Filipe Lu\u00eds mostra nova postura no Flamengo\"}]},{\"@type\":\"WebSite\",\"@id\":\"https:\/\/www.gaveanews.com\/#website\",\"url\":\"https:\/\/www.gaveanews.com\/\",\"name\":\"G\u00e1vea News\",\"description\":\"Veja todas as not\u00edcias sobre o Flamengo: Contrata\u00e7\u00f5es, categorias de base, resultados das partidas, tabela de classifica\u00e7\u00e3o, pr\u00f3ximos jogos!\",\"potentialAction\":[{\"@type\":\"SearchAction\",\"target\":{\"@type\":\"EntryPoint\",\"urlTemplate\":\"https:\/\/www.gaveanews.com\/?s={search_term_string}\"},\"query-input\":{\"@type\":\"PropertyValueSpecification\",\"valueRequired\":true,\"valueName\":\"search_term_string\"}}],\"inLanguage\":\"pt-BR\"},{\"@type\":\"Person\",\"@id\":\"https:\/\/www.gaveanews.com\/#\/schema\/person\/0eb3e3fe1754f0205218538adbe8f5ed\",\"name\":\"Rafaela Ladeira\",\"image\":{\"@type\":\"ImageObject\",\"inLanguage\":\"pt-BR\",\"@id\":\"https:\/\/www.gaveanews.com\/#\/schema\/person\/image\/\",\"url\":\"https:\/\/secure.gravatar.com\/avatar\/c31f513acffd85eacab5730cbdfdbbf59f21ba5aeada8cd890acea879fbb2455?s=96&d=mm&r=g\",\"contentUrl\":\"https:\/\/secure.gravatar.com\/avatar\/c31f513acffd85eacab5730cbdfdbbf59f21ba5aeada8cd890acea879fbb2455?s=96&d=mm&r=g\",\"caption\":\"Rafaela Ladeira\"}}]}<\/script>\n<!-- \/ Yoast SEO Premium plugin. -->","yoast_head_json":{"title":"Filipe Lu\u00eds mostra nova postura no Flamengo","robots":{"index":"index","follow":"follow","max-snippet":"max-snippet:-1","max-image-preview":"max-image-preview:large","max-video-preview":"max-video-preview:-1"},"canonical":"https:\/\/www.gaveanews.com\/index.php\/2025\/07\/16\/filipe-luis-mostra-nova-postura-no-flamengo\/","og_locale":"pt_BR","og_type":"article","og_title":"Filipe Lu\u00eds mostra nova postura no Flamengo","og_description":"Filipe Lu\u00eds vem deixando claro que sua transi\u00e7\u00e3o de jogador para treinador n\u00e3o \u00e9 apenas uma mudan\u00e7a de fun\u00e7\u00e3o, mas de atitude. No comando do Flamengo, o ex-lateral tem demonstrado uma postura linha dura que surpreende at\u00e9 quem o conheceu como atleta.&nbsp; A maneira como tem tratado situa\u00e7\u00f5es delicadas, como a recente crise com Pedro, [&hellip;]","og_url":"https:\/\/www.gaveanews.com\/index.php\/2025\/07\/16\/filipe-luis-mostra-nova-postura-no-flamengo\/","og_site_name":"G\u00e1vea News","article_publisher":"https:\/\/facebook.com\/gaveaNews\/","article_published_time":"2025-07-16T16:00:00+00:00","og_image":[{"width":1200,"height":800,"url":"https:\/\/www.gaveanews.com\/wp-content\/uploads\/Design-sem-nome-5.webp","type":"image\/webp"}],"author":"Rafaela Ladeira","twitter_card":"summary_large_image","twitter_misc":{"Escrito por":"Rafaela Ladeira","Est. tempo de leitura":"3 minutos"},"schema":{"@context":"https:\/\/schema.org","@graph":[{"@type":"NewsArticle","@id":"https:\/\/www.gaveanews.com\/index.php\/2025\/07\/16\/filipe-luis-mostra-nova-postura-no-flamengo\/#article","isPartOf":{"@id":"https:\/\/www.gaveanews.com\/index.php\/2025\/07\/16\/filipe-luis-mostra-nova-postura-no-flamengo\/"},"author":{"name":"Rafaela Ladeira","@id":"https:\/\/www.gaveanews.com\/#\/schema\/person\/0eb3e3fe1754f0205218538adbe8f5ed"},"headline":"Filipe Lu\u00eds mostra nova postura no Flamengo","datePublished":"2025-07-16T16:00:00+00:00","mainEntityOfPage":{"@id":"https:\/\/www.gaveanews.com\/index.php\/2025\/07\/16\/filipe-luis-mostra-nova-postura-no-flamengo\/"},"wordCount":416,"commentCount":0,"image":{"@id":"https:\/\/www.gaveanews.com\/index.php\/2025\/07\/16\/filipe-luis-mostra-nova-postura-no-flamengo\/#primaryimage"},"thumbnailUrl":"https:\/\/www.gaveanews.com\/wp-content\/uploads\/Design-sem-nome-5.webp","articleSection":["Flamengo"],"inLanguage":"pt-BR","potentialAction":[{"@type":"CommentAction","name":"Comment","target":["https:\/\/www.gaveanews.com\/index.php\/2025\/07\/16\/filipe-luis-mostra-nova-postura-no-flamengo\/#respond"]}],"copyrightYear":"2025","copyrightHolder":{"@id":"https:\/\/www.gaveanews.com\/#organization"}},{"@type":"WebPage","@id":"https:\/\/www.gaveanews.com\/index.php\/2025\/07\/16\/filipe-luis-mostra-nova-postura-no-flamengo\/","url":"https:\/\/www.gaveanews.com\/index.php\/2025\/07\/16\/filipe-luis-mostra-nova-postura-no-flamengo\/","name":"Filipe Lu\u00eds mostra nova postura no Flamengo","isPartOf":{"@id":"https:\/\/www.gaveanews.com\/#website"},"primaryImageOfPage":{"@id":"https:\/\/www.gaveanews.com\/index.php\/2025\/07\/16\/filipe-luis-mostra-nova-postura-no-flamengo\/#primaryimage"},"image":{"@id":"https:\/\/www.gaveanews.com\/index.php\/2025\/07\/16\/filipe-luis-mostra-nova-postura-no-flamengo\/#primaryimage"},"thumbnailUrl":"https:\/\/www.gaveanews.com\/wp-content\/uploads\/Design-sem-nome-5.webp","datePublished":"2025-07-16T16:00:00+00:00","author":{"@id":"https:\/\/www.gaveanews.com\/#\/schema\/person\/0eb3e3fe1754f0205218538adbe8f5ed"},"breadcrumb":{"@id":"https:\/\/www.gaveanews.com\/index.php\/2025\/07\/16\/filipe-luis-mostra-nova-postura-no-flamengo\/#breadcrumb"},"inLanguage":"pt-BR","potentialAction":[{"@type":"ReadAction","target":["https:\/\/www.gaveanews.com\/index.php\/2025\/07\/16\/filipe-luis-mostra-nova-postura-no-flamengo\/"]}]},{"@type":"ImageObject","inLanguage":"pt-BR","@id":"https:\/\/www.gaveanews.com\/index.php\/2025\/07\/16\/filipe-luis-mostra-nova-postura-no-flamengo\/#primaryimage","url":"https:\/\/www.gaveanews.com\/wp-content\/uploads\/Design-sem-nome-5.webp","contentUrl":"https:\/\/www.gaveanews.com\/wp-content\/uploads\/Design-sem-nome-5.webp","width":1200,"height":800,"caption":"Filipe Lu\u00eds desembarcando com a delega\u00e7\u00e3o do Flamengo - Foto: Gilvan de Souza\/CRF"},{"@type":"BreadcrumbList","@id":"https:\/\/www.gaveanews.com\/index.php\/2025\/07\/16\/filipe-luis-mostra-nova-postura-no-flamengo\/#breadcrumb","itemListElement":[{"@type":"ListItem","position":1,"name":"Home","item":"https:\/\/www.gaveanews.com\/"},{"@type":"ListItem","position":2,"name":"Filipe Lu\u00eds mostra nova postura no Flamengo"}]},{"@type":"WebSite","@id":"https:\/\/www.gaveanews.com\/#website","url":"https:\/\/www.gaveanews.com\/","name":"G\u00e1vea News","description":"Veja todas as not\u00edcias sobre o Flamengo: Contrata\u00e7\u00f5es, categorias de base, resultados das partidas, tabela de classifica\u00e7\u00e3o, pr\u00f3ximos jogos!","potentialAction":[{"@type":"SearchAction","target":{"@type":"EntryPoint","urlTemplate":"https:\/\/www.gaveanews.com\/?s={search_term_string}"},"query-input":{"@type":"PropertyValueSpecification","valueRequired":true,"valueName":"search_term_string"}}],"inLanguage":"pt-BR"},{"@type":"Person","@id":"https:\/\/www.gaveanews.com\/#\/schema\/person\/0eb3e3fe1754f0205218538adbe8f5ed","name":"Rafaela Ladeira","image":{"@type":"ImageObject","inLanguage":"pt-BR","@id":"https:\/\/www.gaveanews.com\/#\/schema\/person\/image\/","url":"https:\/\/secure.gravatar.com\/avatar\/c31f513acffd85eacab5730cbdfdbbf59f21ba5aeada8cd890acea879fbb2455?s=96&d=mm&r=g","contentUrl":"https:\/\/secure.gravatar.com\/avatar\/c31f513acffd85eacab5730cbdfdbbf59f21ba5aeada8cd890acea879fbb2455?s=96&d=mm&r=g","caption":"Rafaela Ladeira"}}]}},"_links":{"self":[{"href":"https:\/\/www.gaveanews.com\/index.php\/wp-json\/wp\/v2\/posts\/272615","targetHints":{"allow":["GET"]}}],"collection":[{"href":"https:\/\/www.gaveanews.com\/index.php\/wp-json\/wp\/v2\/posts"}],"about":[{"href":"https:\/\/www.gaveanews.com\/index.php\/wp-json\/wp\/v2\/types\/post"}],"author":[{"embeddable":true,"href":"https:\/\/www.gaveanews.com\/index.php\/wp-json\/wp\/v2\/users\/25"}],"replies":[{"embeddable":true,"href":"https:\/\/www.gaveanews.com\/index.php\/wp-json\/wp\/v2\/comments?post=272615"}],"version-history":[{"count":1,"href":"https:\/\/www.gaveanews.com\/index.php\/wp-json\/wp\/v2\/posts\/272615\/revisions"}],"predecessor-version":[{"id":272616,"href":"https:\/\/www.gaveanews.com\/index.php\/wp-json\/wp\/v2\/posts\/272615\/revisions\/272616"}],"wp:featuredmedia":[{"embeddable":true,"href":"https:\/\/www.gaveanews.com\/index.php\/wp-json\/wp\/v2\/media\/256399"}],"wp:attachment":[{"href":"https:\/\/www.gaveanews.com\/index.php\/wp-json\/wp\/v2\/media?parent=272615"}],"wp:term":[{"taxonomy":"category","embeddable":true,"href":"https:\/\/www.gaveanews.com\/index.php\/wp-json\/wp\/v2\/categories?post=272615"},{"taxonomy":"post_tag","embeddable":true,"href":"https:\/\/www.gaveanews.com\/index.php\/wp-json\/wp\/v2\/tags?post=272615"}],"curies":[{"name":"wp","href":"https:\/\/api.w.org\/{rel}","templated":true}]}}