{"id":272617,"date":"2025-07-16T13:30:00","date_gmt":"2025-07-16T16:30:00","guid":{"rendered":"https:\/\/www.gaveanews.com\/?p=272617"},"modified":"2025-07-16T12:51:27","modified_gmt":"2025-07-16T15:51:27","slug":"lucas-paqueta-lidera-lista-de-prioridades-do-flamengo","status":"publish","type":"post","link":"https:\/\/www.gaveanews.com\/index.php\/2025\/07\/16\/lucas-paqueta-lidera-lista-de-prioridades-do-flamengo\/","title":{"rendered":"Lucas Paquet\u00e1 lidera lista de prioridades do Flamengo"},"content":{"rendered":"\n<p>O Flamengo mant\u00e9m seu foco em refor\u00e7ar o meio-campo e, nesse cen\u00e1rio, Lucas Paquet\u00e1 aparece como a principal aposta da diretoria para fortalecer o elenco. A expectativa gira em torno do desfecho de um processo que pode liberar o atleta para retornar ao Brasil, gerando grande otimismo nos bastidores do clube.&nbsp;<\/p>\n\n\n\n<p>De acordo com o jornalista Jorge Nicola, a diretoria rubro-negra, liderada por Luiz Eduardo Baptista (Bap) e Jos\u00e9 Boto, trata Paquet\u00e1 como prioridade absoluta.<\/p>\n\n\n\n<h2 class=\"wp-block-heading\" id=\"h-o-julgamento-que-pode-definir-o-futuro-de-paqueta\">O julgamento que pode definir o futuro de Paquet\u00e1<\/h2>\n\n\n\n<p>Vale destacar que o jogador est\u00e1 envolvido em uma investiga\u00e7\u00e3o relacionada a apostas esportivas. Por isso, o Flamengo aguarda o resultado final, porque dele depende a concretiza\u00e7\u00e3o da negocia\u00e7\u00e3o.&nbsp;<\/p>\n\n\n\n<p>Nicola detalha: \u201cOs dirigentes rubro-negros s\u00f3 aguardam pelo fim do julgamento que pode absolver ou banir o Paquet\u00e1 no futebol para levar isso adiante.\u201d Dessa maneira, o clube segue atento e preparado para agir assim que houver uma defini\u00e7\u00e3o.<\/p>\n\n\n\n<h2 class=\"wp-block-heading\" id=\"h-paqueta-desejo-de-volta-e-versatilidade-no-meio-campo\">Paquet\u00e1: desejo de volta e versatilidade no meio-campo<\/h2>\n\n\n\n<p>Al\u00e9m disso, Paquet\u00e1 demonstra interesse em retornar ao Flamengo, sendo visto como poss\u00edvel substituto de Gerson, que foi negociado com o Zenit-RUS. Isso porque o atleta pode atuar tamb\u00e9m ao lado de Arrascaeta, agregando ainda mais qualidade ao meio-campo rubro-negro.&nbsp;<\/p>\n\n\n\n<p>\u201cNo Flamengo, a impress\u00e3o \u00e9 que ele pode ser o substituto de Gerson ou jogar ao lado de Arrascaeta\u201d, refor\u00e7a Nicola.<\/p>\n\n\n\n<h2 class=\"wp-block-heading\" id=\"h-desafios-financeiros-e-negociacoes-a-vista\">Desafios financeiros e negocia\u00e7\u00f5es \u00e0 vista<\/h2>\n\n\n\n<p>Cabe ressaltar que o West Ham, atual clube de Paquet\u00e1, estipulou um valor alto para liberar o jogador, cerca de 40 milh\u00f5es de euros, aproximadamente R$ 260 milh\u00f5es.&nbsp;<\/p>\n\n\n\n<p>Portanto, o Flamengo ter\u00e1 que negociar para reduzir esse montante, visto que o valor \u00e9 elevado para a realidade financeira do clube. Isso porque um acordo vi\u00e1vel depende de bom planejamento e estrat\u00e9gia.<\/p>\n\n\n\n<p>Com isso, a torcida rubro-negra permanece na expectativa, acompanhando cada passo dessa negocia\u00e7\u00e3o que pode marcar o retorno de um dos seus maiores talentos.<\/p>\n","protected":false},"excerpt":{"rendered":"<p>O Flamengo mant\u00e9m seu foco em refor\u00e7ar o meio-campo e, nesse cen\u00e1rio, Lucas Paquet\u00e1 aparece como a principal aposta da diretoria para fortalecer o elenco. A expectativa gira em torno do desfecho de um processo que pode liberar o atleta para retornar ao Brasil, gerando grande otimismo nos bastidores do clube.&nbsp; De acordo com o [&hellip;]<\/p>\n","protected":false},"author":25,"featured_media":108216,"comment_status":"open","ping_status":"closed","sticky":false,"template":"","format":"standard","meta":{"footnotes":""},"categories":[1],"tags":[],"class_list":["post-272617","post","type-post","status-publish","format-standard","has-post-thumbnail","hentry","category-flamengo"],"yoast_head":"<!-- This site is optimized with the Yoast SEO Premium plugin v24.2 (Yoast SEO v26.9) - https:\/\/yoast.com\/product\/yoast-seo-premium-wordpress\/ -->\n<title>Lucas Paquet\u00e1 lidera lista de prioridades do Flamengo<\/title>\n<meta name=\"robots\" content=\"index, follow, max-snippet:-1, max-image-preview:large, max-video-preview:-1\" \/>\n<link rel=\"canonical\" href=\"https:\/\/www.gaveanews.com\/index.php\/2025\/07\/16\/lucas-paqueta-lidera-lista-de-prioridades-do-flamengo\/\" \/>\n<meta property=\"og:locale\" content=\"pt_BR\" \/>\n<meta property=\"og:type\" content=\"article\" \/>\n<meta property=\"og:title\" content=\"Lucas Paquet\u00e1 lidera lista de prioridades do Flamengo\" \/>\n<meta property=\"og:description\" content=\"O Flamengo mant\u00e9m seu foco em refor\u00e7ar o meio-campo e, nesse cen\u00e1rio, Lucas Paquet\u00e1 aparece como a principal aposta da diretoria para fortalecer o elenco. A expectativa gira em torno do desfecho de um processo que pode liberar o atleta para retornar ao Brasil, gerando grande otimismo nos bastidores do clube.&nbsp; De acordo com o [&hellip;]\" \/>\n<meta property=\"og:url\" content=\"https:\/\/www.gaveanews.com\/index.php\/2025\/07\/16\/lucas-paqueta-lidera-lista-de-prioridades-do-flamengo\/\" \/>\n<meta property=\"og:site_name\" content=\"G\u00e1vea News\" \/>\n<meta property=\"article:publisher\" content=\"https:\/\/facebook.com\/gaveaNews\/\" \/>\n<meta property=\"article:published_time\" content=\"2025-07-16T16:30:00+00:00\" \/>\n<meta property=\"og:image\" content=\"https:\/\/www.gaveanews.com\/wp-content\/uploads\/Lucas-Paqueta-recebe-o-carinho-de-Pep-Guardiola.webp\" \/>\n\t<meta property=\"og:image:width\" content=\"984\" \/>\n\t<meta property=\"og:image:height\" content=\"659\" \/>\n\t<meta property=\"og:image:type\" content=\"image\/webp\" \/>\n<meta name=\"author\" content=\"Rafaela Ladeira\" \/>\n<meta name=\"twitter:card\" content=\"summary_large_image\" \/>\n<meta name=\"twitter:label1\" content=\"Escrito por\" \/>\n\t<meta name=\"twitter:data1\" content=\"Rafaela Ladeira\" \/>\n\t<meta name=\"twitter:label2\" content=\"Est. tempo de leitura\" \/>\n\t<meta name=\"twitter:data2\" content=\"2 minutos\" \/>\n<script type=\"application\/ld+json\" class=\"yoast-schema-graph\">{\"@context\":\"https:\/\/schema.org\",\"@graph\":[{\"@type\":\"NewsArticle\",\"@id\":\"https:\/\/www.gaveanews.com\/index.php\/2025\/07\/16\/lucas-paqueta-lidera-lista-de-prioridades-do-flamengo\/#article\",\"isPartOf\":{\"@id\":\"https:\/\/www.gaveanews.com\/index.php\/2025\/07\/16\/lucas-paqueta-lidera-lista-de-prioridades-do-flamengo\/\"},\"author\":{\"name\":\"Rafaela Ladeira\",\"@id\":\"https:\/\/www.gaveanews.com\/#\/schema\/person\/0eb3e3fe1754f0205218538adbe8f5ed\"},\"headline\":\"Lucas Paquet\u00e1 lidera lista de prioridades do Flamengo\",\"datePublished\":\"2025-07-16T16:30:00+00:00\",\"mainEntityOfPage\":{\"@id\":\"https:\/\/www.gaveanews.com\/index.php\/2025\/07\/16\/lucas-paqueta-lidera-lista-de-prioridades-do-flamengo\/\"},\"wordCount\":337,\"commentCount\":0,\"image\":{\"@id\":\"https:\/\/www.gaveanews.com\/index.php\/2025\/07\/16\/lucas-paqueta-lidera-lista-de-prioridades-do-flamengo\/#primaryimage\"},\"thumbnailUrl\":\"https:\/\/www.gaveanews.com\/wp-content\/uploads\/Lucas-Paqueta-recebe-o-carinho-de-Pep-Guardiola.webp\",\"articleSection\":[\"Flamengo\"],\"inLanguage\":\"pt-BR\",\"potentialAction\":[{\"@type\":\"CommentAction\",\"name\":\"Comment\",\"target\":[\"https:\/\/www.gaveanews.com\/index.php\/2025\/07\/16\/lucas-paqueta-lidera-lista-de-prioridades-do-flamengo\/#respond\"]}],\"copyrightYear\":\"2025\",\"copyrightHolder\":{\"@id\":\"https:\/\/www.gaveanews.com\/#organization\"}},{\"@type\":\"WebPage\",\"@id\":\"https:\/\/www.gaveanews.com\/index.php\/2025\/07\/16\/lucas-paqueta-lidera-lista-de-prioridades-do-flamengo\/\",\"url\":\"https:\/\/www.gaveanews.com\/index.php\/2025\/07\/16\/lucas-paqueta-lidera-lista-de-prioridades-do-flamengo\/\",\"name\":\"Lucas Paquet\u00e1 lidera lista de prioridades do Flamengo\",\"isPartOf\":{\"@id\":\"https:\/\/www.gaveanews.com\/#website\"},\"primaryImageOfPage\":{\"@id\":\"https:\/\/www.gaveanews.com\/index.php\/2025\/07\/16\/lucas-paqueta-lidera-lista-de-prioridades-do-flamengo\/#primaryimage\"},\"image\":{\"@id\":\"https:\/\/www.gaveanews.com\/index.php\/2025\/07\/16\/lucas-paqueta-lidera-lista-de-prioridades-do-flamengo\/#primaryimage\"},\"thumbnailUrl\":\"https:\/\/www.gaveanews.com\/wp-content\/uploads\/Lucas-Paqueta-recebe-o-carinho-de-Pep-Guardiola.webp\",\"datePublished\":\"2025-07-16T16:30:00+00:00\",\"author\":{\"@id\":\"https:\/\/www.gaveanews.com\/#\/schema\/person\/0eb3e3fe1754f0205218538adbe8f5ed\"},\"breadcrumb\":{\"@id\":\"https:\/\/www.gaveanews.com\/index.php\/2025\/07\/16\/lucas-paqueta-lidera-lista-de-prioridades-do-flamengo\/#breadcrumb\"},\"inLanguage\":\"pt-BR\",\"potentialAction\":[{\"@type\":\"ReadAction\",\"target\":[\"https:\/\/www.gaveanews.com\/index.php\/2025\/07\/16\/lucas-paqueta-lidera-lista-de-prioridades-do-flamengo\/\"]}]},{\"@type\":\"ImageObject\",\"inLanguage\":\"pt-BR\",\"@id\":\"https:\/\/www.gaveanews.com\/index.php\/2025\/07\/16\/lucas-paqueta-lidera-lista-de-prioridades-do-flamengo\/#primaryimage\",\"url\":\"https:\/\/www.gaveanews.com\/wp-content\/uploads\/Lucas-Paqueta-recebe-o-carinho-de-Pep-Guardiola.webp\",\"contentUrl\":\"https:\/\/www.gaveanews.com\/wp-content\/uploads\/Lucas-Paqueta-recebe-o-carinho-de-Pep-Guardiola.webp\",\"width\":984,\"height\":659},{\"@type\":\"BreadcrumbList\",\"@id\":\"https:\/\/www.gaveanews.com\/index.php\/2025\/07\/16\/lucas-paqueta-lidera-lista-de-prioridades-do-flamengo\/#breadcrumb\",\"itemListElement\":[{\"@type\":\"ListItem\",\"position\":1,\"name\":\"Home\",\"item\":\"https:\/\/www.gaveanews.com\/\"},{\"@type\":\"ListItem\",\"position\":2,\"name\":\"Lucas Paquet\u00e1 lidera lista de prioridades do Flamengo\"}]},{\"@type\":\"WebSite\",\"@id\":\"https:\/\/www.gaveanews.com\/#website\",\"url\":\"https:\/\/www.gaveanews.com\/\",\"name\":\"G\u00e1vea News\",\"description\":\"Veja todas as not\u00edcias sobre o Flamengo: Contrata\u00e7\u00f5es, categorias de base, resultados das partidas, tabela de classifica\u00e7\u00e3o, pr\u00f3ximos jogos!\",\"potentialAction\":[{\"@type\":\"SearchAction\",\"target\":{\"@type\":\"EntryPoint\",\"urlTemplate\":\"https:\/\/www.gaveanews.com\/?s={search_term_string}\"},\"query-input\":{\"@type\":\"PropertyValueSpecification\",\"valueRequired\":true,\"valueName\":\"search_term_string\"}}],\"inLanguage\":\"pt-BR\"},{\"@type\":\"Person\",\"@id\":\"https:\/\/www.gaveanews.com\/#\/schema\/person\/0eb3e3fe1754f0205218538adbe8f5ed\",\"name\":\"Rafaela Ladeira\",\"image\":{\"@type\":\"ImageObject\",\"inLanguage\":\"pt-BR\",\"@id\":\"https:\/\/www.gaveanews.com\/#\/schema\/person\/image\/\",\"url\":\"https:\/\/secure.gravatar.com\/avatar\/c31f513acffd85eacab5730cbdfdbbf59f21ba5aeada8cd890acea879fbb2455?s=96&d=mm&r=g\",\"contentUrl\":\"https:\/\/secure.gravatar.com\/avatar\/c31f513acffd85eacab5730cbdfdbbf59f21ba5aeada8cd890acea879fbb2455?s=96&d=mm&r=g\",\"caption\":\"Rafaela Ladeira\"}}]}<\/script>\n<!-- \/ Yoast SEO Premium plugin. -->","yoast_head_json":{"title":"Lucas Paquet\u00e1 lidera lista de prioridades do Flamengo","robots":{"index":"index","follow":"follow","max-snippet":"max-snippet:-1","max-image-preview":"max-image-preview:large","max-video-preview":"max-video-preview:-1"},"canonical":"https:\/\/www.gaveanews.com\/index.php\/2025\/07\/16\/lucas-paqueta-lidera-lista-de-prioridades-do-flamengo\/","og_locale":"pt_BR","og_type":"article","og_title":"Lucas Paquet\u00e1 lidera lista de prioridades do Flamengo","og_description":"O Flamengo mant\u00e9m seu foco em refor\u00e7ar o meio-campo e, nesse cen\u00e1rio, Lucas Paquet\u00e1 aparece como a principal aposta da diretoria para fortalecer o elenco. A expectativa gira em torno do desfecho de um processo que pode liberar o atleta para retornar ao Brasil, gerando grande otimismo nos bastidores do clube.&nbsp; De acordo com o [&hellip;]","og_url":"https:\/\/www.gaveanews.com\/index.php\/2025\/07\/16\/lucas-paqueta-lidera-lista-de-prioridades-do-flamengo\/","og_site_name":"G\u00e1vea News","article_publisher":"https:\/\/facebook.com\/gaveaNews\/","article_published_time":"2025-07-16T16:30:00+00:00","og_image":[{"width":984,"height":659,"url":"https:\/\/www.gaveanews.com\/wp-content\/uploads\/Lucas-Paqueta-recebe-o-carinho-de-Pep-Guardiola.webp","type":"image\/webp"}],"author":"Rafaela Ladeira","twitter_card":"summary_large_image","twitter_misc":{"Escrito por":"Rafaela Ladeira","Est. tempo de leitura":"2 minutos"},"schema":{"@context":"https:\/\/schema.org","@graph":[{"@type":"NewsArticle","@id":"https:\/\/www.gaveanews.com\/index.php\/2025\/07\/16\/lucas-paqueta-lidera-lista-de-prioridades-do-flamengo\/#article","isPartOf":{"@id":"https:\/\/www.gaveanews.com\/index.php\/2025\/07\/16\/lucas-paqueta-lidera-lista-de-prioridades-do-flamengo\/"},"author":{"name":"Rafaela Ladeira","@id":"https:\/\/www.gaveanews.com\/#\/schema\/person\/0eb3e3fe1754f0205218538adbe8f5ed"},"headline":"Lucas Paquet\u00e1 lidera lista de prioridades do Flamengo","datePublished":"2025-07-16T16:30:00+00:00","mainEntityOfPage":{"@id":"https:\/\/www.gaveanews.com\/index.php\/2025\/07\/16\/lucas-paqueta-lidera-lista-de-prioridades-do-flamengo\/"},"wordCount":337,"commentCount":0,"image":{"@id":"https:\/\/www.gaveanews.com\/index.php\/2025\/07\/16\/lucas-paqueta-lidera-lista-de-prioridades-do-flamengo\/#primaryimage"},"thumbnailUrl":"https:\/\/www.gaveanews.com\/wp-content\/uploads\/Lucas-Paqueta-recebe-o-carinho-de-Pep-Guardiola.webp","articleSection":["Flamengo"],"inLanguage":"pt-BR","potentialAction":[{"@type":"CommentAction","name":"Comment","target":["https:\/\/www.gaveanews.com\/index.php\/2025\/07\/16\/lucas-paqueta-lidera-lista-de-prioridades-do-flamengo\/#respond"]}],"copyrightYear":"2025","copyrightHolder":{"@id":"https:\/\/www.gaveanews.com\/#organization"}},{"@type":"WebPage","@id":"https:\/\/www.gaveanews.com\/index.php\/2025\/07\/16\/lucas-paqueta-lidera-lista-de-prioridades-do-flamengo\/","url":"https:\/\/www.gaveanews.com\/index.php\/2025\/07\/16\/lucas-paqueta-lidera-lista-de-prioridades-do-flamengo\/","name":"Lucas Paquet\u00e1 lidera lista de prioridades do Flamengo","isPartOf":{"@id":"https:\/\/www.gaveanews.com\/#website"},"primaryImageOfPage":{"@id":"https:\/\/www.gaveanews.com\/index.php\/2025\/07\/16\/lucas-paqueta-lidera-lista-de-prioridades-do-flamengo\/#primaryimage"},"image":{"@id":"https:\/\/www.gaveanews.com\/index.php\/2025\/07\/16\/lucas-paqueta-lidera-lista-de-prioridades-do-flamengo\/#primaryimage"},"thumbnailUrl":"https:\/\/www.gaveanews.com\/wp-content\/uploads\/Lucas-Paqueta-recebe-o-carinho-de-Pep-Guardiola.webp","datePublished":"2025-07-16T16:30:00+00:00","author":{"@id":"https:\/\/www.gaveanews.com\/#\/schema\/person\/0eb3e3fe1754f0205218538adbe8f5ed"},"breadcrumb":{"@id":"https:\/\/www.gaveanews.com\/index.php\/2025\/07\/16\/lucas-paqueta-lidera-lista-de-prioridades-do-flamengo\/#breadcrumb"},"inLanguage":"pt-BR","potentialAction":[{"@type":"ReadAction","target":["https:\/\/www.gaveanews.com\/index.php\/2025\/07\/16\/lucas-paqueta-lidera-lista-de-prioridades-do-flamengo\/"]}]},{"@type":"ImageObject","inLanguage":"pt-BR","@id":"https:\/\/www.gaveanews.com\/index.php\/2025\/07\/16\/lucas-paqueta-lidera-lista-de-prioridades-do-flamengo\/#primaryimage","url":"https:\/\/www.gaveanews.com\/wp-content\/uploads\/Lucas-Paqueta-recebe-o-carinho-de-Pep-Guardiola.webp","contentUrl":"https:\/\/www.gaveanews.com\/wp-content\/uploads\/Lucas-Paqueta-recebe-o-carinho-de-Pep-Guardiola.webp","width":984,"height":659},{"@type":"BreadcrumbList","@id":"https:\/\/www.gaveanews.com\/index.php\/2025\/07\/16\/lucas-paqueta-lidera-lista-de-prioridades-do-flamengo\/#breadcrumb","itemListElement":[{"@type":"ListItem","position":1,"name":"Home","item":"https:\/\/www.gaveanews.com\/"},{"@type":"ListItem","position":2,"name":"Lucas Paquet\u00e1 lidera lista de prioridades do Flamengo"}]},{"@type":"WebSite","@id":"https:\/\/www.gaveanews.com\/#website","url":"https:\/\/www.gaveanews.com\/","name":"G\u00e1vea News","description":"Veja todas as not\u00edcias sobre o Flamengo: Contrata\u00e7\u00f5es, categorias de base, resultados das partidas, tabela de classifica\u00e7\u00e3o, pr\u00f3ximos jogos!","potentialAction":[{"@type":"SearchAction","target":{"@type":"EntryPoint","urlTemplate":"https:\/\/www.gaveanews.com\/?s={search_term_string}"},"query-input":{"@type":"PropertyValueSpecification","valueRequired":true,"valueName":"search_term_string"}}],"inLanguage":"pt-BR"},{"@type":"Person","@id":"https:\/\/www.gaveanews.com\/#\/schema\/person\/0eb3e3fe1754f0205218538adbe8f5ed","name":"Rafaela Ladeira","image":{"@type":"ImageObject","inLanguage":"pt-BR","@id":"https:\/\/www.gaveanews.com\/#\/schema\/person\/image\/","url":"https:\/\/secure.gravatar.com\/avatar\/c31f513acffd85eacab5730cbdfdbbf59f21ba5aeada8cd890acea879fbb2455?s=96&d=mm&r=g","contentUrl":"https:\/\/secure.gravatar.com\/avatar\/c31f513acffd85eacab5730cbdfdbbf59f21ba5aeada8cd890acea879fbb2455?s=96&d=mm&r=g","caption":"Rafaela Ladeira"}}]}},"_links":{"self":[{"href":"https:\/\/www.gaveanews.com\/index.php\/wp-json\/wp\/v2\/posts\/272617","targetHints":{"allow":["GET"]}}],"collection":[{"href":"https:\/\/www.gaveanews.com\/index.php\/wp-json\/wp\/v2\/posts"}],"about":[{"href":"https:\/\/www.gaveanews.com\/index.php\/wp-json\/wp\/v2\/types\/post"}],"author":[{"embeddable":true,"href":"https:\/\/www.gaveanews.com\/index.php\/wp-json\/wp\/v2\/users\/25"}],"replies":[{"embeddable":true,"href":"https:\/\/www.gaveanews.com\/index.php\/wp-json\/wp\/v2\/comments?post=272617"}],"version-history":[{"count":1,"href":"https:\/\/www.gaveanews.com\/index.php\/wp-json\/wp\/v2\/posts\/272617\/revisions"}],"predecessor-version":[{"id":272618,"href":"https:\/\/www.gaveanews.com\/index.php\/wp-json\/wp\/v2\/posts\/272617\/revisions\/272618"}],"wp:featuredmedia":[{"embeddable":true,"href":"https:\/\/www.gaveanews.com\/index.php\/wp-json\/wp\/v2\/media\/108216"}],"wp:attachment":[{"href":"https:\/\/www.gaveanews.com\/index.php\/wp-json\/wp\/v2\/media?parent=272617"}],"wp:term":[{"taxonomy":"category","embeddable":true,"href":"https:\/\/www.gaveanews.com\/index.php\/wp-json\/wp\/v2\/categories?post=272617"},{"taxonomy":"post_tag","embeddable":true,"href":"https:\/\/www.gaveanews.com\/index.php\/wp-json\/wp\/v2\/tags?post=272617"}],"curies":[{"name":"wp","href":"https:\/\/api.w.org\/{rel}","templated":true}]}}