{"id":272621,"date":"2025-07-16T14:51:13","date_gmt":"2025-07-16T17:51:13","guid":{"rendered":"https:\/\/www.gaveanews.com\/?p=272621"},"modified":"2025-07-16T14:51:46","modified_gmt":"2025-07-16T17:51:46","slug":"algoz-dos-grandes-paulistas-pelo-mirassol-reinaldo-projeta-duelo-contra-o-palmeiras-pelo-brasileirao","status":"publish","type":"post","link":"https:\/\/www.gaveanews.com\/index.php\/2025\/07\/16\/algoz-dos-grandes-paulistas-pelo-mirassol-reinaldo-projeta-duelo-contra-o-palmeiras-pelo-brasileirao\/","title":{"rendered":"Algoz dos grandes paulistas pelo Mirassol, Reinaldo projeta duelo contra o Palmeiras pelo Brasileir\u00e3o"},"content":{"rendered":"\n<p>Ap\u00f3s uma paralisa\u00e7\u00e3o de 45 dias para a disputa da Copa do Mundo de Clubes da FIFA, o Mirassol volta a campo na noite desta quarta-feira (16), \u00e0s 19h, quando enfrenta o Palmeiras no Allianz Parque, pela 14\u00aa rodada do Brasileir\u00e3o. Estreante na S\u00e9rie A, o time comandado por Rafael Guanaes vem sendo uma das grandes surpresas da competi\u00e7\u00e3o e ocupa a 10\u00aa posi\u00e7\u00e3o, com 17 pontos em 11 jogos &#8211; a apenas 4 de dist\u00e2ncia do G6, que d\u00e1 vaga \u00e0 Libertadores do ano que vem. Para seguir fazendo bonito na elite, o Le\u00e3o aposta na experi\u00eancia e no \u00f3timo momento do lateral-esquerdo Reinaldo.<\/p>\n\n\n\n<p>Aos 35 anos, o camisa 6 disputa sua 14\u00aa edi\u00e7\u00e3o consecutiva da S\u00e9rie A e \u00e9 um dos principais destaques do campeonato em 2025. Artilheiro do Mirassol com 6 gols e l\u00edder em assist\u00eancias (2), Reinaldo participou diretamente de 8 dos 17 gols da equipe neste Brasileir\u00e3o. Ele esteve em campo nos 11 jogos do time e atuou pelos 90 minutos em todos os 10 jogos em que foi titular em 10 deles.<\/p>\n\n\n\n<p>\u201cEsse per\u00edodo sem jogos foi muito importante para n\u00f3s. Tivemos a chegada de novos jogadores e um ritmo forte de treinos para entrosar ainda mais o grupo. A nossa expectativa \u00e9 retomar o embalo e conseguir seguir com o bom momento que viv\u00edamos at\u00e9 a pausa\u201d, afirmou o lateral, que foi contratado em janeiro como principal nome do ano do centen\u00e1rio do Mirassol e j\u00e1 balan\u00e7ou as redes sete vezes em 2025.<\/p>\n\n\n\n<p>Contra os clubes da capital paulista, Reinaldo j\u00e1 deixou sua marca neste Brasileir\u00e3o. De seus p\u00e9s sa\u00edram o gol da vit\u00f3ria sobre o S\u00e3o Paulo, no Morumbis, e uma assist\u00eancia no triunfo contra o Corinthians, em casa. Agora, diante do Palmeiras, o camisa 6 ter\u00e1 mais uma oportunidade de se destacar em um confronto contra os gigantes do estado.<\/p>\n\n\n\n<p>\u201cTodos sabem que o Palmeiras tem um dos melhores elencos do campeonato. Vai ser um jogo muito dif\u00edcil, mas n\u00f3s j\u00e1 mostramos a nossa capacidade contra grandes equipes este ano e vamos para o jogo com essa confian\u00e7a no trabalho que estamos realizando\u201d, completou o jogador que, no Brasileir\u00e3o de 2020, balan\u00e7ou as redes na vit\u00f3ria do S\u00e3o Paulo sobre o Alviverde por 2 a 0, que encerrou um tabu do Tricolor, que nunca havia vencido o rival no Allianz Parque.&nbsp;<\/p>\n\n\n\n<p>Al\u00e9m do excelente momento em 2025, com 22 jogos, 7 gols e 4 assist\u00eancias, Reinaldo \u00e9 dono de n\u00fameros hist\u00f3ricos no Campeonato Brasileiro. O jogador do Mirassol soma 385 partidas, 37 gols e 45 assist\u00eancias na competi\u00e7\u00e3o desde sua primeira participa\u00e7\u00e3o, em 2012. Assim, ele \u00e9 o lateral com mais participa\u00e7\u00f5es em gols (82) na hist\u00f3ria do Brasileir\u00e3o dos pontos corridos, superando nomes consagrados como L\u00e9o Moura (78) e Juan (73).<\/p>\n\n\n\n<p>Com passagens marcantes por S\u00e3o Paulo, Gr\u00eamio, Chapecoense e Ponte Preta, Reinaldo foi vice-campe\u00e3o brasileiro em duas temporadas (2014 e 2023) e j\u00e1 ajudou clubes como a Ponte Preta (2016) e a Chapecoense (2017) a alcan\u00e7arem suas melhores campanhas na era dos pontos corridos, ambos terminando na 8\u00aa coloca\u00e7\u00e3o. No ranking de atletas em atividade com mais jogos na S\u00e9rie A, o lateral do Mirassol ocupa a 5\u00aa posi\u00e7\u00e3o, atr\u00e1s apenas de F\u00e1bio (700), C\u00e1ssio (429), Fagner (414) e Weverton (397).<\/p>\n\n\n\n<p>\u201cAgrade\u00e7o sempre a oportunidade de entrar em campo e poder honrar a camisa do clube que defendo. Estamos fazendo um bom trabalho aqui no Mirassol, mas queremos mais. Ainda temos um caminho longo a percorrer, e vamos seguir trilhando\u201d, finalizou o lateral-artilheiro, que j\u00e1 balan\u00e7ou as redes contra Gr\u00eamio, Juventude, S\u00e3o Paulo, Atl\u00e9tico-MG e Sport neste campeonato.<\/p>\n\n\n\n<p><\/p>\n","protected":false},"excerpt":{"rendered":"<p>Ap\u00f3s uma paralisa\u00e7\u00e3o de 45 dias para a disputa da Copa do Mundo de Clubes da FIFA, o Mirassol volta a campo na noite desta quarta-feira (16), \u00e0s 19h, quando enfrenta o Palmeiras no Allianz Parque, pela 14\u00aa rodada do Brasileir\u00e3o. Estreante na S\u00e9rie A, o time comandado por Rafael Guanaes vem sendo uma das [&hellip;]<\/p>\n","protected":false},"author":15,"featured_media":272622,"comment_status":"open","ping_status":"closed","sticky":false,"template":"","format":"standard","meta":{"footnotes":""},"categories":[520],"tags":[],"class_list":["post-272621","post","type-post","status-publish","format-standard","has-post-thumbnail","hentry","category-mirassol"],"yoast_head":"<!-- This site is optimized with the Yoast SEO Premium plugin v24.2 (Yoast SEO v26.9) - https:\/\/yoast.com\/product\/yoast-seo-premium-wordpress\/ -->\n<title>Algoz dos grandes paulistas pelo Mirassol, Reinaldo projeta duelo contra o Palmeiras pelo Brasileir\u00e3o<\/title>\n<meta name=\"robots\" content=\"index, follow, max-snippet:-1, max-image-preview:large, max-video-preview:-1\" \/>\n<link rel=\"canonical\" href=\"https:\/\/www.gaveanews.com\/index.php\/2025\/07\/16\/algoz-dos-grandes-paulistas-pelo-mirassol-reinaldo-projeta-duelo-contra-o-palmeiras-pelo-brasileirao\/\" \/>\n<meta property=\"og:locale\" content=\"pt_BR\" \/>\n<meta property=\"og:type\" content=\"article\" \/>\n<meta property=\"og:title\" content=\"Algoz dos grandes paulistas pelo Mirassol, Reinaldo projeta duelo contra o Palmeiras pelo Brasileir\u00e3o\" \/>\n<meta property=\"og:description\" content=\"Ap\u00f3s uma paralisa\u00e7\u00e3o de 45 dias para a disputa da Copa do Mundo de Clubes da FIFA, o Mirassol volta a campo na noite desta quarta-feira (16), \u00e0s 19h, quando enfrenta o Palmeiras no Allianz Parque, pela 14\u00aa rodada do Brasileir\u00e3o. Estreante na S\u00e9rie A, o time comandado por Rafael Guanaes vem sendo uma das [&hellip;]\" \/>\n<meta property=\"og:url\" content=\"https:\/\/www.gaveanews.com\/index.php\/2025\/07\/16\/algoz-dos-grandes-paulistas-pelo-mirassol-reinaldo-projeta-duelo-contra-o-palmeiras-pelo-brasileirao\/\" \/>\n<meta property=\"og:site_name\" content=\"G\u00e1vea News\" \/>\n<meta property=\"article:publisher\" content=\"https:\/\/facebook.com\/gaveaNews\/\" \/>\n<meta property=\"article:published_time\" content=\"2025-07-16T17:51:13+00:00\" \/>\n<meta property=\"article:modified_time\" content=\"2025-07-16T17:51:46+00:00\" \/>\n<meta property=\"og:image\" content=\"http:\/\/www.gaveanews.com\/wp-content\/uploads\/Reinaldo-com-a-camisa-do-Mirassol-scaled.jpeg\" \/>\n\t<meta property=\"og:image:width\" content=\"2560\" \/>\n\t<meta property=\"og:image:height\" content=\"2048\" \/>\n\t<meta property=\"og:image:type\" content=\"image\/jpeg\" \/>\n<meta name=\"author\" content=\"Henrique Machado\" \/>\n<meta name=\"twitter:card\" content=\"summary_large_image\" \/>\n<meta name=\"twitter:label1\" content=\"Escrito por\" \/>\n\t<meta name=\"twitter:data1\" content=\"Henrique Machado\" \/>\n\t<meta name=\"twitter:label2\" content=\"Est. tempo de leitura\" \/>\n\t<meta name=\"twitter:data2\" content=\"4 minutos\" \/>\n<script type=\"application\/ld+json\" class=\"yoast-schema-graph\">{\"@context\":\"https:\/\/schema.org\",\"@graph\":[{\"@type\":\"NewsArticle\",\"@id\":\"https:\/\/www.gaveanews.com\/index.php\/2025\/07\/16\/algoz-dos-grandes-paulistas-pelo-mirassol-reinaldo-projeta-duelo-contra-o-palmeiras-pelo-brasileirao\/#article\",\"isPartOf\":{\"@id\":\"https:\/\/www.gaveanews.com\/index.php\/2025\/07\/16\/algoz-dos-grandes-paulistas-pelo-mirassol-reinaldo-projeta-duelo-contra-o-palmeiras-pelo-brasileirao\/\"},\"author\":{\"name\":\"Henrique Machado\",\"@id\":\"https:\/\/www.gaveanews.com\/#\/schema\/person\/fd07635ec039ec3ba74ad18ec8a6dbd6\"},\"headline\":\"Algoz dos grandes paulistas pelo Mirassol, Reinaldo projeta duelo contra o Palmeiras pelo Brasileir\u00e3o\",\"datePublished\":\"2025-07-16T17:51:13+00:00\",\"dateModified\":\"2025-07-16T17:51:46+00:00\",\"mainEntityOfPage\":{\"@id\":\"https:\/\/www.gaveanews.com\/index.php\/2025\/07\/16\/algoz-dos-grandes-paulistas-pelo-mirassol-reinaldo-projeta-duelo-contra-o-palmeiras-pelo-brasileirao\/\"},\"wordCount\":623,\"commentCount\":0,\"image\":{\"@id\":\"https:\/\/www.gaveanews.com\/index.php\/2025\/07\/16\/algoz-dos-grandes-paulistas-pelo-mirassol-reinaldo-projeta-duelo-contra-o-palmeiras-pelo-brasileirao\/#primaryimage\"},\"thumbnailUrl\":\"https:\/\/www.gaveanews.com\/wp-content\/uploads\/Reinaldo-com-a-camisa-do-Mirassol-scaled.jpeg\",\"articleSection\":[\"Mirassol\"],\"inLanguage\":\"pt-BR\",\"potentialAction\":[{\"@type\":\"CommentAction\",\"name\":\"Comment\",\"target\":[\"https:\/\/www.gaveanews.com\/index.php\/2025\/07\/16\/algoz-dos-grandes-paulistas-pelo-mirassol-reinaldo-projeta-duelo-contra-o-palmeiras-pelo-brasileirao\/#respond\"]}],\"copyrightYear\":\"2025\",\"copyrightHolder\":{\"@id\":\"https:\/\/www.gaveanews.com\/#organization\"}},{\"@type\":\"WebPage\",\"@id\":\"https:\/\/www.gaveanews.com\/index.php\/2025\/07\/16\/algoz-dos-grandes-paulistas-pelo-mirassol-reinaldo-projeta-duelo-contra-o-palmeiras-pelo-brasileirao\/\",\"url\":\"https:\/\/www.gaveanews.com\/index.php\/2025\/07\/16\/algoz-dos-grandes-paulistas-pelo-mirassol-reinaldo-projeta-duelo-contra-o-palmeiras-pelo-brasileirao\/\",\"name\":\"Algoz dos grandes paulistas pelo Mirassol, Reinaldo projeta duelo contra o Palmeiras pelo Brasileir\u00e3o\",\"isPartOf\":{\"@id\":\"https:\/\/www.gaveanews.com\/#website\"},\"primaryImageOfPage\":{\"@id\":\"https:\/\/www.gaveanews.com\/index.php\/2025\/07\/16\/algoz-dos-grandes-paulistas-pelo-mirassol-reinaldo-projeta-duelo-contra-o-palmeiras-pelo-brasileirao\/#primaryimage\"},\"image\":{\"@id\":\"https:\/\/www.gaveanews.com\/index.php\/2025\/07\/16\/algoz-dos-grandes-paulistas-pelo-mirassol-reinaldo-projeta-duelo-contra-o-palmeiras-pelo-brasileirao\/#primaryimage\"},\"thumbnailUrl\":\"https:\/\/www.gaveanews.com\/wp-content\/uploads\/Reinaldo-com-a-camisa-do-Mirassol-scaled.jpeg\",\"datePublished\":\"2025-07-16T17:51:13+00:00\",\"dateModified\":\"2025-07-16T17:51:46+00:00\",\"author\":{\"@id\":\"https:\/\/www.gaveanews.com\/#\/schema\/person\/fd07635ec039ec3ba74ad18ec8a6dbd6\"},\"breadcrumb\":{\"@id\":\"https:\/\/www.gaveanews.com\/index.php\/2025\/07\/16\/algoz-dos-grandes-paulistas-pelo-mirassol-reinaldo-projeta-duelo-contra-o-palmeiras-pelo-brasileirao\/#breadcrumb\"},\"inLanguage\":\"pt-BR\",\"potentialAction\":[{\"@type\":\"ReadAction\",\"target\":[\"https:\/\/www.gaveanews.com\/index.php\/2025\/07\/16\/algoz-dos-grandes-paulistas-pelo-mirassol-reinaldo-projeta-duelo-contra-o-palmeiras-pelo-brasileirao\/\"]}]},{\"@type\":\"ImageObject\",\"inLanguage\":\"pt-BR\",\"@id\":\"https:\/\/www.gaveanews.com\/index.php\/2025\/07\/16\/algoz-dos-grandes-paulistas-pelo-mirassol-reinaldo-projeta-duelo-contra-o-palmeiras-pelo-brasileirao\/#primaryimage\",\"url\":\"https:\/\/www.gaveanews.com\/wp-content\/uploads\/Reinaldo-com-a-camisa-do-Mirassol-scaled.jpeg\",\"contentUrl\":\"https:\/\/www.gaveanews.com\/wp-content\/uploads\/Reinaldo-com-a-camisa-do-Mirassol-scaled.jpeg\",\"width\":2560,\"height\":2048,\"caption\":\"Reinaldo com a camisa do Mirassol (Foto: Pedro Zacchi)\"},{\"@type\":\"BreadcrumbList\",\"@id\":\"https:\/\/www.gaveanews.com\/index.php\/2025\/07\/16\/algoz-dos-grandes-paulistas-pelo-mirassol-reinaldo-projeta-duelo-contra-o-palmeiras-pelo-brasileirao\/#breadcrumb\",\"itemListElement\":[{\"@type\":\"ListItem\",\"position\":1,\"name\":\"Home\",\"item\":\"https:\/\/www.gaveanews.com\/\"},{\"@type\":\"ListItem\",\"position\":2,\"name\":\"Algoz dos grandes paulistas pelo Mirassol, Reinaldo projeta duelo contra o Palmeiras pelo Brasileir\u00e3o\"}]},{\"@type\":\"WebSite\",\"@id\":\"https:\/\/www.gaveanews.com\/#website\",\"url\":\"https:\/\/www.gaveanews.com\/\",\"name\":\"G\u00e1vea News\",\"description\":\"Veja todas as not\u00edcias sobre o Flamengo: Contrata\u00e7\u00f5es, categorias de base, resultados das partidas, tabela de classifica\u00e7\u00e3o, pr\u00f3ximos jogos!\",\"potentialAction\":[{\"@type\":\"SearchAction\",\"target\":{\"@type\":\"EntryPoint\",\"urlTemplate\":\"https:\/\/www.gaveanews.com\/?s={search_term_string}\"},\"query-input\":{\"@type\":\"PropertyValueSpecification\",\"valueRequired\":true,\"valueName\":\"search_term_string\"}}],\"inLanguage\":\"pt-BR\"},{\"@type\":\"Person\",\"@id\":\"https:\/\/www.gaveanews.com\/#\/schema\/person\/fd07635ec039ec3ba74ad18ec8a6dbd6\",\"name\":\"Henrique Machado\",\"image\":{\"@type\":\"ImageObject\",\"inLanguage\":\"pt-BR\",\"@id\":\"https:\/\/www.gaveanews.com\/#\/schema\/person\/image\/\",\"url\":\"https:\/\/secure.gravatar.com\/avatar\/b95e35997e01d9800c1b6184bd79d4d898d370a3fce2584f5c77b907d5c7d9e9?s=96&d=mm&r=g\",\"contentUrl\":\"https:\/\/secure.gravatar.com\/avatar\/b95e35997e01d9800c1b6184bd79d4d898d370a3fce2584f5c77b907d5c7d9e9?s=96&d=mm&r=g\",\"caption\":\"Henrique Machado\"}}]}<\/script>\n<!-- \/ Yoast SEO Premium plugin. -->","yoast_head_json":{"title":"Algoz dos grandes paulistas pelo Mirassol, Reinaldo projeta duelo contra o Palmeiras pelo Brasileir\u00e3o","robots":{"index":"index","follow":"follow","max-snippet":"max-snippet:-1","max-image-preview":"max-image-preview:large","max-video-preview":"max-video-preview:-1"},"canonical":"https:\/\/www.gaveanews.com\/index.php\/2025\/07\/16\/algoz-dos-grandes-paulistas-pelo-mirassol-reinaldo-projeta-duelo-contra-o-palmeiras-pelo-brasileirao\/","og_locale":"pt_BR","og_type":"article","og_title":"Algoz dos grandes paulistas pelo Mirassol, Reinaldo projeta duelo contra o Palmeiras pelo Brasileir\u00e3o","og_description":"Ap\u00f3s uma paralisa\u00e7\u00e3o de 45 dias para a disputa da Copa do Mundo de Clubes da FIFA, o Mirassol volta a campo na noite desta quarta-feira (16), \u00e0s 19h, quando enfrenta o Palmeiras no Allianz Parque, pela 14\u00aa rodada do Brasileir\u00e3o. Estreante na S\u00e9rie A, o time comandado por Rafael Guanaes vem sendo uma das [&hellip;]","og_url":"https:\/\/www.gaveanews.com\/index.php\/2025\/07\/16\/algoz-dos-grandes-paulistas-pelo-mirassol-reinaldo-projeta-duelo-contra-o-palmeiras-pelo-brasileirao\/","og_site_name":"G\u00e1vea News","article_publisher":"https:\/\/facebook.com\/gaveaNews\/","article_published_time":"2025-07-16T17:51:13+00:00","article_modified_time":"2025-07-16T17:51:46+00:00","og_image":[{"width":2560,"height":2048,"url":"http:\/\/www.gaveanews.com\/wp-content\/uploads\/Reinaldo-com-a-camisa-do-Mirassol-scaled.jpeg","type":"image\/jpeg"}],"author":"Henrique Machado","twitter_card":"summary_large_image","twitter_misc":{"Escrito por":"Henrique Machado","Est. tempo de leitura":"4 minutos"},"schema":{"@context":"https:\/\/schema.org","@graph":[{"@type":"NewsArticle","@id":"https:\/\/www.gaveanews.com\/index.php\/2025\/07\/16\/algoz-dos-grandes-paulistas-pelo-mirassol-reinaldo-projeta-duelo-contra-o-palmeiras-pelo-brasileirao\/#article","isPartOf":{"@id":"https:\/\/www.gaveanews.com\/index.php\/2025\/07\/16\/algoz-dos-grandes-paulistas-pelo-mirassol-reinaldo-projeta-duelo-contra-o-palmeiras-pelo-brasileirao\/"},"author":{"name":"Henrique Machado","@id":"https:\/\/www.gaveanews.com\/#\/schema\/person\/fd07635ec039ec3ba74ad18ec8a6dbd6"},"headline":"Algoz dos grandes paulistas pelo Mirassol, Reinaldo projeta duelo contra o Palmeiras pelo Brasileir\u00e3o","datePublished":"2025-07-16T17:51:13+00:00","dateModified":"2025-07-16T17:51:46+00:00","mainEntityOfPage":{"@id":"https:\/\/www.gaveanews.com\/index.php\/2025\/07\/16\/algoz-dos-grandes-paulistas-pelo-mirassol-reinaldo-projeta-duelo-contra-o-palmeiras-pelo-brasileirao\/"},"wordCount":623,"commentCount":0,"image":{"@id":"https:\/\/www.gaveanews.com\/index.php\/2025\/07\/16\/algoz-dos-grandes-paulistas-pelo-mirassol-reinaldo-projeta-duelo-contra-o-palmeiras-pelo-brasileirao\/#primaryimage"},"thumbnailUrl":"https:\/\/www.gaveanews.com\/wp-content\/uploads\/Reinaldo-com-a-camisa-do-Mirassol-scaled.jpeg","articleSection":["Mirassol"],"inLanguage":"pt-BR","potentialAction":[{"@type":"CommentAction","name":"Comment","target":["https:\/\/www.gaveanews.com\/index.php\/2025\/07\/16\/algoz-dos-grandes-paulistas-pelo-mirassol-reinaldo-projeta-duelo-contra-o-palmeiras-pelo-brasileirao\/#respond"]}],"copyrightYear":"2025","copyrightHolder":{"@id":"https:\/\/www.gaveanews.com\/#organization"}},{"@type":"WebPage","@id":"https:\/\/www.gaveanews.com\/index.php\/2025\/07\/16\/algoz-dos-grandes-paulistas-pelo-mirassol-reinaldo-projeta-duelo-contra-o-palmeiras-pelo-brasileirao\/","url":"https:\/\/www.gaveanews.com\/index.php\/2025\/07\/16\/algoz-dos-grandes-paulistas-pelo-mirassol-reinaldo-projeta-duelo-contra-o-palmeiras-pelo-brasileirao\/","name":"Algoz dos grandes paulistas pelo Mirassol, Reinaldo projeta duelo contra o Palmeiras pelo Brasileir\u00e3o","isPartOf":{"@id":"https:\/\/www.gaveanews.com\/#website"},"primaryImageOfPage":{"@id":"https:\/\/www.gaveanews.com\/index.php\/2025\/07\/16\/algoz-dos-grandes-paulistas-pelo-mirassol-reinaldo-projeta-duelo-contra-o-palmeiras-pelo-brasileirao\/#primaryimage"},"image":{"@id":"https:\/\/www.gaveanews.com\/index.php\/2025\/07\/16\/algoz-dos-grandes-paulistas-pelo-mirassol-reinaldo-projeta-duelo-contra-o-palmeiras-pelo-brasileirao\/#primaryimage"},"thumbnailUrl":"https:\/\/www.gaveanews.com\/wp-content\/uploads\/Reinaldo-com-a-camisa-do-Mirassol-scaled.jpeg","datePublished":"2025-07-16T17:51:13+00:00","dateModified":"2025-07-16T17:51:46+00:00","author":{"@id":"https:\/\/www.gaveanews.com\/#\/schema\/person\/fd07635ec039ec3ba74ad18ec8a6dbd6"},"breadcrumb":{"@id":"https:\/\/www.gaveanews.com\/index.php\/2025\/07\/16\/algoz-dos-grandes-paulistas-pelo-mirassol-reinaldo-projeta-duelo-contra-o-palmeiras-pelo-brasileirao\/#breadcrumb"},"inLanguage":"pt-BR","potentialAction":[{"@type":"ReadAction","target":["https:\/\/www.gaveanews.com\/index.php\/2025\/07\/16\/algoz-dos-grandes-paulistas-pelo-mirassol-reinaldo-projeta-duelo-contra-o-palmeiras-pelo-brasileirao\/"]}]},{"@type":"ImageObject","inLanguage":"pt-BR","@id":"https:\/\/www.gaveanews.com\/index.php\/2025\/07\/16\/algoz-dos-grandes-paulistas-pelo-mirassol-reinaldo-projeta-duelo-contra-o-palmeiras-pelo-brasileirao\/#primaryimage","url":"https:\/\/www.gaveanews.com\/wp-content\/uploads\/Reinaldo-com-a-camisa-do-Mirassol-scaled.jpeg","contentUrl":"https:\/\/www.gaveanews.com\/wp-content\/uploads\/Reinaldo-com-a-camisa-do-Mirassol-scaled.jpeg","width":2560,"height":2048,"caption":"Reinaldo com a camisa do Mirassol (Foto: Pedro Zacchi)"},{"@type":"BreadcrumbList","@id":"https:\/\/www.gaveanews.com\/index.php\/2025\/07\/16\/algoz-dos-grandes-paulistas-pelo-mirassol-reinaldo-projeta-duelo-contra-o-palmeiras-pelo-brasileirao\/#breadcrumb","itemListElement":[{"@type":"ListItem","position":1,"name":"Home","item":"https:\/\/www.gaveanews.com\/"},{"@type":"ListItem","position":2,"name":"Algoz dos grandes paulistas pelo Mirassol, Reinaldo projeta duelo contra o Palmeiras pelo Brasileir\u00e3o"}]},{"@type":"WebSite","@id":"https:\/\/www.gaveanews.com\/#website","url":"https:\/\/www.gaveanews.com\/","name":"G\u00e1vea News","description":"Veja todas as not\u00edcias sobre o Flamengo: Contrata\u00e7\u00f5es, categorias de base, resultados das partidas, tabela de classifica\u00e7\u00e3o, pr\u00f3ximos jogos!","potentialAction":[{"@type":"SearchAction","target":{"@type":"EntryPoint","urlTemplate":"https:\/\/www.gaveanews.com\/?s={search_term_string}"},"query-input":{"@type":"PropertyValueSpecification","valueRequired":true,"valueName":"search_term_string"}}],"inLanguage":"pt-BR"},{"@type":"Person","@id":"https:\/\/www.gaveanews.com\/#\/schema\/person\/fd07635ec039ec3ba74ad18ec8a6dbd6","name":"Henrique Machado","image":{"@type":"ImageObject","inLanguage":"pt-BR","@id":"https:\/\/www.gaveanews.com\/#\/schema\/person\/image\/","url":"https:\/\/secure.gravatar.com\/avatar\/b95e35997e01d9800c1b6184bd79d4d898d370a3fce2584f5c77b907d5c7d9e9?s=96&d=mm&r=g","contentUrl":"https:\/\/secure.gravatar.com\/avatar\/b95e35997e01d9800c1b6184bd79d4d898d370a3fce2584f5c77b907d5c7d9e9?s=96&d=mm&r=g","caption":"Henrique Machado"}}]}},"_links":{"self":[{"href":"https:\/\/www.gaveanews.com\/index.php\/wp-json\/wp\/v2\/posts\/272621","targetHints":{"allow":["GET"]}}],"collection":[{"href":"https:\/\/www.gaveanews.com\/index.php\/wp-json\/wp\/v2\/posts"}],"about":[{"href":"https:\/\/www.gaveanews.com\/index.php\/wp-json\/wp\/v2\/types\/post"}],"author":[{"embeddable":true,"href":"https:\/\/www.gaveanews.com\/index.php\/wp-json\/wp\/v2\/users\/15"}],"replies":[{"embeddable":true,"href":"https:\/\/www.gaveanews.com\/index.php\/wp-json\/wp\/v2\/comments?post=272621"}],"version-history":[{"count":2,"href":"https:\/\/www.gaveanews.com\/index.php\/wp-json\/wp\/v2\/posts\/272621\/revisions"}],"predecessor-version":[{"id":272624,"href":"https:\/\/www.gaveanews.com\/index.php\/wp-json\/wp\/v2\/posts\/272621\/revisions\/272624"}],"wp:featuredmedia":[{"embeddable":true,"href":"https:\/\/www.gaveanews.com\/index.php\/wp-json\/wp\/v2\/media\/272622"}],"wp:attachment":[{"href":"https:\/\/www.gaveanews.com\/index.php\/wp-json\/wp\/v2\/media?parent=272621"}],"wp:term":[{"taxonomy":"category","embeddable":true,"href":"https:\/\/www.gaveanews.com\/index.php\/wp-json\/wp\/v2\/categories?post=272621"},{"taxonomy":"post_tag","embeddable":true,"href":"https:\/\/www.gaveanews.com\/index.php\/wp-json\/wp\/v2\/tags?post=272621"}],"curies":[{"name":"wp","href":"https:\/\/api.w.org\/{rel}","templated":true}]}}