{"id":272625,"date":"2025-07-16T16:00:00","date_gmt":"2025-07-16T19:00:00","guid":{"rendered":"https:\/\/www.gaveanews.com\/?p=272625"},"modified":"2025-07-16T15:49:08","modified_gmt":"2025-07-16T18:49:08","slug":"lateral-esta-de-saida-do-flamengo-apos-o-clube-aceitar-proposta","status":"publish","type":"post","link":"https:\/\/www.gaveanews.com\/index.php\/2025\/07\/16\/lateral-esta-de-saida-do-flamengo-apos-o-clube-aceitar-proposta\/","title":{"rendered":"Lateral est\u00e1 de sa\u00edda do Flamengo ap\u00f3s o clube aceitar proposta"},"content":{"rendered":"\n<p>O Flamengo segue agindo nos bastidores para ajustar o elenco principal e tamb\u00e9m o grupo de jovens promessas para a sequ\u00eancia da temporada. Nesta quarta-feira (16), o clube acertou a venda do lateral-esquerdo Z\u00e9 Welinton para o Al Dhafra, dos Emirados \u00c1rabes Unidos, em negocia\u00e7\u00e3o definitiva.<\/p>\n\n\n\n<p>De acordo com o influenciador \u201cFlazoeiro\u201d, que cobre o dia a dia do clube, o Rubro-Negro cedeu 100% dos direitos econ\u00f4micos do jogador. No entanto, ficou estipulado que o Flamengo ter\u00e1 direito a 20% do valor de uma futura venda, desde que ocorra dentro do prazo de dois anos.&nbsp;<\/p>\n\n\n\n<p>Cabe ressaltar que esse tipo de cl\u00e1usula j\u00e1 \u00e9 uma pr\u00e1tica comum em neg\u00f3cios com atletas da base e pode se tornar fonte de receita futura.<\/p>\n\n\n\n<h2 class=\"wp-block-heading\" id=\"h-passagem-rapida-e-pouco-aproveitamento-no-profissional\">Passagem r\u00e1pida e pouco aproveitamento no profissional<\/h2>\n\n\n\n<p>Z\u00e9 Welinton come\u00e7ou a ganhar espa\u00e7o no elenco principal em 2024. No entanto, sua presen\u00e7a em campo foi t\u00edmida: o lateral disputou apenas seis partidas oficiais com a camisa do time profissional, sem conseguir conquistar a confian\u00e7a dos treinadores.<\/p>\n\n\n\n<p>Sua \u00faltima atua\u00e7\u00e3o foi na goleada por 5 a 0 sobre o Bangu, no dia 22 de janeiro deste ano, pelo Campeonato Carioca. O jogador atuou durante os 90 minutos daquela partida, mas, desde ent\u00e3o, foi deixado de lado por Filipe Lu\u00eds, t\u00e9cnico da equipe desde o in\u00edcio de 2025.&nbsp;<\/p>\n\n\n\n<p>Por isso, a negocia\u00e7\u00e3o \u00e9 vista como natural, especialmente porque o clube possui outros nomes mais consolidados para a posi\u00e7\u00e3o.<\/p>\n\n\n\n<p>Vale destacar que, mesmo sem brilhar, o atleta despertou interesse internacional, o que demonstra como a base do Flamengo segue sendo uma vitrine para o futebol mundial.<\/p>\n\n\n\n<h2 class=\"wp-block-heading\" id=\"h-movimento-estrategico-da-diretoria-rubro-negra\">Movimento estrat\u00e9gico da diretoria rubro-negra<\/h2>\n\n\n\n<p>Sendo assim, a sa\u00edda de Z\u00e9 Welinton \u00e9 parte de uma estrat\u00e9gia de gest\u00e3o de ativos que o Flamengo tem adotado nos \u00faltimos anos. O clube busca manter um elenco enxuto, mas competitivo, ao mesmo tempo em que aproveita oportunidades de mercado para gerar receita.<\/p>\n\n\n\n<p>Al\u00e9m disso, liberar jovens atletas que n\u00e3o est\u00e3o sendo aproveitados no elenco principal permite abrir espa\u00e7o para novas promessas e manter a motiva\u00e7\u00e3o alta dentro do grupo. Com isso, a diretoria demonstra planejamento e preocupa\u00e7\u00e3o com o futuro esportivo e financeiro da institui\u00e7\u00e3o.<\/p>\n","protected":false},"excerpt":{"rendered":"<p>O Flamengo segue agindo nos bastidores para ajustar o elenco principal e tamb\u00e9m o grupo de jovens promessas para a sequ\u00eancia da temporada. Nesta quarta-feira (16), o clube acertou a venda do lateral-esquerdo Z\u00e9 Welinton para o Al Dhafra, dos Emirados \u00c1rabes Unidos, em negocia\u00e7\u00e3o definitiva. De acordo com o influenciador \u201cFlazoeiro\u201d, que cobre o [&hellip;]<\/p>\n","protected":false},"author":25,"featured_media":124684,"comment_status":"open","ping_status":"closed","sticky":false,"template":"","format":"standard","meta":{"footnotes":""},"categories":[1],"tags":[],"class_list":["post-272625","post","type-post","status-publish","format-standard","has-post-thumbnail","hentry","category-flamengo"],"yoast_head":"<!-- This site is optimized with the Yoast SEO Premium plugin v24.2 (Yoast SEO v26.9) - https:\/\/yoast.com\/product\/yoast-seo-premium-wordpress\/ -->\n<title>Lateral est\u00e1 de sa\u00edda do Flamengo ap\u00f3s o clube aceitar proposta<\/title>\n<meta name=\"robots\" content=\"index, follow, max-snippet:-1, max-image-preview:large, max-video-preview:-1\" \/>\n<link rel=\"canonical\" href=\"https:\/\/www.gaveanews.com\/index.php\/2025\/07\/16\/lateral-esta-de-saida-do-flamengo-apos-o-clube-aceitar-proposta\/\" \/>\n<meta property=\"og:locale\" content=\"pt_BR\" \/>\n<meta property=\"og:type\" content=\"article\" \/>\n<meta property=\"og:title\" content=\"Lateral est\u00e1 de sa\u00edda do Flamengo ap\u00f3s o clube aceitar proposta\" \/>\n<meta property=\"og:description\" content=\"O Flamengo segue agindo nos bastidores para ajustar o elenco principal e tamb\u00e9m o grupo de jovens promessas para a sequ\u00eancia da temporada. Nesta quarta-feira (16), o clube acertou a venda do lateral-esquerdo Z\u00e9 Welinton para o Al Dhafra, dos Emirados \u00c1rabes Unidos, em negocia\u00e7\u00e3o definitiva. De acordo com o influenciador \u201cFlazoeiro\u201d, que cobre o [&hellip;]\" \/>\n<meta property=\"og:url\" content=\"https:\/\/www.gaveanews.com\/index.php\/2025\/07\/16\/lateral-esta-de-saida-do-flamengo-apos-o-clube-aceitar-proposta\/\" \/>\n<meta property=\"og:site_name\" content=\"G\u00e1vea News\" \/>\n<meta property=\"article:publisher\" content=\"https:\/\/facebook.com\/gaveaNews\/\" \/>\n<meta property=\"article:published_time\" content=\"2025-07-16T19:00:00+00:00\" \/>\n<meta property=\"og:image\" content=\"https:\/\/www.gaveanews.com\/wp-content\/uploads\/escudoDoFlamengo.webp\" \/>\n\t<meta property=\"og:image:width\" content=\"1095\" \/>\n\t<meta property=\"og:image:height\" content=\"730\" \/>\n\t<meta property=\"og:image:type\" content=\"image\/webp\" \/>\n<meta name=\"author\" content=\"Rafaela Ladeira\" \/>\n<meta name=\"twitter:card\" content=\"summary_large_image\" \/>\n<meta name=\"twitter:label1\" content=\"Escrito por\" \/>\n\t<meta name=\"twitter:data1\" content=\"Rafaela Ladeira\" \/>\n\t<meta name=\"twitter:label2\" content=\"Est. tempo de leitura\" \/>\n\t<meta name=\"twitter:data2\" content=\"3 minutos\" \/>\n<script type=\"application\/ld+json\" class=\"yoast-schema-graph\">{\"@context\":\"https:\/\/schema.org\",\"@graph\":[{\"@type\":\"NewsArticle\",\"@id\":\"https:\/\/www.gaveanews.com\/index.php\/2025\/07\/16\/lateral-esta-de-saida-do-flamengo-apos-o-clube-aceitar-proposta\/#article\",\"isPartOf\":{\"@id\":\"https:\/\/www.gaveanews.com\/index.php\/2025\/07\/16\/lateral-esta-de-saida-do-flamengo-apos-o-clube-aceitar-proposta\/\"},\"author\":{\"name\":\"Rafaela Ladeira\",\"@id\":\"https:\/\/www.gaveanews.com\/#\/schema\/person\/0eb3e3fe1754f0205218538adbe8f5ed\"},\"headline\":\"Lateral est\u00e1 de sa\u00edda do Flamengo ap\u00f3s o clube aceitar proposta\",\"datePublished\":\"2025-07-16T19:00:00+00:00\",\"mainEntityOfPage\":{\"@id\":\"https:\/\/www.gaveanews.com\/index.php\/2025\/07\/16\/lateral-esta-de-saida-do-flamengo-apos-o-clube-aceitar-proposta\/\"},\"wordCount\":391,\"commentCount\":0,\"image\":{\"@id\":\"https:\/\/www.gaveanews.com\/index.php\/2025\/07\/16\/lateral-esta-de-saida-do-flamengo-apos-o-clube-aceitar-proposta\/#primaryimage\"},\"thumbnailUrl\":\"https:\/\/www.gaveanews.com\/wp-content\/uploads\/escudoDoFlamengo.webp\",\"articleSection\":[\"Flamengo\"],\"inLanguage\":\"pt-BR\",\"potentialAction\":[{\"@type\":\"CommentAction\",\"name\":\"Comment\",\"target\":[\"https:\/\/www.gaveanews.com\/index.php\/2025\/07\/16\/lateral-esta-de-saida-do-flamengo-apos-o-clube-aceitar-proposta\/#respond\"]}],\"copyrightYear\":\"2025\",\"copyrightHolder\":{\"@id\":\"https:\/\/www.gaveanews.com\/#organization\"}},{\"@type\":\"WebPage\",\"@id\":\"https:\/\/www.gaveanews.com\/index.php\/2025\/07\/16\/lateral-esta-de-saida-do-flamengo-apos-o-clube-aceitar-proposta\/\",\"url\":\"https:\/\/www.gaveanews.com\/index.php\/2025\/07\/16\/lateral-esta-de-saida-do-flamengo-apos-o-clube-aceitar-proposta\/\",\"name\":\"Lateral est\u00e1 de sa\u00edda do Flamengo ap\u00f3s o clube aceitar proposta\",\"isPartOf\":{\"@id\":\"https:\/\/www.gaveanews.com\/#website\"},\"primaryImageOfPage\":{\"@id\":\"https:\/\/www.gaveanews.com\/index.php\/2025\/07\/16\/lateral-esta-de-saida-do-flamengo-apos-o-clube-aceitar-proposta\/#primaryimage\"},\"image\":{\"@id\":\"https:\/\/www.gaveanews.com\/index.php\/2025\/07\/16\/lateral-esta-de-saida-do-flamengo-apos-o-clube-aceitar-proposta\/#primaryimage\"},\"thumbnailUrl\":\"https:\/\/www.gaveanews.com\/wp-content\/uploads\/escudoDoFlamengo.webp\",\"datePublished\":\"2025-07-16T19:00:00+00:00\",\"author\":{\"@id\":\"https:\/\/www.gaveanews.com\/#\/schema\/person\/0eb3e3fe1754f0205218538adbe8f5ed\"},\"breadcrumb\":{\"@id\":\"https:\/\/www.gaveanews.com\/index.php\/2025\/07\/16\/lateral-esta-de-saida-do-flamengo-apos-o-clube-aceitar-proposta\/#breadcrumb\"},\"inLanguage\":\"pt-BR\",\"potentialAction\":[{\"@type\":\"ReadAction\",\"target\":[\"https:\/\/www.gaveanews.com\/index.php\/2025\/07\/16\/lateral-esta-de-saida-do-flamengo-apos-o-clube-aceitar-proposta\/\"]}]},{\"@type\":\"ImageObject\",\"inLanguage\":\"pt-BR\",\"@id\":\"https:\/\/www.gaveanews.com\/index.php\/2025\/07\/16\/lateral-esta-de-saida-do-flamengo-apos-o-clube-aceitar-proposta\/#primaryimage\",\"url\":\"https:\/\/www.gaveanews.com\/wp-content\/uploads\/escudoDoFlamengo.webp\",\"contentUrl\":\"https:\/\/www.gaveanews.com\/wp-content\/uploads\/escudoDoFlamengo.webp\",\"width\":1095,\"height\":730,\"caption\":\"Centro de treinamento do Flamengo (Foto: Reprodu\u00e7\u00e3o)\"},{\"@type\":\"BreadcrumbList\",\"@id\":\"https:\/\/www.gaveanews.com\/index.php\/2025\/07\/16\/lateral-esta-de-saida-do-flamengo-apos-o-clube-aceitar-proposta\/#breadcrumb\",\"itemListElement\":[{\"@type\":\"ListItem\",\"position\":1,\"name\":\"Home\",\"item\":\"https:\/\/www.gaveanews.com\/\"},{\"@type\":\"ListItem\",\"position\":2,\"name\":\"Lateral est\u00e1 de sa\u00edda do Flamengo ap\u00f3s o clube aceitar proposta\"}]},{\"@type\":\"WebSite\",\"@id\":\"https:\/\/www.gaveanews.com\/#website\",\"url\":\"https:\/\/www.gaveanews.com\/\",\"name\":\"G\u00e1vea News\",\"description\":\"Veja todas as not\u00edcias sobre o Flamengo: Contrata\u00e7\u00f5es, categorias de base, resultados das partidas, tabela de classifica\u00e7\u00e3o, pr\u00f3ximos jogos!\",\"potentialAction\":[{\"@type\":\"SearchAction\",\"target\":{\"@type\":\"EntryPoint\",\"urlTemplate\":\"https:\/\/www.gaveanews.com\/?s={search_term_string}\"},\"query-input\":{\"@type\":\"PropertyValueSpecification\",\"valueRequired\":true,\"valueName\":\"search_term_string\"}}],\"inLanguage\":\"pt-BR\"},{\"@type\":\"Person\",\"@id\":\"https:\/\/www.gaveanews.com\/#\/schema\/person\/0eb3e3fe1754f0205218538adbe8f5ed\",\"name\":\"Rafaela Ladeira\",\"image\":{\"@type\":\"ImageObject\",\"inLanguage\":\"pt-BR\",\"@id\":\"https:\/\/www.gaveanews.com\/#\/schema\/person\/image\/\",\"url\":\"https:\/\/secure.gravatar.com\/avatar\/c31f513acffd85eacab5730cbdfdbbf59f21ba5aeada8cd890acea879fbb2455?s=96&d=mm&r=g\",\"contentUrl\":\"https:\/\/secure.gravatar.com\/avatar\/c31f513acffd85eacab5730cbdfdbbf59f21ba5aeada8cd890acea879fbb2455?s=96&d=mm&r=g\",\"caption\":\"Rafaela Ladeira\"}}]}<\/script>\n<!-- \/ Yoast SEO Premium plugin. -->","yoast_head_json":{"title":"Lateral est\u00e1 de sa\u00edda do Flamengo ap\u00f3s o clube aceitar proposta","robots":{"index":"index","follow":"follow","max-snippet":"max-snippet:-1","max-image-preview":"max-image-preview:large","max-video-preview":"max-video-preview:-1"},"canonical":"https:\/\/www.gaveanews.com\/index.php\/2025\/07\/16\/lateral-esta-de-saida-do-flamengo-apos-o-clube-aceitar-proposta\/","og_locale":"pt_BR","og_type":"article","og_title":"Lateral est\u00e1 de sa\u00edda do Flamengo ap\u00f3s o clube aceitar proposta","og_description":"O Flamengo segue agindo nos bastidores para ajustar o elenco principal e tamb\u00e9m o grupo de jovens promessas para a sequ\u00eancia da temporada. Nesta quarta-feira (16), o clube acertou a venda do lateral-esquerdo Z\u00e9 Welinton para o Al Dhafra, dos Emirados \u00c1rabes Unidos, em negocia\u00e7\u00e3o definitiva. De acordo com o influenciador \u201cFlazoeiro\u201d, que cobre o [&hellip;]","og_url":"https:\/\/www.gaveanews.com\/index.php\/2025\/07\/16\/lateral-esta-de-saida-do-flamengo-apos-o-clube-aceitar-proposta\/","og_site_name":"G\u00e1vea News","article_publisher":"https:\/\/facebook.com\/gaveaNews\/","article_published_time":"2025-07-16T19:00:00+00:00","og_image":[{"width":1095,"height":730,"url":"https:\/\/www.gaveanews.com\/wp-content\/uploads\/escudoDoFlamengo.webp","type":"image\/webp"}],"author":"Rafaela Ladeira","twitter_card":"summary_large_image","twitter_misc":{"Escrito por":"Rafaela Ladeira","Est. tempo de leitura":"3 minutos"},"schema":{"@context":"https:\/\/schema.org","@graph":[{"@type":"NewsArticle","@id":"https:\/\/www.gaveanews.com\/index.php\/2025\/07\/16\/lateral-esta-de-saida-do-flamengo-apos-o-clube-aceitar-proposta\/#article","isPartOf":{"@id":"https:\/\/www.gaveanews.com\/index.php\/2025\/07\/16\/lateral-esta-de-saida-do-flamengo-apos-o-clube-aceitar-proposta\/"},"author":{"name":"Rafaela Ladeira","@id":"https:\/\/www.gaveanews.com\/#\/schema\/person\/0eb3e3fe1754f0205218538adbe8f5ed"},"headline":"Lateral est\u00e1 de sa\u00edda do Flamengo ap\u00f3s o clube aceitar proposta","datePublished":"2025-07-16T19:00:00+00:00","mainEntityOfPage":{"@id":"https:\/\/www.gaveanews.com\/index.php\/2025\/07\/16\/lateral-esta-de-saida-do-flamengo-apos-o-clube-aceitar-proposta\/"},"wordCount":391,"commentCount":0,"image":{"@id":"https:\/\/www.gaveanews.com\/index.php\/2025\/07\/16\/lateral-esta-de-saida-do-flamengo-apos-o-clube-aceitar-proposta\/#primaryimage"},"thumbnailUrl":"https:\/\/www.gaveanews.com\/wp-content\/uploads\/escudoDoFlamengo.webp","articleSection":["Flamengo"],"inLanguage":"pt-BR","potentialAction":[{"@type":"CommentAction","name":"Comment","target":["https:\/\/www.gaveanews.com\/index.php\/2025\/07\/16\/lateral-esta-de-saida-do-flamengo-apos-o-clube-aceitar-proposta\/#respond"]}],"copyrightYear":"2025","copyrightHolder":{"@id":"https:\/\/www.gaveanews.com\/#organization"}},{"@type":"WebPage","@id":"https:\/\/www.gaveanews.com\/index.php\/2025\/07\/16\/lateral-esta-de-saida-do-flamengo-apos-o-clube-aceitar-proposta\/","url":"https:\/\/www.gaveanews.com\/index.php\/2025\/07\/16\/lateral-esta-de-saida-do-flamengo-apos-o-clube-aceitar-proposta\/","name":"Lateral est\u00e1 de sa\u00edda do Flamengo ap\u00f3s o clube aceitar proposta","isPartOf":{"@id":"https:\/\/www.gaveanews.com\/#website"},"primaryImageOfPage":{"@id":"https:\/\/www.gaveanews.com\/index.php\/2025\/07\/16\/lateral-esta-de-saida-do-flamengo-apos-o-clube-aceitar-proposta\/#primaryimage"},"image":{"@id":"https:\/\/www.gaveanews.com\/index.php\/2025\/07\/16\/lateral-esta-de-saida-do-flamengo-apos-o-clube-aceitar-proposta\/#primaryimage"},"thumbnailUrl":"https:\/\/www.gaveanews.com\/wp-content\/uploads\/escudoDoFlamengo.webp","datePublished":"2025-07-16T19:00:00+00:00","author":{"@id":"https:\/\/www.gaveanews.com\/#\/schema\/person\/0eb3e3fe1754f0205218538adbe8f5ed"},"breadcrumb":{"@id":"https:\/\/www.gaveanews.com\/index.php\/2025\/07\/16\/lateral-esta-de-saida-do-flamengo-apos-o-clube-aceitar-proposta\/#breadcrumb"},"inLanguage":"pt-BR","potentialAction":[{"@type":"ReadAction","target":["https:\/\/www.gaveanews.com\/index.php\/2025\/07\/16\/lateral-esta-de-saida-do-flamengo-apos-o-clube-aceitar-proposta\/"]}]},{"@type":"ImageObject","inLanguage":"pt-BR","@id":"https:\/\/www.gaveanews.com\/index.php\/2025\/07\/16\/lateral-esta-de-saida-do-flamengo-apos-o-clube-aceitar-proposta\/#primaryimage","url":"https:\/\/www.gaveanews.com\/wp-content\/uploads\/escudoDoFlamengo.webp","contentUrl":"https:\/\/www.gaveanews.com\/wp-content\/uploads\/escudoDoFlamengo.webp","width":1095,"height":730,"caption":"Centro de treinamento do Flamengo (Foto: Reprodu\u00e7\u00e3o)"},{"@type":"BreadcrumbList","@id":"https:\/\/www.gaveanews.com\/index.php\/2025\/07\/16\/lateral-esta-de-saida-do-flamengo-apos-o-clube-aceitar-proposta\/#breadcrumb","itemListElement":[{"@type":"ListItem","position":1,"name":"Home","item":"https:\/\/www.gaveanews.com\/"},{"@type":"ListItem","position":2,"name":"Lateral est\u00e1 de sa\u00edda do Flamengo ap\u00f3s o clube aceitar proposta"}]},{"@type":"WebSite","@id":"https:\/\/www.gaveanews.com\/#website","url":"https:\/\/www.gaveanews.com\/","name":"G\u00e1vea News","description":"Veja todas as not\u00edcias sobre o Flamengo: Contrata\u00e7\u00f5es, categorias de base, resultados das partidas, tabela de classifica\u00e7\u00e3o, pr\u00f3ximos jogos!","potentialAction":[{"@type":"SearchAction","target":{"@type":"EntryPoint","urlTemplate":"https:\/\/www.gaveanews.com\/?s={search_term_string}"},"query-input":{"@type":"PropertyValueSpecification","valueRequired":true,"valueName":"search_term_string"}}],"inLanguage":"pt-BR"},{"@type":"Person","@id":"https:\/\/www.gaveanews.com\/#\/schema\/person\/0eb3e3fe1754f0205218538adbe8f5ed","name":"Rafaela Ladeira","image":{"@type":"ImageObject","inLanguage":"pt-BR","@id":"https:\/\/www.gaveanews.com\/#\/schema\/person\/image\/","url":"https:\/\/secure.gravatar.com\/avatar\/c31f513acffd85eacab5730cbdfdbbf59f21ba5aeada8cd890acea879fbb2455?s=96&d=mm&r=g","contentUrl":"https:\/\/secure.gravatar.com\/avatar\/c31f513acffd85eacab5730cbdfdbbf59f21ba5aeada8cd890acea879fbb2455?s=96&d=mm&r=g","caption":"Rafaela Ladeira"}}]}},"_links":{"self":[{"href":"https:\/\/www.gaveanews.com\/index.php\/wp-json\/wp\/v2\/posts\/272625","targetHints":{"allow":["GET"]}}],"collection":[{"href":"https:\/\/www.gaveanews.com\/index.php\/wp-json\/wp\/v2\/posts"}],"about":[{"href":"https:\/\/www.gaveanews.com\/index.php\/wp-json\/wp\/v2\/types\/post"}],"author":[{"embeddable":true,"href":"https:\/\/www.gaveanews.com\/index.php\/wp-json\/wp\/v2\/users\/25"}],"replies":[{"embeddable":true,"href":"https:\/\/www.gaveanews.com\/index.php\/wp-json\/wp\/v2\/comments?post=272625"}],"version-history":[{"count":1,"href":"https:\/\/www.gaveanews.com\/index.php\/wp-json\/wp\/v2\/posts\/272625\/revisions"}],"predecessor-version":[{"id":272626,"href":"https:\/\/www.gaveanews.com\/index.php\/wp-json\/wp\/v2\/posts\/272625\/revisions\/272626"}],"wp:featuredmedia":[{"embeddable":true,"href":"https:\/\/www.gaveanews.com\/index.php\/wp-json\/wp\/v2\/media\/124684"}],"wp:attachment":[{"href":"https:\/\/www.gaveanews.com\/index.php\/wp-json\/wp\/v2\/media?parent=272625"}],"wp:term":[{"taxonomy":"category","embeddable":true,"href":"https:\/\/www.gaveanews.com\/index.php\/wp-json\/wp\/v2\/categories?post=272625"},{"taxonomy":"post_tag","embeddable":true,"href":"https:\/\/www.gaveanews.com\/index.php\/wp-json\/wp\/v2\/tags?post=272625"}],"curies":[{"name":"wp","href":"https:\/\/api.w.org\/{rel}","templated":true}]}}