{"id":272628,"date":"2025-07-16T17:43:34","date_gmt":"2025-07-16T20:43:34","guid":{"rendered":"https:\/\/www.gaveanews.com\/?p=272628"},"modified":"2025-07-16T17:43:37","modified_gmt":"2025-07-16T20:43:37","slug":"flamengo-faz-publicacao-destinada-ao-bayer-nas-redes-sociais","status":"publish","type":"post","link":"https:\/\/www.gaveanews.com\/index.php\/2025\/07\/16\/flamengo-faz-publicacao-destinada-ao-bayer-nas-redes-sociais\/","title":{"rendered":"Flamengo faz publica\u00e7\u00e3o destinada ao Bayer nas redes sociais"},"content":{"rendered":"\n<p>No primeiro dia de treinamentos da pr\u00e9-temporada no Brasil, o Bayer Leverkusen foi recepcionado de forma especial pelo Flamengo. A mensagem publicada pelo perfil oficial do clube carioca em ingl\u00eas dizia: <em>\u201cWelcome our home\u201d<\/em>, em alus\u00e3o ao acolhimento oferecido \u00e0 equipe alem\u00e3 nas depend\u00eancias do Ninho do Urubu. <\/p>\n\n\n\n<p>A publica\u00e7\u00e3o, feita na ter\u00e7a-feira (15), n\u00e3o passou despercebida por torcedores e refor\u00e7ou o tom simb\u00f3lico do interc\u00e2mbio promovido entre as duas institui\u00e7\u00f5es.<\/p>\n\n\n\n<figure class=\"wp-block-embed is-type-rich is-provider-twitter wp-block-embed-twitter\"><div class=\"wp-block-embed__wrapper\">\n<blockquote class=\"twitter-tweet\" data-width=\"550\" data-dnt=\"true\"><p lang=\"en\" dir=\"ltr\">Welcome to our home \u2764\ufe0f\ud83d\udda4 <a href=\"https:\/\/t.co\/6QO2XO8Rah\">https:\/\/t.co\/6QO2XO8Rah<\/a><\/p>&mdash; Flamengo (@Flamengo_en) <a href=\"https:\/\/twitter.com\/Flamengo_en\/status\/1945496103459107167?ref_src=twsrc%5Etfw\">July 16, 2025<\/a><\/blockquote><script async src=\"https:\/\/platform.twitter.com\/widgets.js\" charset=\"utf-8\"><\/script>\n<\/div><\/figure>\n\n\n\n<h3 class=\"wp-block-heading\" id=\"h-estadia-no-rio-de-janeiro-inclui-amistoso-treinos-e-acoes-culturais\">Estadia no Rio de Janeiro inclui amistoso, treinos e a\u00e7\u00f5es culturais<\/h3>\n\n\n\n<p>A delega\u00e7\u00e3o do Leverkusen desembarcou na capital fluminense na madrugada de ter\u00e7a-feira (15), iniciando oficialmente os dez dias de atividades no Brasil. A equipe est\u00e1 hospedada no Rio at\u00e9 quarta-feira (23) e utilizar\u00e1 as instala\u00e7\u00f5es do centro de treinamento rubro-negro durante todo o per\u00edodo. <\/p>\n\n\n\n<p>A prepara\u00e7\u00e3o inclui treinos em dois turnos, compromissos institucionais, visitas a pontos tur\u00edsticos e um amistoso internacional com a equipe sub-20 do Flamengo, que acontecer\u00e1 na sexta-feira (18), \u00e0s 14h30 (hor\u00e1rio de Bras\u00edlia), na G\u00e1vea. O confronto ser\u00e1 transmitido pela Flamengo TV, sem comercializa\u00e7\u00e3o de ingressos.<\/p>\n\n\n\n<p>Al\u00e9m dos treinos, os jogadores ir\u00e3o visitar o Cristo Redentor, o P\u00e3o de A\u00e7\u00facar e uma quadra de escola de samba. No domingo (20), a delega\u00e7\u00e3o estar\u00e1 presente no Maracan\u00e3 para acompanhar o cl\u00e1ssico entre Flamengo e Fluminense, v\u00e1lido pelo Campeonato Brasileiro.<\/p>\n\n\n\n<h3 class=\"wp-block-heading\" id=\"h-escolha-estrategica-e-lacos-historicos-com-o-brasil\">Escolha estrat\u00e9gica e la\u00e7os hist\u00f3ricos com o Brasil<\/h3>\n\n\n\n<p>O presidente-executivo do clube alem\u00e3o, Fernando Carro, afirmou que a decis\u00e3o de realizar a pr\u00e9-temporada no Brasil teve motiva\u00e7\u00f5es que ultrapassam o planejamento esportivo. <\/p>\n\n\n\n<p>O dirigente destacou o valor do pa\u00eds como mercado priorit\u00e1rio e a longa rela\u00e7\u00e3o entre o futebol brasileiro e o Leverkusen. &#8220;Se queremos ampliar nossa base global de torcedores, precisamos estar presentes onde o futebol \u00e9 parte da cultura. E o Brasil \u00e9 esse lugar&#8221;.<\/p>\n\n\n\n<p>Segundo Carro, a escolha do Flamengo foi estrat\u00e9gica. \u201cO Flamengo \u00e9 uma das grandes pot\u00eancias tradicionais do futebol brasileiro, e iniciamos um di\u00e1logo com eles que envolveu o uso do centro de treinamento e a realiza\u00e7\u00e3o de um amistoso no Est\u00e1dio da G\u00e1vea. O fato de eles terem uma vis\u00e3o global semelhante \u00e0 nossa tamb\u00e9m ajuda, al\u00e9m de que nossas cores tamb\u00e9m se complementam\u201d.<\/p>\n\n\n\n<h3 class=\"wp-block-heading\" id=\"h-historico-de-atletas-brasileiros-e-nova-geracao-na-alemanha\">Hist\u00f3rico de atletas brasileiros e nova gera\u00e7\u00e3o na Alemanha<\/h3>\n\n\n\n<p>Desde a d\u00e9cada de 1980, mais de 20 jogadores brasileiros defenderam o time de Leverkusen. Nomes como Emerson, Z\u00e9 Roberto, L\u00facio, Paulo S\u00e9rgio, Tita, Juan e Renato Augusto passaram pelo clube, alguns revelados pelas categorias de base do pr\u00f3prio Flamengo. <\/p>\n\n\n\n<p>No elenco atual, o lateral Arthur \u00e9 o \u00fanico brasileiro presente na excurs\u00e3o, ap\u00f3s conquistar o t\u00edtulo da Bundesliga e da Copa da Alemanha na \u00faltima temporada.<\/p>\n\n\n\n<p>O t\u00e9cnico Erik ten Hag, que assumiu recentemente o comando da equipe ap\u00f3s a sa\u00edda de Xabi Alonso, descreveu a prepara\u00e7\u00e3o no Rio como uma etapa fundamental no in\u00edcio do trabalho \u00e0 frente do grupo. O amistoso contra o time rubro-negro sub-20 marcar\u00e1 a primeira partida do holand\u00eas no cargo.<\/p>\n\n\n\n<h3 class=\"wp-block-heading\" id=\"h-intercambio-institucional-e-eventos-paralelos-fortalecem-relacao\">Interc\u00e2mbio institucional e eventos paralelos fortalecem rela\u00e7\u00e3o<\/h3>\n\n\n\n<p>Durante a perman\u00eancia na cidade, o Leverkusen tamb\u00e9m realizar\u00e1 a\u00e7\u00f5es com a Bayer AG Brasil, empresa-m\u00e3e do clube, al\u00e9m de eventos voltados \u00e0 m\u00eddia internacional e ao p\u00fablico brasileiro. <\/p>\n\n\n\n<p>A &#8220;Black &amp; Red Night&#8221;, promovida ap\u00f3s o amistoso, simboliza esse movimento de aproxima\u00e7\u00e3o. Ali\u00e1s, a iniciativa refor\u00e7a a presen\u00e7a institucional do time europeu no pa\u00eds, que j\u00e1 conta com uma academia oficial em S\u00e3o Paulo voltada a jovens entre 5 e 15 anos.<\/p>\n\n\n\n<p>Os compromissos no Brasil se encerram com o retorno da delega\u00e7\u00e3o \u00e0 Alemanha, previsto para quinta-feira (24). Em solo europeu, o time enfrentar\u00e1 o Bochum no domingo (27), \u00e0s 13h (hor\u00e1rio de Bras\u00edlia), e depois encara o Fortuna Sittard, da Holanda, na sexta-feira (1\u00ba de agosto), \u00e0s 14h. A abertura oficial da temporada ser\u00e1 no dia 5, em amistoso ainda sem advers\u00e1rio confirmado.<\/p>\n","protected":false},"excerpt":{"rendered":"<p>No primeiro dia de treinamentos da pr\u00e9-temporada no Brasil, o Bayer Leverkusen foi recepcionado de forma especial pelo Flamengo. A mensagem publicada pelo perfil oficial do clube carioca em ingl\u00eas dizia: \u201cWelcome our home\u201d, em alus\u00e3o ao acolhimento oferecido \u00e0 equipe alem\u00e3 nas depend\u00eancias do Ninho do Urubu. A publica\u00e7\u00e3o, feita na ter\u00e7a-feira (15), n\u00e3o [&hellip;]<\/p>\n","protected":false},"author":30,"featured_media":101250,"comment_status":"open","ping_status":"closed","sticky":false,"template":"","format":"standard","meta":{"footnotes":""},"categories":[95,1,148],"tags":[],"class_list":["post-272628","post","type-post","status-publish","format-standard","has-post-thumbnail","hentry","category-bundesliga","category-flamengo","category-internacional"],"yoast_head":"<!-- This site is optimized with the Yoast SEO Premium plugin v24.2 (Yoast SEO v26.9) - https:\/\/yoast.com\/product\/yoast-seo-premium-wordpress\/ -->\n<title>Flamengo faz publica\u00e7\u00e3o destinada ao Bayer nas redes sociais<\/title>\n<meta name=\"robots\" content=\"index, follow, max-snippet:-1, max-image-preview:large, max-video-preview:-1\" \/>\n<link rel=\"canonical\" href=\"https:\/\/www.gaveanews.com\/index.php\/2025\/07\/16\/flamengo-faz-publicacao-destinada-ao-bayer-nas-redes-sociais\/\" \/>\n<meta property=\"og:locale\" content=\"pt_BR\" \/>\n<meta property=\"og:type\" content=\"article\" \/>\n<meta property=\"og:title\" content=\"Flamengo faz publica\u00e7\u00e3o destinada ao Bayer nas redes sociais\" \/>\n<meta property=\"og:description\" content=\"No primeiro dia de treinamentos da pr\u00e9-temporada no Brasil, o Bayer Leverkusen foi recepcionado de forma especial pelo Flamengo. A mensagem publicada pelo perfil oficial do clube carioca em ingl\u00eas dizia: \u201cWelcome our home\u201d, em alus\u00e3o ao acolhimento oferecido \u00e0 equipe alem\u00e3 nas depend\u00eancias do Ninho do Urubu. A publica\u00e7\u00e3o, feita na ter\u00e7a-feira (15), n\u00e3o [&hellip;]\" \/>\n<meta property=\"og:url\" content=\"https:\/\/www.gaveanews.com\/index.php\/2025\/07\/16\/flamengo-faz-publicacao-destinada-ao-bayer-nas-redes-sociais\/\" \/>\n<meta property=\"og:site_name\" content=\"G\u00e1vea News\" \/>\n<meta property=\"article:publisher\" content=\"https:\/\/facebook.com\/gaveaNews\/\" \/>\n<meta property=\"article:published_time\" content=\"2025-07-16T20:43:34+00:00\" \/>\n<meta property=\"article:modified_time\" content=\"2025-07-16T20:43:37+00:00\" \/>\n<meta property=\"og:image\" content=\"http:\/\/www.gaveanews.com\/wp-content\/uploads\/Maracanao-escudo-Flamengo.webp\" \/>\n\t<meta property=\"og:image:width\" content=\"640\" \/>\n\t<meta property=\"og:image:height\" content=\"427\" \/>\n\t<meta property=\"og:image:type\" content=\"image\/jpeg\" \/>\n<meta name=\"author\" content=\"Ana Teixeira\" \/>\n<meta name=\"twitter:card\" content=\"summary_large_image\" \/>\n<meta name=\"twitter:label1\" content=\"Escrito por\" \/>\n\t<meta name=\"twitter:data1\" content=\"Ana Teixeira\" \/>\n\t<meta name=\"twitter:label2\" content=\"Est. tempo de leitura\" \/>\n\t<meta name=\"twitter:data2\" content=\"4 minutos\" \/>\n<script type=\"application\/ld+json\" class=\"yoast-schema-graph\">{\"@context\":\"https:\/\/schema.org\",\"@graph\":[{\"@type\":\"NewsArticle\",\"@id\":\"https:\/\/www.gaveanews.com\/index.php\/2025\/07\/16\/flamengo-faz-publicacao-destinada-ao-bayer-nas-redes-sociais\/#article\",\"isPartOf\":{\"@id\":\"https:\/\/www.gaveanews.com\/index.php\/2025\/07\/16\/flamengo-faz-publicacao-destinada-ao-bayer-nas-redes-sociais\/\"},\"author\":{\"name\":\"Ana Teixeira\",\"@id\":\"https:\/\/www.gaveanews.com\/#\/schema\/person\/3b19f7288b0ce20372991275e4f2e6c2\"},\"headline\":\"Flamengo faz publica\u00e7\u00e3o destinada ao Bayer nas redes sociais\",\"datePublished\":\"2025-07-16T20:43:34+00:00\",\"dateModified\":\"2025-07-16T20:43:37+00:00\",\"mainEntityOfPage\":{\"@id\":\"https:\/\/www.gaveanews.com\/index.php\/2025\/07\/16\/flamengo-faz-publicacao-destinada-ao-bayer-nas-redes-sociais\/\"},\"wordCount\":702,\"commentCount\":0,\"image\":{\"@id\":\"https:\/\/www.gaveanews.com\/index.php\/2025\/07\/16\/flamengo-faz-publicacao-destinada-ao-bayer-nas-redes-sociais\/#primaryimage\"},\"thumbnailUrl\":\"https:\/\/www.gaveanews.com\/wp-content\/uploads\/Maracanao-escudo-Flamengo.webp\",\"articleSection\":[\"Bundesliga\",\"Flamengo\",\"Internacional\"],\"inLanguage\":\"pt-BR\",\"potentialAction\":[{\"@type\":\"CommentAction\",\"name\":\"Comment\",\"target\":[\"https:\/\/www.gaveanews.com\/index.php\/2025\/07\/16\/flamengo-faz-publicacao-destinada-ao-bayer-nas-redes-sociais\/#respond\"]}],\"copyrightYear\":\"2025\",\"copyrightHolder\":{\"@id\":\"https:\/\/www.gaveanews.com\/#organization\"}},{\"@type\":\"WebPage\",\"@id\":\"https:\/\/www.gaveanews.com\/index.php\/2025\/07\/16\/flamengo-faz-publicacao-destinada-ao-bayer-nas-redes-sociais\/\",\"url\":\"https:\/\/www.gaveanews.com\/index.php\/2025\/07\/16\/flamengo-faz-publicacao-destinada-ao-bayer-nas-redes-sociais\/\",\"name\":\"Flamengo faz publica\u00e7\u00e3o destinada ao Bayer nas redes sociais\",\"isPartOf\":{\"@id\":\"https:\/\/www.gaveanews.com\/#website\"},\"primaryImageOfPage\":{\"@id\":\"https:\/\/www.gaveanews.com\/index.php\/2025\/07\/16\/flamengo-faz-publicacao-destinada-ao-bayer-nas-redes-sociais\/#primaryimage\"},\"image\":{\"@id\":\"https:\/\/www.gaveanews.com\/index.php\/2025\/07\/16\/flamengo-faz-publicacao-destinada-ao-bayer-nas-redes-sociais\/#primaryimage\"},\"thumbnailUrl\":\"https:\/\/www.gaveanews.com\/wp-content\/uploads\/Maracanao-escudo-Flamengo.webp\",\"datePublished\":\"2025-07-16T20:43:34+00:00\",\"dateModified\":\"2025-07-16T20:43:37+00:00\",\"author\":{\"@id\":\"https:\/\/www.gaveanews.com\/#\/schema\/person\/3b19f7288b0ce20372991275e4f2e6c2\"},\"breadcrumb\":{\"@id\":\"https:\/\/www.gaveanews.com\/index.php\/2025\/07\/16\/flamengo-faz-publicacao-destinada-ao-bayer-nas-redes-sociais\/#breadcrumb\"},\"inLanguage\":\"pt-BR\",\"potentialAction\":[{\"@type\":\"ReadAction\",\"target\":[\"https:\/\/www.gaveanews.com\/index.php\/2025\/07\/16\/flamengo-faz-publicacao-destinada-ao-bayer-nas-redes-sociais\/\"]}]},{\"@type\":\"ImageObject\",\"inLanguage\":\"pt-BR\",\"@id\":\"https:\/\/www.gaveanews.com\/index.php\/2025\/07\/16\/flamengo-faz-publicacao-destinada-ao-bayer-nas-redes-sociais\/#primaryimage\",\"url\":\"https:\/\/www.gaveanews.com\/wp-content\/uploads\/Maracanao-escudo-Flamengo.webp\",\"contentUrl\":\"https:\/\/www.gaveanews.com\/wp-content\/uploads\/Maracanao-escudo-Flamengo.webp\",\"width\":640,\"height\":427,\"caption\":\"Escudo do Flamengo no gramado do Maracan\u00e3 (Foto: Reprodu\u00e7\u00e3o)\"},{\"@type\":\"BreadcrumbList\",\"@id\":\"https:\/\/www.gaveanews.com\/index.php\/2025\/07\/16\/flamengo-faz-publicacao-destinada-ao-bayer-nas-redes-sociais\/#breadcrumb\",\"itemListElement\":[{\"@type\":\"ListItem\",\"position\":1,\"name\":\"Home\",\"item\":\"https:\/\/www.gaveanews.com\/\"},{\"@type\":\"ListItem\",\"position\":2,\"name\":\"Flamengo faz publica\u00e7\u00e3o destinada ao Bayer nas redes sociais\"}]},{\"@type\":\"WebSite\",\"@id\":\"https:\/\/www.gaveanews.com\/#website\",\"url\":\"https:\/\/www.gaveanews.com\/\",\"name\":\"G\u00e1vea News\",\"description\":\"Veja todas as not\u00edcias sobre o Flamengo: Contrata\u00e7\u00f5es, categorias de base, resultados das partidas, tabela de classifica\u00e7\u00e3o, pr\u00f3ximos jogos!\",\"potentialAction\":[{\"@type\":\"SearchAction\",\"target\":{\"@type\":\"EntryPoint\",\"urlTemplate\":\"https:\/\/www.gaveanews.com\/?s={search_term_string}\"},\"query-input\":{\"@type\":\"PropertyValueSpecification\",\"valueRequired\":true,\"valueName\":\"search_term_string\"}}],\"inLanguage\":\"pt-BR\"},{\"@type\":\"Person\",\"@id\":\"https:\/\/www.gaveanews.com\/#\/schema\/person\/3b19f7288b0ce20372991275e4f2e6c2\",\"name\":\"Ana Teixeira\",\"image\":{\"@type\":\"ImageObject\",\"inLanguage\":\"pt-BR\",\"@id\":\"https:\/\/www.gaveanews.com\/#\/schema\/person\/image\/\",\"url\":\"https:\/\/secure.gravatar.com\/avatar\/0a73f5a5258f3fed37fc2fa641892f3f7a4748456d4d4792f9bc550e6c19e06c?s=96&d=mm&r=g\",\"contentUrl\":\"https:\/\/secure.gravatar.com\/avatar\/0a73f5a5258f3fed37fc2fa641892f3f7a4748456d4d4792f9bc550e6c19e06c?s=96&d=mm&r=g\",\"caption\":\"Ana Teixeira\"}}]}<\/script>\n<!-- \/ Yoast SEO Premium plugin. -->","yoast_head_json":{"title":"Flamengo faz publica\u00e7\u00e3o destinada ao Bayer nas redes sociais","robots":{"index":"index","follow":"follow","max-snippet":"max-snippet:-1","max-image-preview":"max-image-preview:large","max-video-preview":"max-video-preview:-1"},"canonical":"https:\/\/www.gaveanews.com\/index.php\/2025\/07\/16\/flamengo-faz-publicacao-destinada-ao-bayer-nas-redes-sociais\/","og_locale":"pt_BR","og_type":"article","og_title":"Flamengo faz publica\u00e7\u00e3o destinada ao Bayer nas redes sociais","og_description":"No primeiro dia de treinamentos da pr\u00e9-temporada no Brasil, o Bayer Leverkusen foi recepcionado de forma especial pelo Flamengo. A mensagem publicada pelo perfil oficial do clube carioca em ingl\u00eas dizia: \u201cWelcome our home\u201d, em alus\u00e3o ao acolhimento oferecido \u00e0 equipe alem\u00e3 nas depend\u00eancias do Ninho do Urubu. A publica\u00e7\u00e3o, feita na ter\u00e7a-feira (15), n\u00e3o [&hellip;]","og_url":"https:\/\/www.gaveanews.com\/index.php\/2025\/07\/16\/flamengo-faz-publicacao-destinada-ao-bayer-nas-redes-sociais\/","og_site_name":"G\u00e1vea News","article_publisher":"https:\/\/facebook.com\/gaveaNews\/","article_published_time":"2025-07-16T20:43:34+00:00","article_modified_time":"2025-07-16T20:43:37+00:00","og_image":[{"width":640,"height":427,"url":"http:\/\/www.gaveanews.com\/wp-content\/uploads\/Maracanao-escudo-Flamengo.webp","type":"image\/jpeg"}],"author":"Ana Teixeira","twitter_card":"summary_large_image","twitter_misc":{"Escrito por":"Ana Teixeira","Est. tempo de leitura":"4 minutos"},"schema":{"@context":"https:\/\/schema.org","@graph":[{"@type":"NewsArticle","@id":"https:\/\/www.gaveanews.com\/index.php\/2025\/07\/16\/flamengo-faz-publicacao-destinada-ao-bayer-nas-redes-sociais\/#article","isPartOf":{"@id":"https:\/\/www.gaveanews.com\/index.php\/2025\/07\/16\/flamengo-faz-publicacao-destinada-ao-bayer-nas-redes-sociais\/"},"author":{"name":"Ana Teixeira","@id":"https:\/\/www.gaveanews.com\/#\/schema\/person\/3b19f7288b0ce20372991275e4f2e6c2"},"headline":"Flamengo faz publica\u00e7\u00e3o destinada ao Bayer nas redes sociais","datePublished":"2025-07-16T20:43:34+00:00","dateModified":"2025-07-16T20:43:37+00:00","mainEntityOfPage":{"@id":"https:\/\/www.gaveanews.com\/index.php\/2025\/07\/16\/flamengo-faz-publicacao-destinada-ao-bayer-nas-redes-sociais\/"},"wordCount":702,"commentCount":0,"image":{"@id":"https:\/\/www.gaveanews.com\/index.php\/2025\/07\/16\/flamengo-faz-publicacao-destinada-ao-bayer-nas-redes-sociais\/#primaryimage"},"thumbnailUrl":"https:\/\/www.gaveanews.com\/wp-content\/uploads\/Maracanao-escudo-Flamengo.webp","articleSection":["Bundesliga","Flamengo","Internacional"],"inLanguage":"pt-BR","potentialAction":[{"@type":"CommentAction","name":"Comment","target":["https:\/\/www.gaveanews.com\/index.php\/2025\/07\/16\/flamengo-faz-publicacao-destinada-ao-bayer-nas-redes-sociais\/#respond"]}],"copyrightYear":"2025","copyrightHolder":{"@id":"https:\/\/www.gaveanews.com\/#organization"}},{"@type":"WebPage","@id":"https:\/\/www.gaveanews.com\/index.php\/2025\/07\/16\/flamengo-faz-publicacao-destinada-ao-bayer-nas-redes-sociais\/","url":"https:\/\/www.gaveanews.com\/index.php\/2025\/07\/16\/flamengo-faz-publicacao-destinada-ao-bayer-nas-redes-sociais\/","name":"Flamengo faz publica\u00e7\u00e3o destinada ao Bayer nas redes sociais","isPartOf":{"@id":"https:\/\/www.gaveanews.com\/#website"},"primaryImageOfPage":{"@id":"https:\/\/www.gaveanews.com\/index.php\/2025\/07\/16\/flamengo-faz-publicacao-destinada-ao-bayer-nas-redes-sociais\/#primaryimage"},"image":{"@id":"https:\/\/www.gaveanews.com\/index.php\/2025\/07\/16\/flamengo-faz-publicacao-destinada-ao-bayer-nas-redes-sociais\/#primaryimage"},"thumbnailUrl":"https:\/\/www.gaveanews.com\/wp-content\/uploads\/Maracanao-escudo-Flamengo.webp","datePublished":"2025-07-16T20:43:34+00:00","dateModified":"2025-07-16T20:43:37+00:00","author":{"@id":"https:\/\/www.gaveanews.com\/#\/schema\/person\/3b19f7288b0ce20372991275e4f2e6c2"},"breadcrumb":{"@id":"https:\/\/www.gaveanews.com\/index.php\/2025\/07\/16\/flamengo-faz-publicacao-destinada-ao-bayer-nas-redes-sociais\/#breadcrumb"},"inLanguage":"pt-BR","potentialAction":[{"@type":"ReadAction","target":["https:\/\/www.gaveanews.com\/index.php\/2025\/07\/16\/flamengo-faz-publicacao-destinada-ao-bayer-nas-redes-sociais\/"]}]},{"@type":"ImageObject","inLanguage":"pt-BR","@id":"https:\/\/www.gaveanews.com\/index.php\/2025\/07\/16\/flamengo-faz-publicacao-destinada-ao-bayer-nas-redes-sociais\/#primaryimage","url":"https:\/\/www.gaveanews.com\/wp-content\/uploads\/Maracanao-escudo-Flamengo.webp","contentUrl":"https:\/\/www.gaveanews.com\/wp-content\/uploads\/Maracanao-escudo-Flamengo.webp","width":640,"height":427,"caption":"Escudo do Flamengo no gramado do Maracan\u00e3 (Foto: Reprodu\u00e7\u00e3o)"},{"@type":"BreadcrumbList","@id":"https:\/\/www.gaveanews.com\/index.php\/2025\/07\/16\/flamengo-faz-publicacao-destinada-ao-bayer-nas-redes-sociais\/#breadcrumb","itemListElement":[{"@type":"ListItem","position":1,"name":"Home","item":"https:\/\/www.gaveanews.com\/"},{"@type":"ListItem","position":2,"name":"Flamengo faz publica\u00e7\u00e3o destinada ao Bayer nas redes sociais"}]},{"@type":"WebSite","@id":"https:\/\/www.gaveanews.com\/#website","url":"https:\/\/www.gaveanews.com\/","name":"G\u00e1vea News","description":"Veja todas as not\u00edcias sobre o Flamengo: Contrata\u00e7\u00f5es, categorias de base, resultados das partidas, tabela de classifica\u00e7\u00e3o, pr\u00f3ximos jogos!","potentialAction":[{"@type":"SearchAction","target":{"@type":"EntryPoint","urlTemplate":"https:\/\/www.gaveanews.com\/?s={search_term_string}"},"query-input":{"@type":"PropertyValueSpecification","valueRequired":true,"valueName":"search_term_string"}}],"inLanguage":"pt-BR"},{"@type":"Person","@id":"https:\/\/www.gaveanews.com\/#\/schema\/person\/3b19f7288b0ce20372991275e4f2e6c2","name":"Ana Teixeira","image":{"@type":"ImageObject","inLanguage":"pt-BR","@id":"https:\/\/www.gaveanews.com\/#\/schema\/person\/image\/","url":"https:\/\/secure.gravatar.com\/avatar\/0a73f5a5258f3fed37fc2fa641892f3f7a4748456d4d4792f9bc550e6c19e06c?s=96&d=mm&r=g","contentUrl":"https:\/\/secure.gravatar.com\/avatar\/0a73f5a5258f3fed37fc2fa641892f3f7a4748456d4d4792f9bc550e6c19e06c?s=96&d=mm&r=g","caption":"Ana Teixeira"}}]}},"_links":{"self":[{"href":"https:\/\/www.gaveanews.com\/index.php\/wp-json\/wp\/v2\/posts\/272628","targetHints":{"allow":["GET"]}}],"collection":[{"href":"https:\/\/www.gaveanews.com\/index.php\/wp-json\/wp\/v2\/posts"}],"about":[{"href":"https:\/\/www.gaveanews.com\/index.php\/wp-json\/wp\/v2\/types\/post"}],"author":[{"embeddable":true,"href":"https:\/\/www.gaveanews.com\/index.php\/wp-json\/wp\/v2\/users\/30"}],"replies":[{"embeddable":true,"href":"https:\/\/www.gaveanews.com\/index.php\/wp-json\/wp\/v2\/comments?post=272628"}],"version-history":[{"count":1,"href":"https:\/\/www.gaveanews.com\/index.php\/wp-json\/wp\/v2\/posts\/272628\/revisions"}],"predecessor-version":[{"id":272629,"href":"https:\/\/www.gaveanews.com\/index.php\/wp-json\/wp\/v2\/posts\/272628\/revisions\/272629"}],"wp:featuredmedia":[{"embeddable":true,"href":"https:\/\/www.gaveanews.com\/index.php\/wp-json\/wp\/v2\/media\/101250"}],"wp:attachment":[{"href":"https:\/\/www.gaveanews.com\/index.php\/wp-json\/wp\/v2\/media?parent=272628"}],"wp:term":[{"taxonomy":"category","embeddable":true,"href":"https:\/\/www.gaveanews.com\/index.php\/wp-json\/wp\/v2\/categories?post=272628"},{"taxonomy":"post_tag","embeddable":true,"href":"https:\/\/www.gaveanews.com\/index.php\/wp-json\/wp\/v2\/tags?post=272628"}],"curies":[{"name":"wp","href":"https:\/\/api.w.org\/{rel}","templated":true}]}}