{"id":272630,"date":"2025-07-16T17:43:26","date_gmt":"2025-07-16T20:43:26","guid":{"rendered":"https:\/\/www.gaveanews.com\/?p=272630"},"modified":"2025-07-16T17:43:30","modified_gmt":"2025-07-16T20:43:30","slug":"empresario-mira-saida-de-arrascaeta-do-flamengo","status":"publish","type":"post","link":"https:\/\/www.gaveanews.com\/index.php\/2025\/07\/16\/empresario-mira-saida-de-arrascaeta-do-flamengo\/","title":{"rendered":"Empres\u00e1rio mira sa\u00edda de Arrascaeta do Flamengo"},"content":{"rendered":"\n<p>A aus\u00eancia de avan\u00e7os nas negocia\u00e7\u00f5es para renova\u00e7\u00e3o contratual de Arrascaeta provocou rea\u00e7\u00f5es diretas do empres\u00e1rio do atleta. Incomodado com a estagna\u00e7\u00e3o do processo, Daniel Fonseca intensificou contatos com representantes de clubes da Ar\u00e1bia Saudita e passou a articular, de forma concreta, a possibilidade de transfer\u00eancia ainda antes do t\u00e9rmino do v\u00ednculo atual, que se encerra em dezembro de 2026.<\/p>\n\n\n\n<p>A movimenta\u00e7\u00e3o tem como pano de fundo a percep\u00e7\u00e3o do estafe de que o camisa 10 n\u00e3o tem recebido tratamento proporcional \u00e0 sua relev\u00e2ncia t\u00e9cnica. A demora da diretoria em apresentar uma contraproposta efetiva gerou desconforto, resultando em conversas com dirigentes de equipes sauditas. <\/p>\n\n\n\n<p>A inten\u00e7\u00e3o do agente, conforme revelou o <em>Bolavip<\/em>, \u00e9 for\u00e7ar uma defini\u00e7\u00e3o no curto prazo, seja com avan\u00e7o das tratativas ou com a formaliza\u00e7\u00e3o de uma sa\u00edda antecipada.<\/p>\n\n\n\n<h2 class=\"wp-block-heading\" id=\"h-proposta-recusada-e-ausencia-de-nova-sinalizacao-ampliam-incertezas\">Proposta recusada e aus\u00eancia de nova sinaliza\u00e7\u00e3o ampliam incertezas<\/h2>\n\n\n\n<p>Desde o in\u00edcio do ano, Arrascaeta e seu representante mantinham conversas com Jos\u00e9 Boto, diretor de futebol, com o intuito de estender o compromisso at\u00e9 o fim de 2028. A proposta apresentada previa valoriza\u00e7\u00e3o salarial e flexibilidade na dura\u00e7\u00e3o do novo acordo. <\/p>\n\n\n\n<p>Contudo, segundo o <em>ge.globo<\/em>, o retorno por parte da c\u00fapula foi negativo, sem qualquer indica\u00e7\u00e3o de retomada futura das tratativas.<\/p>\n\n\n\n<p>Apesar do interesse declarado pelo atleta em permanecer no clube, a resposta por parte da diretoria surpreendeu o jogador. O clube chegou a estudar uma extens\u00e3o at\u00e9 2027, com ajuste financeiro, mas optou por postergar o tema. O recado interno foi de que o assunto ser\u00e1 reavaliado em momento oportuno.<\/p>\n\n\n\n<h2 class=\"wp-block-heading\" id=\"h-diretoria-estabelece-outras-prioridades-no-planejamento-imediato\"><strong>Diretoria estabelece outras prioridades no planejamento imediato<\/strong><\/h2>\n\n\n\n<p>No cen\u00e1rio atual, a dire\u00e7\u00e3o do Flamengo definiu outros nomes como mais urgentes no cronograma de renova\u00e7\u00f5es. Guillermo Varela, por exemplo, encontra-se em situa\u00e7\u00e3o contratual sens\u00edvel e pode assinar pr\u00e9-acordo com qualquer equipe. <\/p>\n\n\n\n<p>Al\u00e9m dele, Pedro e Agust\u00edn Rossi tamb\u00e9m est\u00e3o no topo da lista de prioridades do departamento de futebol, conforme apura\u00e7\u00e3o de Cah\u00ea Mota e Let\u00edcia Marques.<\/p>\n\n\n\n<p>A avalia\u00e7\u00e3o interna \u00e9 de que, mesmo sendo uma pe\u00e7a t\u00e9cnica relevante, o meio-campista uruguaio ter\u00e1 seu caso analisado de forma secund\u00e1ria. Dirigentes compreendem que o tempo de contrato restante permite postergar qualquer defini\u00e7\u00e3o por mais algumas janelas.<\/p>\n\n\n\n<h2 class=\"wp-block-heading\" id=\"h-rendimento-em-campo-contrasta-com-frieza-nas-tratativas\">Rendimento em campo contrasta com frieza nas tratativas<\/h2>\n\n\n\n<p>Com atua\u00e7\u00f5es regulares, o camisa 10 acumula 14 participa\u00e7\u00f5es diretas em gols na atual temporada: nove finaliza\u00e7\u00f5es bem-sucedidas e cinco assist\u00eancias. O desempenho consolidado n\u00e3o foi suficiente para alterar a postura do clube em rela\u00e7\u00e3o \u00e0 renova\u00e7\u00e3o. <\/p>\n\n\n\n<p>Em 2025, o uruguaio se igualou a Bruno Henrique como maior campe\u00e3o da hist\u00f3ria da equipe, somando 15 conquistas oficiais.<\/p>\n\n\n\n<p>Mesmo diante do protagonismo t\u00e9cnico, a atual gest\u00e3o rubro-negra n\u00e3o demonstra disposi\u00e7\u00e3o clara para avan\u00e7ar com o novo contrato. Nos bastidores, a sinaliza\u00e7\u00e3o \u00e9 de que, ao fim do v\u00ednculo vigente, n\u00e3o haver\u00e1 resist\u00eancia em liberar o jogador, caso n\u00e3o haja reaproxima\u00e7\u00e3o com nova dire\u00e7\u00e3o.<\/p>\n","protected":false},"excerpt":{"rendered":"<p>A aus\u00eancia de avan\u00e7os nas negocia\u00e7\u00f5es para renova\u00e7\u00e3o contratual de Arrascaeta provocou rea\u00e7\u00f5es diretas do empres\u00e1rio do atleta. Incomodado com a estagna\u00e7\u00e3o do processo, Daniel Fonseca intensificou contatos com representantes de clubes da Ar\u00e1bia Saudita e passou a articular, de forma concreta, a possibilidade de transfer\u00eancia ainda antes do t\u00e9rmino do v\u00ednculo atual, que se [&hellip;]<\/p>\n","protected":false},"author":30,"featured_media":254995,"comment_status":"open","ping_status":"closed","sticky":false,"template":"","format":"standard","meta":{"footnotes":""},"categories":[1],"tags":[],"class_list":["post-272630","post","type-post","status-publish","format-standard","has-post-thumbnail","hentry","category-flamengo"],"yoast_head":"<!-- This site is optimized with the Yoast SEO Premium plugin v24.2 (Yoast SEO v26.9) - https:\/\/yoast.com\/product\/yoast-seo-premium-wordpress\/ -->\n<title>Empres\u00e1rio mira sa\u00edda de Arrascaeta do Flamengo<\/title>\n<meta name=\"robots\" content=\"index, follow, max-snippet:-1, max-image-preview:large, max-video-preview:-1\" \/>\n<link rel=\"canonical\" href=\"https:\/\/www.gaveanews.com\/index.php\/2025\/07\/16\/empresario-mira-saida-de-arrascaeta-do-flamengo\/\" \/>\n<meta property=\"og:locale\" content=\"pt_BR\" \/>\n<meta property=\"og:type\" content=\"article\" \/>\n<meta property=\"og:title\" content=\"Empres\u00e1rio mira sa\u00edda de Arrascaeta do Flamengo\" \/>\n<meta property=\"og:description\" content=\"A aus\u00eancia de avan\u00e7os nas negocia\u00e7\u00f5es para renova\u00e7\u00e3o contratual de Arrascaeta provocou rea\u00e7\u00f5es diretas do empres\u00e1rio do atleta. Incomodado com a estagna\u00e7\u00e3o do processo, Daniel Fonseca intensificou contatos com representantes de clubes da Ar\u00e1bia Saudita e passou a articular, de forma concreta, a possibilidade de transfer\u00eancia ainda antes do t\u00e9rmino do v\u00ednculo atual, que se [&hellip;]\" \/>\n<meta property=\"og:url\" content=\"https:\/\/www.gaveanews.com\/index.php\/2025\/07\/16\/empresario-mira-saida-de-arrascaeta-do-flamengo\/\" \/>\n<meta property=\"og:site_name\" content=\"G\u00e1vea News\" \/>\n<meta property=\"article:publisher\" content=\"https:\/\/facebook.com\/gaveaNews\/\" \/>\n<meta property=\"article:published_time\" content=\"2025-07-16T20:43:26+00:00\" \/>\n<meta property=\"article:modified_time\" content=\"2025-07-16T20:43:30+00:00\" \/>\n<meta property=\"og:image\" content=\"http:\/\/www.gaveanews.com\/wp-content\/uploads\/Arrascaeta-camisa-10-do-Flamengo-em-atuacao-no-Maracana.webp\" \/>\n\t<meta property=\"og:image:width\" content=\"1200\" \/>\n\t<meta property=\"og:image:height\" content=\"800\" \/>\n\t<meta property=\"og:image:type\" content=\"image\/png\" \/>\n<meta name=\"author\" content=\"Ana Teixeira\" \/>\n<meta name=\"twitter:card\" content=\"summary_large_image\" \/>\n<meta name=\"twitter:label1\" content=\"Escrito por\" \/>\n\t<meta name=\"twitter:data1\" content=\"Ana Teixeira\" \/>\n\t<meta name=\"twitter:label2\" content=\"Est. tempo de leitura\" \/>\n\t<meta name=\"twitter:data2\" content=\"3 minutos\" \/>\n<script type=\"application\/ld+json\" class=\"yoast-schema-graph\">{\"@context\":\"https:\/\/schema.org\",\"@graph\":[{\"@type\":\"NewsArticle\",\"@id\":\"https:\/\/www.gaveanews.com\/index.php\/2025\/07\/16\/empresario-mira-saida-de-arrascaeta-do-flamengo\/#article\",\"isPartOf\":{\"@id\":\"https:\/\/www.gaveanews.com\/index.php\/2025\/07\/16\/empresario-mira-saida-de-arrascaeta-do-flamengo\/\"},\"author\":{\"name\":\"Ana Teixeira\",\"@id\":\"https:\/\/www.gaveanews.com\/#\/schema\/person\/3b19f7288b0ce20372991275e4f2e6c2\"},\"headline\":\"Empres\u00e1rio mira sa\u00edda de Arrascaeta do Flamengo\",\"datePublished\":\"2025-07-16T20:43:26+00:00\",\"dateModified\":\"2025-07-16T20:43:30+00:00\",\"mainEntityOfPage\":{\"@id\":\"https:\/\/www.gaveanews.com\/index.php\/2025\/07\/16\/empresario-mira-saida-de-arrascaeta-do-flamengo\/\"},\"wordCount\":532,\"commentCount\":0,\"image\":{\"@id\":\"https:\/\/www.gaveanews.com\/index.php\/2025\/07\/16\/empresario-mira-saida-de-arrascaeta-do-flamengo\/#primaryimage\"},\"thumbnailUrl\":\"https:\/\/www.gaveanews.com\/wp-content\/uploads\/Arrascaeta-camisa-10-do-Flamengo-em-atuacao-no-Maracana.webp\",\"articleSection\":[\"Flamengo\"],\"inLanguage\":\"pt-BR\",\"potentialAction\":[{\"@type\":\"CommentAction\",\"name\":\"Comment\",\"target\":[\"https:\/\/www.gaveanews.com\/index.php\/2025\/07\/16\/empresario-mira-saida-de-arrascaeta-do-flamengo\/#respond\"]}],\"copyrightYear\":\"2025\",\"copyrightHolder\":{\"@id\":\"https:\/\/www.gaveanews.com\/#organization\"}},{\"@type\":\"WebPage\",\"@id\":\"https:\/\/www.gaveanews.com\/index.php\/2025\/07\/16\/empresario-mira-saida-de-arrascaeta-do-flamengo\/\",\"url\":\"https:\/\/www.gaveanews.com\/index.php\/2025\/07\/16\/empresario-mira-saida-de-arrascaeta-do-flamengo\/\",\"name\":\"Empres\u00e1rio mira sa\u00edda de Arrascaeta do Flamengo\",\"isPartOf\":{\"@id\":\"https:\/\/www.gaveanews.com\/#website\"},\"primaryImageOfPage\":{\"@id\":\"https:\/\/www.gaveanews.com\/index.php\/2025\/07\/16\/empresario-mira-saida-de-arrascaeta-do-flamengo\/#primaryimage\"},\"image\":{\"@id\":\"https:\/\/www.gaveanews.com\/index.php\/2025\/07\/16\/empresario-mira-saida-de-arrascaeta-do-flamengo\/#primaryimage\"},\"thumbnailUrl\":\"https:\/\/www.gaveanews.com\/wp-content\/uploads\/Arrascaeta-camisa-10-do-Flamengo-em-atuacao-no-Maracana.webp\",\"datePublished\":\"2025-07-16T20:43:26+00:00\",\"dateModified\":\"2025-07-16T20:43:30+00:00\",\"author\":{\"@id\":\"https:\/\/www.gaveanews.com\/#\/schema\/person\/3b19f7288b0ce20372991275e4f2e6c2\"},\"breadcrumb\":{\"@id\":\"https:\/\/www.gaveanews.com\/index.php\/2025\/07\/16\/empresario-mira-saida-de-arrascaeta-do-flamengo\/#breadcrumb\"},\"inLanguage\":\"pt-BR\",\"potentialAction\":[{\"@type\":\"ReadAction\",\"target\":[\"https:\/\/www.gaveanews.com\/index.php\/2025\/07\/16\/empresario-mira-saida-de-arrascaeta-do-flamengo\/\"]}]},{\"@type\":\"ImageObject\",\"inLanguage\":\"pt-BR\",\"@id\":\"https:\/\/www.gaveanews.com\/index.php\/2025\/07\/16\/empresario-mira-saida-de-arrascaeta-do-flamengo\/#primaryimage\",\"url\":\"https:\/\/www.gaveanews.com\/wp-content\/uploads\/Arrascaeta-camisa-10-do-Flamengo-em-atuacao-no-Maracana.webp\",\"contentUrl\":\"https:\/\/www.gaveanews.com\/wp-content\/uploads\/Arrascaeta-camisa-10-do-Flamengo-em-atuacao-no-Maracana.webp\",\"width\":1200,\"height\":800,\"caption\":\"Arrascaeta, camisa 10 do Flamengo, em atua\u00e7\u00e3o no Maracan\u00e3 - Foto: Gilvan de Souza\/Flamengo\"},{\"@type\":\"BreadcrumbList\",\"@id\":\"https:\/\/www.gaveanews.com\/index.php\/2025\/07\/16\/empresario-mira-saida-de-arrascaeta-do-flamengo\/#breadcrumb\",\"itemListElement\":[{\"@type\":\"ListItem\",\"position\":1,\"name\":\"Home\",\"item\":\"https:\/\/www.gaveanews.com\/\"},{\"@type\":\"ListItem\",\"position\":2,\"name\":\"Empres\u00e1rio mira sa\u00edda de Arrascaeta do Flamengo\"}]},{\"@type\":\"WebSite\",\"@id\":\"https:\/\/www.gaveanews.com\/#website\",\"url\":\"https:\/\/www.gaveanews.com\/\",\"name\":\"G\u00e1vea News\",\"description\":\"Veja todas as not\u00edcias sobre o Flamengo: Contrata\u00e7\u00f5es, categorias de base, resultados das partidas, tabela de classifica\u00e7\u00e3o, pr\u00f3ximos jogos!\",\"potentialAction\":[{\"@type\":\"SearchAction\",\"target\":{\"@type\":\"EntryPoint\",\"urlTemplate\":\"https:\/\/www.gaveanews.com\/?s={search_term_string}\"},\"query-input\":{\"@type\":\"PropertyValueSpecification\",\"valueRequired\":true,\"valueName\":\"search_term_string\"}}],\"inLanguage\":\"pt-BR\"},{\"@type\":\"Person\",\"@id\":\"https:\/\/www.gaveanews.com\/#\/schema\/person\/3b19f7288b0ce20372991275e4f2e6c2\",\"name\":\"Ana Teixeira\",\"image\":{\"@type\":\"ImageObject\",\"inLanguage\":\"pt-BR\",\"@id\":\"https:\/\/www.gaveanews.com\/#\/schema\/person\/image\/\",\"url\":\"https:\/\/secure.gravatar.com\/avatar\/0a73f5a5258f3fed37fc2fa641892f3f7a4748456d4d4792f9bc550e6c19e06c?s=96&d=mm&r=g\",\"contentUrl\":\"https:\/\/secure.gravatar.com\/avatar\/0a73f5a5258f3fed37fc2fa641892f3f7a4748456d4d4792f9bc550e6c19e06c?s=96&d=mm&r=g\",\"caption\":\"Ana Teixeira\"}}]}<\/script>\n<!-- \/ Yoast SEO Premium plugin. -->","yoast_head_json":{"title":"Empres\u00e1rio mira sa\u00edda de Arrascaeta do Flamengo","robots":{"index":"index","follow":"follow","max-snippet":"max-snippet:-1","max-image-preview":"max-image-preview:large","max-video-preview":"max-video-preview:-1"},"canonical":"https:\/\/www.gaveanews.com\/index.php\/2025\/07\/16\/empresario-mira-saida-de-arrascaeta-do-flamengo\/","og_locale":"pt_BR","og_type":"article","og_title":"Empres\u00e1rio mira sa\u00edda de Arrascaeta do Flamengo","og_description":"A aus\u00eancia de avan\u00e7os nas negocia\u00e7\u00f5es para renova\u00e7\u00e3o contratual de Arrascaeta provocou rea\u00e7\u00f5es diretas do empres\u00e1rio do atleta. Incomodado com a estagna\u00e7\u00e3o do processo, Daniel Fonseca intensificou contatos com representantes de clubes da Ar\u00e1bia Saudita e passou a articular, de forma concreta, a possibilidade de transfer\u00eancia ainda antes do t\u00e9rmino do v\u00ednculo atual, que se [&hellip;]","og_url":"https:\/\/www.gaveanews.com\/index.php\/2025\/07\/16\/empresario-mira-saida-de-arrascaeta-do-flamengo\/","og_site_name":"G\u00e1vea News","article_publisher":"https:\/\/facebook.com\/gaveaNews\/","article_published_time":"2025-07-16T20:43:26+00:00","article_modified_time":"2025-07-16T20:43:30+00:00","og_image":[{"width":1200,"height":800,"url":"http:\/\/www.gaveanews.com\/wp-content\/uploads\/Arrascaeta-camisa-10-do-Flamengo-em-atuacao-no-Maracana.webp","type":"image\/png"}],"author":"Ana Teixeira","twitter_card":"summary_large_image","twitter_misc":{"Escrito por":"Ana Teixeira","Est. tempo de leitura":"3 minutos"},"schema":{"@context":"https:\/\/schema.org","@graph":[{"@type":"NewsArticle","@id":"https:\/\/www.gaveanews.com\/index.php\/2025\/07\/16\/empresario-mira-saida-de-arrascaeta-do-flamengo\/#article","isPartOf":{"@id":"https:\/\/www.gaveanews.com\/index.php\/2025\/07\/16\/empresario-mira-saida-de-arrascaeta-do-flamengo\/"},"author":{"name":"Ana Teixeira","@id":"https:\/\/www.gaveanews.com\/#\/schema\/person\/3b19f7288b0ce20372991275e4f2e6c2"},"headline":"Empres\u00e1rio mira sa\u00edda de Arrascaeta do Flamengo","datePublished":"2025-07-16T20:43:26+00:00","dateModified":"2025-07-16T20:43:30+00:00","mainEntityOfPage":{"@id":"https:\/\/www.gaveanews.com\/index.php\/2025\/07\/16\/empresario-mira-saida-de-arrascaeta-do-flamengo\/"},"wordCount":532,"commentCount":0,"image":{"@id":"https:\/\/www.gaveanews.com\/index.php\/2025\/07\/16\/empresario-mira-saida-de-arrascaeta-do-flamengo\/#primaryimage"},"thumbnailUrl":"https:\/\/www.gaveanews.com\/wp-content\/uploads\/Arrascaeta-camisa-10-do-Flamengo-em-atuacao-no-Maracana.webp","articleSection":["Flamengo"],"inLanguage":"pt-BR","potentialAction":[{"@type":"CommentAction","name":"Comment","target":["https:\/\/www.gaveanews.com\/index.php\/2025\/07\/16\/empresario-mira-saida-de-arrascaeta-do-flamengo\/#respond"]}],"copyrightYear":"2025","copyrightHolder":{"@id":"https:\/\/www.gaveanews.com\/#organization"}},{"@type":"WebPage","@id":"https:\/\/www.gaveanews.com\/index.php\/2025\/07\/16\/empresario-mira-saida-de-arrascaeta-do-flamengo\/","url":"https:\/\/www.gaveanews.com\/index.php\/2025\/07\/16\/empresario-mira-saida-de-arrascaeta-do-flamengo\/","name":"Empres\u00e1rio mira sa\u00edda de Arrascaeta do Flamengo","isPartOf":{"@id":"https:\/\/www.gaveanews.com\/#website"},"primaryImageOfPage":{"@id":"https:\/\/www.gaveanews.com\/index.php\/2025\/07\/16\/empresario-mira-saida-de-arrascaeta-do-flamengo\/#primaryimage"},"image":{"@id":"https:\/\/www.gaveanews.com\/index.php\/2025\/07\/16\/empresario-mira-saida-de-arrascaeta-do-flamengo\/#primaryimage"},"thumbnailUrl":"https:\/\/www.gaveanews.com\/wp-content\/uploads\/Arrascaeta-camisa-10-do-Flamengo-em-atuacao-no-Maracana.webp","datePublished":"2025-07-16T20:43:26+00:00","dateModified":"2025-07-16T20:43:30+00:00","author":{"@id":"https:\/\/www.gaveanews.com\/#\/schema\/person\/3b19f7288b0ce20372991275e4f2e6c2"},"breadcrumb":{"@id":"https:\/\/www.gaveanews.com\/index.php\/2025\/07\/16\/empresario-mira-saida-de-arrascaeta-do-flamengo\/#breadcrumb"},"inLanguage":"pt-BR","potentialAction":[{"@type":"ReadAction","target":["https:\/\/www.gaveanews.com\/index.php\/2025\/07\/16\/empresario-mira-saida-de-arrascaeta-do-flamengo\/"]}]},{"@type":"ImageObject","inLanguage":"pt-BR","@id":"https:\/\/www.gaveanews.com\/index.php\/2025\/07\/16\/empresario-mira-saida-de-arrascaeta-do-flamengo\/#primaryimage","url":"https:\/\/www.gaveanews.com\/wp-content\/uploads\/Arrascaeta-camisa-10-do-Flamengo-em-atuacao-no-Maracana.webp","contentUrl":"https:\/\/www.gaveanews.com\/wp-content\/uploads\/Arrascaeta-camisa-10-do-Flamengo-em-atuacao-no-Maracana.webp","width":1200,"height":800,"caption":"Arrascaeta, camisa 10 do Flamengo, em atua\u00e7\u00e3o no Maracan\u00e3 - Foto: Gilvan de Souza\/Flamengo"},{"@type":"BreadcrumbList","@id":"https:\/\/www.gaveanews.com\/index.php\/2025\/07\/16\/empresario-mira-saida-de-arrascaeta-do-flamengo\/#breadcrumb","itemListElement":[{"@type":"ListItem","position":1,"name":"Home","item":"https:\/\/www.gaveanews.com\/"},{"@type":"ListItem","position":2,"name":"Empres\u00e1rio mira sa\u00edda de Arrascaeta do Flamengo"}]},{"@type":"WebSite","@id":"https:\/\/www.gaveanews.com\/#website","url":"https:\/\/www.gaveanews.com\/","name":"G\u00e1vea News","description":"Veja todas as not\u00edcias sobre o Flamengo: Contrata\u00e7\u00f5es, categorias de base, resultados das partidas, tabela de classifica\u00e7\u00e3o, pr\u00f3ximos jogos!","potentialAction":[{"@type":"SearchAction","target":{"@type":"EntryPoint","urlTemplate":"https:\/\/www.gaveanews.com\/?s={search_term_string}"},"query-input":{"@type":"PropertyValueSpecification","valueRequired":true,"valueName":"search_term_string"}}],"inLanguage":"pt-BR"},{"@type":"Person","@id":"https:\/\/www.gaveanews.com\/#\/schema\/person\/3b19f7288b0ce20372991275e4f2e6c2","name":"Ana Teixeira","image":{"@type":"ImageObject","inLanguage":"pt-BR","@id":"https:\/\/www.gaveanews.com\/#\/schema\/person\/image\/","url":"https:\/\/secure.gravatar.com\/avatar\/0a73f5a5258f3fed37fc2fa641892f3f7a4748456d4d4792f9bc550e6c19e06c?s=96&d=mm&r=g","contentUrl":"https:\/\/secure.gravatar.com\/avatar\/0a73f5a5258f3fed37fc2fa641892f3f7a4748456d4d4792f9bc550e6c19e06c?s=96&d=mm&r=g","caption":"Ana Teixeira"}}]}},"_links":{"self":[{"href":"https:\/\/www.gaveanews.com\/index.php\/wp-json\/wp\/v2\/posts\/272630","targetHints":{"allow":["GET"]}}],"collection":[{"href":"https:\/\/www.gaveanews.com\/index.php\/wp-json\/wp\/v2\/posts"}],"about":[{"href":"https:\/\/www.gaveanews.com\/index.php\/wp-json\/wp\/v2\/types\/post"}],"author":[{"embeddable":true,"href":"https:\/\/www.gaveanews.com\/index.php\/wp-json\/wp\/v2\/users\/30"}],"replies":[{"embeddable":true,"href":"https:\/\/www.gaveanews.com\/index.php\/wp-json\/wp\/v2\/comments?post=272630"}],"version-history":[{"count":2,"href":"https:\/\/www.gaveanews.com\/index.php\/wp-json\/wp\/v2\/posts\/272630\/revisions"}],"predecessor-version":[{"id":272639,"href":"https:\/\/www.gaveanews.com\/index.php\/wp-json\/wp\/v2\/posts\/272630\/revisions\/272639"}],"wp:featuredmedia":[{"embeddable":true,"href":"https:\/\/www.gaveanews.com\/index.php\/wp-json\/wp\/v2\/media\/254995"}],"wp:attachment":[{"href":"https:\/\/www.gaveanews.com\/index.php\/wp-json\/wp\/v2\/media?parent=272630"}],"wp:term":[{"taxonomy":"category","embeddable":true,"href":"https:\/\/www.gaveanews.com\/index.php\/wp-json\/wp\/v2\/categories?post=272630"},{"taxonomy":"post_tag","embeddable":true,"href":"https:\/\/www.gaveanews.com\/index.php\/wp-json\/wp\/v2\/tags?post=272630"}],"curies":[{"name":"wp","href":"https:\/\/api.w.org\/{rel}","templated":true}]}}