{"id":272635,"date":"2025-07-16T17:39:53","date_gmt":"2025-07-16T20:39:53","guid":{"rendered":"https:\/\/www.gaveanews.com\/?p=272635"},"modified":"2025-07-16T17:39:55","modified_gmt":"2025-07-16T20:39:55","slug":"flamengo-toma-nova-decisao-sobre-a-contratacao-de-taty-castellanos","status":"publish","type":"post","link":"https:\/\/www.gaveanews.com\/index.php\/2025\/07\/16\/flamengo-toma-nova-decisao-sobre-a-contratacao-de-taty-castellanos\/","title":{"rendered":"Flamengo toma nova decis\u00e3o sobre a contrata\u00e7\u00e3o de Taty Castellanos"},"content":{"rendered":"\n<p>O Flamengo deu um passo importante na tentativa de contratar o centroavante Taty Castellanos. A diretoria rubro-negra, liderada por Jos\u00e9 Boto, est\u00e1 disposta a investir pesado na negocia\u00e7\u00e3o, pois considera o argentino de 26 anos o nome ideal para refor\u00e7ar o ataque comandado por Filipe Lu\u00eds.&nbsp;<\/p>\n\n\n\n<p>Cabe ressaltar que o atleta \u00e9 visto como o perfil exato que o treinador deseja: com presen\u00e7a de \u00e1rea, intensidade e intelig\u00eancia t\u00e1tica.<\/p>\n\n\n\n<p>A conversa entre clube e jogador j\u00e1 come\u00e7ou. Isso porque Jos\u00e9 Boto realizou uma reuni\u00e3o por chamada de v\u00eddeo com Castellanos, que se mostrou empolgado com a possibilidade de vestir o manto rubro-negro.&nbsp;<\/p>\n\n\n\n<p>Com isso, o Flamengo ganha for\u00e7a na disputa, apesar da resist\u00eancia inicial da Lazio, que ainda n\u00e3o sinalizou com a libera\u00e7\u00e3o.<\/p>\n\n\n\n<h2 class=\"wp-block-heading\" id=\"h-obstaculos-com-a-lazio-e-otimismo-do-staff-do-atleta\">Obst\u00e1culos com a Lazio e otimismo do staff do atleta<\/h2>\n\n\n\n<p>A grande dificuldade no momento est\u00e1 em convencer a Lazio a abrir m\u00e3o do atacante. O clube italiano n\u00e3o tem demonstrado interesse em negociar Taty, mas o estafe do jogador trabalha para encontrar uma solu\u00e7\u00e3o vi\u00e1vel. Por isso, a opera\u00e7\u00e3o exige cuidado e persist\u00eancia, j\u00e1 que envolve cifras elevadas e cl\u00e1usulas contratuais que podem travar o acordo.<\/p>\n\n\n\n<p>Al\u00e9m disso, o bom momento vivido pelo Flamengo dentro de campo cria um ambiente ainda mais atrativo para Castellanos, que v\u00ea com bons olhos uma ida ao futebol brasileiro. Sendo assim, h\u00e1 otimismo por parte do staff, que acredita em uma reviravolta positiva nos pr\u00f3ximos dias.<\/p>\n\n\n\n<blockquote class=\"twitter-tweet\"><p lang=\"pt\" dir=\"ltr\">Flamengo est\u00e1 disposto a fazer todos os esfor\u00e7os para contratar Taty Castellanos.<br><br>O clube entende que o jogador da Lazio tem as caracter\u00edsticas ideais que Filipe Lu\u00eds deseja em um centroavante.<br><br>O diretor de futebol Jos\u00e9 Boto teve uma reuni\u00e3o por chamada de v\u00eddeo com o argentino\u2026 <a href=\"https:\/\/t.co\/BGYZljTSWr\">pic.twitter.com\/BGYZljTSWr<\/a><\/p>&mdash; Planeta do Futebol \ud83c\udf0e (@futebol_info) <a href=\"https:\/\/twitter.com\/futebol_info\/status\/1945547006392561980?ref_src=twsrc%5Etfw\">July 16, 2025<\/a><\/blockquote> <script async src=\"https:\/\/platform.twitter.com\/widgets.js\" charset=\"utf-8\"><\/script>\n\n\n\n<h2 class=\"wp-block-heading\" id=\"h-o-plano-do-flamengo-para-fechar-o-negocio\">O plano do Flamengo para fechar o neg\u00f3cio<\/h2>\n\n\n\n<p>O Flamengo entende que para vencer a concorr\u00eancia e superar a barreira imposta pela Lazio, ser\u00e1 necess\u00e1rio criatividade e paci\u00eancia.&nbsp;<\/p>\n\n\n\n<p>Desse jeito, o clube estuda formatos de pagamento e poss\u00edveis b\u00f4nus por metas atingidas, o que pode ajudar a destravar o impasse. Vale destacar que o jogador tamb\u00e9m enxerga o Fla como uma vitrine para voltar \u00e0 sele\u00e7\u00e3o argentina.<\/p>\n\n\n\n<p>Dessa maneira, o clube carioca segue firme na miss\u00e3o de contratar Castellanos, determinado a transformar esse desejo em realidade.<\/p>\n","protected":false},"excerpt":{"rendered":"<p>O Flamengo deu um passo importante na tentativa de contratar o centroavante Taty Castellanos. A diretoria rubro-negra, liderada por Jos\u00e9 Boto, est\u00e1 disposta a investir pesado na negocia\u00e7\u00e3o, pois considera o argentino de 26 anos o nome ideal para refor\u00e7ar o ataque comandado por Filipe Lu\u00eds.&nbsp; Cabe ressaltar que o atleta \u00e9 visto como o [&hellip;]<\/p>\n","protected":false},"author":25,"featured_media":205634,"comment_status":"open","ping_status":"closed","sticky":false,"template":"","format":"standard","meta":{"footnotes":""},"categories":[1],"tags":[],"class_list":["post-272635","post","type-post","status-publish","format-standard","has-post-thumbnail","hentry","category-flamengo"],"yoast_head":"<!-- This site is optimized with the Yoast SEO Premium plugin v24.2 (Yoast SEO v26.9) - https:\/\/yoast.com\/product\/yoast-seo-premium-wordpress\/ -->\n<title>Flamengo toma nova decis\u00e3o sobre a contrata\u00e7\u00e3o de Taty Castellanos<\/title>\n<meta name=\"robots\" content=\"index, follow, max-snippet:-1, max-image-preview:large, max-video-preview:-1\" \/>\n<link rel=\"canonical\" href=\"https:\/\/www.gaveanews.com\/index.php\/2025\/07\/16\/flamengo-toma-nova-decisao-sobre-a-contratacao-de-taty-castellanos\/\" \/>\n<meta property=\"og:locale\" content=\"pt_BR\" \/>\n<meta property=\"og:type\" content=\"article\" \/>\n<meta property=\"og:title\" content=\"Flamengo toma nova decis\u00e3o sobre a contrata\u00e7\u00e3o de Taty Castellanos\" \/>\n<meta property=\"og:description\" content=\"O Flamengo deu um passo importante na tentativa de contratar o centroavante Taty Castellanos. A diretoria rubro-negra, liderada por Jos\u00e9 Boto, est\u00e1 disposta a investir pesado na negocia\u00e7\u00e3o, pois considera o argentino de 26 anos o nome ideal para refor\u00e7ar o ataque comandado por Filipe Lu\u00eds.&nbsp; Cabe ressaltar que o atleta \u00e9 visto como o [&hellip;]\" \/>\n<meta property=\"og:url\" content=\"https:\/\/www.gaveanews.com\/index.php\/2025\/07\/16\/flamengo-toma-nova-decisao-sobre-a-contratacao-de-taty-castellanos\/\" \/>\n<meta property=\"og:site_name\" content=\"G\u00e1vea News\" \/>\n<meta property=\"article:publisher\" content=\"https:\/\/facebook.com\/gaveaNews\/\" \/>\n<meta property=\"article:published_time\" content=\"2025-07-16T20:39:53+00:00\" \/>\n<meta property=\"article:modified_time\" content=\"2025-07-16T20:39:55+00:00\" \/>\n<meta property=\"og:image\" content=\"http:\/\/www.gaveanews.com\/wp-content\/uploads\/Entrevista-coletiva-de-Jose-Boto-Foto_-Reproducao_FlaTV.webp\" \/>\n\t<meta property=\"og:image:width\" content=\"1214\" \/>\n\t<meta property=\"og:image:height\" content=\"668\" \/>\n\t<meta property=\"og:image:type\" content=\"image\/webp\" \/>\n<meta name=\"author\" content=\"Rafaela Ladeira\" \/>\n<meta name=\"twitter:card\" content=\"summary_large_image\" \/>\n<meta name=\"twitter:label1\" content=\"Escrito por\" \/>\n\t<meta name=\"twitter:data1\" content=\"Rafaela Ladeira\" \/>\n\t<meta name=\"twitter:label2\" content=\"Est. tempo de leitura\" \/>\n\t<meta name=\"twitter:data2\" content=\"2 minutos\" \/>\n<script type=\"application\/ld+json\" class=\"yoast-schema-graph\">{\"@context\":\"https:\/\/schema.org\",\"@graph\":[{\"@type\":\"NewsArticle\",\"@id\":\"https:\/\/www.gaveanews.com\/index.php\/2025\/07\/16\/flamengo-toma-nova-decisao-sobre-a-contratacao-de-taty-castellanos\/#article\",\"isPartOf\":{\"@id\":\"https:\/\/www.gaveanews.com\/index.php\/2025\/07\/16\/flamengo-toma-nova-decisao-sobre-a-contratacao-de-taty-castellanos\/\"},\"author\":{\"name\":\"Rafaela Ladeira\",\"@id\":\"https:\/\/www.gaveanews.com\/#\/schema\/person\/0eb3e3fe1754f0205218538adbe8f5ed\"},\"headline\":\"Flamengo toma nova decis\u00e3o sobre a contrata\u00e7\u00e3o de Taty Castellanos\",\"datePublished\":\"2025-07-16T20:39:53+00:00\",\"dateModified\":\"2025-07-16T20:39:55+00:00\",\"mainEntityOfPage\":{\"@id\":\"https:\/\/www.gaveanews.com\/index.php\/2025\/07\/16\/flamengo-toma-nova-decisao-sobre-a-contratacao-de-taty-castellanos\/\"},\"wordCount\":429,\"commentCount\":0,\"image\":{\"@id\":\"https:\/\/www.gaveanews.com\/index.php\/2025\/07\/16\/flamengo-toma-nova-decisao-sobre-a-contratacao-de-taty-castellanos\/#primaryimage\"},\"thumbnailUrl\":\"https:\/\/www.gaveanews.com\/wp-content\/uploads\/Entrevista-coletiva-de-Jose-Boto-Foto_-Reproducao_FlaTV.webp\",\"articleSection\":[\"Flamengo\"],\"inLanguage\":\"pt-BR\",\"potentialAction\":[{\"@type\":\"CommentAction\",\"name\":\"Comment\",\"target\":[\"https:\/\/www.gaveanews.com\/index.php\/2025\/07\/16\/flamengo-toma-nova-decisao-sobre-a-contratacao-de-taty-castellanos\/#respond\"]}],\"copyrightYear\":\"2025\",\"copyrightHolder\":{\"@id\":\"https:\/\/www.gaveanews.com\/#organization\"}},{\"@type\":\"WebPage\",\"@id\":\"https:\/\/www.gaveanews.com\/index.php\/2025\/07\/16\/flamengo-toma-nova-decisao-sobre-a-contratacao-de-taty-castellanos\/\",\"url\":\"https:\/\/www.gaveanews.com\/index.php\/2025\/07\/16\/flamengo-toma-nova-decisao-sobre-a-contratacao-de-taty-castellanos\/\",\"name\":\"Flamengo toma nova decis\u00e3o sobre a contrata\u00e7\u00e3o de Taty Castellanos\",\"isPartOf\":{\"@id\":\"https:\/\/www.gaveanews.com\/#website\"},\"primaryImageOfPage\":{\"@id\":\"https:\/\/www.gaveanews.com\/index.php\/2025\/07\/16\/flamengo-toma-nova-decisao-sobre-a-contratacao-de-taty-castellanos\/#primaryimage\"},\"image\":{\"@id\":\"https:\/\/www.gaveanews.com\/index.php\/2025\/07\/16\/flamengo-toma-nova-decisao-sobre-a-contratacao-de-taty-castellanos\/#primaryimage\"},\"thumbnailUrl\":\"https:\/\/www.gaveanews.com\/wp-content\/uploads\/Entrevista-coletiva-de-Jose-Boto-Foto_-Reproducao_FlaTV.webp\",\"datePublished\":\"2025-07-16T20:39:53+00:00\",\"dateModified\":\"2025-07-16T20:39:55+00:00\",\"author\":{\"@id\":\"https:\/\/www.gaveanews.com\/#\/schema\/person\/0eb3e3fe1754f0205218538adbe8f5ed\"},\"breadcrumb\":{\"@id\":\"https:\/\/www.gaveanews.com\/index.php\/2025\/07\/16\/flamengo-toma-nova-decisao-sobre-a-contratacao-de-taty-castellanos\/#breadcrumb\"},\"inLanguage\":\"pt-BR\",\"potentialAction\":[{\"@type\":\"ReadAction\",\"target\":[\"https:\/\/www.gaveanews.com\/index.php\/2025\/07\/16\/flamengo-toma-nova-decisao-sobre-a-contratacao-de-taty-castellanos\/\"]}]},{\"@type\":\"ImageObject\",\"inLanguage\":\"pt-BR\",\"@id\":\"https:\/\/www.gaveanews.com\/index.php\/2025\/07\/16\/flamengo-toma-nova-decisao-sobre-a-contratacao-de-taty-castellanos\/#primaryimage\",\"url\":\"https:\/\/www.gaveanews.com\/wp-content\/uploads\/Entrevista-coletiva-de-Jose-Boto-Foto_-Reproducao_FlaTV.webp\",\"contentUrl\":\"https:\/\/www.gaveanews.com\/wp-content\/uploads\/Entrevista-coletiva-de-Jose-Boto-Foto_-Reproducao_FlaTV.webp\",\"width\":1214,\"height\":668,\"caption\":\"Entrevista coletiva de Jos\u00e9 Boto (Foto: Reprodu\u00e7\u00e3o\/FlaTV)\"},{\"@type\":\"BreadcrumbList\",\"@id\":\"https:\/\/www.gaveanews.com\/index.php\/2025\/07\/16\/flamengo-toma-nova-decisao-sobre-a-contratacao-de-taty-castellanos\/#breadcrumb\",\"itemListElement\":[{\"@type\":\"ListItem\",\"position\":1,\"name\":\"Home\",\"item\":\"https:\/\/www.gaveanews.com\/\"},{\"@type\":\"ListItem\",\"position\":2,\"name\":\"Flamengo toma nova decis\u00e3o sobre a contrata\u00e7\u00e3o de Taty Castellanos\"}]},{\"@type\":\"WebSite\",\"@id\":\"https:\/\/www.gaveanews.com\/#website\",\"url\":\"https:\/\/www.gaveanews.com\/\",\"name\":\"G\u00e1vea News\",\"description\":\"Veja todas as not\u00edcias sobre o Flamengo: Contrata\u00e7\u00f5es, categorias de base, resultados das partidas, tabela de classifica\u00e7\u00e3o, pr\u00f3ximos jogos!\",\"potentialAction\":[{\"@type\":\"SearchAction\",\"target\":{\"@type\":\"EntryPoint\",\"urlTemplate\":\"https:\/\/www.gaveanews.com\/?s={search_term_string}\"},\"query-input\":{\"@type\":\"PropertyValueSpecification\",\"valueRequired\":true,\"valueName\":\"search_term_string\"}}],\"inLanguage\":\"pt-BR\"},{\"@type\":\"Person\",\"@id\":\"https:\/\/www.gaveanews.com\/#\/schema\/person\/0eb3e3fe1754f0205218538adbe8f5ed\",\"name\":\"Rafaela Ladeira\",\"image\":{\"@type\":\"ImageObject\",\"inLanguage\":\"pt-BR\",\"@id\":\"https:\/\/www.gaveanews.com\/#\/schema\/person\/image\/\",\"url\":\"https:\/\/secure.gravatar.com\/avatar\/c31f513acffd85eacab5730cbdfdbbf59f21ba5aeada8cd890acea879fbb2455?s=96&d=mm&r=g\",\"contentUrl\":\"https:\/\/secure.gravatar.com\/avatar\/c31f513acffd85eacab5730cbdfdbbf59f21ba5aeada8cd890acea879fbb2455?s=96&d=mm&r=g\",\"caption\":\"Rafaela Ladeira\"}}]}<\/script>\n<!-- \/ Yoast SEO Premium plugin. -->","yoast_head_json":{"title":"Flamengo toma nova decis\u00e3o sobre a contrata\u00e7\u00e3o de Taty Castellanos","robots":{"index":"index","follow":"follow","max-snippet":"max-snippet:-1","max-image-preview":"max-image-preview:large","max-video-preview":"max-video-preview:-1"},"canonical":"https:\/\/www.gaveanews.com\/index.php\/2025\/07\/16\/flamengo-toma-nova-decisao-sobre-a-contratacao-de-taty-castellanos\/","og_locale":"pt_BR","og_type":"article","og_title":"Flamengo toma nova decis\u00e3o sobre a contrata\u00e7\u00e3o de Taty Castellanos","og_description":"O Flamengo deu um passo importante na tentativa de contratar o centroavante Taty Castellanos. A diretoria rubro-negra, liderada por Jos\u00e9 Boto, est\u00e1 disposta a investir pesado na negocia\u00e7\u00e3o, pois considera o argentino de 26 anos o nome ideal para refor\u00e7ar o ataque comandado por Filipe Lu\u00eds.&nbsp; Cabe ressaltar que o atleta \u00e9 visto como o [&hellip;]","og_url":"https:\/\/www.gaveanews.com\/index.php\/2025\/07\/16\/flamengo-toma-nova-decisao-sobre-a-contratacao-de-taty-castellanos\/","og_site_name":"G\u00e1vea News","article_publisher":"https:\/\/facebook.com\/gaveaNews\/","article_published_time":"2025-07-16T20:39:53+00:00","article_modified_time":"2025-07-16T20:39:55+00:00","og_image":[{"width":1214,"height":668,"url":"http:\/\/www.gaveanews.com\/wp-content\/uploads\/Entrevista-coletiva-de-Jose-Boto-Foto_-Reproducao_FlaTV.webp","type":"image\/webp"}],"author":"Rafaela Ladeira","twitter_card":"summary_large_image","twitter_misc":{"Escrito por":"Rafaela Ladeira","Est. tempo de leitura":"2 minutos"},"schema":{"@context":"https:\/\/schema.org","@graph":[{"@type":"NewsArticle","@id":"https:\/\/www.gaveanews.com\/index.php\/2025\/07\/16\/flamengo-toma-nova-decisao-sobre-a-contratacao-de-taty-castellanos\/#article","isPartOf":{"@id":"https:\/\/www.gaveanews.com\/index.php\/2025\/07\/16\/flamengo-toma-nova-decisao-sobre-a-contratacao-de-taty-castellanos\/"},"author":{"name":"Rafaela Ladeira","@id":"https:\/\/www.gaveanews.com\/#\/schema\/person\/0eb3e3fe1754f0205218538adbe8f5ed"},"headline":"Flamengo toma nova decis\u00e3o sobre a contrata\u00e7\u00e3o de Taty Castellanos","datePublished":"2025-07-16T20:39:53+00:00","dateModified":"2025-07-16T20:39:55+00:00","mainEntityOfPage":{"@id":"https:\/\/www.gaveanews.com\/index.php\/2025\/07\/16\/flamengo-toma-nova-decisao-sobre-a-contratacao-de-taty-castellanos\/"},"wordCount":429,"commentCount":0,"image":{"@id":"https:\/\/www.gaveanews.com\/index.php\/2025\/07\/16\/flamengo-toma-nova-decisao-sobre-a-contratacao-de-taty-castellanos\/#primaryimage"},"thumbnailUrl":"https:\/\/www.gaveanews.com\/wp-content\/uploads\/Entrevista-coletiva-de-Jose-Boto-Foto_-Reproducao_FlaTV.webp","articleSection":["Flamengo"],"inLanguage":"pt-BR","potentialAction":[{"@type":"CommentAction","name":"Comment","target":["https:\/\/www.gaveanews.com\/index.php\/2025\/07\/16\/flamengo-toma-nova-decisao-sobre-a-contratacao-de-taty-castellanos\/#respond"]}],"copyrightYear":"2025","copyrightHolder":{"@id":"https:\/\/www.gaveanews.com\/#organization"}},{"@type":"WebPage","@id":"https:\/\/www.gaveanews.com\/index.php\/2025\/07\/16\/flamengo-toma-nova-decisao-sobre-a-contratacao-de-taty-castellanos\/","url":"https:\/\/www.gaveanews.com\/index.php\/2025\/07\/16\/flamengo-toma-nova-decisao-sobre-a-contratacao-de-taty-castellanos\/","name":"Flamengo toma nova decis\u00e3o sobre a contrata\u00e7\u00e3o de Taty Castellanos","isPartOf":{"@id":"https:\/\/www.gaveanews.com\/#website"},"primaryImageOfPage":{"@id":"https:\/\/www.gaveanews.com\/index.php\/2025\/07\/16\/flamengo-toma-nova-decisao-sobre-a-contratacao-de-taty-castellanos\/#primaryimage"},"image":{"@id":"https:\/\/www.gaveanews.com\/index.php\/2025\/07\/16\/flamengo-toma-nova-decisao-sobre-a-contratacao-de-taty-castellanos\/#primaryimage"},"thumbnailUrl":"https:\/\/www.gaveanews.com\/wp-content\/uploads\/Entrevista-coletiva-de-Jose-Boto-Foto_-Reproducao_FlaTV.webp","datePublished":"2025-07-16T20:39:53+00:00","dateModified":"2025-07-16T20:39:55+00:00","author":{"@id":"https:\/\/www.gaveanews.com\/#\/schema\/person\/0eb3e3fe1754f0205218538adbe8f5ed"},"breadcrumb":{"@id":"https:\/\/www.gaveanews.com\/index.php\/2025\/07\/16\/flamengo-toma-nova-decisao-sobre-a-contratacao-de-taty-castellanos\/#breadcrumb"},"inLanguage":"pt-BR","potentialAction":[{"@type":"ReadAction","target":["https:\/\/www.gaveanews.com\/index.php\/2025\/07\/16\/flamengo-toma-nova-decisao-sobre-a-contratacao-de-taty-castellanos\/"]}]},{"@type":"ImageObject","inLanguage":"pt-BR","@id":"https:\/\/www.gaveanews.com\/index.php\/2025\/07\/16\/flamengo-toma-nova-decisao-sobre-a-contratacao-de-taty-castellanos\/#primaryimage","url":"https:\/\/www.gaveanews.com\/wp-content\/uploads\/Entrevista-coletiva-de-Jose-Boto-Foto_-Reproducao_FlaTV.webp","contentUrl":"https:\/\/www.gaveanews.com\/wp-content\/uploads\/Entrevista-coletiva-de-Jose-Boto-Foto_-Reproducao_FlaTV.webp","width":1214,"height":668,"caption":"Entrevista coletiva de Jos\u00e9 Boto (Foto: Reprodu\u00e7\u00e3o\/FlaTV)"},{"@type":"BreadcrumbList","@id":"https:\/\/www.gaveanews.com\/index.php\/2025\/07\/16\/flamengo-toma-nova-decisao-sobre-a-contratacao-de-taty-castellanos\/#breadcrumb","itemListElement":[{"@type":"ListItem","position":1,"name":"Home","item":"https:\/\/www.gaveanews.com\/"},{"@type":"ListItem","position":2,"name":"Flamengo toma nova decis\u00e3o sobre a contrata\u00e7\u00e3o de Taty Castellanos"}]},{"@type":"WebSite","@id":"https:\/\/www.gaveanews.com\/#website","url":"https:\/\/www.gaveanews.com\/","name":"G\u00e1vea News","description":"Veja todas as not\u00edcias sobre o Flamengo: Contrata\u00e7\u00f5es, categorias de base, resultados das partidas, tabela de classifica\u00e7\u00e3o, pr\u00f3ximos jogos!","potentialAction":[{"@type":"SearchAction","target":{"@type":"EntryPoint","urlTemplate":"https:\/\/www.gaveanews.com\/?s={search_term_string}"},"query-input":{"@type":"PropertyValueSpecification","valueRequired":true,"valueName":"search_term_string"}}],"inLanguage":"pt-BR"},{"@type":"Person","@id":"https:\/\/www.gaveanews.com\/#\/schema\/person\/0eb3e3fe1754f0205218538adbe8f5ed","name":"Rafaela Ladeira","image":{"@type":"ImageObject","inLanguage":"pt-BR","@id":"https:\/\/www.gaveanews.com\/#\/schema\/person\/image\/","url":"https:\/\/secure.gravatar.com\/avatar\/c31f513acffd85eacab5730cbdfdbbf59f21ba5aeada8cd890acea879fbb2455?s=96&d=mm&r=g","contentUrl":"https:\/\/secure.gravatar.com\/avatar\/c31f513acffd85eacab5730cbdfdbbf59f21ba5aeada8cd890acea879fbb2455?s=96&d=mm&r=g","caption":"Rafaela Ladeira"}}]}},"_links":{"self":[{"href":"https:\/\/www.gaveanews.com\/index.php\/wp-json\/wp\/v2\/posts\/272635","targetHints":{"allow":["GET"]}}],"collection":[{"href":"https:\/\/www.gaveanews.com\/index.php\/wp-json\/wp\/v2\/posts"}],"about":[{"href":"https:\/\/www.gaveanews.com\/index.php\/wp-json\/wp\/v2\/types\/post"}],"author":[{"embeddable":true,"href":"https:\/\/www.gaveanews.com\/index.php\/wp-json\/wp\/v2\/users\/25"}],"replies":[{"embeddable":true,"href":"https:\/\/www.gaveanews.com\/index.php\/wp-json\/wp\/v2\/comments?post=272635"}],"version-history":[{"count":1,"href":"https:\/\/www.gaveanews.com\/index.php\/wp-json\/wp\/v2\/posts\/272635\/revisions"}],"predecessor-version":[{"id":272636,"href":"https:\/\/www.gaveanews.com\/index.php\/wp-json\/wp\/v2\/posts\/272635\/revisions\/272636"}],"wp:featuredmedia":[{"embeddable":true,"href":"https:\/\/www.gaveanews.com\/index.php\/wp-json\/wp\/v2\/media\/205634"}],"wp:attachment":[{"href":"https:\/\/www.gaveanews.com\/index.php\/wp-json\/wp\/v2\/media?parent=272635"}],"wp:term":[{"taxonomy":"category","embeddable":true,"href":"https:\/\/www.gaveanews.com\/index.php\/wp-json\/wp\/v2\/categories?post=272635"},{"taxonomy":"post_tag","embeddable":true,"href":"https:\/\/www.gaveanews.com\/index.php\/wp-json\/wp\/v2\/tags?post=272635"}],"curies":[{"name":"wp","href":"https:\/\/api.w.org\/{rel}","templated":true}]}}