{"id":272637,"date":"2025-07-16T17:39:48","date_gmt":"2025-07-16T20:39:48","guid":{"rendered":"https:\/\/www.gaveanews.com\/?p=272637"},"modified":"2025-07-16T17:39:54","modified_gmt":"2025-07-16T20:39:54","slug":"meio-campista-especulado-no-flamengo-assina-com-o-inter-miami-de-messi","status":"publish","type":"post","link":"https:\/\/www.gaveanews.com\/index.php\/2025\/07\/16\/meio-campista-especulado-no-flamengo-assina-com-o-inter-miami-de-messi\/","title":{"rendered":"Meio-campista especulado no Flamengo assina com o Inter Miami de Messi"},"content":{"rendered":"\n<p>O Flamengo vinha monitorando com aten\u00e7\u00e3o o nome de Rodrigo De Paul para refor\u00e7ar seu meio-campo. No entanto, o meia argentino optou por permanecer no Inter Miami e assinou um novo contrato de quatro anos com o clube norte-americano, onde seguir\u00e1 atuando ao lado de Lionel Messi. Por isso, o time da G\u00e1vea j\u00e1 avalia outros nomes no mercado para suprir a aus\u00eancia de refor\u00e7os nessa posi\u00e7\u00e3o.<\/p>\n\n\n\n<p>Vale destacar que o interesse do Flamengo era real e fazia parte de um esfor\u00e7o da diretoria para manter o time competitivo em meio \u00e0 maratona de jogos e poss\u00edveis sa\u00eddas no elenco.&nbsp;<\/p>\n\n\n\n<p>Isso porque, apesar da lideran\u00e7a no Brasileir\u00e3o Betano e da evolu\u00e7\u00e3o sob o comando de Filipe Lu\u00eds, o clube enfrenta quest\u00f5es importantes nos bastidores.<\/p>\n\n\n\n<h2 class=\"wp-block-heading\" id=\"h-problemas-internos-exigem-reestruturacao\">Problemas internos exigem reestrutura\u00e7\u00e3o<\/h2>\n\n\n\n<p>A aus\u00eancia de Pedro no \u00faltimo jogo gerou uma s\u00e9rie de especula\u00e7\u00f5es, obrigando o treinador a se pronunciar publicamente. Dessa maneira, o centroavante tenta agora retomar sua posi\u00e7\u00e3o no time, mirando uma poss\u00edvel volta no cl\u00e1ssico contra o Fluminense.<\/p>\n\n\n\n<p>Al\u00e9m disso, o empres\u00e1rio de Arrascaeta demonstrou insatisfa\u00e7\u00e3o com a demora na renova\u00e7\u00e3o contratual do camisa 10, o que abriu margem para sondagens do futebol \u00e1rabe. Com isso, cresce a necessidade de refor\u00e7ar o setor de cria\u00e7\u00e3o o quanto antes.<\/p>\n\n\n\n<h2 class=\"wp-block-heading\" id=\"h-flamengo-segue-atento-ao-mercado-apos-negativa\">Flamengo segue atento ao mercado ap\u00f3s negativa<\/h2>\n\n\n\n<p>Apesar da frustra\u00e7\u00e3o com De Paul, a diretoria rubro-negra n\u00e3o pretende recuar. Sendo assim, segue atenta ao mercado sul-americano e europeu para fechar com atletas que mantenham o alto padr\u00e3o t\u00e9cnico da equipe.&nbsp;<\/p>\n\n\n\n<p>Cabe ressaltar que a janela de transfer\u00eancias ainda est\u00e1 aberta e novas movimenta\u00e7\u00f5es devem ocorrer nos pr\u00f3ximos dias.<\/p>\n\n\n\n<p>Portanto, o Flamengo continuar\u00e1 ativo em busca de nomes de impacto, mesmo diante de algumas negativas. Desse jeito, a expectativa \u00e9 de que a equipe esteja ainda mais fortalecida para a sequ\u00eancia da temporada do clube.<\/p>\n","protected":false},"excerpt":{"rendered":"<p>O Flamengo vinha monitorando com aten\u00e7\u00e3o o nome de Rodrigo De Paul para refor\u00e7ar seu meio-campo. No entanto, o meia argentino optou por permanecer no Inter Miami e assinou um novo contrato de quatro anos com o clube norte-americano, onde seguir\u00e1 atuando ao lado de Lionel Messi. Por isso, o time da G\u00e1vea j\u00e1 avalia [&hellip;]<\/p>\n","protected":false},"author":25,"featured_media":205636,"comment_status":"open","ping_status":"closed","sticky":false,"template":"","format":"standard","meta":{"footnotes":""},"categories":[1],"tags":[],"class_list":["post-272637","post","type-post","status-publish","format-standard","has-post-thumbnail","hentry","category-flamengo"],"yoast_head":"<!-- This site is optimized with the Yoast SEO Premium plugin v24.2 (Yoast SEO v26.9) - https:\/\/yoast.com\/product\/yoast-seo-premium-wordpress\/ -->\n<title>Meio-campista especulado no Flamengo assina com o Inter Miami de Messi<\/title>\n<meta name=\"robots\" content=\"index, follow, max-snippet:-1, max-image-preview:large, max-video-preview:-1\" \/>\n<link rel=\"canonical\" href=\"https:\/\/www.gaveanews.com\/index.php\/2025\/07\/16\/meio-campista-especulado-no-flamengo-assina-com-o-inter-miami-de-messi\/\" \/>\n<meta property=\"og:locale\" content=\"pt_BR\" \/>\n<meta property=\"og:type\" content=\"article\" \/>\n<meta property=\"og:title\" content=\"Meio-campista especulado no Flamengo assina com o Inter Miami de Messi\" \/>\n<meta property=\"og:description\" content=\"O Flamengo vinha monitorando com aten\u00e7\u00e3o o nome de Rodrigo De Paul para refor\u00e7ar seu meio-campo. No entanto, o meia argentino optou por permanecer no Inter Miami e assinou um novo contrato de quatro anos com o clube norte-americano, onde seguir\u00e1 atuando ao lado de Lionel Messi. Por isso, o time da G\u00e1vea j\u00e1 avalia [&hellip;]\" \/>\n<meta property=\"og:url\" content=\"https:\/\/www.gaveanews.com\/index.php\/2025\/07\/16\/meio-campista-especulado-no-flamengo-assina-com-o-inter-miami-de-messi\/\" \/>\n<meta property=\"og:site_name\" content=\"G\u00e1vea News\" \/>\n<meta property=\"article:publisher\" content=\"https:\/\/facebook.com\/gaveaNews\/\" \/>\n<meta property=\"article:published_time\" content=\"2025-07-16T20:39:48+00:00\" \/>\n<meta property=\"article:modified_time\" content=\"2025-07-16T20:39:54+00:00\" \/>\n<meta property=\"og:image\" content=\"http:\/\/www.gaveanews.com\/wp-content\/uploads\/Apresentacao-de-Jose-Boto-no-Flamengo-Foto_-Marcelo-Cortes-_-CRF.webp\" \/>\n\t<meta property=\"og:image:width\" content=\"2048\" \/>\n\t<meta property=\"og:image:height\" content=\"1364\" \/>\n\t<meta property=\"og:image:type\" content=\"image\/webp\" \/>\n<meta name=\"author\" content=\"Rafaela Ladeira\" \/>\n<meta name=\"twitter:card\" content=\"summary_large_image\" \/>\n<meta name=\"twitter:label1\" content=\"Escrito por\" \/>\n\t<meta name=\"twitter:data1\" content=\"Rafaela Ladeira\" \/>\n\t<meta name=\"twitter:label2\" content=\"Est. tempo de leitura\" \/>\n\t<meta name=\"twitter:data2\" content=\"2 minutos\" \/>\n<script type=\"application\/ld+json\" class=\"yoast-schema-graph\">{\"@context\":\"https:\/\/schema.org\",\"@graph\":[{\"@type\":\"NewsArticle\",\"@id\":\"https:\/\/www.gaveanews.com\/index.php\/2025\/07\/16\/meio-campista-especulado-no-flamengo-assina-com-o-inter-miami-de-messi\/#article\",\"isPartOf\":{\"@id\":\"https:\/\/www.gaveanews.com\/index.php\/2025\/07\/16\/meio-campista-especulado-no-flamengo-assina-com-o-inter-miami-de-messi\/\"},\"author\":{\"name\":\"Rafaela Ladeira\",\"@id\":\"https:\/\/www.gaveanews.com\/#\/schema\/person\/0eb3e3fe1754f0205218538adbe8f5ed\"},\"headline\":\"Meio-campista especulado no Flamengo assina com o Inter Miami de Messi\",\"datePublished\":\"2025-07-16T20:39:48+00:00\",\"dateModified\":\"2025-07-16T20:39:54+00:00\",\"mainEntityOfPage\":{\"@id\":\"https:\/\/www.gaveanews.com\/index.php\/2025\/07\/16\/meio-campista-especulado-no-flamengo-assina-com-o-inter-miami-de-messi\/\"},\"wordCount\":347,\"commentCount\":0,\"image\":{\"@id\":\"https:\/\/www.gaveanews.com\/index.php\/2025\/07\/16\/meio-campista-especulado-no-flamengo-assina-com-o-inter-miami-de-messi\/#primaryimage\"},\"thumbnailUrl\":\"https:\/\/www.gaveanews.com\/wp-content\/uploads\/Apresentacao-de-Jose-Boto-no-Flamengo-Foto_-Marcelo-Cortes-_-CRF.webp\",\"articleSection\":[\"Flamengo\"],\"inLanguage\":\"pt-BR\",\"potentialAction\":[{\"@type\":\"CommentAction\",\"name\":\"Comment\",\"target\":[\"https:\/\/www.gaveanews.com\/index.php\/2025\/07\/16\/meio-campista-especulado-no-flamengo-assina-com-o-inter-miami-de-messi\/#respond\"]}],\"copyrightYear\":\"2025\",\"copyrightHolder\":{\"@id\":\"https:\/\/www.gaveanews.com\/#organization\"}},{\"@type\":\"WebPage\",\"@id\":\"https:\/\/www.gaveanews.com\/index.php\/2025\/07\/16\/meio-campista-especulado-no-flamengo-assina-com-o-inter-miami-de-messi\/\",\"url\":\"https:\/\/www.gaveanews.com\/index.php\/2025\/07\/16\/meio-campista-especulado-no-flamengo-assina-com-o-inter-miami-de-messi\/\",\"name\":\"Meio-campista especulado no Flamengo assina com o Inter Miami de Messi\",\"isPartOf\":{\"@id\":\"https:\/\/www.gaveanews.com\/#website\"},\"primaryImageOfPage\":{\"@id\":\"https:\/\/www.gaveanews.com\/index.php\/2025\/07\/16\/meio-campista-especulado-no-flamengo-assina-com-o-inter-miami-de-messi\/#primaryimage\"},\"image\":{\"@id\":\"https:\/\/www.gaveanews.com\/index.php\/2025\/07\/16\/meio-campista-especulado-no-flamengo-assina-com-o-inter-miami-de-messi\/#primaryimage\"},\"thumbnailUrl\":\"https:\/\/www.gaveanews.com\/wp-content\/uploads\/Apresentacao-de-Jose-Boto-no-Flamengo-Foto_-Marcelo-Cortes-_-CRF.webp\",\"datePublished\":\"2025-07-16T20:39:48+00:00\",\"dateModified\":\"2025-07-16T20:39:54+00:00\",\"author\":{\"@id\":\"https:\/\/www.gaveanews.com\/#\/schema\/person\/0eb3e3fe1754f0205218538adbe8f5ed\"},\"breadcrumb\":{\"@id\":\"https:\/\/www.gaveanews.com\/index.php\/2025\/07\/16\/meio-campista-especulado-no-flamengo-assina-com-o-inter-miami-de-messi\/#breadcrumb\"},\"inLanguage\":\"pt-BR\",\"potentialAction\":[{\"@type\":\"ReadAction\",\"target\":[\"https:\/\/www.gaveanews.com\/index.php\/2025\/07\/16\/meio-campista-especulado-no-flamengo-assina-com-o-inter-miami-de-messi\/\"]}]},{\"@type\":\"ImageObject\",\"inLanguage\":\"pt-BR\",\"@id\":\"https:\/\/www.gaveanews.com\/index.php\/2025\/07\/16\/meio-campista-especulado-no-flamengo-assina-com-o-inter-miami-de-messi\/#primaryimage\",\"url\":\"https:\/\/www.gaveanews.com\/wp-content\/uploads\/Apresentacao-de-Jose-Boto-no-Flamengo-Foto_-Marcelo-Cortes-_-CRF.webp\",\"contentUrl\":\"https:\/\/www.gaveanews.com\/wp-content\/uploads\/Apresentacao-de-Jose-Boto-no-Flamengo-Foto_-Marcelo-Cortes-_-CRF.webp\",\"width\":2048,\"height\":1364},{\"@type\":\"BreadcrumbList\",\"@id\":\"https:\/\/www.gaveanews.com\/index.php\/2025\/07\/16\/meio-campista-especulado-no-flamengo-assina-com-o-inter-miami-de-messi\/#breadcrumb\",\"itemListElement\":[{\"@type\":\"ListItem\",\"position\":1,\"name\":\"Home\",\"item\":\"https:\/\/www.gaveanews.com\/\"},{\"@type\":\"ListItem\",\"position\":2,\"name\":\"Meio-campista especulado no Flamengo assina com o Inter Miami de Messi\"}]},{\"@type\":\"WebSite\",\"@id\":\"https:\/\/www.gaveanews.com\/#website\",\"url\":\"https:\/\/www.gaveanews.com\/\",\"name\":\"G\u00e1vea News\",\"description\":\"Veja todas as not\u00edcias sobre o Flamengo: Contrata\u00e7\u00f5es, categorias de base, resultados das partidas, tabela de classifica\u00e7\u00e3o, pr\u00f3ximos jogos!\",\"potentialAction\":[{\"@type\":\"SearchAction\",\"target\":{\"@type\":\"EntryPoint\",\"urlTemplate\":\"https:\/\/www.gaveanews.com\/?s={search_term_string}\"},\"query-input\":{\"@type\":\"PropertyValueSpecification\",\"valueRequired\":true,\"valueName\":\"search_term_string\"}}],\"inLanguage\":\"pt-BR\"},{\"@type\":\"Person\",\"@id\":\"https:\/\/www.gaveanews.com\/#\/schema\/person\/0eb3e3fe1754f0205218538adbe8f5ed\",\"name\":\"Rafaela Ladeira\",\"image\":{\"@type\":\"ImageObject\",\"inLanguage\":\"pt-BR\",\"@id\":\"https:\/\/www.gaveanews.com\/#\/schema\/person\/image\/\",\"url\":\"https:\/\/secure.gravatar.com\/avatar\/c31f513acffd85eacab5730cbdfdbbf59f21ba5aeada8cd890acea879fbb2455?s=96&d=mm&r=g\",\"contentUrl\":\"https:\/\/secure.gravatar.com\/avatar\/c31f513acffd85eacab5730cbdfdbbf59f21ba5aeada8cd890acea879fbb2455?s=96&d=mm&r=g\",\"caption\":\"Rafaela Ladeira\"}}]}<\/script>\n<!-- \/ Yoast SEO Premium plugin. -->","yoast_head_json":{"title":"Meio-campista especulado no Flamengo assina com o Inter Miami de Messi","robots":{"index":"index","follow":"follow","max-snippet":"max-snippet:-1","max-image-preview":"max-image-preview:large","max-video-preview":"max-video-preview:-1"},"canonical":"https:\/\/www.gaveanews.com\/index.php\/2025\/07\/16\/meio-campista-especulado-no-flamengo-assina-com-o-inter-miami-de-messi\/","og_locale":"pt_BR","og_type":"article","og_title":"Meio-campista especulado no Flamengo assina com o Inter Miami de Messi","og_description":"O Flamengo vinha monitorando com aten\u00e7\u00e3o o nome de Rodrigo De Paul para refor\u00e7ar seu meio-campo. No entanto, o meia argentino optou por permanecer no Inter Miami e assinou um novo contrato de quatro anos com o clube norte-americano, onde seguir\u00e1 atuando ao lado de Lionel Messi. Por isso, o time da G\u00e1vea j\u00e1 avalia [&hellip;]","og_url":"https:\/\/www.gaveanews.com\/index.php\/2025\/07\/16\/meio-campista-especulado-no-flamengo-assina-com-o-inter-miami-de-messi\/","og_site_name":"G\u00e1vea News","article_publisher":"https:\/\/facebook.com\/gaveaNews\/","article_published_time":"2025-07-16T20:39:48+00:00","article_modified_time":"2025-07-16T20:39:54+00:00","og_image":[{"width":2048,"height":1364,"url":"http:\/\/www.gaveanews.com\/wp-content\/uploads\/Apresentacao-de-Jose-Boto-no-Flamengo-Foto_-Marcelo-Cortes-_-CRF.webp","type":"image\/webp"}],"author":"Rafaela Ladeira","twitter_card":"summary_large_image","twitter_misc":{"Escrito por":"Rafaela Ladeira","Est. tempo de leitura":"2 minutos"},"schema":{"@context":"https:\/\/schema.org","@graph":[{"@type":"NewsArticle","@id":"https:\/\/www.gaveanews.com\/index.php\/2025\/07\/16\/meio-campista-especulado-no-flamengo-assina-com-o-inter-miami-de-messi\/#article","isPartOf":{"@id":"https:\/\/www.gaveanews.com\/index.php\/2025\/07\/16\/meio-campista-especulado-no-flamengo-assina-com-o-inter-miami-de-messi\/"},"author":{"name":"Rafaela Ladeira","@id":"https:\/\/www.gaveanews.com\/#\/schema\/person\/0eb3e3fe1754f0205218538adbe8f5ed"},"headline":"Meio-campista especulado no Flamengo assina com o Inter Miami de Messi","datePublished":"2025-07-16T20:39:48+00:00","dateModified":"2025-07-16T20:39:54+00:00","mainEntityOfPage":{"@id":"https:\/\/www.gaveanews.com\/index.php\/2025\/07\/16\/meio-campista-especulado-no-flamengo-assina-com-o-inter-miami-de-messi\/"},"wordCount":347,"commentCount":0,"image":{"@id":"https:\/\/www.gaveanews.com\/index.php\/2025\/07\/16\/meio-campista-especulado-no-flamengo-assina-com-o-inter-miami-de-messi\/#primaryimage"},"thumbnailUrl":"https:\/\/www.gaveanews.com\/wp-content\/uploads\/Apresentacao-de-Jose-Boto-no-Flamengo-Foto_-Marcelo-Cortes-_-CRF.webp","articleSection":["Flamengo"],"inLanguage":"pt-BR","potentialAction":[{"@type":"CommentAction","name":"Comment","target":["https:\/\/www.gaveanews.com\/index.php\/2025\/07\/16\/meio-campista-especulado-no-flamengo-assina-com-o-inter-miami-de-messi\/#respond"]}],"copyrightYear":"2025","copyrightHolder":{"@id":"https:\/\/www.gaveanews.com\/#organization"}},{"@type":"WebPage","@id":"https:\/\/www.gaveanews.com\/index.php\/2025\/07\/16\/meio-campista-especulado-no-flamengo-assina-com-o-inter-miami-de-messi\/","url":"https:\/\/www.gaveanews.com\/index.php\/2025\/07\/16\/meio-campista-especulado-no-flamengo-assina-com-o-inter-miami-de-messi\/","name":"Meio-campista especulado no Flamengo assina com o Inter Miami de Messi","isPartOf":{"@id":"https:\/\/www.gaveanews.com\/#website"},"primaryImageOfPage":{"@id":"https:\/\/www.gaveanews.com\/index.php\/2025\/07\/16\/meio-campista-especulado-no-flamengo-assina-com-o-inter-miami-de-messi\/#primaryimage"},"image":{"@id":"https:\/\/www.gaveanews.com\/index.php\/2025\/07\/16\/meio-campista-especulado-no-flamengo-assina-com-o-inter-miami-de-messi\/#primaryimage"},"thumbnailUrl":"https:\/\/www.gaveanews.com\/wp-content\/uploads\/Apresentacao-de-Jose-Boto-no-Flamengo-Foto_-Marcelo-Cortes-_-CRF.webp","datePublished":"2025-07-16T20:39:48+00:00","dateModified":"2025-07-16T20:39:54+00:00","author":{"@id":"https:\/\/www.gaveanews.com\/#\/schema\/person\/0eb3e3fe1754f0205218538adbe8f5ed"},"breadcrumb":{"@id":"https:\/\/www.gaveanews.com\/index.php\/2025\/07\/16\/meio-campista-especulado-no-flamengo-assina-com-o-inter-miami-de-messi\/#breadcrumb"},"inLanguage":"pt-BR","potentialAction":[{"@type":"ReadAction","target":["https:\/\/www.gaveanews.com\/index.php\/2025\/07\/16\/meio-campista-especulado-no-flamengo-assina-com-o-inter-miami-de-messi\/"]}]},{"@type":"ImageObject","inLanguage":"pt-BR","@id":"https:\/\/www.gaveanews.com\/index.php\/2025\/07\/16\/meio-campista-especulado-no-flamengo-assina-com-o-inter-miami-de-messi\/#primaryimage","url":"https:\/\/www.gaveanews.com\/wp-content\/uploads\/Apresentacao-de-Jose-Boto-no-Flamengo-Foto_-Marcelo-Cortes-_-CRF.webp","contentUrl":"https:\/\/www.gaveanews.com\/wp-content\/uploads\/Apresentacao-de-Jose-Boto-no-Flamengo-Foto_-Marcelo-Cortes-_-CRF.webp","width":2048,"height":1364},{"@type":"BreadcrumbList","@id":"https:\/\/www.gaveanews.com\/index.php\/2025\/07\/16\/meio-campista-especulado-no-flamengo-assina-com-o-inter-miami-de-messi\/#breadcrumb","itemListElement":[{"@type":"ListItem","position":1,"name":"Home","item":"https:\/\/www.gaveanews.com\/"},{"@type":"ListItem","position":2,"name":"Meio-campista especulado no Flamengo assina com o Inter Miami de Messi"}]},{"@type":"WebSite","@id":"https:\/\/www.gaveanews.com\/#website","url":"https:\/\/www.gaveanews.com\/","name":"G\u00e1vea News","description":"Veja todas as not\u00edcias sobre o Flamengo: Contrata\u00e7\u00f5es, categorias de base, resultados das partidas, tabela de classifica\u00e7\u00e3o, pr\u00f3ximos jogos!","potentialAction":[{"@type":"SearchAction","target":{"@type":"EntryPoint","urlTemplate":"https:\/\/www.gaveanews.com\/?s={search_term_string}"},"query-input":{"@type":"PropertyValueSpecification","valueRequired":true,"valueName":"search_term_string"}}],"inLanguage":"pt-BR"},{"@type":"Person","@id":"https:\/\/www.gaveanews.com\/#\/schema\/person\/0eb3e3fe1754f0205218538adbe8f5ed","name":"Rafaela Ladeira","image":{"@type":"ImageObject","inLanguage":"pt-BR","@id":"https:\/\/www.gaveanews.com\/#\/schema\/person\/image\/","url":"https:\/\/secure.gravatar.com\/avatar\/c31f513acffd85eacab5730cbdfdbbf59f21ba5aeada8cd890acea879fbb2455?s=96&d=mm&r=g","contentUrl":"https:\/\/secure.gravatar.com\/avatar\/c31f513acffd85eacab5730cbdfdbbf59f21ba5aeada8cd890acea879fbb2455?s=96&d=mm&r=g","caption":"Rafaela Ladeira"}}]}},"_links":{"self":[{"href":"https:\/\/www.gaveanews.com\/index.php\/wp-json\/wp\/v2\/posts\/272637","targetHints":{"allow":["GET"]}}],"collection":[{"href":"https:\/\/www.gaveanews.com\/index.php\/wp-json\/wp\/v2\/posts"}],"about":[{"href":"https:\/\/www.gaveanews.com\/index.php\/wp-json\/wp\/v2\/types\/post"}],"author":[{"embeddable":true,"href":"https:\/\/www.gaveanews.com\/index.php\/wp-json\/wp\/v2\/users\/25"}],"replies":[{"embeddable":true,"href":"https:\/\/www.gaveanews.com\/index.php\/wp-json\/wp\/v2\/comments?post=272637"}],"version-history":[{"count":1,"href":"https:\/\/www.gaveanews.com\/index.php\/wp-json\/wp\/v2\/posts\/272637\/revisions"}],"predecessor-version":[{"id":272638,"href":"https:\/\/www.gaveanews.com\/index.php\/wp-json\/wp\/v2\/posts\/272637\/revisions\/272638"}],"wp:featuredmedia":[{"embeddable":true,"href":"https:\/\/www.gaveanews.com\/index.php\/wp-json\/wp\/v2\/media\/205636"}],"wp:attachment":[{"href":"https:\/\/www.gaveanews.com\/index.php\/wp-json\/wp\/v2\/media?parent=272637"}],"wp:term":[{"taxonomy":"category","embeddable":true,"href":"https:\/\/www.gaveanews.com\/index.php\/wp-json\/wp\/v2\/categories?post=272637"},{"taxonomy":"post_tag","embeddable":true,"href":"https:\/\/www.gaveanews.com\/index.php\/wp-json\/wp\/v2\/tags?post=272637"}],"curies":[{"name":"wp","href":"https:\/\/api.w.org\/{rel}","templated":true}]}}