{"id":272643,"date":"2025-07-17T00:28:29","date_gmt":"2025-07-17T03:28:29","guid":{"rendered":"https:\/\/www.gaveanews.com\/?p=272643"},"modified":"2025-07-17T00:28:33","modified_gmt":"2025-07-17T03:28:33","slug":"leo-pereira-e-sincero-sobre-derrota-do-flamengo-para-o-santos-nao-pode","status":"publish","type":"post","link":"https:\/\/www.gaveanews.com\/index.php\/2025\/07\/17\/leo-pereira-e-sincero-sobre-derrota-do-flamengo-para-o-santos-nao-pode\/","title":{"rendered":"L\u00e9o Pereira \u00e9 sincero sobre derrota do Flamengo para o Santos: &#8220;N\u00e3o pode&#8230;&#8221;"},"content":{"rendered":"\n<p>Ap\u00f3s cinco partidas sem derrotas no Campeonato Brasileiro, o Flamengo foi superado pelo Santos na noite de quarta-feira (16 de julho), na Vila Belmiro. O rev\u00e9s por 1 a 0, v\u00e1lido pela 14\u00aa rodada da competi\u00e7\u00e3o, teve como protagonista Neymar, que marcou aos 40 minutos do segundo tempo e interrompeu a sequ\u00eancia positiva da equipe carioca.<\/p>\n\n\n\n<p>Ap\u00f3s o apito final, o zagueiro L\u00e9o Pereira, que entrou ainda na etapa inicial, avaliou o desempenho do time e apontou falhas determinantes no resultado.<\/p>\n\n\n\n<p>\u201cEu acho que a gente teve controle em boa parte do jogo, isso \u00e9 verdade. Acho que faltou o \u00faltimo passe. Criamos pouco. Um time que est\u00e1 liderando o campeonato e sempre marca gols\u2026 acho que a gente criou pouco pra concluir. A gente sabia que eles iam jogar por uma bola. Eles tiveram isso no fim do jogo, por descuido nosso, e n\u00e3o pode acontecer em um time que quer ser campe\u00e3o brasileiro.\u201d<\/p>\n\n\n\n<p>Ainda sobre o lance decisivo protagonizado por Neymar, L\u00e9o Pereira reconheceu os m\u00e9ritos do atacante santista, mas lamentou a liberdade dada pelo setor defensivo.<\/p>\n\n\n\n<p>\u201c\u00c9 o Neymar, n\u00e9? Sempre tem que ter marca\u00e7\u00e3o diferenciada em cima dele. A gente fez o nosso jogo, sem pensar no Neymar. A gente sabia que ele podia definir, mas, como falei, foi um descuido nosso. Um cara como ele n\u00e3o pode ter tanta liberdade. Na hora que erramos, est\u00e1vamos muito abertos. Ele teve sorte, m\u00e9rito dele de fazer o gol, e a gente tem que pensar no cl\u00e1ssico.\u201d<\/p>\n\n\n\n<p>Ao longo do confronto, o Flamengo controlou a posse de bola \u2014 chegando a registrar 72% no primeiro tempo \u2014, mas enfrentou dificuldade para transformar esse dom\u00ednio em oportunidades claras. As principais tentativas vieram em jogadas de Arrascaeta, Plata e Danilo, por\u00e9m pararam nas defesas do goleiro Gabriel Braz\u00e3o. A equipe de Filipe Lu\u00eds ainda apostou em substitui\u00e7\u00f5es na tentativa de mudar o panorama, com entradas de Cebolinha, De La Cruz e L\u00e9o Pereira, que substituiu L\u00e9o Ortiz ainda no primeiro tempo.<\/p>\n\n\n\n<p>O Santos, por sua vez, apostou nos contra-ataques. A estrat\u00e9gia foi recompensada no fim, quando Neymar recebeu na pequena \u00e1rea, superou dois marcadores e bateu firme, sem chances para o goleiro Rossi. O gol sacramentou o placar e acendeu o alerta no Flamengo, que pode perder a lideran\u00e7a da tabela dependendo dos resultados de Bragantino e Cruzeiro.<\/p>\n\n\n\n<p>Atualmente com 27 pontos, o Flamengo tem pela frente o cl\u00e1ssico contra o Fluminense, no domingo (20 de julho), \u00e0s 19h30 (hor\u00e1rio de Bras\u00edlia), no Maracan\u00e3. A partida \u00e9 v\u00e1lida pela 15\u00aa rodada do Brasileir\u00e3o e ser\u00e1 decisiva para a manuten\u00e7\u00e3o da equipe no topo da tabela.<\/p>\n\n\n\n<p><\/p>\n","protected":false},"excerpt":{"rendered":"<p>Ap\u00f3s cinco partidas sem derrotas no Campeonato Brasileiro, o Flamengo foi superado pelo Santos na noite de quarta-feira (16 de julho), na Vila Belmiro. O rev\u00e9s por 1 a 0, v\u00e1lido pela 14\u00aa rodada da competi\u00e7\u00e3o, teve como protagonista Neymar, que marcou aos 40 minutos do segundo tempo e interrompeu a sequ\u00eancia positiva da equipe [&hellip;]<\/p>\n","protected":false},"author":18,"featured_media":168969,"comment_status":"open","ping_status":"closed","sticky":false,"template":"","format":"standard","meta":{"footnotes":""},"categories":[1],"tags":[],"class_list":["post-272643","post","type-post","status-publish","format-standard","has-post-thumbnail","hentry","category-flamengo"],"yoast_head":"<!-- This site is optimized with the Yoast SEO Premium plugin v24.2 (Yoast SEO v26.9) - https:\/\/yoast.com\/product\/yoast-seo-premium-wordpress\/ -->\n<title>L\u00e9o Pereira \u00e9 sincero sobre derrota do Flamengo para o Santos: &quot;N\u00e3o pode...&quot;<\/title>\n<meta name=\"robots\" content=\"index, follow, max-snippet:-1, max-image-preview:large, max-video-preview:-1\" \/>\n<link rel=\"canonical\" href=\"https:\/\/www.gaveanews.com\/index.php\/2025\/07\/17\/leo-pereira-e-sincero-sobre-derrota-do-flamengo-para-o-santos-nao-pode\/\" \/>\n<meta property=\"og:locale\" content=\"pt_BR\" \/>\n<meta property=\"og:type\" content=\"article\" \/>\n<meta property=\"og:title\" content=\"L\u00e9o Pereira \u00e9 sincero sobre derrota do Flamengo para o Santos: &quot;N\u00e3o pode...&quot;\" \/>\n<meta property=\"og:description\" content=\"Ap\u00f3s cinco partidas sem derrotas no Campeonato Brasileiro, o Flamengo foi superado pelo Santos na noite de quarta-feira (16 de julho), na Vila Belmiro. O rev\u00e9s por 1 a 0, v\u00e1lido pela 14\u00aa rodada da competi\u00e7\u00e3o, teve como protagonista Neymar, que marcou aos 40 minutos do segundo tempo e interrompeu a sequ\u00eancia positiva da equipe [&hellip;]\" \/>\n<meta property=\"og:url\" content=\"https:\/\/www.gaveanews.com\/index.php\/2025\/07\/17\/leo-pereira-e-sincero-sobre-derrota-do-flamengo-para-o-santos-nao-pode\/\" \/>\n<meta property=\"og:site_name\" content=\"G\u00e1vea News\" \/>\n<meta property=\"article:publisher\" content=\"https:\/\/facebook.com\/gaveaNews\/\" \/>\n<meta property=\"article:published_time\" content=\"2025-07-17T03:28:29+00:00\" \/>\n<meta property=\"article:modified_time\" content=\"2025-07-17T03:28:33+00:00\" \/>\n<meta property=\"og:image\" content=\"http:\/\/www.gaveanews.com\/wp-content\/uploads\/Leo-Pereira-em-acao-pelo-Flamengo.webp\" \/>\n\t<meta property=\"og:image:width\" content=\"1170\" \/>\n\t<meta property=\"og:image:height\" content=\"782\" \/>\n\t<meta property=\"og:image:type\" content=\"image\/jpeg\" \/>\n<meta name=\"author\" content=\"Paula Silva\" \/>\n<meta name=\"twitter:card\" content=\"summary_large_image\" \/>\n<meta name=\"twitter:label1\" content=\"Escrito por\" \/>\n\t<meta name=\"twitter:data1\" content=\"Paula Silva\" \/>\n\t<meta name=\"twitter:label2\" content=\"Est. tempo de leitura\" \/>\n\t<meta name=\"twitter:data2\" content=\"3 minutos\" \/>\n<script type=\"application\/ld+json\" class=\"yoast-schema-graph\">{\"@context\":\"https:\/\/schema.org\",\"@graph\":[{\"@type\":\"NewsArticle\",\"@id\":\"https:\/\/www.gaveanews.com\/index.php\/2025\/07\/17\/leo-pereira-e-sincero-sobre-derrota-do-flamengo-para-o-santos-nao-pode\/#article\",\"isPartOf\":{\"@id\":\"https:\/\/www.gaveanews.com\/index.php\/2025\/07\/17\/leo-pereira-e-sincero-sobre-derrota-do-flamengo-para-o-santos-nao-pode\/\"},\"author\":{\"name\":\"Paula Silva\",\"@id\":\"https:\/\/www.gaveanews.com\/#\/schema\/person\/daf63eec72e1164eb13dc35096c2b8da\"},\"headline\":\"L\u00e9o Pereira \u00e9 sincero sobre derrota do Flamengo para o Santos: &#8220;N\u00e3o pode&#8230;&#8221;\",\"datePublished\":\"2025-07-17T03:28:29+00:00\",\"dateModified\":\"2025-07-17T03:28:33+00:00\",\"mainEntityOfPage\":{\"@id\":\"https:\/\/www.gaveanews.com\/index.php\/2025\/07\/17\/leo-pereira-e-sincero-sobre-derrota-do-flamengo-para-o-santos-nao-pode\/\"},\"wordCount\":466,\"commentCount\":0,\"image\":{\"@id\":\"https:\/\/www.gaveanews.com\/index.php\/2025\/07\/17\/leo-pereira-e-sincero-sobre-derrota-do-flamengo-para-o-santos-nao-pode\/#primaryimage\"},\"thumbnailUrl\":\"https:\/\/www.gaveanews.com\/wp-content\/uploads\/Leo-Pereira-em-acao-pelo-Flamengo.webp\",\"articleSection\":[\"Flamengo\"],\"inLanguage\":\"pt-BR\",\"potentialAction\":[{\"@type\":\"CommentAction\",\"name\":\"Comment\",\"target\":[\"https:\/\/www.gaveanews.com\/index.php\/2025\/07\/17\/leo-pereira-e-sincero-sobre-derrota-do-flamengo-para-o-santos-nao-pode\/#respond\"]}],\"copyrightYear\":\"2025\",\"copyrightHolder\":{\"@id\":\"https:\/\/www.gaveanews.com\/#organization\"}},{\"@type\":\"WebPage\",\"@id\":\"https:\/\/www.gaveanews.com\/index.php\/2025\/07\/17\/leo-pereira-e-sincero-sobre-derrota-do-flamengo-para-o-santos-nao-pode\/\",\"url\":\"https:\/\/www.gaveanews.com\/index.php\/2025\/07\/17\/leo-pereira-e-sincero-sobre-derrota-do-flamengo-para-o-santos-nao-pode\/\",\"name\":\"L\u00e9o Pereira \u00e9 sincero sobre derrota do Flamengo para o Santos: \\\"N\u00e3o pode...\\\"\",\"isPartOf\":{\"@id\":\"https:\/\/www.gaveanews.com\/#website\"},\"primaryImageOfPage\":{\"@id\":\"https:\/\/www.gaveanews.com\/index.php\/2025\/07\/17\/leo-pereira-e-sincero-sobre-derrota-do-flamengo-para-o-santos-nao-pode\/#primaryimage\"},\"image\":{\"@id\":\"https:\/\/www.gaveanews.com\/index.php\/2025\/07\/17\/leo-pereira-e-sincero-sobre-derrota-do-flamengo-para-o-santos-nao-pode\/#primaryimage\"},\"thumbnailUrl\":\"https:\/\/www.gaveanews.com\/wp-content\/uploads\/Leo-Pereira-em-acao-pelo-Flamengo.webp\",\"datePublished\":\"2025-07-17T03:28:29+00:00\",\"dateModified\":\"2025-07-17T03:28:33+00:00\",\"author\":{\"@id\":\"https:\/\/www.gaveanews.com\/#\/schema\/person\/daf63eec72e1164eb13dc35096c2b8da\"},\"breadcrumb\":{\"@id\":\"https:\/\/www.gaveanews.com\/index.php\/2025\/07\/17\/leo-pereira-e-sincero-sobre-derrota-do-flamengo-para-o-santos-nao-pode\/#breadcrumb\"},\"inLanguage\":\"pt-BR\",\"potentialAction\":[{\"@type\":\"ReadAction\",\"target\":[\"https:\/\/www.gaveanews.com\/index.php\/2025\/07\/17\/leo-pereira-e-sincero-sobre-derrota-do-flamengo-para-o-santos-nao-pode\/\"]}]},{\"@type\":\"ImageObject\",\"inLanguage\":\"pt-BR\",\"@id\":\"https:\/\/www.gaveanews.com\/index.php\/2025\/07\/17\/leo-pereira-e-sincero-sobre-derrota-do-flamengo-para-o-santos-nao-pode\/#primaryimage\",\"url\":\"https:\/\/www.gaveanews.com\/wp-content\/uploads\/Leo-Pereira-em-acao-pelo-Flamengo.webp\",\"contentUrl\":\"https:\/\/www.gaveanews.com\/wp-content\/uploads\/Leo-Pereira-em-acao-pelo-Flamengo.webp\",\"width\":1170,\"height\":782,\"caption\":\"(Foto: Reprodu\u00e7\u00e3o\/Instagram)\"},{\"@type\":\"BreadcrumbList\",\"@id\":\"https:\/\/www.gaveanews.com\/index.php\/2025\/07\/17\/leo-pereira-e-sincero-sobre-derrota-do-flamengo-para-o-santos-nao-pode\/#breadcrumb\",\"itemListElement\":[{\"@type\":\"ListItem\",\"position\":1,\"name\":\"Home\",\"item\":\"https:\/\/www.gaveanews.com\/\"},{\"@type\":\"ListItem\",\"position\":2,\"name\":\"L\u00e9o Pereira \u00e9 sincero sobre derrota do Flamengo para o Santos: &#8220;N\u00e3o pode&#8230;&#8221;\"}]},{\"@type\":\"WebSite\",\"@id\":\"https:\/\/www.gaveanews.com\/#website\",\"url\":\"https:\/\/www.gaveanews.com\/\",\"name\":\"G\u00e1vea News\",\"description\":\"Veja todas as not\u00edcias sobre o Flamengo: Contrata\u00e7\u00f5es, categorias de base, resultados das partidas, tabela de classifica\u00e7\u00e3o, pr\u00f3ximos jogos!\",\"potentialAction\":[{\"@type\":\"SearchAction\",\"target\":{\"@type\":\"EntryPoint\",\"urlTemplate\":\"https:\/\/www.gaveanews.com\/?s={search_term_string}\"},\"query-input\":{\"@type\":\"PropertyValueSpecification\",\"valueRequired\":true,\"valueName\":\"search_term_string\"}}],\"inLanguage\":\"pt-BR\"},{\"@type\":\"Person\",\"@id\":\"https:\/\/www.gaveanews.com\/#\/schema\/person\/daf63eec72e1164eb13dc35096c2b8da\",\"name\":\"Paula Silva\",\"image\":{\"@type\":\"ImageObject\",\"inLanguage\":\"pt-BR\",\"@id\":\"https:\/\/www.gaveanews.com\/#\/schema\/person\/image\/\",\"url\":\"https:\/\/secure.gravatar.com\/avatar\/eda381c845527cc5d64c13b901833cda29d97500ba040d3e6461f76f51d163bb?s=96&d=mm&r=g\",\"contentUrl\":\"https:\/\/secure.gravatar.com\/avatar\/eda381c845527cc5d64c13b901833cda29d97500ba040d3e6461f76f51d163bb?s=96&d=mm&r=g\",\"caption\":\"Paula Silva\"}}]}<\/script>\n<!-- \/ Yoast SEO Premium plugin. -->","yoast_head_json":{"title":"L\u00e9o Pereira \u00e9 sincero sobre derrota do Flamengo para o Santos: \"N\u00e3o pode...\"","robots":{"index":"index","follow":"follow","max-snippet":"max-snippet:-1","max-image-preview":"max-image-preview:large","max-video-preview":"max-video-preview:-1"},"canonical":"https:\/\/www.gaveanews.com\/index.php\/2025\/07\/17\/leo-pereira-e-sincero-sobre-derrota-do-flamengo-para-o-santos-nao-pode\/","og_locale":"pt_BR","og_type":"article","og_title":"L\u00e9o Pereira \u00e9 sincero sobre derrota do Flamengo para o Santos: \"N\u00e3o pode...\"","og_description":"Ap\u00f3s cinco partidas sem derrotas no Campeonato Brasileiro, o Flamengo foi superado pelo Santos na noite de quarta-feira (16 de julho), na Vila Belmiro. O rev\u00e9s por 1 a 0, v\u00e1lido pela 14\u00aa rodada da competi\u00e7\u00e3o, teve como protagonista Neymar, que marcou aos 40 minutos do segundo tempo e interrompeu a sequ\u00eancia positiva da equipe [&hellip;]","og_url":"https:\/\/www.gaveanews.com\/index.php\/2025\/07\/17\/leo-pereira-e-sincero-sobre-derrota-do-flamengo-para-o-santos-nao-pode\/","og_site_name":"G\u00e1vea News","article_publisher":"https:\/\/facebook.com\/gaveaNews\/","article_published_time":"2025-07-17T03:28:29+00:00","article_modified_time":"2025-07-17T03:28:33+00:00","og_image":[{"width":1170,"height":782,"url":"http:\/\/www.gaveanews.com\/wp-content\/uploads\/Leo-Pereira-em-acao-pelo-Flamengo.webp","type":"image\/jpeg"}],"author":"Paula Silva","twitter_card":"summary_large_image","twitter_misc":{"Escrito por":"Paula Silva","Est. tempo de leitura":"3 minutos"},"schema":{"@context":"https:\/\/schema.org","@graph":[{"@type":"NewsArticle","@id":"https:\/\/www.gaveanews.com\/index.php\/2025\/07\/17\/leo-pereira-e-sincero-sobre-derrota-do-flamengo-para-o-santos-nao-pode\/#article","isPartOf":{"@id":"https:\/\/www.gaveanews.com\/index.php\/2025\/07\/17\/leo-pereira-e-sincero-sobre-derrota-do-flamengo-para-o-santos-nao-pode\/"},"author":{"name":"Paula Silva","@id":"https:\/\/www.gaveanews.com\/#\/schema\/person\/daf63eec72e1164eb13dc35096c2b8da"},"headline":"L\u00e9o Pereira \u00e9 sincero sobre derrota do Flamengo para o Santos: &#8220;N\u00e3o pode&#8230;&#8221;","datePublished":"2025-07-17T03:28:29+00:00","dateModified":"2025-07-17T03:28:33+00:00","mainEntityOfPage":{"@id":"https:\/\/www.gaveanews.com\/index.php\/2025\/07\/17\/leo-pereira-e-sincero-sobre-derrota-do-flamengo-para-o-santos-nao-pode\/"},"wordCount":466,"commentCount":0,"image":{"@id":"https:\/\/www.gaveanews.com\/index.php\/2025\/07\/17\/leo-pereira-e-sincero-sobre-derrota-do-flamengo-para-o-santos-nao-pode\/#primaryimage"},"thumbnailUrl":"https:\/\/www.gaveanews.com\/wp-content\/uploads\/Leo-Pereira-em-acao-pelo-Flamengo.webp","articleSection":["Flamengo"],"inLanguage":"pt-BR","potentialAction":[{"@type":"CommentAction","name":"Comment","target":["https:\/\/www.gaveanews.com\/index.php\/2025\/07\/17\/leo-pereira-e-sincero-sobre-derrota-do-flamengo-para-o-santos-nao-pode\/#respond"]}],"copyrightYear":"2025","copyrightHolder":{"@id":"https:\/\/www.gaveanews.com\/#organization"}},{"@type":"WebPage","@id":"https:\/\/www.gaveanews.com\/index.php\/2025\/07\/17\/leo-pereira-e-sincero-sobre-derrota-do-flamengo-para-o-santos-nao-pode\/","url":"https:\/\/www.gaveanews.com\/index.php\/2025\/07\/17\/leo-pereira-e-sincero-sobre-derrota-do-flamengo-para-o-santos-nao-pode\/","name":"L\u00e9o Pereira \u00e9 sincero sobre derrota do Flamengo para o Santos: \"N\u00e3o pode...\"","isPartOf":{"@id":"https:\/\/www.gaveanews.com\/#website"},"primaryImageOfPage":{"@id":"https:\/\/www.gaveanews.com\/index.php\/2025\/07\/17\/leo-pereira-e-sincero-sobre-derrota-do-flamengo-para-o-santos-nao-pode\/#primaryimage"},"image":{"@id":"https:\/\/www.gaveanews.com\/index.php\/2025\/07\/17\/leo-pereira-e-sincero-sobre-derrota-do-flamengo-para-o-santos-nao-pode\/#primaryimage"},"thumbnailUrl":"https:\/\/www.gaveanews.com\/wp-content\/uploads\/Leo-Pereira-em-acao-pelo-Flamengo.webp","datePublished":"2025-07-17T03:28:29+00:00","dateModified":"2025-07-17T03:28:33+00:00","author":{"@id":"https:\/\/www.gaveanews.com\/#\/schema\/person\/daf63eec72e1164eb13dc35096c2b8da"},"breadcrumb":{"@id":"https:\/\/www.gaveanews.com\/index.php\/2025\/07\/17\/leo-pereira-e-sincero-sobre-derrota-do-flamengo-para-o-santos-nao-pode\/#breadcrumb"},"inLanguage":"pt-BR","potentialAction":[{"@type":"ReadAction","target":["https:\/\/www.gaveanews.com\/index.php\/2025\/07\/17\/leo-pereira-e-sincero-sobre-derrota-do-flamengo-para-o-santos-nao-pode\/"]}]},{"@type":"ImageObject","inLanguage":"pt-BR","@id":"https:\/\/www.gaveanews.com\/index.php\/2025\/07\/17\/leo-pereira-e-sincero-sobre-derrota-do-flamengo-para-o-santos-nao-pode\/#primaryimage","url":"https:\/\/www.gaveanews.com\/wp-content\/uploads\/Leo-Pereira-em-acao-pelo-Flamengo.webp","contentUrl":"https:\/\/www.gaveanews.com\/wp-content\/uploads\/Leo-Pereira-em-acao-pelo-Flamengo.webp","width":1170,"height":782,"caption":"(Foto: Reprodu\u00e7\u00e3o\/Instagram)"},{"@type":"BreadcrumbList","@id":"https:\/\/www.gaveanews.com\/index.php\/2025\/07\/17\/leo-pereira-e-sincero-sobre-derrota-do-flamengo-para-o-santos-nao-pode\/#breadcrumb","itemListElement":[{"@type":"ListItem","position":1,"name":"Home","item":"https:\/\/www.gaveanews.com\/"},{"@type":"ListItem","position":2,"name":"L\u00e9o Pereira \u00e9 sincero sobre derrota do Flamengo para o Santos: &#8220;N\u00e3o pode&#8230;&#8221;"}]},{"@type":"WebSite","@id":"https:\/\/www.gaveanews.com\/#website","url":"https:\/\/www.gaveanews.com\/","name":"G\u00e1vea News","description":"Veja todas as not\u00edcias sobre o Flamengo: Contrata\u00e7\u00f5es, categorias de base, resultados das partidas, tabela de classifica\u00e7\u00e3o, pr\u00f3ximos jogos!","potentialAction":[{"@type":"SearchAction","target":{"@type":"EntryPoint","urlTemplate":"https:\/\/www.gaveanews.com\/?s={search_term_string}"},"query-input":{"@type":"PropertyValueSpecification","valueRequired":true,"valueName":"search_term_string"}}],"inLanguage":"pt-BR"},{"@type":"Person","@id":"https:\/\/www.gaveanews.com\/#\/schema\/person\/daf63eec72e1164eb13dc35096c2b8da","name":"Paula Silva","image":{"@type":"ImageObject","inLanguage":"pt-BR","@id":"https:\/\/www.gaveanews.com\/#\/schema\/person\/image\/","url":"https:\/\/secure.gravatar.com\/avatar\/eda381c845527cc5d64c13b901833cda29d97500ba040d3e6461f76f51d163bb?s=96&d=mm&r=g","contentUrl":"https:\/\/secure.gravatar.com\/avatar\/eda381c845527cc5d64c13b901833cda29d97500ba040d3e6461f76f51d163bb?s=96&d=mm&r=g","caption":"Paula Silva"}}]}},"_links":{"self":[{"href":"https:\/\/www.gaveanews.com\/index.php\/wp-json\/wp\/v2\/posts\/272643","targetHints":{"allow":["GET"]}}],"collection":[{"href":"https:\/\/www.gaveanews.com\/index.php\/wp-json\/wp\/v2\/posts"}],"about":[{"href":"https:\/\/www.gaveanews.com\/index.php\/wp-json\/wp\/v2\/types\/post"}],"author":[{"embeddable":true,"href":"https:\/\/www.gaveanews.com\/index.php\/wp-json\/wp\/v2\/users\/18"}],"replies":[{"embeddable":true,"href":"https:\/\/www.gaveanews.com\/index.php\/wp-json\/wp\/v2\/comments?post=272643"}],"version-history":[{"count":1,"href":"https:\/\/www.gaveanews.com\/index.php\/wp-json\/wp\/v2\/posts\/272643\/revisions"}],"predecessor-version":[{"id":272645,"href":"https:\/\/www.gaveanews.com\/index.php\/wp-json\/wp\/v2\/posts\/272643\/revisions\/272645"}],"wp:featuredmedia":[{"embeddable":true,"href":"https:\/\/www.gaveanews.com\/index.php\/wp-json\/wp\/v2\/media\/168969"}],"wp:attachment":[{"href":"https:\/\/www.gaveanews.com\/index.php\/wp-json\/wp\/v2\/media?parent=272643"}],"wp:term":[{"taxonomy":"category","embeddable":true,"href":"https:\/\/www.gaveanews.com\/index.php\/wp-json\/wp\/v2\/categories?post=272643"},{"taxonomy":"post_tag","embeddable":true,"href":"https:\/\/www.gaveanews.com\/index.php\/wp-json\/wp\/v2\/tags?post=272643"}],"curies":[{"name":"wp","href":"https:\/\/api.w.org\/{rel}","templated":true}]}}