{"id":272647,"date":"2025-07-17T00:42:56","date_gmt":"2025-07-17T03:42:56","guid":{"rendered":"https:\/\/www.gaveanews.com\/?p=272647"},"modified":"2025-07-17T00:43:00","modified_gmt":"2025-07-17T03:43:00","slug":"neymar-elogia-o-flamengo-apos-vitoria-do-santos-o-melhor","status":"publish","type":"post","link":"https:\/\/www.gaveanews.com\/index.php\/2025\/07\/17\/neymar-elogia-o-flamengo-apos-vitoria-do-santos-o-melhor\/","title":{"rendered":"Neymar elogia o Flamengo ap\u00f3s vit\u00f3ria do Santos: &#8220;O melhor\u2026&#8221;"},"content":{"rendered":"\n<p>O Flamengo entrou em campo na quarta-feira (16) para enfrentar o Santos na Vila Belmiro, pela 14\u00aa rodada do Campeonato Brasileiro, com a miss\u00e3o de manter a sequ\u00eancia invicta que j\u00e1 durava cinco partidas. Apesar da superioridade na posse de bola e maior presen\u00e7a ofensiva ao longo do confronto, o time carioca acabou derrotado por 1 a 0, com gol marcado por Neymar nos minutos finais do segundo tempo.<\/p>\n\n\n\n<p>Apesar da derrota, o desempenho do Flamengo n\u00e3o passou despercebido por Neymar, que elogiou publicamente a estrutura coletiva e a qualidade do advers\u00e1rio ap\u00f3s o apito final. Segundo ele, o n\u00edvel t\u00e1tico e o elenco do Rubro-Negro s\u00e3o pontos de destaque no cen\u00e1rio nacional.<\/p>\n\n\n\n<p>\u201cCara, o Flamengo, na minha opini\u00e3o, \u00e9 o melhor time do campeonato. Muito bom taticamente, defende e ataca muito bem. Saem tr\u00eas jogadores bons, entram outros tr\u00eas bons&#8230; \u00c9 muito dif\u00edcil jogar contra um time assim\u201d, declarou Neymar ao final da partida.<\/p>\n\n\n\n<p>Ainda durante a entrevista, o atacante valorizou o desempenho da pr\u00f3pria equipe e a import\u00e2ncia do resultado diante de um advers\u00e1rio direto. \u201cHoje mostramos que podemos ir muito al\u00e9m do que estamos vivendo. Tivemos tempo para trabalhar, mostramos que podemos jogar contra qualquer time no Brasileiro\u201d, completou.<\/p>\n\n\n\n<p>A equipe comandada por Filipe Lu\u00eds encontrou dificuldades para transformar o dom\u00ednio territorial em oportunidades reais de gol. No primeiro tempo, Plata e Danilo obrigaram o goleiro Gabriel Braz\u00e3o a fazer boas defesas, e De La Cruz tamb\u00e9m tentou em cobran\u00e7a de falta, mas sem sucesso. O Rubro-Negro teve 66% de posse de bola e apenas uma finaliza\u00e7\u00e3o clara durante toda a partida.<\/p>\n\n\n\n<p>O Santos, por sua vez, soube aproveitar os espa\u00e7os cedidos pela equipe advers\u00e1ria e apostou nos contra-ataques. Aos 38 minutos da etapa final, Neymar recebeu na grande \u00e1rea, superou dois marcadores e finalizou de perna direita, garantindo a vit\u00f3ria alvinegra. Foi o gol que selou a quebra da sequ\u00eancia invicta do Flamengo e reacendeu o bom momento do camisa 10 santista.<\/p>\n\n\n\n<p>A atua\u00e7\u00e3o rubro-negra, apesar do rev\u00e9s, mostrou certa consist\u00eancia no setor defensivo durante boa parte da partida, principalmente com boas interven\u00e7\u00f5es do goleiro Rossi. Contudo, as falhas na transi\u00e7\u00e3o ofensiva e a dificuldade para finalizar com precis\u00e3o comprometeram a efetividade da equipe no confronto.<\/p>\n\n\n\n<p>Agora, o Flamengo volta suas aten\u00e7\u00f5es para o cl\u00e1ssico diante do Fluminense, marcado para domingo (20 de julho), \u00e0s 19h30 (hor\u00e1rio de Bras\u00edlia), no Maracan\u00e3. O duelo \u00e9 v\u00e1lido pela 15\u00aa rodada do Campeonato Brasileiro e pode ser decisivo para a manuten\u00e7\u00e3o do clube entre os primeiros colocados da tabela.<\/p>\n","protected":false},"excerpt":{"rendered":"<p>O Flamengo entrou em campo na quarta-feira (16) para enfrentar o Santos na Vila Belmiro, pela 14\u00aa rodada do Campeonato Brasileiro, com a miss\u00e3o de manter a sequ\u00eancia invicta que j\u00e1 durava cinco partidas. Apesar da superioridade na posse de bola e maior presen\u00e7a ofensiva ao longo do confronto, o time carioca acabou derrotado por [&hellip;]<\/p>\n","protected":false},"author":18,"featured_media":254859,"comment_status":"open","ping_status":"closed","sticky":false,"template":"","format":"standard","meta":{"footnotes":""},"categories":[1,139],"tags":[],"class_list":["post-272647","post","type-post","status-publish","format-standard","has-post-thumbnail","hentry","category-flamengo","category-santos"],"yoast_head":"<!-- This site is optimized with the Yoast SEO Premium plugin v24.2 (Yoast SEO v26.9) - https:\/\/yoast.com\/product\/yoast-seo-premium-wordpress\/ -->\n<title>Neymar elogia o Flamengo ap\u00f3s vit\u00f3ria do Santos: &quot;O melhor\u2026&quot;<\/title>\n<meta name=\"robots\" content=\"index, follow, max-snippet:-1, max-image-preview:large, max-video-preview:-1\" \/>\n<link rel=\"canonical\" href=\"https:\/\/www.gaveanews.com\/index.php\/2025\/07\/17\/neymar-elogia-o-flamengo-apos-vitoria-do-santos-o-melhor\/\" \/>\n<meta property=\"og:locale\" content=\"pt_BR\" \/>\n<meta property=\"og:type\" content=\"article\" \/>\n<meta property=\"og:title\" content=\"Neymar elogia o Flamengo ap\u00f3s vit\u00f3ria do Santos: &quot;O melhor\u2026&quot;\" \/>\n<meta property=\"og:description\" content=\"O Flamengo entrou em campo na quarta-feira (16) para enfrentar o Santos na Vila Belmiro, pela 14\u00aa rodada do Campeonato Brasileiro, com a miss\u00e3o de manter a sequ\u00eancia invicta que j\u00e1 durava cinco partidas. Apesar da superioridade na posse de bola e maior presen\u00e7a ofensiva ao longo do confronto, o time carioca acabou derrotado por [&hellip;]\" \/>\n<meta property=\"og:url\" content=\"https:\/\/www.gaveanews.com\/index.php\/2025\/07\/17\/neymar-elogia-o-flamengo-apos-vitoria-do-santos-o-melhor\/\" \/>\n<meta property=\"og:site_name\" content=\"G\u00e1vea News\" \/>\n<meta property=\"article:publisher\" content=\"https:\/\/facebook.com\/gaveaNews\/\" \/>\n<meta property=\"article:published_time\" content=\"2025-07-17T03:42:56+00:00\" \/>\n<meta property=\"article:modified_time\" content=\"2025-07-17T03:43:00+00:00\" \/>\n<meta property=\"og:image\" content=\"http:\/\/www.gaveanews.com\/wp-content\/uploads\/Neymar-junto-com-a-delegacao-do-Santos-na-Vila-Belmiro.webp\" \/>\n\t<meta property=\"og:image:width\" content=\"1200\" \/>\n\t<meta property=\"og:image:height\" content=\"800\" \/>\n\t<meta property=\"og:image:type\" content=\"image\/png\" \/>\n<meta name=\"author\" content=\"Paula Silva\" \/>\n<meta name=\"twitter:card\" content=\"summary_large_image\" \/>\n<meta name=\"twitter:label1\" content=\"Escrito por\" \/>\n\t<meta name=\"twitter:data1\" content=\"Paula Silva\" \/>\n\t<meta name=\"twitter:label2\" content=\"Est. tempo de leitura\" \/>\n\t<meta name=\"twitter:data2\" content=\"3 minutos\" \/>\n<script type=\"application\/ld+json\" class=\"yoast-schema-graph\">{\"@context\":\"https:\/\/schema.org\",\"@graph\":[{\"@type\":\"NewsArticle\",\"@id\":\"https:\/\/www.gaveanews.com\/index.php\/2025\/07\/17\/neymar-elogia-o-flamengo-apos-vitoria-do-santos-o-melhor\/#article\",\"isPartOf\":{\"@id\":\"https:\/\/www.gaveanews.com\/index.php\/2025\/07\/17\/neymar-elogia-o-flamengo-apos-vitoria-do-santos-o-melhor\/\"},\"author\":{\"name\":\"Paula Silva\",\"@id\":\"https:\/\/www.gaveanews.com\/#\/schema\/person\/daf63eec72e1164eb13dc35096c2b8da\"},\"headline\":\"Neymar elogia o Flamengo ap\u00f3s vit\u00f3ria do Santos: &#8220;O melhor\u2026&#8221;\",\"datePublished\":\"2025-07-17T03:42:56+00:00\",\"dateModified\":\"2025-07-17T03:43:00+00:00\",\"mainEntityOfPage\":{\"@id\":\"https:\/\/www.gaveanews.com\/index.php\/2025\/07\/17\/neymar-elogia-o-flamengo-apos-vitoria-do-santos-o-melhor\/\"},\"wordCount\":460,\"commentCount\":0,\"image\":{\"@id\":\"https:\/\/www.gaveanews.com\/index.php\/2025\/07\/17\/neymar-elogia-o-flamengo-apos-vitoria-do-santos-o-melhor\/#primaryimage\"},\"thumbnailUrl\":\"https:\/\/www.gaveanews.com\/wp-content\/uploads\/Neymar-junto-com-a-delegacao-do-Santos-na-Vila-Belmiro.webp\",\"articleSection\":[\"Flamengo\",\"Santos\"],\"inLanguage\":\"pt-BR\",\"potentialAction\":[{\"@type\":\"CommentAction\",\"name\":\"Comment\",\"target\":[\"https:\/\/www.gaveanews.com\/index.php\/2025\/07\/17\/neymar-elogia-o-flamengo-apos-vitoria-do-santos-o-melhor\/#respond\"]}],\"copyrightYear\":\"2025\",\"copyrightHolder\":{\"@id\":\"https:\/\/www.gaveanews.com\/#organization\"}},{\"@type\":\"WebPage\",\"@id\":\"https:\/\/www.gaveanews.com\/index.php\/2025\/07\/17\/neymar-elogia-o-flamengo-apos-vitoria-do-santos-o-melhor\/\",\"url\":\"https:\/\/www.gaveanews.com\/index.php\/2025\/07\/17\/neymar-elogia-o-flamengo-apos-vitoria-do-santos-o-melhor\/\",\"name\":\"Neymar elogia o Flamengo ap\u00f3s vit\u00f3ria do Santos: \\\"O melhor\u2026\\\"\",\"isPartOf\":{\"@id\":\"https:\/\/www.gaveanews.com\/#website\"},\"primaryImageOfPage\":{\"@id\":\"https:\/\/www.gaveanews.com\/index.php\/2025\/07\/17\/neymar-elogia-o-flamengo-apos-vitoria-do-santos-o-melhor\/#primaryimage\"},\"image\":{\"@id\":\"https:\/\/www.gaveanews.com\/index.php\/2025\/07\/17\/neymar-elogia-o-flamengo-apos-vitoria-do-santos-o-melhor\/#primaryimage\"},\"thumbnailUrl\":\"https:\/\/www.gaveanews.com\/wp-content\/uploads\/Neymar-junto-com-a-delegacao-do-Santos-na-Vila-Belmiro.webp\",\"datePublished\":\"2025-07-17T03:42:56+00:00\",\"dateModified\":\"2025-07-17T03:43:00+00:00\",\"author\":{\"@id\":\"https:\/\/www.gaveanews.com\/#\/schema\/person\/daf63eec72e1164eb13dc35096c2b8da\"},\"breadcrumb\":{\"@id\":\"https:\/\/www.gaveanews.com\/index.php\/2025\/07\/17\/neymar-elogia-o-flamengo-apos-vitoria-do-santos-o-melhor\/#breadcrumb\"},\"inLanguage\":\"pt-BR\",\"potentialAction\":[{\"@type\":\"ReadAction\",\"target\":[\"https:\/\/www.gaveanews.com\/index.php\/2025\/07\/17\/neymar-elogia-o-flamengo-apos-vitoria-do-santos-o-melhor\/\"]}]},{\"@type\":\"ImageObject\",\"inLanguage\":\"pt-BR\",\"@id\":\"https:\/\/www.gaveanews.com\/index.php\/2025\/07\/17\/neymar-elogia-o-flamengo-apos-vitoria-do-santos-o-melhor\/#primaryimage\",\"url\":\"https:\/\/www.gaveanews.com\/wp-content\/uploads\/Neymar-junto-com-a-delegacao-do-Santos-na-Vila-Belmiro.webp\",\"contentUrl\":\"https:\/\/www.gaveanews.com\/wp-content\/uploads\/Neymar-junto-com-a-delegacao-do-Santos-na-Vila-Belmiro.webp\",\"width\":1200,\"height\":800,\"caption\":\"Neymar chegando com a delega\u00e7\u00e3o do Santos na Vila Belmiro - Fotos: Raul Baretta\/ Santos FC.\"},{\"@type\":\"BreadcrumbList\",\"@id\":\"https:\/\/www.gaveanews.com\/index.php\/2025\/07\/17\/neymar-elogia-o-flamengo-apos-vitoria-do-santos-o-melhor\/#breadcrumb\",\"itemListElement\":[{\"@type\":\"ListItem\",\"position\":1,\"name\":\"Home\",\"item\":\"https:\/\/www.gaveanews.com\/\"},{\"@type\":\"ListItem\",\"position\":2,\"name\":\"Neymar elogia o Flamengo ap\u00f3s vit\u00f3ria do Santos: &#8220;O melhor\u2026&#8221;\"}]},{\"@type\":\"WebSite\",\"@id\":\"https:\/\/www.gaveanews.com\/#website\",\"url\":\"https:\/\/www.gaveanews.com\/\",\"name\":\"G\u00e1vea News\",\"description\":\"Veja todas as not\u00edcias sobre o Flamengo: Contrata\u00e7\u00f5es, categorias de base, resultados das partidas, tabela de classifica\u00e7\u00e3o, pr\u00f3ximos jogos!\",\"potentialAction\":[{\"@type\":\"SearchAction\",\"target\":{\"@type\":\"EntryPoint\",\"urlTemplate\":\"https:\/\/www.gaveanews.com\/?s={search_term_string}\"},\"query-input\":{\"@type\":\"PropertyValueSpecification\",\"valueRequired\":true,\"valueName\":\"search_term_string\"}}],\"inLanguage\":\"pt-BR\"},{\"@type\":\"Person\",\"@id\":\"https:\/\/www.gaveanews.com\/#\/schema\/person\/daf63eec72e1164eb13dc35096c2b8da\",\"name\":\"Paula Silva\",\"image\":{\"@type\":\"ImageObject\",\"inLanguage\":\"pt-BR\",\"@id\":\"https:\/\/www.gaveanews.com\/#\/schema\/person\/image\/\",\"url\":\"https:\/\/secure.gravatar.com\/avatar\/eda381c845527cc5d64c13b901833cda29d97500ba040d3e6461f76f51d163bb?s=96&d=mm&r=g\",\"contentUrl\":\"https:\/\/secure.gravatar.com\/avatar\/eda381c845527cc5d64c13b901833cda29d97500ba040d3e6461f76f51d163bb?s=96&d=mm&r=g\",\"caption\":\"Paula Silva\"}}]}<\/script>\n<!-- \/ Yoast SEO Premium plugin. -->","yoast_head_json":{"title":"Neymar elogia o Flamengo ap\u00f3s vit\u00f3ria do Santos: \"O melhor\u2026\"","robots":{"index":"index","follow":"follow","max-snippet":"max-snippet:-1","max-image-preview":"max-image-preview:large","max-video-preview":"max-video-preview:-1"},"canonical":"https:\/\/www.gaveanews.com\/index.php\/2025\/07\/17\/neymar-elogia-o-flamengo-apos-vitoria-do-santos-o-melhor\/","og_locale":"pt_BR","og_type":"article","og_title":"Neymar elogia o Flamengo ap\u00f3s vit\u00f3ria do Santos: \"O melhor\u2026\"","og_description":"O Flamengo entrou em campo na quarta-feira (16) para enfrentar o Santos na Vila Belmiro, pela 14\u00aa rodada do Campeonato Brasileiro, com a miss\u00e3o de manter a sequ\u00eancia invicta que j\u00e1 durava cinco partidas. Apesar da superioridade na posse de bola e maior presen\u00e7a ofensiva ao longo do confronto, o time carioca acabou derrotado por [&hellip;]","og_url":"https:\/\/www.gaveanews.com\/index.php\/2025\/07\/17\/neymar-elogia-o-flamengo-apos-vitoria-do-santos-o-melhor\/","og_site_name":"G\u00e1vea News","article_publisher":"https:\/\/facebook.com\/gaveaNews\/","article_published_time":"2025-07-17T03:42:56+00:00","article_modified_time":"2025-07-17T03:43:00+00:00","og_image":[{"width":1200,"height":800,"url":"http:\/\/www.gaveanews.com\/wp-content\/uploads\/Neymar-junto-com-a-delegacao-do-Santos-na-Vila-Belmiro.webp","type":"image\/png"}],"author":"Paula Silva","twitter_card":"summary_large_image","twitter_misc":{"Escrito por":"Paula Silva","Est. tempo de leitura":"3 minutos"},"schema":{"@context":"https:\/\/schema.org","@graph":[{"@type":"NewsArticle","@id":"https:\/\/www.gaveanews.com\/index.php\/2025\/07\/17\/neymar-elogia-o-flamengo-apos-vitoria-do-santos-o-melhor\/#article","isPartOf":{"@id":"https:\/\/www.gaveanews.com\/index.php\/2025\/07\/17\/neymar-elogia-o-flamengo-apos-vitoria-do-santos-o-melhor\/"},"author":{"name":"Paula Silva","@id":"https:\/\/www.gaveanews.com\/#\/schema\/person\/daf63eec72e1164eb13dc35096c2b8da"},"headline":"Neymar elogia o Flamengo ap\u00f3s vit\u00f3ria do Santos: &#8220;O melhor\u2026&#8221;","datePublished":"2025-07-17T03:42:56+00:00","dateModified":"2025-07-17T03:43:00+00:00","mainEntityOfPage":{"@id":"https:\/\/www.gaveanews.com\/index.php\/2025\/07\/17\/neymar-elogia-o-flamengo-apos-vitoria-do-santos-o-melhor\/"},"wordCount":460,"commentCount":0,"image":{"@id":"https:\/\/www.gaveanews.com\/index.php\/2025\/07\/17\/neymar-elogia-o-flamengo-apos-vitoria-do-santos-o-melhor\/#primaryimage"},"thumbnailUrl":"https:\/\/www.gaveanews.com\/wp-content\/uploads\/Neymar-junto-com-a-delegacao-do-Santos-na-Vila-Belmiro.webp","articleSection":["Flamengo","Santos"],"inLanguage":"pt-BR","potentialAction":[{"@type":"CommentAction","name":"Comment","target":["https:\/\/www.gaveanews.com\/index.php\/2025\/07\/17\/neymar-elogia-o-flamengo-apos-vitoria-do-santos-o-melhor\/#respond"]}],"copyrightYear":"2025","copyrightHolder":{"@id":"https:\/\/www.gaveanews.com\/#organization"}},{"@type":"WebPage","@id":"https:\/\/www.gaveanews.com\/index.php\/2025\/07\/17\/neymar-elogia-o-flamengo-apos-vitoria-do-santos-o-melhor\/","url":"https:\/\/www.gaveanews.com\/index.php\/2025\/07\/17\/neymar-elogia-o-flamengo-apos-vitoria-do-santos-o-melhor\/","name":"Neymar elogia o Flamengo ap\u00f3s vit\u00f3ria do Santos: \"O melhor\u2026\"","isPartOf":{"@id":"https:\/\/www.gaveanews.com\/#website"},"primaryImageOfPage":{"@id":"https:\/\/www.gaveanews.com\/index.php\/2025\/07\/17\/neymar-elogia-o-flamengo-apos-vitoria-do-santos-o-melhor\/#primaryimage"},"image":{"@id":"https:\/\/www.gaveanews.com\/index.php\/2025\/07\/17\/neymar-elogia-o-flamengo-apos-vitoria-do-santos-o-melhor\/#primaryimage"},"thumbnailUrl":"https:\/\/www.gaveanews.com\/wp-content\/uploads\/Neymar-junto-com-a-delegacao-do-Santos-na-Vila-Belmiro.webp","datePublished":"2025-07-17T03:42:56+00:00","dateModified":"2025-07-17T03:43:00+00:00","author":{"@id":"https:\/\/www.gaveanews.com\/#\/schema\/person\/daf63eec72e1164eb13dc35096c2b8da"},"breadcrumb":{"@id":"https:\/\/www.gaveanews.com\/index.php\/2025\/07\/17\/neymar-elogia-o-flamengo-apos-vitoria-do-santos-o-melhor\/#breadcrumb"},"inLanguage":"pt-BR","potentialAction":[{"@type":"ReadAction","target":["https:\/\/www.gaveanews.com\/index.php\/2025\/07\/17\/neymar-elogia-o-flamengo-apos-vitoria-do-santos-o-melhor\/"]}]},{"@type":"ImageObject","inLanguage":"pt-BR","@id":"https:\/\/www.gaveanews.com\/index.php\/2025\/07\/17\/neymar-elogia-o-flamengo-apos-vitoria-do-santos-o-melhor\/#primaryimage","url":"https:\/\/www.gaveanews.com\/wp-content\/uploads\/Neymar-junto-com-a-delegacao-do-Santos-na-Vila-Belmiro.webp","contentUrl":"https:\/\/www.gaveanews.com\/wp-content\/uploads\/Neymar-junto-com-a-delegacao-do-Santos-na-Vila-Belmiro.webp","width":1200,"height":800,"caption":"Neymar chegando com a delega\u00e7\u00e3o do Santos na Vila Belmiro - Fotos: Raul Baretta\/ Santos FC."},{"@type":"BreadcrumbList","@id":"https:\/\/www.gaveanews.com\/index.php\/2025\/07\/17\/neymar-elogia-o-flamengo-apos-vitoria-do-santos-o-melhor\/#breadcrumb","itemListElement":[{"@type":"ListItem","position":1,"name":"Home","item":"https:\/\/www.gaveanews.com\/"},{"@type":"ListItem","position":2,"name":"Neymar elogia o Flamengo ap\u00f3s vit\u00f3ria do Santos: &#8220;O melhor\u2026&#8221;"}]},{"@type":"WebSite","@id":"https:\/\/www.gaveanews.com\/#website","url":"https:\/\/www.gaveanews.com\/","name":"G\u00e1vea News","description":"Veja todas as not\u00edcias sobre o Flamengo: Contrata\u00e7\u00f5es, categorias de base, resultados das partidas, tabela de classifica\u00e7\u00e3o, pr\u00f3ximos jogos!","potentialAction":[{"@type":"SearchAction","target":{"@type":"EntryPoint","urlTemplate":"https:\/\/www.gaveanews.com\/?s={search_term_string}"},"query-input":{"@type":"PropertyValueSpecification","valueRequired":true,"valueName":"search_term_string"}}],"inLanguage":"pt-BR"},{"@type":"Person","@id":"https:\/\/www.gaveanews.com\/#\/schema\/person\/daf63eec72e1164eb13dc35096c2b8da","name":"Paula Silva","image":{"@type":"ImageObject","inLanguage":"pt-BR","@id":"https:\/\/www.gaveanews.com\/#\/schema\/person\/image\/","url":"https:\/\/secure.gravatar.com\/avatar\/eda381c845527cc5d64c13b901833cda29d97500ba040d3e6461f76f51d163bb?s=96&d=mm&r=g","contentUrl":"https:\/\/secure.gravatar.com\/avatar\/eda381c845527cc5d64c13b901833cda29d97500ba040d3e6461f76f51d163bb?s=96&d=mm&r=g","caption":"Paula Silva"}}]}},"_links":{"self":[{"href":"https:\/\/www.gaveanews.com\/index.php\/wp-json\/wp\/v2\/posts\/272647","targetHints":{"allow":["GET"]}}],"collection":[{"href":"https:\/\/www.gaveanews.com\/index.php\/wp-json\/wp\/v2\/posts"}],"about":[{"href":"https:\/\/www.gaveanews.com\/index.php\/wp-json\/wp\/v2\/types\/post"}],"author":[{"embeddable":true,"href":"https:\/\/www.gaveanews.com\/index.php\/wp-json\/wp\/v2\/users\/18"}],"replies":[{"embeddable":true,"href":"https:\/\/www.gaveanews.com\/index.php\/wp-json\/wp\/v2\/comments?post=272647"}],"version-history":[{"count":1,"href":"https:\/\/www.gaveanews.com\/index.php\/wp-json\/wp\/v2\/posts\/272647\/revisions"}],"predecessor-version":[{"id":272648,"href":"https:\/\/www.gaveanews.com\/index.php\/wp-json\/wp\/v2\/posts\/272647\/revisions\/272648"}],"wp:featuredmedia":[{"embeddable":true,"href":"https:\/\/www.gaveanews.com\/index.php\/wp-json\/wp\/v2\/media\/254859"}],"wp:attachment":[{"href":"https:\/\/www.gaveanews.com\/index.php\/wp-json\/wp\/v2\/media?parent=272647"}],"wp:term":[{"taxonomy":"category","embeddable":true,"href":"https:\/\/www.gaveanews.com\/index.php\/wp-json\/wp\/v2\/categories?post=272647"},{"taxonomy":"post_tag","embeddable":true,"href":"https:\/\/www.gaveanews.com\/index.php\/wp-json\/wp\/v2\/tags?post=272647"}],"curies":[{"name":"wp","href":"https:\/\/api.w.org\/{rel}","templated":true}]}}