{"id":272658,"date":"2025-07-17T10:30:00","date_gmt":"2025-07-17T13:30:00","guid":{"rendered":"https:\/\/www.gaveanews.com\/?p=272658"},"modified":"2025-07-17T10:16:29","modified_gmt":"2025-07-17T13:16:29","slug":"com-titular-suspenso-flamengo-acumula-quatro-desfalques-para-o-classico","status":"publish","type":"post","link":"https:\/\/www.gaveanews.com\/index.php\/2025\/07\/17\/com-titular-suspenso-flamengo-acumula-quatro-desfalques-para-o-classico\/","title":{"rendered":"Com titular suspenso, Flamengo acumula quatro desfalques para o cl\u00e1ssico"},"content":{"rendered":"\n<p>O cl\u00e1ssico entre Flamengo e Fluminense, marcado para este domingo (20), \u00e0s 19h30, no Maracan\u00e3, ser\u00e1 um dos duelos mais aguardados da 15\u00aa rodada do Brasileir\u00e3o. No entanto, o Rubro-Negro entra pressionado e bastante desfalcado.&nbsp;<\/p>\n\n\n\n<p>A equipe comandada por Filipe Lu\u00eds acumula quatro baixas confirmadas, sendo assim, precisar\u00e1 reorganizar o time para o Fla-Flu.<\/p>\n\n\n\n<p>O mais recente desfalque veio com o atacante Bruno Henrique, que recebeu o terceiro cart\u00e3o amarelo durante a derrota para o Santos, na \u00faltima quarta-feira (16), e est\u00e1 suspenso. Por isso, o t\u00e9cnico ter\u00e1 de buscar alternativas para recompor o setor ofensivo.<\/p>\n\n\n\n<h2 class=\"wp-block-heading\" id=\"h-lesoes-complicam-o-planejamento-de-filipe-luis\">Les\u00f5es complicam o planejamento de Filipe Lu\u00eds<\/h2>\n\n\n\n<p>Al\u00e9m disso, o Flamengo j\u00e1 n\u00e3o podia contar com Alex Sandro, Ayrton Lucas e Pulgar, todos no departamento m\u00e9dico. Vale destacar que s\u00e3o jogadores que vinham sendo utilizados com frequ\u00eancia, e suas aus\u00eancias abrem lacunas tanto no sistema defensivo quanto no meio-campo. Dessa maneira, o treinador ter\u00e1 pouco tempo para definir substitutos.<\/p>\n\n\n\n<p>Isso porque, al\u00e9m dos desfalques j\u00e1 confirmados, h\u00e1 ainda a d\u00favida sobre o zagueiro L\u00e9o Ortiz. O defensor saiu de campo com dores contra o Santos e ser\u00e1 reavaliado. Com isso, o Flamengo pode ter at\u00e9 cinco aus\u00eancias no cl\u00e1ssico.<\/p>\n\n\n\n<h2 class=\"wp-block-heading\" id=\"h-classico-com-peso-de-recomeco\">Cl\u00e1ssico com peso de recome\u00e7o<\/h2>\n\n\n\n<p>O Fla-Flu j\u00e1 \u00e9, por si s\u00f3, um jogo cercado de rivalidade e expectativa. Cabe ressaltar, no entanto, que o confronto deste domingo ganha um peso extra para o Flamengo, que vem de derrota e precisa de uma resposta imediata.<\/p>\n\n\n\n<p>Portanto, o duelo contra o Fluminense ser\u00e1 mais que uma simples disputa por tr\u00eas pontos: trata-se de um teste de for\u00e7a, estrat\u00e9gia e resili\u00eancia.&nbsp;<\/p>\n\n\n\n<p>Desse jeito, cada escolha feita por Filipe Lu\u00eds, desde a escala\u00e7\u00e3o inicial at\u00e9 as substitui\u00e7\u00f5es, pode influenciar diretamente n\u00e3o apenas o desempenho do Flamengo no cl\u00e1ssico, mas tamb\u00e9m o rumo da equipe nas pr\u00f3ximas rodadas do Campeonato Brasileiro, impactando a confian\u00e7a do elenco e o apoio da torcida.<\/p>\n","protected":false},"excerpt":{"rendered":"<p>O cl\u00e1ssico entre Flamengo e Fluminense, marcado para este domingo (20), \u00e0s 19h30, no Maracan\u00e3, ser\u00e1 um dos duelos mais aguardados da 15\u00aa rodada do Brasileir\u00e3o. No entanto, o Rubro-Negro entra pressionado e bastante desfalcado.&nbsp; A equipe comandada por Filipe Lu\u00eds acumula quatro baixas confirmadas, sendo assim, precisar\u00e1 reorganizar o time para o Fla-Flu. O [&hellip;]<\/p>\n","protected":false},"author":25,"featured_media":171213,"comment_status":"open","ping_status":"closed","sticky":false,"template":"","format":"standard","meta":{"footnotes":""},"categories":[1],"tags":[],"class_list":["post-272658","post","type-post","status-publish","format-standard","has-post-thumbnail","hentry","category-flamengo"],"yoast_head":"<!-- This site is optimized with the Yoast SEO Premium plugin v24.2 (Yoast SEO v26.9) - https:\/\/yoast.com\/product\/yoast-seo-premium-wordpress\/ -->\n<title>Com titular suspenso, Flamengo acumula quatro desfalques para o cl\u00e1ssico<\/title>\n<meta name=\"robots\" content=\"index, follow, max-snippet:-1, max-image-preview:large, max-video-preview:-1\" \/>\n<link rel=\"canonical\" href=\"https:\/\/www.gaveanews.com\/index.php\/2025\/07\/17\/com-titular-suspenso-flamengo-acumula-quatro-desfalques-para-o-classico\/\" \/>\n<meta property=\"og:locale\" content=\"pt_BR\" \/>\n<meta property=\"og:type\" content=\"article\" \/>\n<meta property=\"og:title\" content=\"Com titular suspenso, Flamengo acumula quatro desfalques para o cl\u00e1ssico\" \/>\n<meta property=\"og:description\" content=\"O cl\u00e1ssico entre Flamengo e Fluminense, marcado para este domingo (20), \u00e0s 19h30, no Maracan\u00e3, ser\u00e1 um dos duelos mais aguardados da 15\u00aa rodada do Brasileir\u00e3o. No entanto, o Rubro-Negro entra pressionado e bastante desfalcado.&nbsp; A equipe comandada por Filipe Lu\u00eds acumula quatro baixas confirmadas, sendo assim, precisar\u00e1 reorganizar o time para o Fla-Flu. O [&hellip;]\" \/>\n<meta property=\"og:url\" content=\"https:\/\/www.gaveanews.com\/index.php\/2025\/07\/17\/com-titular-suspenso-flamengo-acumula-quatro-desfalques-para-o-classico\/\" \/>\n<meta property=\"og:site_name\" content=\"G\u00e1vea News\" \/>\n<meta property=\"article:publisher\" content=\"https:\/\/facebook.com\/gaveaNews\/\" \/>\n<meta property=\"article:published_time\" content=\"2025-07-17T13:30:00+00:00\" \/>\n<meta property=\"og:image\" content=\"https:\/\/www.gaveanews.com\/wp-content\/uploads\/Filipe-Luis-como-tecnico-do-Flamengo-em-2024.webp\" \/>\n\t<meta property=\"og:image:width\" content=\"1065\" \/>\n\t<meta property=\"og:image:height\" content=\"710\" \/>\n\t<meta property=\"og:image:type\" content=\"image\/webp\" \/>\n<meta name=\"author\" content=\"Rafaela Ladeira\" \/>\n<meta name=\"twitter:card\" content=\"summary_large_image\" \/>\n<meta name=\"twitter:label1\" content=\"Escrito por\" \/>\n\t<meta name=\"twitter:data1\" content=\"Rafaela Ladeira\" \/>\n\t<meta name=\"twitter:label2\" content=\"Est. tempo de leitura\" \/>\n\t<meta name=\"twitter:data2\" content=\"2 minutos\" \/>\n<script type=\"application\/ld+json\" class=\"yoast-schema-graph\">{\"@context\":\"https:\/\/schema.org\",\"@graph\":[{\"@type\":\"NewsArticle\",\"@id\":\"https:\/\/www.gaveanews.com\/index.php\/2025\/07\/17\/com-titular-suspenso-flamengo-acumula-quatro-desfalques-para-o-classico\/#article\",\"isPartOf\":{\"@id\":\"https:\/\/www.gaveanews.com\/index.php\/2025\/07\/17\/com-titular-suspenso-flamengo-acumula-quatro-desfalques-para-o-classico\/\"},\"author\":{\"name\":\"Rafaela Ladeira\",\"@id\":\"https:\/\/www.gaveanews.com\/#\/schema\/person\/0eb3e3fe1754f0205218538adbe8f5ed\"},\"headline\":\"Com titular suspenso, Flamengo acumula quatro desfalques para o cl\u00e1ssico\",\"datePublished\":\"2025-07-17T13:30:00+00:00\",\"mainEntityOfPage\":{\"@id\":\"https:\/\/www.gaveanews.com\/index.php\/2025\/07\/17\/com-titular-suspenso-flamengo-acumula-quatro-desfalques-para-o-classico\/\"},\"wordCount\":353,\"commentCount\":0,\"image\":{\"@id\":\"https:\/\/www.gaveanews.com\/index.php\/2025\/07\/17\/com-titular-suspenso-flamengo-acumula-quatro-desfalques-para-o-classico\/#primaryimage\"},\"thumbnailUrl\":\"https:\/\/www.gaveanews.com\/wp-content\/uploads\/Filipe-Luis-como-tecnico-do-Flamengo-em-2024.webp\",\"articleSection\":[\"Flamengo\"],\"inLanguage\":\"pt-BR\",\"potentialAction\":[{\"@type\":\"CommentAction\",\"name\":\"Comment\",\"target\":[\"https:\/\/www.gaveanews.com\/index.php\/2025\/07\/17\/com-titular-suspenso-flamengo-acumula-quatro-desfalques-para-o-classico\/#respond\"]}],\"copyrightYear\":\"2025\",\"copyrightHolder\":{\"@id\":\"https:\/\/www.gaveanews.com\/#organization\"}},{\"@type\":\"WebPage\",\"@id\":\"https:\/\/www.gaveanews.com\/index.php\/2025\/07\/17\/com-titular-suspenso-flamengo-acumula-quatro-desfalques-para-o-classico\/\",\"url\":\"https:\/\/www.gaveanews.com\/index.php\/2025\/07\/17\/com-titular-suspenso-flamengo-acumula-quatro-desfalques-para-o-classico\/\",\"name\":\"Com titular suspenso, Flamengo acumula quatro desfalques para o cl\u00e1ssico\",\"isPartOf\":{\"@id\":\"https:\/\/www.gaveanews.com\/#website\"},\"primaryImageOfPage\":{\"@id\":\"https:\/\/www.gaveanews.com\/index.php\/2025\/07\/17\/com-titular-suspenso-flamengo-acumula-quatro-desfalques-para-o-classico\/#primaryimage\"},\"image\":{\"@id\":\"https:\/\/www.gaveanews.com\/index.php\/2025\/07\/17\/com-titular-suspenso-flamengo-acumula-quatro-desfalques-para-o-classico\/#primaryimage\"},\"thumbnailUrl\":\"https:\/\/www.gaveanews.com\/wp-content\/uploads\/Filipe-Luis-como-tecnico-do-Flamengo-em-2024.webp\",\"datePublished\":\"2025-07-17T13:30:00+00:00\",\"author\":{\"@id\":\"https:\/\/www.gaveanews.com\/#\/schema\/person\/0eb3e3fe1754f0205218538adbe8f5ed\"},\"breadcrumb\":{\"@id\":\"https:\/\/www.gaveanews.com\/index.php\/2025\/07\/17\/com-titular-suspenso-flamengo-acumula-quatro-desfalques-para-o-classico\/#breadcrumb\"},\"inLanguage\":\"pt-BR\",\"potentialAction\":[{\"@type\":\"ReadAction\",\"target\":[\"https:\/\/www.gaveanews.com\/index.php\/2025\/07\/17\/com-titular-suspenso-flamengo-acumula-quatro-desfalques-para-o-classico\/\"]}]},{\"@type\":\"ImageObject\",\"inLanguage\":\"pt-BR\",\"@id\":\"https:\/\/www.gaveanews.com\/index.php\/2025\/07\/17\/com-titular-suspenso-flamengo-acumula-quatro-desfalques-para-o-classico\/#primaryimage\",\"url\":\"https:\/\/www.gaveanews.com\/wp-content\/uploads\/Filipe-Luis-como-tecnico-do-Flamengo-em-2024.webp\",\"contentUrl\":\"https:\/\/www.gaveanews.com\/wp-content\/uploads\/Filipe-Luis-como-tecnico-do-Flamengo-em-2024.webp\",\"width\":1065,\"height\":710,\"caption\":\"Filipe Lu\u00eds como t\u00e9cnico do Flamengo em (Foto: Gilvan de Souza e Marcelo Cortes \/ CRF)\"},{\"@type\":\"BreadcrumbList\",\"@id\":\"https:\/\/www.gaveanews.com\/index.php\/2025\/07\/17\/com-titular-suspenso-flamengo-acumula-quatro-desfalques-para-o-classico\/#breadcrumb\",\"itemListElement\":[{\"@type\":\"ListItem\",\"position\":1,\"name\":\"Home\",\"item\":\"https:\/\/www.gaveanews.com\/\"},{\"@type\":\"ListItem\",\"position\":2,\"name\":\"Com titular suspenso, Flamengo acumula quatro desfalques para o cl\u00e1ssico\"}]},{\"@type\":\"WebSite\",\"@id\":\"https:\/\/www.gaveanews.com\/#website\",\"url\":\"https:\/\/www.gaveanews.com\/\",\"name\":\"G\u00e1vea News\",\"description\":\"Veja todas as not\u00edcias sobre o Flamengo: Contrata\u00e7\u00f5es, categorias de base, resultados das partidas, tabela de classifica\u00e7\u00e3o, pr\u00f3ximos jogos!\",\"potentialAction\":[{\"@type\":\"SearchAction\",\"target\":{\"@type\":\"EntryPoint\",\"urlTemplate\":\"https:\/\/www.gaveanews.com\/?s={search_term_string}\"},\"query-input\":{\"@type\":\"PropertyValueSpecification\",\"valueRequired\":true,\"valueName\":\"search_term_string\"}}],\"inLanguage\":\"pt-BR\"},{\"@type\":\"Person\",\"@id\":\"https:\/\/www.gaveanews.com\/#\/schema\/person\/0eb3e3fe1754f0205218538adbe8f5ed\",\"name\":\"Rafaela Ladeira\",\"image\":{\"@type\":\"ImageObject\",\"inLanguage\":\"pt-BR\",\"@id\":\"https:\/\/www.gaveanews.com\/#\/schema\/person\/image\/\",\"url\":\"https:\/\/secure.gravatar.com\/avatar\/c31f513acffd85eacab5730cbdfdbbf59f21ba5aeada8cd890acea879fbb2455?s=96&d=mm&r=g\",\"contentUrl\":\"https:\/\/secure.gravatar.com\/avatar\/c31f513acffd85eacab5730cbdfdbbf59f21ba5aeada8cd890acea879fbb2455?s=96&d=mm&r=g\",\"caption\":\"Rafaela Ladeira\"}}]}<\/script>\n<!-- \/ Yoast SEO Premium plugin. -->","yoast_head_json":{"title":"Com titular suspenso, Flamengo acumula quatro desfalques para o cl\u00e1ssico","robots":{"index":"index","follow":"follow","max-snippet":"max-snippet:-1","max-image-preview":"max-image-preview:large","max-video-preview":"max-video-preview:-1"},"canonical":"https:\/\/www.gaveanews.com\/index.php\/2025\/07\/17\/com-titular-suspenso-flamengo-acumula-quatro-desfalques-para-o-classico\/","og_locale":"pt_BR","og_type":"article","og_title":"Com titular suspenso, Flamengo acumula quatro desfalques para o cl\u00e1ssico","og_description":"O cl\u00e1ssico entre Flamengo e Fluminense, marcado para este domingo (20), \u00e0s 19h30, no Maracan\u00e3, ser\u00e1 um dos duelos mais aguardados da 15\u00aa rodada do Brasileir\u00e3o. No entanto, o Rubro-Negro entra pressionado e bastante desfalcado.&nbsp; A equipe comandada por Filipe Lu\u00eds acumula quatro baixas confirmadas, sendo assim, precisar\u00e1 reorganizar o time para o Fla-Flu. O [&hellip;]","og_url":"https:\/\/www.gaveanews.com\/index.php\/2025\/07\/17\/com-titular-suspenso-flamengo-acumula-quatro-desfalques-para-o-classico\/","og_site_name":"G\u00e1vea News","article_publisher":"https:\/\/facebook.com\/gaveaNews\/","article_published_time":"2025-07-17T13:30:00+00:00","og_image":[{"width":1065,"height":710,"url":"https:\/\/www.gaveanews.com\/wp-content\/uploads\/Filipe-Luis-como-tecnico-do-Flamengo-em-2024.webp","type":"image\/webp"}],"author":"Rafaela Ladeira","twitter_card":"summary_large_image","twitter_misc":{"Escrito por":"Rafaela Ladeira","Est. tempo de leitura":"2 minutos"},"schema":{"@context":"https:\/\/schema.org","@graph":[{"@type":"NewsArticle","@id":"https:\/\/www.gaveanews.com\/index.php\/2025\/07\/17\/com-titular-suspenso-flamengo-acumula-quatro-desfalques-para-o-classico\/#article","isPartOf":{"@id":"https:\/\/www.gaveanews.com\/index.php\/2025\/07\/17\/com-titular-suspenso-flamengo-acumula-quatro-desfalques-para-o-classico\/"},"author":{"name":"Rafaela Ladeira","@id":"https:\/\/www.gaveanews.com\/#\/schema\/person\/0eb3e3fe1754f0205218538adbe8f5ed"},"headline":"Com titular suspenso, Flamengo acumula quatro desfalques para o cl\u00e1ssico","datePublished":"2025-07-17T13:30:00+00:00","mainEntityOfPage":{"@id":"https:\/\/www.gaveanews.com\/index.php\/2025\/07\/17\/com-titular-suspenso-flamengo-acumula-quatro-desfalques-para-o-classico\/"},"wordCount":353,"commentCount":0,"image":{"@id":"https:\/\/www.gaveanews.com\/index.php\/2025\/07\/17\/com-titular-suspenso-flamengo-acumula-quatro-desfalques-para-o-classico\/#primaryimage"},"thumbnailUrl":"https:\/\/www.gaveanews.com\/wp-content\/uploads\/Filipe-Luis-como-tecnico-do-Flamengo-em-2024.webp","articleSection":["Flamengo"],"inLanguage":"pt-BR","potentialAction":[{"@type":"CommentAction","name":"Comment","target":["https:\/\/www.gaveanews.com\/index.php\/2025\/07\/17\/com-titular-suspenso-flamengo-acumula-quatro-desfalques-para-o-classico\/#respond"]}],"copyrightYear":"2025","copyrightHolder":{"@id":"https:\/\/www.gaveanews.com\/#organization"}},{"@type":"WebPage","@id":"https:\/\/www.gaveanews.com\/index.php\/2025\/07\/17\/com-titular-suspenso-flamengo-acumula-quatro-desfalques-para-o-classico\/","url":"https:\/\/www.gaveanews.com\/index.php\/2025\/07\/17\/com-titular-suspenso-flamengo-acumula-quatro-desfalques-para-o-classico\/","name":"Com titular suspenso, Flamengo acumula quatro desfalques para o cl\u00e1ssico","isPartOf":{"@id":"https:\/\/www.gaveanews.com\/#website"},"primaryImageOfPage":{"@id":"https:\/\/www.gaveanews.com\/index.php\/2025\/07\/17\/com-titular-suspenso-flamengo-acumula-quatro-desfalques-para-o-classico\/#primaryimage"},"image":{"@id":"https:\/\/www.gaveanews.com\/index.php\/2025\/07\/17\/com-titular-suspenso-flamengo-acumula-quatro-desfalques-para-o-classico\/#primaryimage"},"thumbnailUrl":"https:\/\/www.gaveanews.com\/wp-content\/uploads\/Filipe-Luis-como-tecnico-do-Flamengo-em-2024.webp","datePublished":"2025-07-17T13:30:00+00:00","author":{"@id":"https:\/\/www.gaveanews.com\/#\/schema\/person\/0eb3e3fe1754f0205218538adbe8f5ed"},"breadcrumb":{"@id":"https:\/\/www.gaveanews.com\/index.php\/2025\/07\/17\/com-titular-suspenso-flamengo-acumula-quatro-desfalques-para-o-classico\/#breadcrumb"},"inLanguage":"pt-BR","potentialAction":[{"@type":"ReadAction","target":["https:\/\/www.gaveanews.com\/index.php\/2025\/07\/17\/com-titular-suspenso-flamengo-acumula-quatro-desfalques-para-o-classico\/"]}]},{"@type":"ImageObject","inLanguage":"pt-BR","@id":"https:\/\/www.gaveanews.com\/index.php\/2025\/07\/17\/com-titular-suspenso-flamengo-acumula-quatro-desfalques-para-o-classico\/#primaryimage","url":"https:\/\/www.gaveanews.com\/wp-content\/uploads\/Filipe-Luis-como-tecnico-do-Flamengo-em-2024.webp","contentUrl":"https:\/\/www.gaveanews.com\/wp-content\/uploads\/Filipe-Luis-como-tecnico-do-Flamengo-em-2024.webp","width":1065,"height":710,"caption":"Filipe Lu\u00eds como t\u00e9cnico do Flamengo em (Foto: Gilvan de Souza e Marcelo Cortes \/ CRF)"},{"@type":"BreadcrumbList","@id":"https:\/\/www.gaveanews.com\/index.php\/2025\/07\/17\/com-titular-suspenso-flamengo-acumula-quatro-desfalques-para-o-classico\/#breadcrumb","itemListElement":[{"@type":"ListItem","position":1,"name":"Home","item":"https:\/\/www.gaveanews.com\/"},{"@type":"ListItem","position":2,"name":"Com titular suspenso, Flamengo acumula quatro desfalques para o cl\u00e1ssico"}]},{"@type":"WebSite","@id":"https:\/\/www.gaveanews.com\/#website","url":"https:\/\/www.gaveanews.com\/","name":"G\u00e1vea News","description":"Veja todas as not\u00edcias sobre o Flamengo: Contrata\u00e7\u00f5es, categorias de base, resultados das partidas, tabela de classifica\u00e7\u00e3o, pr\u00f3ximos jogos!","potentialAction":[{"@type":"SearchAction","target":{"@type":"EntryPoint","urlTemplate":"https:\/\/www.gaveanews.com\/?s={search_term_string}"},"query-input":{"@type":"PropertyValueSpecification","valueRequired":true,"valueName":"search_term_string"}}],"inLanguage":"pt-BR"},{"@type":"Person","@id":"https:\/\/www.gaveanews.com\/#\/schema\/person\/0eb3e3fe1754f0205218538adbe8f5ed","name":"Rafaela Ladeira","image":{"@type":"ImageObject","inLanguage":"pt-BR","@id":"https:\/\/www.gaveanews.com\/#\/schema\/person\/image\/","url":"https:\/\/secure.gravatar.com\/avatar\/c31f513acffd85eacab5730cbdfdbbf59f21ba5aeada8cd890acea879fbb2455?s=96&d=mm&r=g","contentUrl":"https:\/\/secure.gravatar.com\/avatar\/c31f513acffd85eacab5730cbdfdbbf59f21ba5aeada8cd890acea879fbb2455?s=96&d=mm&r=g","caption":"Rafaela Ladeira"}}]}},"_links":{"self":[{"href":"https:\/\/www.gaveanews.com\/index.php\/wp-json\/wp\/v2\/posts\/272658","targetHints":{"allow":["GET"]}}],"collection":[{"href":"https:\/\/www.gaveanews.com\/index.php\/wp-json\/wp\/v2\/posts"}],"about":[{"href":"https:\/\/www.gaveanews.com\/index.php\/wp-json\/wp\/v2\/types\/post"}],"author":[{"embeddable":true,"href":"https:\/\/www.gaveanews.com\/index.php\/wp-json\/wp\/v2\/users\/25"}],"replies":[{"embeddable":true,"href":"https:\/\/www.gaveanews.com\/index.php\/wp-json\/wp\/v2\/comments?post=272658"}],"version-history":[{"count":1,"href":"https:\/\/www.gaveanews.com\/index.php\/wp-json\/wp\/v2\/posts\/272658\/revisions"}],"predecessor-version":[{"id":272659,"href":"https:\/\/www.gaveanews.com\/index.php\/wp-json\/wp\/v2\/posts\/272658\/revisions\/272659"}],"wp:featuredmedia":[{"embeddable":true,"href":"https:\/\/www.gaveanews.com\/index.php\/wp-json\/wp\/v2\/media\/171213"}],"wp:attachment":[{"href":"https:\/\/www.gaveanews.com\/index.php\/wp-json\/wp\/v2\/media?parent=272658"}],"wp:term":[{"taxonomy":"category","embeddable":true,"href":"https:\/\/www.gaveanews.com\/index.php\/wp-json\/wp\/v2\/categories?post=272658"},{"taxonomy":"post_tag","embeddable":true,"href":"https:\/\/www.gaveanews.com\/index.php\/wp-json\/wp\/v2\/tags?post=272658"}],"curies":[{"name":"wp","href":"https:\/\/api.w.org\/{rel}","templated":true}]}}