{"id":272666,"date":"2025-07-17T14:30:00","date_gmt":"2025-07-17T17:30:00","guid":{"rendered":"https:\/\/www.gaveanews.com\/?p=272666"},"modified":"2025-07-17T14:17:13","modified_gmt":"2025-07-17T17:17:13","slug":"pedro-ve-com-bons-olhos-saida-do-flamengo","status":"publish","type":"post","link":"https:\/\/www.gaveanews.com\/index.php\/2025\/07\/17\/pedro-ve-com-bons-olhos-saida-do-flamengo\/","title":{"rendered":"Pedro v\u00ea com bons olhos sa\u00edda do Flamengo"},"content":{"rendered":"\n<p>Uma poss\u00edvel reviravolta no elenco do Flamengo movimenta os bastidores do clube. O atacante Pedro, que j\u00e1 foi pe\u00e7a fundamental no time carioca, est\u00e1 cada vez mais pr\u00f3ximo de deixar o Ninho do Urubu. Fontes pr\u00f3ximas ao jogador confirmam: ele v\u00ea com bons olhos uma transfer\u00eancia para o Al-Nassr, clube de Cristiano Ronaldo na Ar\u00e1bia Saudita.<\/p>\n\n\n\n<p>A tens\u00e3o interna com o t\u00e9cnico Filipe Lu\u00eds tem pesado. Isso porque, mesmo ap\u00f3s recuperar-se de les\u00e3o, Pedro perdeu espa\u00e7o na equipe principal e, desde ent\u00e3o, a rela\u00e7\u00e3o entre ambos se deteriorou.&nbsp;<\/p>\n\n\n\n<p>Sendo assim, a possibilidade de atuar ao lado de um dos maiores nomes da hist\u00f3ria do futebol mundial pode representar uma chance de recome\u00e7o em alto n\u00edvel.<\/p>\n\n\n\n<h2 class=\"wp-block-heading\" id=\"h-al-nassr-entra-forte-na-disputa-pelo-camisa-9\">Al-Nassr entra forte na disputa pelo camisa 9<\/h2>\n\n\n\n<p>Com a temporada do futebol saudita aqu\u00e9m do esperado, o Al-Nassr busca refor\u00e7os de impacto para atender os pedidos de seu principal astro, Cristiano Ronaldo. Por isso, o nome de Pedro passou a ser prioridade.&nbsp;<\/p>\n\n\n\n<p>Segundo o jornalista Fabr\u00edcio Lopes, do Canal Resenha Rubro-Negra, o atacante sinalizou positivamente \u00e0 proposta. A informa\u00e7\u00e3o repercutiu rapidamente nas redes sociais e entre torcedores.<\/p>\n\n\n\n<p>Vale destacar que o jogador tamb\u00e9m atrai o interesse do Zenit, da R\u00fassia, mas a prefer\u00eancia pelo clube \u00e1rabe parece clara. Com isso, o artilheiro pode reencontrar um velho conhecido: Jorge Jesus, com quem trabalhou rapidamente em 2020. Naquela passagem, mesmo breve, Pedro j\u00e1 mostrava faro de gol e potencial de decis\u00e3o.<\/p>\n\n\n\n<h2 class=\"wp-block-heading\" id=\"h-flamengo-se-movimenta-para-buscar-substituto\">Flamengo se movimenta para buscar substituto<\/h2>\n\n\n\n<p>Dessa maneira, os dirigentes rubro-negros j\u00e1 avaliam nomes no mercado. Um dos cotados \u00e9 Taty Castellanos, da Lazio, atleta que j\u00e1 esteve na mira do Palmeiras. Cabe ressaltar que a diretoria n\u00e3o pretende abrir m\u00e3o de Pedro por qualquer valor, mas a press\u00e3o da janela de transfer\u00eancias pode acelerar o processo.<\/p>\n\n\n\n<p>Al\u00e9m disso, o cen\u00e1rio atual n\u00e3o favorece a perman\u00eancia do atacante. Portanto, a sa\u00edda parece quest\u00e3o de tempo.<\/p>\n\n\n\n<h2 class=\"wp-block-heading\" id=\"h-clube-saudita-mira-outros-nomes-de-peso\">Clube saudita mira outros nomes de peso<\/h2>\n\n\n\n<p>O Al-Nassr tamb\u00e9m tentou recentemente a contrata\u00e7\u00e3o de Jhon Arias, destaque do Fluminense, mas o colombiano caminha para atuar na Premier League. Isso mostra que o clube est\u00e1 disposto a investir alto e montar um elenco de respeito.&nbsp;<\/p>\n\n\n\n<p>Desse jeito, Pedro chegaria com status de protagonista, algo que, neste momento, parece distante no Flamengo.<\/p>\n\n\n\n<p>Desse modo, a torcida aguarda os pr\u00f3ximos cap\u00edtulos de uma poss\u00edvel despedida que, at\u00e9 pouco tempo, era improv\u00e1vel.<\/p>\n","protected":false},"excerpt":{"rendered":"<p>Uma poss\u00edvel reviravolta no elenco do Flamengo movimenta os bastidores do clube. O atacante Pedro, que j\u00e1 foi pe\u00e7a fundamental no time carioca, est\u00e1 cada vez mais pr\u00f3ximo de deixar o Ninho do Urubu. Fontes pr\u00f3ximas ao jogador confirmam: ele v\u00ea com bons olhos uma transfer\u00eancia para o Al-Nassr, clube de Cristiano Ronaldo na Ar\u00e1bia [&hellip;]<\/p>\n","protected":false},"author":25,"featured_media":255013,"comment_status":"open","ping_status":"closed","sticky":false,"template":"","format":"standard","meta":{"footnotes":""},"categories":[1],"tags":[],"class_list":["post-272666","post","type-post","status-publish","format-standard","has-post-thumbnail","hentry","category-flamengo"],"yoast_head":"<!-- This site is optimized with the Yoast SEO Premium plugin v24.2 (Yoast SEO v26.9) - https:\/\/yoast.com\/product\/yoast-seo-premium-wordpress\/ -->\n<title>Pedro v\u00ea com bons olhos sa\u00edda do Flamengo<\/title>\n<meta name=\"robots\" content=\"index, follow, max-snippet:-1, max-image-preview:large, max-video-preview:-1\" \/>\n<link rel=\"canonical\" href=\"https:\/\/www.gaveanews.com\/index.php\/2025\/07\/17\/pedro-ve-com-bons-olhos-saida-do-flamengo\/\" \/>\n<meta property=\"og:locale\" content=\"pt_BR\" \/>\n<meta property=\"og:type\" content=\"article\" \/>\n<meta property=\"og:title\" content=\"Pedro v\u00ea com bons olhos sa\u00edda do Flamengo\" \/>\n<meta property=\"og:description\" content=\"Uma poss\u00edvel reviravolta no elenco do Flamengo movimenta os bastidores do clube. O atacante Pedro, que j\u00e1 foi pe\u00e7a fundamental no time carioca, est\u00e1 cada vez mais pr\u00f3ximo de deixar o Ninho do Urubu. Fontes pr\u00f3ximas ao jogador confirmam: ele v\u00ea com bons olhos uma transfer\u00eancia para o Al-Nassr, clube de Cristiano Ronaldo na Ar\u00e1bia [&hellip;]\" \/>\n<meta property=\"og:url\" content=\"https:\/\/www.gaveanews.com\/index.php\/2025\/07\/17\/pedro-ve-com-bons-olhos-saida-do-flamengo\/\" \/>\n<meta property=\"og:site_name\" content=\"G\u00e1vea News\" \/>\n<meta property=\"article:publisher\" content=\"https:\/\/facebook.com\/gaveaNews\/\" \/>\n<meta property=\"article:published_time\" content=\"2025-07-17T17:30:00+00:00\" \/>\n<meta property=\"og:image\" content=\"https:\/\/www.gaveanews.com\/wp-content\/uploads\/Pedro-embarca-com-a-delegacao-do-Flamengo.webp\" \/>\n\t<meta property=\"og:image:width\" content=\"1200\" \/>\n\t<meta property=\"og:image:height\" content=\"800\" \/>\n\t<meta property=\"og:image:type\" content=\"image\/png\" \/>\n<meta name=\"author\" content=\"Rafaela Ladeira\" \/>\n<meta name=\"twitter:card\" content=\"summary_large_image\" \/>\n<meta name=\"twitter:label1\" content=\"Escrito por\" \/>\n\t<meta name=\"twitter:data1\" content=\"Rafaela Ladeira\" \/>\n\t<meta name=\"twitter:label2\" content=\"Est. tempo de leitura\" \/>\n\t<meta name=\"twitter:data2\" content=\"3 minutos\" \/>\n<script type=\"application\/ld+json\" class=\"yoast-schema-graph\">{\"@context\":\"https:\/\/schema.org\",\"@graph\":[{\"@type\":\"NewsArticle\",\"@id\":\"https:\/\/www.gaveanews.com\/index.php\/2025\/07\/17\/pedro-ve-com-bons-olhos-saida-do-flamengo\/#article\",\"isPartOf\":{\"@id\":\"https:\/\/www.gaveanews.com\/index.php\/2025\/07\/17\/pedro-ve-com-bons-olhos-saida-do-flamengo\/\"},\"author\":{\"name\":\"Rafaela Ladeira\",\"@id\":\"https:\/\/www.gaveanews.com\/#\/schema\/person\/0eb3e3fe1754f0205218538adbe8f5ed\"},\"headline\":\"Pedro v\u00ea com bons olhos sa\u00edda do Flamengo\",\"datePublished\":\"2025-07-17T17:30:00+00:00\",\"mainEntityOfPage\":{\"@id\":\"https:\/\/www.gaveanews.com\/index.php\/2025\/07\/17\/pedro-ve-com-bons-olhos-saida-do-flamengo\/\"},\"wordCount\":438,\"commentCount\":0,\"image\":{\"@id\":\"https:\/\/www.gaveanews.com\/index.php\/2025\/07\/17\/pedro-ve-com-bons-olhos-saida-do-flamengo\/#primaryimage\"},\"thumbnailUrl\":\"https:\/\/www.gaveanews.com\/wp-content\/uploads\/Pedro-embarca-com-a-delegacao-do-Flamengo.webp\",\"articleSection\":[\"Flamengo\"],\"inLanguage\":\"pt-BR\",\"potentialAction\":[{\"@type\":\"CommentAction\",\"name\":\"Comment\",\"target\":[\"https:\/\/www.gaveanews.com\/index.php\/2025\/07\/17\/pedro-ve-com-bons-olhos-saida-do-flamengo\/#respond\"]}],\"copyrightYear\":\"2025\",\"copyrightHolder\":{\"@id\":\"https:\/\/www.gaveanews.com\/#organization\"}},{\"@type\":\"WebPage\",\"@id\":\"https:\/\/www.gaveanews.com\/index.php\/2025\/07\/17\/pedro-ve-com-bons-olhos-saida-do-flamengo\/\",\"url\":\"https:\/\/www.gaveanews.com\/index.php\/2025\/07\/17\/pedro-ve-com-bons-olhos-saida-do-flamengo\/\",\"name\":\"Pedro v\u00ea com bons olhos sa\u00edda do Flamengo\",\"isPartOf\":{\"@id\":\"https:\/\/www.gaveanews.com\/#website\"},\"primaryImageOfPage\":{\"@id\":\"https:\/\/www.gaveanews.com\/index.php\/2025\/07\/17\/pedro-ve-com-bons-olhos-saida-do-flamengo\/#primaryimage\"},\"image\":{\"@id\":\"https:\/\/www.gaveanews.com\/index.php\/2025\/07\/17\/pedro-ve-com-bons-olhos-saida-do-flamengo\/#primaryimage\"},\"thumbnailUrl\":\"https:\/\/www.gaveanews.com\/wp-content\/uploads\/Pedro-embarca-com-a-delegacao-do-Flamengo.webp\",\"datePublished\":\"2025-07-17T17:30:00+00:00\",\"author\":{\"@id\":\"https:\/\/www.gaveanews.com\/#\/schema\/person\/0eb3e3fe1754f0205218538adbe8f5ed\"},\"breadcrumb\":{\"@id\":\"https:\/\/www.gaveanews.com\/index.php\/2025\/07\/17\/pedro-ve-com-bons-olhos-saida-do-flamengo\/#breadcrumb\"},\"inLanguage\":\"pt-BR\",\"potentialAction\":[{\"@type\":\"ReadAction\",\"target\":[\"https:\/\/www.gaveanews.com\/index.php\/2025\/07\/17\/pedro-ve-com-bons-olhos-saida-do-flamengo\/\"]}]},{\"@type\":\"ImageObject\",\"inLanguage\":\"pt-BR\",\"@id\":\"https:\/\/www.gaveanews.com\/index.php\/2025\/07\/17\/pedro-ve-com-bons-olhos-saida-do-flamengo\/#primaryimage\",\"url\":\"https:\/\/www.gaveanews.com\/wp-content\/uploads\/Pedro-embarca-com-a-delegacao-do-Flamengo.webp\",\"contentUrl\":\"https:\/\/www.gaveanews.com\/wp-content\/uploads\/Pedro-embarca-com-a-delegacao-do-Flamengo.webp\",\"width\":1200,\"height\":800,\"caption\":\"Pedro embarca com a delega\u00e7\u00e3o do Flamengo - Foto: Adriano Fontes\/Flamengo\"},{\"@type\":\"BreadcrumbList\",\"@id\":\"https:\/\/www.gaveanews.com\/index.php\/2025\/07\/17\/pedro-ve-com-bons-olhos-saida-do-flamengo\/#breadcrumb\",\"itemListElement\":[{\"@type\":\"ListItem\",\"position\":1,\"name\":\"Home\",\"item\":\"https:\/\/www.gaveanews.com\/\"},{\"@type\":\"ListItem\",\"position\":2,\"name\":\"Pedro v\u00ea com bons olhos sa\u00edda do Flamengo\"}]},{\"@type\":\"WebSite\",\"@id\":\"https:\/\/www.gaveanews.com\/#website\",\"url\":\"https:\/\/www.gaveanews.com\/\",\"name\":\"G\u00e1vea News\",\"description\":\"Veja todas as not\u00edcias sobre o Flamengo: Contrata\u00e7\u00f5es, categorias de base, resultados das partidas, tabela de classifica\u00e7\u00e3o, pr\u00f3ximos jogos!\",\"potentialAction\":[{\"@type\":\"SearchAction\",\"target\":{\"@type\":\"EntryPoint\",\"urlTemplate\":\"https:\/\/www.gaveanews.com\/?s={search_term_string}\"},\"query-input\":{\"@type\":\"PropertyValueSpecification\",\"valueRequired\":true,\"valueName\":\"search_term_string\"}}],\"inLanguage\":\"pt-BR\"},{\"@type\":\"Person\",\"@id\":\"https:\/\/www.gaveanews.com\/#\/schema\/person\/0eb3e3fe1754f0205218538adbe8f5ed\",\"name\":\"Rafaela Ladeira\",\"image\":{\"@type\":\"ImageObject\",\"inLanguage\":\"pt-BR\",\"@id\":\"https:\/\/www.gaveanews.com\/#\/schema\/person\/image\/\",\"url\":\"https:\/\/secure.gravatar.com\/avatar\/c31f513acffd85eacab5730cbdfdbbf59f21ba5aeada8cd890acea879fbb2455?s=96&d=mm&r=g\",\"contentUrl\":\"https:\/\/secure.gravatar.com\/avatar\/c31f513acffd85eacab5730cbdfdbbf59f21ba5aeada8cd890acea879fbb2455?s=96&d=mm&r=g\",\"caption\":\"Rafaela Ladeira\"}}]}<\/script>\n<!-- \/ Yoast SEO Premium plugin. -->","yoast_head_json":{"title":"Pedro v\u00ea com bons olhos sa\u00edda do Flamengo","robots":{"index":"index","follow":"follow","max-snippet":"max-snippet:-1","max-image-preview":"max-image-preview:large","max-video-preview":"max-video-preview:-1"},"canonical":"https:\/\/www.gaveanews.com\/index.php\/2025\/07\/17\/pedro-ve-com-bons-olhos-saida-do-flamengo\/","og_locale":"pt_BR","og_type":"article","og_title":"Pedro v\u00ea com bons olhos sa\u00edda do Flamengo","og_description":"Uma poss\u00edvel reviravolta no elenco do Flamengo movimenta os bastidores do clube. O atacante Pedro, que j\u00e1 foi pe\u00e7a fundamental no time carioca, est\u00e1 cada vez mais pr\u00f3ximo de deixar o Ninho do Urubu. Fontes pr\u00f3ximas ao jogador confirmam: ele v\u00ea com bons olhos uma transfer\u00eancia para o Al-Nassr, clube de Cristiano Ronaldo na Ar\u00e1bia [&hellip;]","og_url":"https:\/\/www.gaveanews.com\/index.php\/2025\/07\/17\/pedro-ve-com-bons-olhos-saida-do-flamengo\/","og_site_name":"G\u00e1vea News","article_publisher":"https:\/\/facebook.com\/gaveaNews\/","article_published_time":"2025-07-17T17:30:00+00:00","og_image":[{"width":1200,"height":800,"url":"https:\/\/www.gaveanews.com\/wp-content\/uploads\/Pedro-embarca-com-a-delegacao-do-Flamengo.webp","type":"image\/png"}],"author":"Rafaela Ladeira","twitter_card":"summary_large_image","twitter_misc":{"Escrito por":"Rafaela Ladeira","Est. tempo de leitura":"3 minutos"},"schema":{"@context":"https:\/\/schema.org","@graph":[{"@type":"NewsArticle","@id":"https:\/\/www.gaveanews.com\/index.php\/2025\/07\/17\/pedro-ve-com-bons-olhos-saida-do-flamengo\/#article","isPartOf":{"@id":"https:\/\/www.gaveanews.com\/index.php\/2025\/07\/17\/pedro-ve-com-bons-olhos-saida-do-flamengo\/"},"author":{"name":"Rafaela Ladeira","@id":"https:\/\/www.gaveanews.com\/#\/schema\/person\/0eb3e3fe1754f0205218538adbe8f5ed"},"headline":"Pedro v\u00ea com bons olhos sa\u00edda do Flamengo","datePublished":"2025-07-17T17:30:00+00:00","mainEntityOfPage":{"@id":"https:\/\/www.gaveanews.com\/index.php\/2025\/07\/17\/pedro-ve-com-bons-olhos-saida-do-flamengo\/"},"wordCount":438,"commentCount":0,"image":{"@id":"https:\/\/www.gaveanews.com\/index.php\/2025\/07\/17\/pedro-ve-com-bons-olhos-saida-do-flamengo\/#primaryimage"},"thumbnailUrl":"https:\/\/www.gaveanews.com\/wp-content\/uploads\/Pedro-embarca-com-a-delegacao-do-Flamengo.webp","articleSection":["Flamengo"],"inLanguage":"pt-BR","potentialAction":[{"@type":"CommentAction","name":"Comment","target":["https:\/\/www.gaveanews.com\/index.php\/2025\/07\/17\/pedro-ve-com-bons-olhos-saida-do-flamengo\/#respond"]}],"copyrightYear":"2025","copyrightHolder":{"@id":"https:\/\/www.gaveanews.com\/#organization"}},{"@type":"WebPage","@id":"https:\/\/www.gaveanews.com\/index.php\/2025\/07\/17\/pedro-ve-com-bons-olhos-saida-do-flamengo\/","url":"https:\/\/www.gaveanews.com\/index.php\/2025\/07\/17\/pedro-ve-com-bons-olhos-saida-do-flamengo\/","name":"Pedro v\u00ea com bons olhos sa\u00edda do Flamengo","isPartOf":{"@id":"https:\/\/www.gaveanews.com\/#website"},"primaryImageOfPage":{"@id":"https:\/\/www.gaveanews.com\/index.php\/2025\/07\/17\/pedro-ve-com-bons-olhos-saida-do-flamengo\/#primaryimage"},"image":{"@id":"https:\/\/www.gaveanews.com\/index.php\/2025\/07\/17\/pedro-ve-com-bons-olhos-saida-do-flamengo\/#primaryimage"},"thumbnailUrl":"https:\/\/www.gaveanews.com\/wp-content\/uploads\/Pedro-embarca-com-a-delegacao-do-Flamengo.webp","datePublished":"2025-07-17T17:30:00+00:00","author":{"@id":"https:\/\/www.gaveanews.com\/#\/schema\/person\/0eb3e3fe1754f0205218538adbe8f5ed"},"breadcrumb":{"@id":"https:\/\/www.gaveanews.com\/index.php\/2025\/07\/17\/pedro-ve-com-bons-olhos-saida-do-flamengo\/#breadcrumb"},"inLanguage":"pt-BR","potentialAction":[{"@type":"ReadAction","target":["https:\/\/www.gaveanews.com\/index.php\/2025\/07\/17\/pedro-ve-com-bons-olhos-saida-do-flamengo\/"]}]},{"@type":"ImageObject","inLanguage":"pt-BR","@id":"https:\/\/www.gaveanews.com\/index.php\/2025\/07\/17\/pedro-ve-com-bons-olhos-saida-do-flamengo\/#primaryimage","url":"https:\/\/www.gaveanews.com\/wp-content\/uploads\/Pedro-embarca-com-a-delegacao-do-Flamengo.webp","contentUrl":"https:\/\/www.gaveanews.com\/wp-content\/uploads\/Pedro-embarca-com-a-delegacao-do-Flamengo.webp","width":1200,"height":800,"caption":"Pedro embarca com a delega\u00e7\u00e3o do Flamengo - Foto: Adriano Fontes\/Flamengo"},{"@type":"BreadcrumbList","@id":"https:\/\/www.gaveanews.com\/index.php\/2025\/07\/17\/pedro-ve-com-bons-olhos-saida-do-flamengo\/#breadcrumb","itemListElement":[{"@type":"ListItem","position":1,"name":"Home","item":"https:\/\/www.gaveanews.com\/"},{"@type":"ListItem","position":2,"name":"Pedro v\u00ea com bons olhos sa\u00edda do Flamengo"}]},{"@type":"WebSite","@id":"https:\/\/www.gaveanews.com\/#website","url":"https:\/\/www.gaveanews.com\/","name":"G\u00e1vea News","description":"Veja todas as not\u00edcias sobre o Flamengo: Contrata\u00e7\u00f5es, categorias de base, resultados das partidas, tabela de classifica\u00e7\u00e3o, pr\u00f3ximos jogos!","potentialAction":[{"@type":"SearchAction","target":{"@type":"EntryPoint","urlTemplate":"https:\/\/www.gaveanews.com\/?s={search_term_string}"},"query-input":{"@type":"PropertyValueSpecification","valueRequired":true,"valueName":"search_term_string"}}],"inLanguage":"pt-BR"},{"@type":"Person","@id":"https:\/\/www.gaveanews.com\/#\/schema\/person\/0eb3e3fe1754f0205218538adbe8f5ed","name":"Rafaela Ladeira","image":{"@type":"ImageObject","inLanguage":"pt-BR","@id":"https:\/\/www.gaveanews.com\/#\/schema\/person\/image\/","url":"https:\/\/secure.gravatar.com\/avatar\/c31f513acffd85eacab5730cbdfdbbf59f21ba5aeada8cd890acea879fbb2455?s=96&d=mm&r=g","contentUrl":"https:\/\/secure.gravatar.com\/avatar\/c31f513acffd85eacab5730cbdfdbbf59f21ba5aeada8cd890acea879fbb2455?s=96&d=mm&r=g","caption":"Rafaela Ladeira"}}]}},"_links":{"self":[{"href":"https:\/\/www.gaveanews.com\/index.php\/wp-json\/wp\/v2\/posts\/272666","targetHints":{"allow":["GET"]}}],"collection":[{"href":"https:\/\/www.gaveanews.com\/index.php\/wp-json\/wp\/v2\/posts"}],"about":[{"href":"https:\/\/www.gaveanews.com\/index.php\/wp-json\/wp\/v2\/types\/post"}],"author":[{"embeddable":true,"href":"https:\/\/www.gaveanews.com\/index.php\/wp-json\/wp\/v2\/users\/25"}],"replies":[{"embeddable":true,"href":"https:\/\/www.gaveanews.com\/index.php\/wp-json\/wp\/v2\/comments?post=272666"}],"version-history":[{"count":1,"href":"https:\/\/www.gaveanews.com\/index.php\/wp-json\/wp\/v2\/posts\/272666\/revisions"}],"predecessor-version":[{"id":272667,"href":"https:\/\/www.gaveanews.com\/index.php\/wp-json\/wp\/v2\/posts\/272666\/revisions\/272667"}],"wp:featuredmedia":[{"embeddable":true,"href":"https:\/\/www.gaveanews.com\/index.php\/wp-json\/wp\/v2\/media\/255013"}],"wp:attachment":[{"href":"https:\/\/www.gaveanews.com\/index.php\/wp-json\/wp\/v2\/media?parent=272666"}],"wp:term":[{"taxonomy":"category","embeddable":true,"href":"https:\/\/www.gaveanews.com\/index.php\/wp-json\/wp\/v2\/categories?post=272666"},{"taxonomy":"post_tag","embeddable":true,"href":"https:\/\/www.gaveanews.com\/index.php\/wp-json\/wp\/v2\/tags?post=272666"}],"curies":[{"name":"wp","href":"https:\/\/api.w.org\/{rel}","templated":true}]}}