{"id":272668,"date":"2025-07-17T16:00:00","date_gmt":"2025-07-17T19:00:00","guid":{"rendered":"https:\/\/www.gaveanews.com\/?p=272668"},"modified":"2025-07-17T15:37:43","modified_gmt":"2025-07-17T18:37:43","slug":"ct-do-flamengo-impressiona-atacante-europeu","status":"publish","type":"post","link":"https:\/\/www.gaveanews.com\/index.php\/2025\/07\/17\/ct-do-flamengo-impressiona-atacante-europeu\/","title":{"rendered":"CT do Flamengo impressiona atacante europeu"},"content":{"rendered":"\n<p>Se o futebol brasileiro \u00e9 refer\u00eancia mundial em talento dentro de campo, o Flamengo mostra que fora dele tamb\u00e9m est\u00e1 \u00e0 altura dos maiores clubes do planeta. Quem confirma isso \u00e9 Amine Adli, atacante do Bayer Leverkusen (ALE), que rasgou elogios \u00e0 estrutura do Rubro-Negro durante a pr\u00e9-temporada do time alem\u00e3o no CT do Ninho do Urubu, no Rio de Janeiro.<\/p>\n\n\n\n<p>Com isso, o nome do clube carioca volta a ganhar destaque no cen\u00e1rio internacional, n\u00e3o apenas pelos t\u00edtulos recentes, mas tamb\u00e9m pela excel\u00eancia de sua infraestrutura.<\/p>\n\n\n\n<h2 class=\"wp-block-heading\" id=\"h-sou-um-grande-fa-do-futebol-brasileiro-diz-atacante-do-bayer\">\u201cSou um grande f\u00e3 do futebol brasileiro\u201d, diz atacante do Bayer<\/h2>\n\n\n\n<p>Durante entrevista ao Lance!, Amine Adli destacou sua surpresa positiva com o que encontrou nas depend\u00eancias do Flamengo. O atleta se mostrou impressionado com a qualidade dos campos, das instala\u00e7\u00f5es e do ambiente em geral.<\/p>\n\n\n\n<p>\u201cEstou muito surpreso. As instala\u00e7\u00f5es s\u00e3o muito boas. \u00c9 incr\u00edvel treinar com esse ambiente ao redor. Os campos s\u00e3o bons. Acho que o clube tem uma estrutura muito boa. E n\u00e3o me surpreende, j\u00e1 que o Brasil \u00e9 o pa\u00eds do futebol. Ent\u00e3o \u00e9 muito bom para n\u00f3s estarmos aqui, especialmente para mim. Sou um grande f\u00e3 do futebol brasileiro e estou muito feliz por estar aqui no Brasil.\u201d, disse o jogador.<\/p>\n\n\n\n<h2 class=\"wp-block-heading\" id=\"h-amistoso-internacional-agita-a-gavea\">Amistoso internacional agita a G\u00e1vea<\/h2>\n\n\n\n<p>Vale destacar que o Bayer Leverkusen enfrentar\u00e1 o time Sub-20 do Flamengo nesta sexta-feira (18), \u00e0s 15h (hor\u00e1rio de Bras\u00edlia), em amistoso no Est\u00e1dio da G\u00e1vea. Dessa maneira, o confronto deve servir como vitrine tanto para os jovens talentos rubro-negros quanto para os visitantes alem\u00e3es.<\/p>\n\n\n\n<p>Sendo assim, o Flamengo refor\u00e7a seu papel como anfitri\u00e3o de excel\u00eancia, abrindo portas para parcerias e visibilidade internacional. Por isso, a presen\u00e7a de uma pot\u00eancia europeia como o Leverkusen confirma que o clube carioca j\u00e1 ultrapassou as fronteiras do futebol sul-americano.<\/p>\n\n\n\n<h2 class=\"wp-block-heading\" id=\"h-flamengo-vive-rotina-intensa-entre-categorias\">Flamengo vive rotina intensa entre categorias<\/h2>\n\n\n\n<p>Enquanto o Sub-20 se prepara para a final do Mundial contra o Barcelona (ESP), marcada para 23 de agosto no Maracan\u00e3, o time profissional segue focado no cl\u00e1ssico contra o Fluminense, neste domingo (20). Cabe ressaltar que, mesmo com o calend\u00e1rio apertado, o Flamengo consegue equilibrar seus compromissos, isso porque conta com uma estrutura robusta e profissionais qualificados.<\/p>\n\n\n\n<p>Portanto, ao receber elogios de nomes como Amine Adli, o Flamengo reafirma seu status de pot\u00eancia global. Desse jeito, o \u201cMais Querido\u201d segue escrevendo sua hist\u00f3ria com ambi\u00e7\u00e3o e profissionalismo.<\/p>\n","protected":false},"excerpt":{"rendered":"<p>Se o futebol brasileiro \u00e9 refer\u00eancia mundial em talento dentro de campo, o Flamengo mostra que fora dele tamb\u00e9m est\u00e1 \u00e0 altura dos maiores clubes do planeta. Quem confirma isso \u00e9 Amine Adli, atacante do Bayer Leverkusen (ALE), que rasgou elogios \u00e0 estrutura do Rubro-Negro durante a pr\u00e9-temporada do time alem\u00e3o no CT do Ninho [&hellip;]<\/p>\n","protected":false},"author":25,"featured_media":213513,"comment_status":"open","ping_status":"closed","sticky":false,"template":"","format":"standard","meta":{"footnotes":""},"categories":[1],"tags":[],"class_list":["post-272668","post","type-post","status-publish","format-standard","has-post-thumbnail","hentry","category-flamengo"],"yoast_head":"<!-- This site is optimized with the Yoast SEO Premium plugin v24.2 (Yoast SEO v26.9) - https:\/\/yoast.com\/product\/yoast-seo-premium-wordpress\/ -->\n<title>CT do Flamengo impressiona atacante europeu<\/title>\n<meta name=\"robots\" content=\"index, follow, max-snippet:-1, max-image-preview:large, max-video-preview:-1\" \/>\n<link rel=\"canonical\" href=\"https:\/\/www.gaveanews.com\/index.php\/2025\/07\/17\/ct-do-flamengo-impressiona-atacante-europeu\/\" \/>\n<meta property=\"og:locale\" content=\"pt_BR\" \/>\n<meta property=\"og:type\" content=\"article\" \/>\n<meta property=\"og:title\" content=\"CT do Flamengo impressiona atacante europeu\" \/>\n<meta property=\"og:description\" content=\"Se o futebol brasileiro \u00e9 refer\u00eancia mundial em talento dentro de campo, o Flamengo mostra que fora dele tamb\u00e9m est\u00e1 \u00e0 altura dos maiores clubes do planeta. Quem confirma isso \u00e9 Amine Adli, atacante do Bayer Leverkusen (ALE), que rasgou elogios \u00e0 estrutura do Rubro-Negro durante a pr\u00e9-temporada do time alem\u00e3o no CT do Ninho [&hellip;]\" \/>\n<meta property=\"og:url\" content=\"https:\/\/www.gaveanews.com\/index.php\/2025\/07\/17\/ct-do-flamengo-impressiona-atacante-europeu\/\" \/>\n<meta property=\"og:site_name\" content=\"G\u00e1vea News\" \/>\n<meta property=\"article:publisher\" content=\"https:\/\/facebook.com\/gaveaNews\/\" \/>\n<meta property=\"article:published_time\" content=\"2025-07-17T19:00:00+00:00\" \/>\n<meta property=\"og:image\" content=\"https:\/\/www.gaveanews.com\/wp-content\/uploads\/fachada-do-modulo-profissional-do-ninho-do-urubu-centro-de-treinamento-do-flamengo-1642444901774_v2_1x1.webp\" \/>\n\t<meta property=\"og:image:width\" content=\"1361\" \/>\n\t<meta property=\"og:image:height\" content=\"1363\" \/>\n\t<meta property=\"og:image:type\" content=\"image\/jpeg\" \/>\n<meta name=\"author\" content=\"Rafaela Ladeira\" \/>\n<meta name=\"twitter:card\" content=\"summary_large_image\" \/>\n<meta name=\"twitter:label1\" content=\"Escrito por\" \/>\n\t<meta name=\"twitter:data1\" content=\"Rafaela Ladeira\" \/>\n\t<meta name=\"twitter:label2\" content=\"Est. tempo de leitura\" \/>\n\t<meta name=\"twitter:data2\" content=\"3 minutos\" \/>\n<script type=\"application\/ld+json\" class=\"yoast-schema-graph\">{\"@context\":\"https:\/\/schema.org\",\"@graph\":[{\"@type\":\"NewsArticle\",\"@id\":\"https:\/\/www.gaveanews.com\/index.php\/2025\/07\/17\/ct-do-flamengo-impressiona-atacante-europeu\/#article\",\"isPartOf\":{\"@id\":\"https:\/\/www.gaveanews.com\/index.php\/2025\/07\/17\/ct-do-flamengo-impressiona-atacante-europeu\/\"},\"author\":{\"name\":\"Rafaela Ladeira\",\"@id\":\"https:\/\/www.gaveanews.com\/#\/schema\/person\/0eb3e3fe1754f0205218538adbe8f5ed\"},\"headline\":\"CT do Flamengo impressiona atacante europeu\",\"datePublished\":\"2025-07-17T19:00:00+00:00\",\"mainEntityOfPage\":{\"@id\":\"https:\/\/www.gaveanews.com\/index.php\/2025\/07\/17\/ct-do-flamengo-impressiona-atacante-europeu\/\"},\"wordCount\":421,\"commentCount\":0,\"image\":{\"@id\":\"https:\/\/www.gaveanews.com\/index.php\/2025\/07\/17\/ct-do-flamengo-impressiona-atacante-europeu\/#primaryimage\"},\"thumbnailUrl\":\"https:\/\/www.gaveanews.com\/wp-content\/uploads\/fachada-do-modulo-profissional-do-ninho-do-urubu-centro-de-treinamento-do-flamengo-1642444901774_v2_1x1.webp\",\"articleSection\":[\"Flamengo\"],\"inLanguage\":\"pt-BR\",\"potentialAction\":[{\"@type\":\"CommentAction\",\"name\":\"Comment\",\"target\":[\"https:\/\/www.gaveanews.com\/index.php\/2025\/07\/17\/ct-do-flamengo-impressiona-atacante-europeu\/#respond\"]}],\"copyrightYear\":\"2025\",\"copyrightHolder\":{\"@id\":\"https:\/\/www.gaveanews.com\/#organization\"}},{\"@type\":\"WebPage\",\"@id\":\"https:\/\/www.gaveanews.com\/index.php\/2025\/07\/17\/ct-do-flamengo-impressiona-atacante-europeu\/\",\"url\":\"https:\/\/www.gaveanews.com\/index.php\/2025\/07\/17\/ct-do-flamengo-impressiona-atacante-europeu\/\",\"name\":\"CT do Flamengo impressiona atacante europeu\",\"isPartOf\":{\"@id\":\"https:\/\/www.gaveanews.com\/#website\"},\"primaryImageOfPage\":{\"@id\":\"https:\/\/www.gaveanews.com\/index.php\/2025\/07\/17\/ct-do-flamengo-impressiona-atacante-europeu\/#primaryimage\"},\"image\":{\"@id\":\"https:\/\/www.gaveanews.com\/index.php\/2025\/07\/17\/ct-do-flamengo-impressiona-atacante-europeu\/#primaryimage\"},\"thumbnailUrl\":\"https:\/\/www.gaveanews.com\/wp-content\/uploads\/fachada-do-modulo-profissional-do-ninho-do-urubu-centro-de-treinamento-do-flamengo-1642444901774_v2_1x1.webp\",\"datePublished\":\"2025-07-17T19:00:00+00:00\",\"author\":{\"@id\":\"https:\/\/www.gaveanews.com\/#\/schema\/person\/0eb3e3fe1754f0205218538adbe8f5ed\"},\"breadcrumb\":{\"@id\":\"https:\/\/www.gaveanews.com\/index.php\/2025\/07\/17\/ct-do-flamengo-impressiona-atacante-europeu\/#breadcrumb\"},\"inLanguage\":\"pt-BR\",\"potentialAction\":[{\"@type\":\"ReadAction\",\"target\":[\"https:\/\/www.gaveanews.com\/index.php\/2025\/07\/17\/ct-do-flamengo-impressiona-atacante-europeu\/\"]}]},{\"@type\":\"ImageObject\",\"inLanguage\":\"pt-BR\",\"@id\":\"https:\/\/www.gaveanews.com\/index.php\/2025\/07\/17\/ct-do-flamengo-impressiona-atacante-europeu\/#primaryimage\",\"url\":\"https:\/\/www.gaveanews.com\/wp-content\/uploads\/fachada-do-modulo-profissional-do-ninho-do-urubu-centro-de-treinamento-do-flamengo-1642444901774_v2_1x1.webp\",\"contentUrl\":\"https:\/\/www.gaveanews.com\/wp-content\/uploads\/fachada-do-modulo-profissional-do-ninho-do-urubu-centro-de-treinamento-do-flamengo-1642444901774_v2_1x1.webp\",\"width\":1361,\"height\":1363,\"caption\":\"CT Ninho do Urubu (Foto: Divulga\u00e7\u00e3o Flamengo)\"},{\"@type\":\"BreadcrumbList\",\"@id\":\"https:\/\/www.gaveanews.com\/index.php\/2025\/07\/17\/ct-do-flamengo-impressiona-atacante-europeu\/#breadcrumb\",\"itemListElement\":[{\"@type\":\"ListItem\",\"position\":1,\"name\":\"Home\",\"item\":\"https:\/\/www.gaveanews.com\/\"},{\"@type\":\"ListItem\",\"position\":2,\"name\":\"CT do Flamengo impressiona atacante europeu\"}]},{\"@type\":\"WebSite\",\"@id\":\"https:\/\/www.gaveanews.com\/#website\",\"url\":\"https:\/\/www.gaveanews.com\/\",\"name\":\"G\u00e1vea News\",\"description\":\"Veja todas as not\u00edcias sobre o Flamengo: Contrata\u00e7\u00f5es, categorias de base, resultados das partidas, tabela de classifica\u00e7\u00e3o, pr\u00f3ximos jogos!\",\"potentialAction\":[{\"@type\":\"SearchAction\",\"target\":{\"@type\":\"EntryPoint\",\"urlTemplate\":\"https:\/\/www.gaveanews.com\/?s={search_term_string}\"},\"query-input\":{\"@type\":\"PropertyValueSpecification\",\"valueRequired\":true,\"valueName\":\"search_term_string\"}}],\"inLanguage\":\"pt-BR\"},{\"@type\":\"Person\",\"@id\":\"https:\/\/www.gaveanews.com\/#\/schema\/person\/0eb3e3fe1754f0205218538adbe8f5ed\",\"name\":\"Rafaela Ladeira\",\"image\":{\"@type\":\"ImageObject\",\"inLanguage\":\"pt-BR\",\"@id\":\"https:\/\/www.gaveanews.com\/#\/schema\/person\/image\/\",\"url\":\"https:\/\/secure.gravatar.com\/avatar\/c31f513acffd85eacab5730cbdfdbbf59f21ba5aeada8cd890acea879fbb2455?s=96&d=mm&r=g\",\"contentUrl\":\"https:\/\/secure.gravatar.com\/avatar\/c31f513acffd85eacab5730cbdfdbbf59f21ba5aeada8cd890acea879fbb2455?s=96&d=mm&r=g\",\"caption\":\"Rafaela Ladeira\"}}]}<\/script>\n<!-- \/ Yoast SEO Premium plugin. -->","yoast_head_json":{"title":"CT do Flamengo impressiona atacante europeu","robots":{"index":"index","follow":"follow","max-snippet":"max-snippet:-1","max-image-preview":"max-image-preview:large","max-video-preview":"max-video-preview:-1"},"canonical":"https:\/\/www.gaveanews.com\/index.php\/2025\/07\/17\/ct-do-flamengo-impressiona-atacante-europeu\/","og_locale":"pt_BR","og_type":"article","og_title":"CT do Flamengo impressiona atacante europeu","og_description":"Se o futebol brasileiro \u00e9 refer\u00eancia mundial em talento dentro de campo, o Flamengo mostra que fora dele tamb\u00e9m est\u00e1 \u00e0 altura dos maiores clubes do planeta. Quem confirma isso \u00e9 Amine Adli, atacante do Bayer Leverkusen (ALE), que rasgou elogios \u00e0 estrutura do Rubro-Negro durante a pr\u00e9-temporada do time alem\u00e3o no CT do Ninho [&hellip;]","og_url":"https:\/\/www.gaveanews.com\/index.php\/2025\/07\/17\/ct-do-flamengo-impressiona-atacante-europeu\/","og_site_name":"G\u00e1vea News","article_publisher":"https:\/\/facebook.com\/gaveaNews\/","article_published_time":"2025-07-17T19:00:00+00:00","og_image":[{"width":1361,"height":1363,"url":"https:\/\/www.gaveanews.com\/wp-content\/uploads\/fachada-do-modulo-profissional-do-ninho-do-urubu-centro-de-treinamento-do-flamengo-1642444901774_v2_1x1.webp","type":"image\/jpeg"}],"author":"Rafaela Ladeira","twitter_card":"summary_large_image","twitter_misc":{"Escrito por":"Rafaela Ladeira","Est. tempo de leitura":"3 minutos"},"schema":{"@context":"https:\/\/schema.org","@graph":[{"@type":"NewsArticle","@id":"https:\/\/www.gaveanews.com\/index.php\/2025\/07\/17\/ct-do-flamengo-impressiona-atacante-europeu\/#article","isPartOf":{"@id":"https:\/\/www.gaveanews.com\/index.php\/2025\/07\/17\/ct-do-flamengo-impressiona-atacante-europeu\/"},"author":{"name":"Rafaela Ladeira","@id":"https:\/\/www.gaveanews.com\/#\/schema\/person\/0eb3e3fe1754f0205218538adbe8f5ed"},"headline":"CT do Flamengo impressiona atacante europeu","datePublished":"2025-07-17T19:00:00+00:00","mainEntityOfPage":{"@id":"https:\/\/www.gaveanews.com\/index.php\/2025\/07\/17\/ct-do-flamengo-impressiona-atacante-europeu\/"},"wordCount":421,"commentCount":0,"image":{"@id":"https:\/\/www.gaveanews.com\/index.php\/2025\/07\/17\/ct-do-flamengo-impressiona-atacante-europeu\/#primaryimage"},"thumbnailUrl":"https:\/\/www.gaveanews.com\/wp-content\/uploads\/fachada-do-modulo-profissional-do-ninho-do-urubu-centro-de-treinamento-do-flamengo-1642444901774_v2_1x1.webp","articleSection":["Flamengo"],"inLanguage":"pt-BR","potentialAction":[{"@type":"CommentAction","name":"Comment","target":["https:\/\/www.gaveanews.com\/index.php\/2025\/07\/17\/ct-do-flamengo-impressiona-atacante-europeu\/#respond"]}],"copyrightYear":"2025","copyrightHolder":{"@id":"https:\/\/www.gaveanews.com\/#organization"}},{"@type":"WebPage","@id":"https:\/\/www.gaveanews.com\/index.php\/2025\/07\/17\/ct-do-flamengo-impressiona-atacante-europeu\/","url":"https:\/\/www.gaveanews.com\/index.php\/2025\/07\/17\/ct-do-flamengo-impressiona-atacante-europeu\/","name":"CT do Flamengo impressiona atacante europeu","isPartOf":{"@id":"https:\/\/www.gaveanews.com\/#website"},"primaryImageOfPage":{"@id":"https:\/\/www.gaveanews.com\/index.php\/2025\/07\/17\/ct-do-flamengo-impressiona-atacante-europeu\/#primaryimage"},"image":{"@id":"https:\/\/www.gaveanews.com\/index.php\/2025\/07\/17\/ct-do-flamengo-impressiona-atacante-europeu\/#primaryimage"},"thumbnailUrl":"https:\/\/www.gaveanews.com\/wp-content\/uploads\/fachada-do-modulo-profissional-do-ninho-do-urubu-centro-de-treinamento-do-flamengo-1642444901774_v2_1x1.webp","datePublished":"2025-07-17T19:00:00+00:00","author":{"@id":"https:\/\/www.gaveanews.com\/#\/schema\/person\/0eb3e3fe1754f0205218538adbe8f5ed"},"breadcrumb":{"@id":"https:\/\/www.gaveanews.com\/index.php\/2025\/07\/17\/ct-do-flamengo-impressiona-atacante-europeu\/#breadcrumb"},"inLanguage":"pt-BR","potentialAction":[{"@type":"ReadAction","target":["https:\/\/www.gaveanews.com\/index.php\/2025\/07\/17\/ct-do-flamengo-impressiona-atacante-europeu\/"]}]},{"@type":"ImageObject","inLanguage":"pt-BR","@id":"https:\/\/www.gaveanews.com\/index.php\/2025\/07\/17\/ct-do-flamengo-impressiona-atacante-europeu\/#primaryimage","url":"https:\/\/www.gaveanews.com\/wp-content\/uploads\/fachada-do-modulo-profissional-do-ninho-do-urubu-centro-de-treinamento-do-flamengo-1642444901774_v2_1x1.webp","contentUrl":"https:\/\/www.gaveanews.com\/wp-content\/uploads\/fachada-do-modulo-profissional-do-ninho-do-urubu-centro-de-treinamento-do-flamengo-1642444901774_v2_1x1.webp","width":1361,"height":1363,"caption":"CT Ninho do Urubu (Foto: Divulga\u00e7\u00e3o Flamengo)"},{"@type":"BreadcrumbList","@id":"https:\/\/www.gaveanews.com\/index.php\/2025\/07\/17\/ct-do-flamengo-impressiona-atacante-europeu\/#breadcrumb","itemListElement":[{"@type":"ListItem","position":1,"name":"Home","item":"https:\/\/www.gaveanews.com\/"},{"@type":"ListItem","position":2,"name":"CT do Flamengo impressiona atacante europeu"}]},{"@type":"WebSite","@id":"https:\/\/www.gaveanews.com\/#website","url":"https:\/\/www.gaveanews.com\/","name":"G\u00e1vea News","description":"Veja todas as not\u00edcias sobre o Flamengo: Contrata\u00e7\u00f5es, categorias de base, resultados das partidas, tabela de classifica\u00e7\u00e3o, pr\u00f3ximos jogos!","potentialAction":[{"@type":"SearchAction","target":{"@type":"EntryPoint","urlTemplate":"https:\/\/www.gaveanews.com\/?s={search_term_string}"},"query-input":{"@type":"PropertyValueSpecification","valueRequired":true,"valueName":"search_term_string"}}],"inLanguage":"pt-BR"},{"@type":"Person","@id":"https:\/\/www.gaveanews.com\/#\/schema\/person\/0eb3e3fe1754f0205218538adbe8f5ed","name":"Rafaela Ladeira","image":{"@type":"ImageObject","inLanguage":"pt-BR","@id":"https:\/\/www.gaveanews.com\/#\/schema\/person\/image\/","url":"https:\/\/secure.gravatar.com\/avatar\/c31f513acffd85eacab5730cbdfdbbf59f21ba5aeada8cd890acea879fbb2455?s=96&d=mm&r=g","contentUrl":"https:\/\/secure.gravatar.com\/avatar\/c31f513acffd85eacab5730cbdfdbbf59f21ba5aeada8cd890acea879fbb2455?s=96&d=mm&r=g","caption":"Rafaela Ladeira"}}]}},"_links":{"self":[{"href":"https:\/\/www.gaveanews.com\/index.php\/wp-json\/wp\/v2\/posts\/272668","targetHints":{"allow":["GET"]}}],"collection":[{"href":"https:\/\/www.gaveanews.com\/index.php\/wp-json\/wp\/v2\/posts"}],"about":[{"href":"https:\/\/www.gaveanews.com\/index.php\/wp-json\/wp\/v2\/types\/post"}],"author":[{"embeddable":true,"href":"https:\/\/www.gaveanews.com\/index.php\/wp-json\/wp\/v2\/users\/25"}],"replies":[{"embeddable":true,"href":"https:\/\/www.gaveanews.com\/index.php\/wp-json\/wp\/v2\/comments?post=272668"}],"version-history":[{"count":1,"href":"https:\/\/www.gaveanews.com\/index.php\/wp-json\/wp\/v2\/posts\/272668\/revisions"}],"predecessor-version":[{"id":272669,"href":"https:\/\/www.gaveanews.com\/index.php\/wp-json\/wp\/v2\/posts\/272668\/revisions\/272669"}],"wp:featuredmedia":[{"embeddable":true,"href":"https:\/\/www.gaveanews.com\/index.php\/wp-json\/wp\/v2\/media\/213513"}],"wp:attachment":[{"href":"https:\/\/www.gaveanews.com\/index.php\/wp-json\/wp\/v2\/media?parent=272668"}],"wp:term":[{"taxonomy":"category","embeddable":true,"href":"https:\/\/www.gaveanews.com\/index.php\/wp-json\/wp\/v2\/categories?post=272668"},{"taxonomy":"post_tag","embeddable":true,"href":"https:\/\/www.gaveanews.com\/index.php\/wp-json\/wp\/v2\/tags?post=272668"}],"curies":[{"name":"wp","href":"https:\/\/api.w.org\/{rel}","templated":true}]}}