{"id":272672,"date":"2025-07-17T17:00:00","date_gmt":"2025-07-17T20:00:00","guid":{"rendered":"https:\/\/www.gaveanews.com\/?p=272672"},"modified":"2025-07-17T15:48:58","modified_gmt":"2025-07-17T18:48:58","slug":"tres-clubes-da-europa-disputam-a-contratacao-de-wesley-do-flamengo","status":"publish","type":"post","link":"https:\/\/www.gaveanews.com\/index.php\/2025\/07\/17\/tres-clubes-da-europa-disputam-a-contratacao-de-wesley-do-flamengo\/","title":{"rendered":"Tr\u00eas clubes da Europa disputam a contrata\u00e7\u00e3o de Wesley, do Flamengo"},"content":{"rendered":"\n<p>Quando o mercado da bola esquenta, os grandes clubes n\u00e3o medem esfor\u00e7os para garantir talentos promissores. \u00c9 exatamente esse cen\u00e1rio que envolve Wesley, lateral-direito do Flamengo, cujo futuro est\u00e1 cercado de especula\u00e7\u00f5es e propostas milion\u00e1rias vindas da Europa.&nbsp;<\/p>\n\n\n\n<h2 class=\"wp-block-heading\" id=\"h-milan-e-roma-mostram-interesse-concreto\">Milan e Roma mostram interesse concreto<\/h2>\n\n\n\n<p>Al\u00e9m disso, cabe ressaltar que dois times italianos entraram na disputa para contratar Wesley: Milan e Roma. O Milan foi o primeiro a demonstrar interesse junto ao Flamengo, buscando a contrata\u00e7\u00e3o antes da proposta mais recente da Roma.&nbsp;<\/p>\n\n\n\n<p>No entanto, segundo o jornalista Anderson Marques, especializado em futebol europeu, a Roma se manteve na frente, mesmo sem atingir o valor pretendido pelo Flamengo.<\/p>\n\n\n\n<p>Isso porque a oferta da Roma, na casa dos \u20ac 22 milh\u00f5es, sendo \u20ac 20 milh\u00f5es fixos e \u20ac 2 milh\u00f5es em metas, ficou abaixo dos \u20ac 25 milh\u00f5es que o clube carioca deseja para liberar o atleta. Convertido, o valor gira em torno de R$ 141 milh\u00f5es, mas o Flamengo bate o p\u00e9.&nbsp;<\/p>\n\n\n\n<p>Jos\u00e9 Boto, diretor do clube, declarou ao &#8220;La Gazzetta dello Sport&#8221; que s\u00f3 aceitaria algo em torno de \u20ac 30 milh\u00f5es (R$ 192,7 milh\u00f5es), embora esteja disposto a fechar neg\u00f3cio por \u20ac 25 milh\u00f5es.<\/p>\n\n\n\n<h2 class=\"wp-block-heading\" id=\"h-zenit-entra-na-disputa-mas-esbarra-na-vontade-do-jogador\">Zenit entra na disputa, mas esbarra na vontade do jogador<\/h2>\n\n\n\n<p>Al\u00e9m disso, n\u00e3o podemos nos esquecer do Zenit, da R\u00fassia, novo clube de Gerson, que tamb\u00e9m demonstra interesse em Wesley. Vale destacar que o Zenit foi o primeiro a apresentar uma proposta de \u20ac 25 milh\u00f5es, o que estaria de acordo com o valor desejado pelo Flamengo.&nbsp;<\/p>\n\n\n\n<p>Por\u00e9m, o entrave principal \u00e9 a falta de interesse do pr\u00f3prio jogador em atuar no futebol russo, especialmente porque o clube est\u00e1 banido da Liga dos Campe\u00f5es.<\/p>\n\n\n\n<p>Com isso, o Zenit tenta retornar \u00e0 negocia\u00e7\u00e3o oferecendo n\u00e3o s\u00f3 o valor solicitado ao Flamengo, mas tamb\u00e9m um sal\u00e1rio maior para Wesley, conforme apurado pelo jornalista Julio Miguel Neto.&nbsp;<\/p>\n\n\n\n<p>Dessa maneira, o futuro do lateral segue em aberto, com o atleta ainda \u00e0 disposi\u00e7\u00e3o do t\u00e9cnico Filipe Lu\u00eds.<\/p>\n\n\n\n<h2 class=\"wp-block-heading\" id=\"h-o-que-esperar-daqui-para-frente\">O que esperar daqui para frente?<\/h2>\n\n\n\n<p>Por isso, o cen\u00e1rio atual mostra uma disputa acirrada entre Roma, Milan e Zenit, onde n\u00e3o s\u00f3 os valores financeiros, mas tamb\u00e9m a vontade do jogador e a estrat\u00e9gia dos clubes ter\u00e3o papel decisivo.&nbsp;<\/p>\n\n\n\n<p>Mas, as propostas ainda n\u00e3o alcan\u00e7aram o equil\u00edbrio ideal entre todas as partes. Desse jeito, os pr\u00f3ximos dias ser\u00e3o decisivos para saber onde o lateral-direito vai atuar na pr\u00f3xima temporada.<\/p>\n\n\n\n<p>Enquanto isso, o Flamengo foca no pr\u00f3ximo compromisso do Brasileir\u00e3o, contra o Fluminense, no Maracan\u00e3, onde Wesley deve seguir como titular.<\/p>\n","protected":false},"excerpt":{"rendered":"<p>Quando o mercado da bola esquenta, os grandes clubes n\u00e3o medem esfor\u00e7os para garantir talentos promissores. \u00c9 exatamente esse cen\u00e1rio que envolve Wesley, lateral-direito do Flamengo, cujo futuro est\u00e1 cercado de especula\u00e7\u00f5es e propostas milion\u00e1rias vindas da Europa.&nbsp; Milan e Roma mostram interesse concreto Al\u00e9m disso, cabe ressaltar que dois times italianos entraram na disputa [&hellip;]<\/p>\n","protected":false},"author":25,"featured_media":207524,"comment_status":"open","ping_status":"closed","sticky":false,"template":"","format":"standard","meta":{"footnotes":""},"categories":[1],"tags":[],"class_list":["post-272672","post","type-post","status-publish","format-standard","has-post-thumbnail","hentry","category-flamengo"],"yoast_head":"<!-- This site is optimized with the Yoast SEO Premium plugin v24.2 (Yoast SEO v26.9) - https:\/\/yoast.com\/product\/yoast-seo-premium-wordpress\/ -->\n<title>Tr\u00eas clubes da Europa disputam a contrata\u00e7\u00e3o de Wesley, do Flamengo<\/title>\n<meta name=\"robots\" content=\"index, follow, max-snippet:-1, max-image-preview:large, max-video-preview:-1\" \/>\n<link rel=\"canonical\" href=\"https:\/\/www.gaveanews.com\/index.php\/2025\/07\/17\/tres-clubes-da-europa-disputam-a-contratacao-de-wesley-do-flamengo\/\" \/>\n<meta property=\"og:locale\" content=\"pt_BR\" \/>\n<meta property=\"og:type\" content=\"article\" \/>\n<meta property=\"og:title\" content=\"Tr\u00eas clubes da Europa disputam a contrata\u00e7\u00e3o de Wesley, do Flamengo\" \/>\n<meta property=\"og:description\" content=\"Quando o mercado da bola esquenta, os grandes clubes n\u00e3o medem esfor\u00e7os para garantir talentos promissores. \u00c9 exatamente esse cen\u00e1rio que envolve Wesley, lateral-direito do Flamengo, cujo futuro est\u00e1 cercado de especula\u00e7\u00f5es e propostas milion\u00e1rias vindas da Europa.&nbsp; Milan e Roma mostram interesse concreto Al\u00e9m disso, cabe ressaltar que dois times italianos entraram na disputa [&hellip;]\" \/>\n<meta property=\"og:url\" content=\"https:\/\/www.gaveanews.com\/index.php\/2025\/07\/17\/tres-clubes-da-europa-disputam-a-contratacao-de-wesley-do-flamengo\/\" \/>\n<meta property=\"og:site_name\" content=\"G\u00e1vea News\" \/>\n<meta property=\"article:publisher\" content=\"https:\/\/facebook.com\/gaveaNews\/\" \/>\n<meta property=\"article:published_time\" content=\"2025-07-17T20:00:00+00:00\" \/>\n<meta property=\"og:image\" content=\"https:\/\/www.gaveanews.com\/wp-content\/uploads\/GgZnA0yXYAAykTp.webp\" \/>\n\t<meta property=\"og:image:width\" content=\"1920\" \/>\n\t<meta property=\"og:image:height\" content=\"1080\" \/>\n\t<meta property=\"og:image:type\" content=\"image\/jpeg\" \/>\n<meta name=\"author\" content=\"Rafaela Ladeira\" \/>\n<meta name=\"twitter:card\" content=\"summary_large_image\" \/>\n<meta name=\"twitter:label1\" content=\"Escrito por\" \/>\n\t<meta name=\"twitter:data1\" content=\"Rafaela Ladeira\" \/>\n\t<meta name=\"twitter:label2\" content=\"Est. tempo de leitura\" \/>\n\t<meta name=\"twitter:data2\" content=\"3 minutos\" \/>\n<script type=\"application\/ld+json\" class=\"yoast-schema-graph\">{\"@context\":\"https:\/\/schema.org\",\"@graph\":[{\"@type\":\"NewsArticle\",\"@id\":\"https:\/\/www.gaveanews.com\/index.php\/2025\/07\/17\/tres-clubes-da-europa-disputam-a-contratacao-de-wesley-do-flamengo\/#article\",\"isPartOf\":{\"@id\":\"https:\/\/www.gaveanews.com\/index.php\/2025\/07\/17\/tres-clubes-da-europa-disputam-a-contratacao-de-wesley-do-flamengo\/\"},\"author\":{\"name\":\"Rafaela Ladeira\",\"@id\":\"https:\/\/www.gaveanews.com\/#\/schema\/person\/0eb3e3fe1754f0205218538adbe8f5ed\"},\"headline\":\"Tr\u00eas clubes da Europa disputam a contrata\u00e7\u00e3o de Wesley, do Flamengo\",\"datePublished\":\"2025-07-17T20:00:00+00:00\",\"mainEntityOfPage\":{\"@id\":\"https:\/\/www.gaveanews.com\/index.php\/2025\/07\/17\/tres-clubes-da-europa-disputam-a-contratacao-de-wesley-do-flamengo\/\"},\"wordCount\":462,\"commentCount\":0,\"image\":{\"@id\":\"https:\/\/www.gaveanews.com\/index.php\/2025\/07\/17\/tres-clubes-da-europa-disputam-a-contratacao-de-wesley-do-flamengo\/#primaryimage\"},\"thumbnailUrl\":\"https:\/\/www.gaveanews.com\/wp-content\/uploads\/GgZnA0yXYAAykTp.webp\",\"articleSection\":[\"Flamengo\"],\"inLanguage\":\"pt-BR\",\"potentialAction\":[{\"@type\":\"CommentAction\",\"name\":\"Comment\",\"target\":[\"https:\/\/www.gaveanews.com\/index.php\/2025\/07\/17\/tres-clubes-da-europa-disputam-a-contratacao-de-wesley-do-flamengo\/#respond\"]}],\"copyrightYear\":\"2025\",\"copyrightHolder\":{\"@id\":\"https:\/\/www.gaveanews.com\/#organization\"}},{\"@type\":\"WebPage\",\"@id\":\"https:\/\/www.gaveanews.com\/index.php\/2025\/07\/17\/tres-clubes-da-europa-disputam-a-contratacao-de-wesley-do-flamengo\/\",\"url\":\"https:\/\/www.gaveanews.com\/index.php\/2025\/07\/17\/tres-clubes-da-europa-disputam-a-contratacao-de-wesley-do-flamengo\/\",\"name\":\"Tr\u00eas clubes da Europa disputam a contrata\u00e7\u00e3o de Wesley, do Flamengo\",\"isPartOf\":{\"@id\":\"https:\/\/www.gaveanews.com\/#website\"},\"primaryImageOfPage\":{\"@id\":\"https:\/\/www.gaveanews.com\/index.php\/2025\/07\/17\/tres-clubes-da-europa-disputam-a-contratacao-de-wesley-do-flamengo\/#primaryimage\"},\"image\":{\"@id\":\"https:\/\/www.gaveanews.com\/index.php\/2025\/07\/17\/tres-clubes-da-europa-disputam-a-contratacao-de-wesley-do-flamengo\/#primaryimage\"},\"thumbnailUrl\":\"https:\/\/www.gaveanews.com\/wp-content\/uploads\/GgZnA0yXYAAykTp.webp\",\"datePublished\":\"2025-07-17T20:00:00+00:00\",\"author\":{\"@id\":\"https:\/\/www.gaveanews.com\/#\/schema\/person\/0eb3e3fe1754f0205218538adbe8f5ed\"},\"breadcrumb\":{\"@id\":\"https:\/\/www.gaveanews.com\/index.php\/2025\/07\/17\/tres-clubes-da-europa-disputam-a-contratacao-de-wesley-do-flamengo\/#breadcrumb\"},\"inLanguage\":\"pt-BR\",\"potentialAction\":[{\"@type\":\"ReadAction\",\"target\":[\"https:\/\/www.gaveanews.com\/index.php\/2025\/07\/17\/tres-clubes-da-europa-disputam-a-contratacao-de-wesley-do-flamengo\/\"]}]},{\"@type\":\"ImageObject\",\"inLanguage\":\"pt-BR\",\"@id\":\"https:\/\/www.gaveanews.com\/index.php\/2025\/07\/17\/tres-clubes-da-europa-disputam-a-contratacao-de-wesley-do-flamengo\/#primaryimage\",\"url\":\"https:\/\/www.gaveanews.com\/wp-content\/uploads\/GgZnA0yXYAAykTp.webp\",\"contentUrl\":\"https:\/\/www.gaveanews.com\/wp-content\/uploads\/GgZnA0yXYAAykTp.webp\",\"width\":1920,\"height\":1080,\"caption\":\"Lateral Wesley, do Flamengo (Foto: Divulga\u00e7\u00e3o)\"},{\"@type\":\"BreadcrumbList\",\"@id\":\"https:\/\/www.gaveanews.com\/index.php\/2025\/07\/17\/tres-clubes-da-europa-disputam-a-contratacao-de-wesley-do-flamengo\/#breadcrumb\",\"itemListElement\":[{\"@type\":\"ListItem\",\"position\":1,\"name\":\"Home\",\"item\":\"https:\/\/www.gaveanews.com\/\"},{\"@type\":\"ListItem\",\"position\":2,\"name\":\"Tr\u00eas clubes da Europa disputam a contrata\u00e7\u00e3o de Wesley, do Flamengo\"}]},{\"@type\":\"WebSite\",\"@id\":\"https:\/\/www.gaveanews.com\/#website\",\"url\":\"https:\/\/www.gaveanews.com\/\",\"name\":\"G\u00e1vea News\",\"description\":\"Veja todas as not\u00edcias sobre o Flamengo: Contrata\u00e7\u00f5es, categorias de base, resultados das partidas, tabela de classifica\u00e7\u00e3o, pr\u00f3ximos jogos!\",\"potentialAction\":[{\"@type\":\"SearchAction\",\"target\":{\"@type\":\"EntryPoint\",\"urlTemplate\":\"https:\/\/www.gaveanews.com\/?s={search_term_string}\"},\"query-input\":{\"@type\":\"PropertyValueSpecification\",\"valueRequired\":true,\"valueName\":\"search_term_string\"}}],\"inLanguage\":\"pt-BR\"},{\"@type\":\"Person\",\"@id\":\"https:\/\/www.gaveanews.com\/#\/schema\/person\/0eb3e3fe1754f0205218538adbe8f5ed\",\"name\":\"Rafaela Ladeira\",\"image\":{\"@type\":\"ImageObject\",\"inLanguage\":\"pt-BR\",\"@id\":\"https:\/\/www.gaveanews.com\/#\/schema\/person\/image\/\",\"url\":\"https:\/\/secure.gravatar.com\/avatar\/c31f513acffd85eacab5730cbdfdbbf59f21ba5aeada8cd890acea879fbb2455?s=96&d=mm&r=g\",\"contentUrl\":\"https:\/\/secure.gravatar.com\/avatar\/c31f513acffd85eacab5730cbdfdbbf59f21ba5aeada8cd890acea879fbb2455?s=96&d=mm&r=g\",\"caption\":\"Rafaela Ladeira\"}}]}<\/script>\n<!-- \/ Yoast SEO Premium plugin. -->","yoast_head_json":{"title":"Tr\u00eas clubes da Europa disputam a contrata\u00e7\u00e3o de Wesley, do Flamengo","robots":{"index":"index","follow":"follow","max-snippet":"max-snippet:-1","max-image-preview":"max-image-preview:large","max-video-preview":"max-video-preview:-1"},"canonical":"https:\/\/www.gaveanews.com\/index.php\/2025\/07\/17\/tres-clubes-da-europa-disputam-a-contratacao-de-wesley-do-flamengo\/","og_locale":"pt_BR","og_type":"article","og_title":"Tr\u00eas clubes da Europa disputam a contrata\u00e7\u00e3o de Wesley, do Flamengo","og_description":"Quando o mercado da bola esquenta, os grandes clubes n\u00e3o medem esfor\u00e7os para garantir talentos promissores. \u00c9 exatamente esse cen\u00e1rio que envolve Wesley, lateral-direito do Flamengo, cujo futuro est\u00e1 cercado de especula\u00e7\u00f5es e propostas milion\u00e1rias vindas da Europa.&nbsp; Milan e Roma mostram interesse concreto Al\u00e9m disso, cabe ressaltar que dois times italianos entraram na disputa [&hellip;]","og_url":"https:\/\/www.gaveanews.com\/index.php\/2025\/07\/17\/tres-clubes-da-europa-disputam-a-contratacao-de-wesley-do-flamengo\/","og_site_name":"G\u00e1vea News","article_publisher":"https:\/\/facebook.com\/gaveaNews\/","article_published_time":"2025-07-17T20:00:00+00:00","og_image":[{"width":1920,"height":1080,"url":"https:\/\/www.gaveanews.com\/wp-content\/uploads\/GgZnA0yXYAAykTp.webp","type":"image\/jpeg"}],"author":"Rafaela Ladeira","twitter_card":"summary_large_image","twitter_misc":{"Escrito por":"Rafaela Ladeira","Est. tempo de leitura":"3 minutos"},"schema":{"@context":"https:\/\/schema.org","@graph":[{"@type":"NewsArticle","@id":"https:\/\/www.gaveanews.com\/index.php\/2025\/07\/17\/tres-clubes-da-europa-disputam-a-contratacao-de-wesley-do-flamengo\/#article","isPartOf":{"@id":"https:\/\/www.gaveanews.com\/index.php\/2025\/07\/17\/tres-clubes-da-europa-disputam-a-contratacao-de-wesley-do-flamengo\/"},"author":{"name":"Rafaela Ladeira","@id":"https:\/\/www.gaveanews.com\/#\/schema\/person\/0eb3e3fe1754f0205218538adbe8f5ed"},"headline":"Tr\u00eas clubes da Europa disputam a contrata\u00e7\u00e3o de Wesley, do Flamengo","datePublished":"2025-07-17T20:00:00+00:00","mainEntityOfPage":{"@id":"https:\/\/www.gaveanews.com\/index.php\/2025\/07\/17\/tres-clubes-da-europa-disputam-a-contratacao-de-wesley-do-flamengo\/"},"wordCount":462,"commentCount":0,"image":{"@id":"https:\/\/www.gaveanews.com\/index.php\/2025\/07\/17\/tres-clubes-da-europa-disputam-a-contratacao-de-wesley-do-flamengo\/#primaryimage"},"thumbnailUrl":"https:\/\/www.gaveanews.com\/wp-content\/uploads\/GgZnA0yXYAAykTp.webp","articleSection":["Flamengo"],"inLanguage":"pt-BR","potentialAction":[{"@type":"CommentAction","name":"Comment","target":["https:\/\/www.gaveanews.com\/index.php\/2025\/07\/17\/tres-clubes-da-europa-disputam-a-contratacao-de-wesley-do-flamengo\/#respond"]}],"copyrightYear":"2025","copyrightHolder":{"@id":"https:\/\/www.gaveanews.com\/#organization"}},{"@type":"WebPage","@id":"https:\/\/www.gaveanews.com\/index.php\/2025\/07\/17\/tres-clubes-da-europa-disputam-a-contratacao-de-wesley-do-flamengo\/","url":"https:\/\/www.gaveanews.com\/index.php\/2025\/07\/17\/tres-clubes-da-europa-disputam-a-contratacao-de-wesley-do-flamengo\/","name":"Tr\u00eas clubes da Europa disputam a contrata\u00e7\u00e3o de Wesley, do Flamengo","isPartOf":{"@id":"https:\/\/www.gaveanews.com\/#website"},"primaryImageOfPage":{"@id":"https:\/\/www.gaveanews.com\/index.php\/2025\/07\/17\/tres-clubes-da-europa-disputam-a-contratacao-de-wesley-do-flamengo\/#primaryimage"},"image":{"@id":"https:\/\/www.gaveanews.com\/index.php\/2025\/07\/17\/tres-clubes-da-europa-disputam-a-contratacao-de-wesley-do-flamengo\/#primaryimage"},"thumbnailUrl":"https:\/\/www.gaveanews.com\/wp-content\/uploads\/GgZnA0yXYAAykTp.webp","datePublished":"2025-07-17T20:00:00+00:00","author":{"@id":"https:\/\/www.gaveanews.com\/#\/schema\/person\/0eb3e3fe1754f0205218538adbe8f5ed"},"breadcrumb":{"@id":"https:\/\/www.gaveanews.com\/index.php\/2025\/07\/17\/tres-clubes-da-europa-disputam-a-contratacao-de-wesley-do-flamengo\/#breadcrumb"},"inLanguage":"pt-BR","potentialAction":[{"@type":"ReadAction","target":["https:\/\/www.gaveanews.com\/index.php\/2025\/07\/17\/tres-clubes-da-europa-disputam-a-contratacao-de-wesley-do-flamengo\/"]}]},{"@type":"ImageObject","inLanguage":"pt-BR","@id":"https:\/\/www.gaveanews.com\/index.php\/2025\/07\/17\/tres-clubes-da-europa-disputam-a-contratacao-de-wesley-do-flamengo\/#primaryimage","url":"https:\/\/www.gaveanews.com\/wp-content\/uploads\/GgZnA0yXYAAykTp.webp","contentUrl":"https:\/\/www.gaveanews.com\/wp-content\/uploads\/GgZnA0yXYAAykTp.webp","width":1920,"height":1080,"caption":"Lateral Wesley, do Flamengo (Foto: Divulga\u00e7\u00e3o)"},{"@type":"BreadcrumbList","@id":"https:\/\/www.gaveanews.com\/index.php\/2025\/07\/17\/tres-clubes-da-europa-disputam-a-contratacao-de-wesley-do-flamengo\/#breadcrumb","itemListElement":[{"@type":"ListItem","position":1,"name":"Home","item":"https:\/\/www.gaveanews.com\/"},{"@type":"ListItem","position":2,"name":"Tr\u00eas clubes da Europa disputam a contrata\u00e7\u00e3o de Wesley, do Flamengo"}]},{"@type":"WebSite","@id":"https:\/\/www.gaveanews.com\/#website","url":"https:\/\/www.gaveanews.com\/","name":"G\u00e1vea News","description":"Veja todas as not\u00edcias sobre o Flamengo: Contrata\u00e7\u00f5es, categorias de base, resultados das partidas, tabela de classifica\u00e7\u00e3o, pr\u00f3ximos jogos!","potentialAction":[{"@type":"SearchAction","target":{"@type":"EntryPoint","urlTemplate":"https:\/\/www.gaveanews.com\/?s={search_term_string}"},"query-input":{"@type":"PropertyValueSpecification","valueRequired":true,"valueName":"search_term_string"}}],"inLanguage":"pt-BR"},{"@type":"Person","@id":"https:\/\/www.gaveanews.com\/#\/schema\/person\/0eb3e3fe1754f0205218538adbe8f5ed","name":"Rafaela Ladeira","image":{"@type":"ImageObject","inLanguage":"pt-BR","@id":"https:\/\/www.gaveanews.com\/#\/schema\/person\/image\/","url":"https:\/\/secure.gravatar.com\/avatar\/c31f513acffd85eacab5730cbdfdbbf59f21ba5aeada8cd890acea879fbb2455?s=96&d=mm&r=g","contentUrl":"https:\/\/secure.gravatar.com\/avatar\/c31f513acffd85eacab5730cbdfdbbf59f21ba5aeada8cd890acea879fbb2455?s=96&d=mm&r=g","caption":"Rafaela Ladeira"}}]}},"_links":{"self":[{"href":"https:\/\/www.gaveanews.com\/index.php\/wp-json\/wp\/v2\/posts\/272672","targetHints":{"allow":["GET"]}}],"collection":[{"href":"https:\/\/www.gaveanews.com\/index.php\/wp-json\/wp\/v2\/posts"}],"about":[{"href":"https:\/\/www.gaveanews.com\/index.php\/wp-json\/wp\/v2\/types\/post"}],"author":[{"embeddable":true,"href":"https:\/\/www.gaveanews.com\/index.php\/wp-json\/wp\/v2\/users\/25"}],"replies":[{"embeddable":true,"href":"https:\/\/www.gaveanews.com\/index.php\/wp-json\/wp\/v2\/comments?post=272672"}],"version-history":[{"count":1,"href":"https:\/\/www.gaveanews.com\/index.php\/wp-json\/wp\/v2\/posts\/272672\/revisions"}],"predecessor-version":[{"id":272673,"href":"https:\/\/www.gaveanews.com\/index.php\/wp-json\/wp\/v2\/posts\/272672\/revisions\/272673"}],"wp:featuredmedia":[{"embeddable":true,"href":"https:\/\/www.gaveanews.com\/index.php\/wp-json\/wp\/v2\/media\/207524"}],"wp:attachment":[{"href":"https:\/\/www.gaveanews.com\/index.php\/wp-json\/wp\/v2\/media?parent=272672"}],"wp:term":[{"taxonomy":"category","embeddable":true,"href":"https:\/\/www.gaveanews.com\/index.php\/wp-json\/wp\/v2\/categories?post=272672"},{"taxonomy":"post_tag","embeddable":true,"href":"https:\/\/www.gaveanews.com\/index.php\/wp-json\/wp\/v2\/tags?post=272672"}],"curies":[{"name":"wp","href":"https:\/\/api.w.org\/{rel}","templated":true}]}}