{"id":272686,"date":"2025-07-18T14:13:36","date_gmt":"2025-07-18T17:13:36","guid":{"rendered":"https:\/\/www.gaveanews.com\/?p=272686"},"modified":"2025-07-18T14:13:44","modified_gmt":"2025-07-18T17:13:44","slug":"novo-uniforme-do-flamengo-ganha-data-de-lancamento-veja-fotos","status":"publish","type":"post","link":"https:\/\/www.gaveanews.com\/index.php\/2025\/07\/18\/novo-uniforme-do-flamengo-ganha-data-de-lancamento-veja-fotos\/","title":{"rendered":"Novo uniforme do Flamengo ganha data de lan\u00e7amento; veja fotos"},"content":{"rendered":"\n<p>O Flamengo teve sua nova terceira camisa para a temporada 2025 vazada nesta sexta-feira (18 de julho), ap\u00f3s publica\u00e7\u00e3o do perfil Opaleak, especializado em antecipar lan\u00e7amentos de uniformes esportivos. As imagens revelam detalhes da pe\u00e7a, que ainda n\u00e3o foi divulgada oficialmente pelo clube ou pela fornecedora Adidas.<\/p>\n\n\n\n<p>O modelo alternativo chama aten\u00e7\u00e3o por seu visual em tom creme, com aplica\u00e7\u00f5es em dourado. O escudo escolhido para o peito \u00e9 o do remo, em alus\u00e3o \u00e0s origens do clube, fundado como uma agremia\u00e7\u00e3o de regatas. Acima do distintivo, a estrela dourada faz refer\u00eancia ao t\u00edtulo mundial conquistado em 1981. A gola em formato \u201cV\u201d e as tr\u00eas listras nos ombros \u2014 pretas com detalhes vermelhos \u2014 completam o visual tradicional da fornecedora alem\u00e3.<\/p>\n\n\n\n<blockquote class=\"twitter-tweet\" data-media-max-width=\"560\"><p lang=\"pt\" dir=\"ltr\">Terceiro uniforme do Flamengo pra essa temporada.<br><br>Lan\u00e7amento 1\u00ba de Agosto<br><br>Via <a href=\"https:\/\/twitter.com\/opaleak?ref_src=twsrc%5Etfw\">@opaleak<\/a> <a href=\"https:\/\/t.co\/mHk97HbLT4\">pic.twitter.com\/mHk97HbLT4<\/a><\/p>&mdash; Planeta do Flamengo \ud83c\udf0e (@fla_infos) <a href=\"https:\/\/twitter.com\/fla_infos\/status\/1946220540743618642?ref_src=twsrc%5Etfw\">July 18, 2025<\/a><\/blockquote> <script async src=\"https:\/\/platform.twitter.com\/widgets.js\" charset=\"utf-8\"><\/script>\n\n\n\n<p>At\u00e9 o momento, o Flamengo n\u00e3o confirmou a data oficial de lan\u00e7amento do novo uniforme. No entanto, a expectativa \u00e9 de que a pe\u00e7a chegue ao mercado ao longo de agosto. A escolha do escudo e a paleta de cores remetem diretamente ao in\u00edcio da hist\u00f3ria do clube, o que tem gerado coment\u00e1rios entre torcedores que valorizam a identidade hist\u00f3rica do Rubro-Negro.<\/p>\n\n\n\n<p>Anteriormente, o clube lan\u00e7ou em abril a camisa n\u00famero dois da temporada, com design predominantemente branco e mangas em rubro-negro. Os detalhes nas mangas remetem ao urubu, s\u00edmbolo tradicional da torcida flamenguista. A pe\u00e7a foi disponibilizada nos modelos masculino, feminino e infantil, com pre\u00e7os a partir de R$ 349,99.<\/p>\n\n\n\n<p>A Adidas, fornecedora do material esportivo do Flamengo, ainda n\u00e3o se pronunciou sobre o vazamento. No entanto, epis\u00f3dios semelhantes ocorridos em anos anteriores indicam que os lan\u00e7amentos oficiais costumam ocorrer poucos dias ou semanas ap\u00f3s a circula\u00e7\u00e3o das imagens n\u00e3o autorizadas.<\/p>\n\n\n\n<p>O perfil Opaleak, respons\u00e1vel pelo conte\u00fado vazado, tem hist\u00f3rico de precis\u00e3o em suas publica\u00e7\u00f5es, o que refor\u00e7a a credibilidade das imagens divulgadas. Assim, \u00e9 prov\u00e1vel que o modelo apresentado esteja muito pr\u00f3ximo do que ser\u00e1 efetivamente lan\u00e7ado.<\/p>\n\n\n\n<p>Enquanto isso, o clube segue com sua programa\u00e7\u00e3o de treinos e compromissos dentro de campo. Nos bastidores, o departamento de marketing j\u00e1 trabalha na estrat\u00e9gia de divulga\u00e7\u00e3o oficial da camisa, que deve compor a cole\u00e7\u00e3o completa de uniformes da equipe para o restante da temporada.<\/p>\n","protected":false},"excerpt":{"rendered":"<p>O Flamengo teve sua nova terceira camisa para a temporada 2025 vazada nesta sexta-feira (18 de julho), ap\u00f3s publica\u00e7\u00e3o do perfil Opaleak, especializado em antecipar lan\u00e7amentos de uniformes esportivos. As imagens revelam detalhes da pe\u00e7a, que ainda n\u00e3o foi divulgada oficialmente pelo clube ou pela fornecedora Adidas. O modelo alternativo chama aten\u00e7\u00e3o por seu visual [&hellip;]<\/p>\n","protected":false},"author":33,"featured_media":124684,"comment_status":"open","ping_status":"closed","sticky":false,"template":"","format":"standard","meta":{"footnotes":""},"categories":[1],"tags":[],"class_list":["post-272686","post","type-post","status-publish","format-standard","has-post-thumbnail","hentry","category-flamengo"],"yoast_head":"<!-- This site is optimized with the Yoast SEO Premium plugin v24.2 (Yoast SEO v26.9) - https:\/\/yoast.com\/product\/yoast-seo-premium-wordpress\/ -->\n<title>Novo uniforme do Flamengo ganha data de lan\u00e7amento; veja fotos<\/title>\n<meta name=\"robots\" content=\"index, follow, max-snippet:-1, max-image-preview:large, max-video-preview:-1\" \/>\n<link rel=\"canonical\" href=\"https:\/\/www.gaveanews.com\/index.php\/2025\/07\/18\/novo-uniforme-do-flamengo-ganha-data-de-lancamento-veja-fotos\/\" \/>\n<meta property=\"og:locale\" content=\"pt_BR\" \/>\n<meta property=\"og:type\" content=\"article\" \/>\n<meta property=\"og:title\" content=\"Novo uniforme do Flamengo ganha data de lan\u00e7amento; veja fotos\" \/>\n<meta property=\"og:description\" content=\"O Flamengo teve sua nova terceira camisa para a temporada 2025 vazada nesta sexta-feira (18 de julho), ap\u00f3s publica\u00e7\u00e3o do perfil Opaleak, especializado em antecipar lan\u00e7amentos de uniformes esportivos. As imagens revelam detalhes da pe\u00e7a, que ainda n\u00e3o foi divulgada oficialmente pelo clube ou pela fornecedora Adidas. O modelo alternativo chama aten\u00e7\u00e3o por seu visual [&hellip;]\" \/>\n<meta property=\"og:url\" content=\"https:\/\/www.gaveanews.com\/index.php\/2025\/07\/18\/novo-uniforme-do-flamengo-ganha-data-de-lancamento-veja-fotos\/\" \/>\n<meta property=\"og:site_name\" content=\"G\u00e1vea News\" \/>\n<meta property=\"article:publisher\" content=\"https:\/\/facebook.com\/gaveaNews\/\" \/>\n<meta property=\"article:published_time\" content=\"2025-07-18T17:13:36+00:00\" \/>\n<meta property=\"article:modified_time\" content=\"2025-07-18T17:13:44+00:00\" \/>\n<meta property=\"og:image\" content=\"http:\/\/www.gaveanews.com\/wp-content\/uploads\/escudoDoFlamengo.webp\" \/>\n\t<meta property=\"og:image:width\" content=\"1095\" \/>\n\t<meta property=\"og:image:height\" content=\"730\" \/>\n\t<meta property=\"og:image:type\" content=\"image\/webp\" \/>\n<meta name=\"author\" content=\"Brenda Cezillo\" \/>\n<meta name=\"twitter:card\" content=\"summary_large_image\" \/>\n<meta name=\"twitter:label1\" content=\"Escrito por\" \/>\n\t<meta name=\"twitter:data1\" content=\"Brenda Cezillo\" \/>\n\t<meta name=\"twitter:label2\" content=\"Est. tempo de leitura\" \/>\n\t<meta name=\"twitter:data2\" content=\"3 minutos\" \/>\n<script type=\"application\/ld+json\" class=\"yoast-schema-graph\">{\"@context\":\"https:\/\/schema.org\",\"@graph\":[{\"@type\":\"NewsArticle\",\"@id\":\"https:\/\/www.gaveanews.com\/index.php\/2025\/07\/18\/novo-uniforme-do-flamengo-ganha-data-de-lancamento-veja-fotos\/#article\",\"isPartOf\":{\"@id\":\"https:\/\/www.gaveanews.com\/index.php\/2025\/07\/18\/novo-uniforme-do-flamengo-ganha-data-de-lancamento-veja-fotos\/\"},\"author\":{\"name\":\"Brenda Cezillo\",\"@id\":\"https:\/\/www.gaveanews.com\/#\/schema\/person\/c79759ca337c40791ae8d08e2923d403\"},\"headline\":\"Novo uniforme do Flamengo ganha data de lan\u00e7amento; veja fotos\",\"datePublished\":\"2025-07-18T17:13:36+00:00\",\"dateModified\":\"2025-07-18T17:13:44+00:00\",\"mainEntityOfPage\":{\"@id\":\"https:\/\/www.gaveanews.com\/index.php\/2025\/07\/18\/novo-uniforme-do-flamengo-ganha-data-de-lancamento-veja-fotos\/\"},\"wordCount\":426,\"commentCount\":0,\"image\":{\"@id\":\"https:\/\/www.gaveanews.com\/index.php\/2025\/07\/18\/novo-uniforme-do-flamengo-ganha-data-de-lancamento-veja-fotos\/#primaryimage\"},\"thumbnailUrl\":\"https:\/\/www.gaveanews.com\/wp-content\/uploads\/escudoDoFlamengo.webp\",\"articleSection\":[\"Flamengo\"],\"inLanguage\":\"pt-BR\",\"potentialAction\":[{\"@type\":\"CommentAction\",\"name\":\"Comment\",\"target\":[\"https:\/\/www.gaveanews.com\/index.php\/2025\/07\/18\/novo-uniforme-do-flamengo-ganha-data-de-lancamento-veja-fotos\/#respond\"]}],\"copyrightYear\":\"2025\",\"copyrightHolder\":{\"@id\":\"https:\/\/www.gaveanews.com\/#organization\"}},{\"@type\":\"WebPage\",\"@id\":\"https:\/\/www.gaveanews.com\/index.php\/2025\/07\/18\/novo-uniforme-do-flamengo-ganha-data-de-lancamento-veja-fotos\/\",\"url\":\"https:\/\/www.gaveanews.com\/index.php\/2025\/07\/18\/novo-uniforme-do-flamengo-ganha-data-de-lancamento-veja-fotos\/\",\"name\":\"Novo uniforme do Flamengo ganha data de lan\u00e7amento; veja fotos\",\"isPartOf\":{\"@id\":\"https:\/\/www.gaveanews.com\/#website\"},\"primaryImageOfPage\":{\"@id\":\"https:\/\/www.gaveanews.com\/index.php\/2025\/07\/18\/novo-uniforme-do-flamengo-ganha-data-de-lancamento-veja-fotos\/#primaryimage\"},\"image\":{\"@id\":\"https:\/\/www.gaveanews.com\/index.php\/2025\/07\/18\/novo-uniforme-do-flamengo-ganha-data-de-lancamento-veja-fotos\/#primaryimage\"},\"thumbnailUrl\":\"https:\/\/www.gaveanews.com\/wp-content\/uploads\/escudoDoFlamengo.webp\",\"datePublished\":\"2025-07-18T17:13:36+00:00\",\"dateModified\":\"2025-07-18T17:13:44+00:00\",\"author\":{\"@id\":\"https:\/\/www.gaveanews.com\/#\/schema\/person\/c79759ca337c40791ae8d08e2923d403\"},\"breadcrumb\":{\"@id\":\"https:\/\/www.gaveanews.com\/index.php\/2025\/07\/18\/novo-uniforme-do-flamengo-ganha-data-de-lancamento-veja-fotos\/#breadcrumb\"},\"inLanguage\":\"pt-BR\",\"potentialAction\":[{\"@type\":\"ReadAction\",\"target\":[\"https:\/\/www.gaveanews.com\/index.php\/2025\/07\/18\/novo-uniforme-do-flamengo-ganha-data-de-lancamento-veja-fotos\/\"]}]},{\"@type\":\"ImageObject\",\"inLanguage\":\"pt-BR\",\"@id\":\"https:\/\/www.gaveanews.com\/index.php\/2025\/07\/18\/novo-uniforme-do-flamengo-ganha-data-de-lancamento-veja-fotos\/#primaryimage\",\"url\":\"https:\/\/www.gaveanews.com\/wp-content\/uploads\/escudoDoFlamengo.webp\",\"contentUrl\":\"https:\/\/www.gaveanews.com\/wp-content\/uploads\/escudoDoFlamengo.webp\",\"width\":1095,\"height\":730,\"caption\":\"Centro de treinamento do Flamengo (Foto: Reprodu\u00e7\u00e3o)\"},{\"@type\":\"BreadcrumbList\",\"@id\":\"https:\/\/www.gaveanews.com\/index.php\/2025\/07\/18\/novo-uniforme-do-flamengo-ganha-data-de-lancamento-veja-fotos\/#breadcrumb\",\"itemListElement\":[{\"@type\":\"ListItem\",\"position\":1,\"name\":\"Home\",\"item\":\"https:\/\/www.gaveanews.com\/\"},{\"@type\":\"ListItem\",\"position\":2,\"name\":\"Novo uniforme do Flamengo ganha data de lan\u00e7amento; veja fotos\"}]},{\"@type\":\"WebSite\",\"@id\":\"https:\/\/www.gaveanews.com\/#website\",\"url\":\"https:\/\/www.gaveanews.com\/\",\"name\":\"G\u00e1vea News\",\"description\":\"Veja todas as not\u00edcias sobre o Flamengo: Contrata\u00e7\u00f5es, categorias de base, resultados das partidas, tabela de classifica\u00e7\u00e3o, pr\u00f3ximos jogos!\",\"potentialAction\":[{\"@type\":\"SearchAction\",\"target\":{\"@type\":\"EntryPoint\",\"urlTemplate\":\"https:\/\/www.gaveanews.com\/?s={search_term_string}\"},\"query-input\":{\"@type\":\"PropertyValueSpecification\",\"valueRequired\":true,\"valueName\":\"search_term_string\"}}],\"inLanguage\":\"pt-BR\"},{\"@type\":\"Person\",\"@id\":\"https:\/\/www.gaveanews.com\/#\/schema\/person\/c79759ca337c40791ae8d08e2923d403\",\"name\":\"Brenda Cezillo\",\"image\":{\"@type\":\"ImageObject\",\"inLanguage\":\"pt-BR\",\"@id\":\"https:\/\/www.gaveanews.com\/#\/schema\/person\/image\/\",\"url\":\"https:\/\/secure.gravatar.com\/avatar\/1738d75cee7317f9c29ae61dd67620c5883d80a92e42a6fff88ae5d527af217a?s=96&d=mm&r=g\",\"contentUrl\":\"https:\/\/secure.gravatar.com\/avatar\/1738d75cee7317f9c29ae61dd67620c5883d80a92e42a6fff88ae5d527af217a?s=96&d=mm&r=g\",\"caption\":\"Brenda Cezillo\"}}]}<\/script>\n<!-- \/ Yoast SEO Premium plugin. -->","yoast_head_json":{"title":"Novo uniforme do Flamengo ganha data de lan\u00e7amento; veja fotos","robots":{"index":"index","follow":"follow","max-snippet":"max-snippet:-1","max-image-preview":"max-image-preview:large","max-video-preview":"max-video-preview:-1"},"canonical":"https:\/\/www.gaveanews.com\/index.php\/2025\/07\/18\/novo-uniforme-do-flamengo-ganha-data-de-lancamento-veja-fotos\/","og_locale":"pt_BR","og_type":"article","og_title":"Novo uniforme do Flamengo ganha data de lan\u00e7amento; veja fotos","og_description":"O Flamengo teve sua nova terceira camisa para a temporada 2025 vazada nesta sexta-feira (18 de julho), ap\u00f3s publica\u00e7\u00e3o do perfil Opaleak, especializado em antecipar lan\u00e7amentos de uniformes esportivos. As imagens revelam detalhes da pe\u00e7a, que ainda n\u00e3o foi divulgada oficialmente pelo clube ou pela fornecedora Adidas. O modelo alternativo chama aten\u00e7\u00e3o por seu visual [&hellip;]","og_url":"https:\/\/www.gaveanews.com\/index.php\/2025\/07\/18\/novo-uniforme-do-flamengo-ganha-data-de-lancamento-veja-fotos\/","og_site_name":"G\u00e1vea News","article_publisher":"https:\/\/facebook.com\/gaveaNews\/","article_published_time":"2025-07-18T17:13:36+00:00","article_modified_time":"2025-07-18T17:13:44+00:00","og_image":[{"width":1095,"height":730,"url":"http:\/\/www.gaveanews.com\/wp-content\/uploads\/escudoDoFlamengo.webp","type":"image\/webp"}],"author":"Brenda Cezillo","twitter_card":"summary_large_image","twitter_misc":{"Escrito por":"Brenda Cezillo","Est. tempo de leitura":"3 minutos"},"schema":{"@context":"https:\/\/schema.org","@graph":[{"@type":"NewsArticle","@id":"https:\/\/www.gaveanews.com\/index.php\/2025\/07\/18\/novo-uniforme-do-flamengo-ganha-data-de-lancamento-veja-fotos\/#article","isPartOf":{"@id":"https:\/\/www.gaveanews.com\/index.php\/2025\/07\/18\/novo-uniforme-do-flamengo-ganha-data-de-lancamento-veja-fotos\/"},"author":{"name":"Brenda Cezillo","@id":"https:\/\/www.gaveanews.com\/#\/schema\/person\/c79759ca337c40791ae8d08e2923d403"},"headline":"Novo uniforme do Flamengo ganha data de lan\u00e7amento; veja fotos","datePublished":"2025-07-18T17:13:36+00:00","dateModified":"2025-07-18T17:13:44+00:00","mainEntityOfPage":{"@id":"https:\/\/www.gaveanews.com\/index.php\/2025\/07\/18\/novo-uniforme-do-flamengo-ganha-data-de-lancamento-veja-fotos\/"},"wordCount":426,"commentCount":0,"image":{"@id":"https:\/\/www.gaveanews.com\/index.php\/2025\/07\/18\/novo-uniforme-do-flamengo-ganha-data-de-lancamento-veja-fotos\/#primaryimage"},"thumbnailUrl":"https:\/\/www.gaveanews.com\/wp-content\/uploads\/escudoDoFlamengo.webp","articleSection":["Flamengo"],"inLanguage":"pt-BR","potentialAction":[{"@type":"CommentAction","name":"Comment","target":["https:\/\/www.gaveanews.com\/index.php\/2025\/07\/18\/novo-uniforme-do-flamengo-ganha-data-de-lancamento-veja-fotos\/#respond"]}],"copyrightYear":"2025","copyrightHolder":{"@id":"https:\/\/www.gaveanews.com\/#organization"}},{"@type":"WebPage","@id":"https:\/\/www.gaveanews.com\/index.php\/2025\/07\/18\/novo-uniforme-do-flamengo-ganha-data-de-lancamento-veja-fotos\/","url":"https:\/\/www.gaveanews.com\/index.php\/2025\/07\/18\/novo-uniforme-do-flamengo-ganha-data-de-lancamento-veja-fotos\/","name":"Novo uniforme do Flamengo ganha data de lan\u00e7amento; veja fotos","isPartOf":{"@id":"https:\/\/www.gaveanews.com\/#website"},"primaryImageOfPage":{"@id":"https:\/\/www.gaveanews.com\/index.php\/2025\/07\/18\/novo-uniforme-do-flamengo-ganha-data-de-lancamento-veja-fotos\/#primaryimage"},"image":{"@id":"https:\/\/www.gaveanews.com\/index.php\/2025\/07\/18\/novo-uniforme-do-flamengo-ganha-data-de-lancamento-veja-fotos\/#primaryimage"},"thumbnailUrl":"https:\/\/www.gaveanews.com\/wp-content\/uploads\/escudoDoFlamengo.webp","datePublished":"2025-07-18T17:13:36+00:00","dateModified":"2025-07-18T17:13:44+00:00","author":{"@id":"https:\/\/www.gaveanews.com\/#\/schema\/person\/c79759ca337c40791ae8d08e2923d403"},"breadcrumb":{"@id":"https:\/\/www.gaveanews.com\/index.php\/2025\/07\/18\/novo-uniforme-do-flamengo-ganha-data-de-lancamento-veja-fotos\/#breadcrumb"},"inLanguage":"pt-BR","potentialAction":[{"@type":"ReadAction","target":["https:\/\/www.gaveanews.com\/index.php\/2025\/07\/18\/novo-uniforme-do-flamengo-ganha-data-de-lancamento-veja-fotos\/"]}]},{"@type":"ImageObject","inLanguage":"pt-BR","@id":"https:\/\/www.gaveanews.com\/index.php\/2025\/07\/18\/novo-uniforme-do-flamengo-ganha-data-de-lancamento-veja-fotos\/#primaryimage","url":"https:\/\/www.gaveanews.com\/wp-content\/uploads\/escudoDoFlamengo.webp","contentUrl":"https:\/\/www.gaveanews.com\/wp-content\/uploads\/escudoDoFlamengo.webp","width":1095,"height":730,"caption":"Centro de treinamento do Flamengo (Foto: Reprodu\u00e7\u00e3o)"},{"@type":"BreadcrumbList","@id":"https:\/\/www.gaveanews.com\/index.php\/2025\/07\/18\/novo-uniforme-do-flamengo-ganha-data-de-lancamento-veja-fotos\/#breadcrumb","itemListElement":[{"@type":"ListItem","position":1,"name":"Home","item":"https:\/\/www.gaveanews.com\/"},{"@type":"ListItem","position":2,"name":"Novo uniforme do Flamengo ganha data de lan\u00e7amento; veja fotos"}]},{"@type":"WebSite","@id":"https:\/\/www.gaveanews.com\/#website","url":"https:\/\/www.gaveanews.com\/","name":"G\u00e1vea News","description":"Veja todas as not\u00edcias sobre o Flamengo: Contrata\u00e7\u00f5es, categorias de base, resultados das partidas, tabela de classifica\u00e7\u00e3o, pr\u00f3ximos jogos!","potentialAction":[{"@type":"SearchAction","target":{"@type":"EntryPoint","urlTemplate":"https:\/\/www.gaveanews.com\/?s={search_term_string}"},"query-input":{"@type":"PropertyValueSpecification","valueRequired":true,"valueName":"search_term_string"}}],"inLanguage":"pt-BR"},{"@type":"Person","@id":"https:\/\/www.gaveanews.com\/#\/schema\/person\/c79759ca337c40791ae8d08e2923d403","name":"Brenda Cezillo","image":{"@type":"ImageObject","inLanguage":"pt-BR","@id":"https:\/\/www.gaveanews.com\/#\/schema\/person\/image\/","url":"https:\/\/secure.gravatar.com\/avatar\/1738d75cee7317f9c29ae61dd67620c5883d80a92e42a6fff88ae5d527af217a?s=96&d=mm&r=g","contentUrl":"https:\/\/secure.gravatar.com\/avatar\/1738d75cee7317f9c29ae61dd67620c5883d80a92e42a6fff88ae5d527af217a?s=96&d=mm&r=g","caption":"Brenda Cezillo"}}]}},"_links":{"self":[{"href":"https:\/\/www.gaveanews.com\/index.php\/wp-json\/wp\/v2\/posts\/272686","targetHints":{"allow":["GET"]}}],"collection":[{"href":"https:\/\/www.gaveanews.com\/index.php\/wp-json\/wp\/v2\/posts"}],"about":[{"href":"https:\/\/www.gaveanews.com\/index.php\/wp-json\/wp\/v2\/types\/post"}],"author":[{"embeddable":true,"href":"https:\/\/www.gaveanews.com\/index.php\/wp-json\/wp\/v2\/users\/33"}],"replies":[{"embeddable":true,"href":"https:\/\/www.gaveanews.com\/index.php\/wp-json\/wp\/v2\/comments?post=272686"}],"version-history":[{"count":1,"href":"https:\/\/www.gaveanews.com\/index.php\/wp-json\/wp\/v2\/posts\/272686\/revisions"}],"predecessor-version":[{"id":272687,"href":"https:\/\/www.gaveanews.com\/index.php\/wp-json\/wp\/v2\/posts\/272686\/revisions\/272687"}],"wp:featuredmedia":[{"embeddable":true,"href":"https:\/\/www.gaveanews.com\/index.php\/wp-json\/wp\/v2\/media\/124684"}],"wp:attachment":[{"href":"https:\/\/www.gaveanews.com\/index.php\/wp-json\/wp\/v2\/media?parent=272686"}],"wp:term":[{"taxonomy":"category","embeddable":true,"href":"https:\/\/www.gaveanews.com\/index.php\/wp-json\/wp\/v2\/categories?post=272686"},{"taxonomy":"post_tag","embeddable":true,"href":"https:\/\/www.gaveanews.com\/index.php\/wp-json\/wp\/v2\/tags?post=272686"}],"curies":[{"name":"wp","href":"https:\/\/api.w.org\/{rel}","templated":true}]}}