{"id":272692,"date":"2025-07-18T15:47:00","date_gmt":"2025-07-18T18:47:00","guid":{"rendered":"https:\/\/www.gaveanews.com\/?p=272692"},"modified":"2025-07-18T15:48:12","modified_gmt":"2025-07-18T18:48:12","slug":"taty-castellanos-flamengo-recebe-resposta-oficial-sobre-negociacao","status":"publish","type":"post","link":"https:\/\/www.gaveanews.com\/index.php\/2025\/07\/18\/taty-castellanos-flamengo-recebe-resposta-oficial-sobre-negociacao\/","title":{"rendered":"Taty Castellanos: Flamengo recebe resposta oficial sobre negocia\u00e7\u00e3o"},"content":{"rendered":"\n<p>A novela envolvendo o nome de Taty Castellanos ganhou um novo cap\u00edtulo nesta semana. A Lazio comunicou oficialmente ao Flamengo que, neste momento, n\u00e3o tem interesse em negociar o atacante argentino, frustrando os planos da diretoria rubro-negra de contar com o jogador ainda nesta janela de transfer\u00eancias.&nbsp;<\/p>\n\n\n\n<p>A resposta direta do clube italiano aumenta a complexidade das tratativas, mas n\u00e3o encerra as esperan\u00e7as do time carioca.<\/p>\n\n\n\n<h2 class=\"wp-block-heading\" id=\"h-flamengo-nao-desiste-e-tenta-reverter-cenario-com-clube-italiano\">Flamengo n\u00e3o desiste e tenta reverter cen\u00e1rio com clube italiano<\/h2>\n\n\n\n<p>Mesmo diante da negativa inicial da Lazio, o Flamengo promete seguir ativo nos bastidores. A diretoria entende que Castellanos seria uma pe\u00e7a importante para o esquema do t\u00e9cnico Filipe Lu\u00eds, e por isso continuar\u00e1 trabalhando para tentar uma reviravolta. Vale destacar que o atleta agrada pela versatilidade no setor ofensivo e por sua capacidade de finaliza\u00e7\u00e3o, caracter\u00edsticas valorizadas no elenco rubro-negro.<\/p>\n\n\n\n<p>Al\u00e9m disso, h\u00e1 uma avalia\u00e7\u00e3o interna de que Castellanos pode agregar competitividade ao time, algo essencial na longa temporada, que inclui Campeonato Brasileiro, Copa do Brasil e Libertadores. Por isso, o Flamengo busca alternativas para convencer os italianos a mudarem de ideia, seja com novo formato de proposta ou bonifica\u00e7\u00f5es futuras.<\/p>\n\n\n\n<blockquote class=\"twitter-tweet\"><p lang=\"pt\" dir=\"ltr\">Lazio comunicou ao Flamengo que n\u00e3o quer vender o atacante Taty Castellanos.<br><br>A diretoria rubro-negra seguir\u00e1 trabalhando para tentar fazer com que o clube italiano mude de ideia.<br><br>\ud83d\uddde <a href=\"https:\/\/twitter.com\/GerGarciaGrova?ref_src=twsrc%5Etfw\">@GerGarciaGrova<\/a> <br>\ud83d\udcf8 Lazio <a href=\"https:\/\/t.co\/MBqfVmm9bj\">pic.twitter.com\/MBqfVmm9bj<\/a><\/p>&mdash; Planeta do Futebol \ud83c\udf0e (@futebol_info) <a href=\"https:\/\/twitter.com\/futebol_info\/status\/1946248957337674119?ref_src=twsrc%5Etfw\">July 18, 2025<\/a><\/blockquote> <script async src=\"https:\/\/platform.twitter.com\/widgets.js\" charset=\"utf-8\"><\/script>\n\n\n\n<h2 class=\"wp-block-heading\" id=\"h-lazio-adota-postura-firme-e-segura-ativo-para-a-temporada\">Lazio adota postura firme e segura ativo para a temporada<\/h2>\n\n\n\n<p>Do lado da Lazio, a decis\u00e3o de manter Taty Castellanos passa por dois fatores principais. Primeiro, o clube v\u00ea no atacante um jogador \u00fatil para o elenco atual, especialmente com o calend\u00e1rio europeu apertado. Isso porque Castellanos tem mostrado potencial em jogos espec\u00edficos e ainda pode ser valorizado no mercado.<\/p>\n\n\n\n<p>Cabe ressaltar que a Lazio investiu alto para contratar o argentino junto ao Girona e n\u00e3o est\u00e1 disposta a abrir m\u00e3o do jogador sem uma compensa\u00e7\u00e3o muito atrativa. Sendo assim, os italianos querem evitar qualquer movimenta\u00e7\u00e3o precipitada nesta janela.<\/p>\n\n\n\n<h2 class=\"wp-block-heading\" id=\"h-negociacao-complexa-mas-ainda-em-curso\">Negocia\u00e7\u00e3o complexa, mas ainda em curso<\/h2>\n\n\n\n<p>Com isso, o Flamengo segue atento e disposto a esperar o tempo necess\u00e1rio para avan\u00e7ar com a negocia\u00e7\u00e3o. Dessa maneira, o clube mant\u00e9m contato com representantes do jogador e segue de olho em outras op\u00e7\u00f5es de mercado, caso a situa\u00e7\u00e3o com a Lazio se mantenha irredut\u00edvel.<\/p>\n\n\n\n<p>Portanto, ainda n\u00e3o h\u00e1 um desfecho definitivo, mas a sinaliza\u00e7\u00e3o da Lazio representa um desafio claro para o departamento de futebol rubro-negro. Desse jeito, a dire\u00e7\u00e3o precisa de criatividade e insist\u00eancia para transformar a negativa inicial em uma poss\u00edvel virada nos pr\u00f3ximos dias.<\/p>\n","protected":false},"excerpt":{"rendered":"<p>A novela envolvendo o nome de Taty Castellanos ganhou um novo cap\u00edtulo nesta semana. A Lazio comunicou oficialmente ao Flamengo que, neste momento, n\u00e3o tem interesse em negociar o atacante argentino, frustrando os planos da diretoria rubro-negra de contar com o jogador ainda nesta janela de transfer\u00eancias.&nbsp; A resposta direta do clube italiano aumenta a [&hellip;]<\/p>\n","protected":false},"author":25,"featured_media":205636,"comment_status":"open","ping_status":"closed","sticky":false,"template":"","format":"standard","meta":{"footnotes":""},"categories":[1],"tags":[],"class_list":["post-272692","post","type-post","status-publish","format-standard","has-post-thumbnail","hentry","category-flamengo"],"yoast_head":"<!-- This site is optimized with the Yoast SEO Premium plugin v24.2 (Yoast SEO v26.9) - https:\/\/yoast.com\/product\/yoast-seo-premium-wordpress\/ -->\n<title>Taty Castellanos: Flamengo recebe resposta oficial sobre negocia\u00e7\u00e3o<\/title>\n<meta name=\"robots\" content=\"index, follow, max-snippet:-1, max-image-preview:large, max-video-preview:-1\" \/>\n<link rel=\"canonical\" href=\"https:\/\/www.gaveanews.com\/index.php\/2025\/07\/18\/taty-castellanos-flamengo-recebe-resposta-oficial-sobre-negociacao\/\" \/>\n<meta property=\"og:locale\" content=\"pt_BR\" \/>\n<meta property=\"og:type\" content=\"article\" \/>\n<meta property=\"og:title\" content=\"Taty Castellanos: Flamengo recebe resposta oficial sobre negocia\u00e7\u00e3o\" \/>\n<meta property=\"og:description\" content=\"A novela envolvendo o nome de Taty Castellanos ganhou um novo cap\u00edtulo nesta semana. A Lazio comunicou oficialmente ao Flamengo que, neste momento, n\u00e3o tem interesse em negociar o atacante argentino, frustrando os planos da diretoria rubro-negra de contar com o jogador ainda nesta janela de transfer\u00eancias.&nbsp; A resposta direta do clube italiano aumenta a [&hellip;]\" \/>\n<meta property=\"og:url\" content=\"https:\/\/www.gaveanews.com\/index.php\/2025\/07\/18\/taty-castellanos-flamengo-recebe-resposta-oficial-sobre-negociacao\/\" \/>\n<meta property=\"og:site_name\" content=\"G\u00e1vea News\" \/>\n<meta property=\"article:publisher\" content=\"https:\/\/facebook.com\/gaveaNews\/\" \/>\n<meta property=\"article:published_time\" content=\"2025-07-18T18:47:00+00:00\" \/>\n<meta property=\"article:modified_time\" content=\"2025-07-18T18:48:12+00:00\" \/>\n<meta property=\"og:image\" content=\"http:\/\/www.gaveanews.com\/wp-content\/uploads\/Apresentacao-de-Jose-Boto-no-Flamengo-Foto_-Marcelo-Cortes-_-CRF.webp\" \/>\n\t<meta property=\"og:image:width\" content=\"2048\" \/>\n\t<meta property=\"og:image:height\" content=\"1364\" \/>\n\t<meta property=\"og:image:type\" content=\"image\/webp\" \/>\n<meta name=\"author\" content=\"Rafaela Ladeira\" \/>\n<meta name=\"twitter:card\" content=\"summary_large_image\" \/>\n<meta name=\"twitter:label1\" content=\"Escrito por\" \/>\n\t<meta name=\"twitter:data1\" content=\"Rafaela Ladeira\" \/>\n\t<meta name=\"twitter:label2\" content=\"Est. tempo de leitura\" \/>\n\t<meta name=\"twitter:data2\" content=\"3 minutos\" \/>\n<script type=\"application\/ld+json\" class=\"yoast-schema-graph\">{\"@context\":\"https:\/\/schema.org\",\"@graph\":[{\"@type\":\"NewsArticle\",\"@id\":\"https:\/\/www.gaveanews.com\/index.php\/2025\/07\/18\/taty-castellanos-flamengo-recebe-resposta-oficial-sobre-negociacao\/#article\",\"isPartOf\":{\"@id\":\"https:\/\/www.gaveanews.com\/index.php\/2025\/07\/18\/taty-castellanos-flamengo-recebe-resposta-oficial-sobre-negociacao\/\"},\"author\":{\"name\":\"Rafaela Ladeira\",\"@id\":\"https:\/\/www.gaveanews.com\/#\/schema\/person\/0eb3e3fe1754f0205218538adbe8f5ed\"},\"headline\":\"Taty Castellanos: Flamengo recebe resposta oficial sobre negocia\u00e7\u00e3o\",\"datePublished\":\"2025-07-18T18:47:00+00:00\",\"dateModified\":\"2025-07-18T18:48:12+00:00\",\"mainEntityOfPage\":{\"@id\":\"https:\/\/www.gaveanews.com\/index.php\/2025\/07\/18\/taty-castellanos-flamengo-recebe-resposta-oficial-sobre-negociacao\/\"},\"wordCount\":471,\"commentCount\":0,\"image\":{\"@id\":\"https:\/\/www.gaveanews.com\/index.php\/2025\/07\/18\/taty-castellanos-flamengo-recebe-resposta-oficial-sobre-negociacao\/#primaryimage\"},\"thumbnailUrl\":\"https:\/\/www.gaveanews.com\/wp-content\/uploads\/Apresentacao-de-Jose-Boto-no-Flamengo-Foto_-Marcelo-Cortes-_-CRF.webp\",\"articleSection\":[\"Flamengo\"],\"inLanguage\":\"pt-BR\",\"potentialAction\":[{\"@type\":\"CommentAction\",\"name\":\"Comment\",\"target\":[\"https:\/\/www.gaveanews.com\/index.php\/2025\/07\/18\/taty-castellanos-flamengo-recebe-resposta-oficial-sobre-negociacao\/#respond\"]}],\"copyrightYear\":\"2025\",\"copyrightHolder\":{\"@id\":\"https:\/\/www.gaveanews.com\/#organization\"}},{\"@type\":\"WebPage\",\"@id\":\"https:\/\/www.gaveanews.com\/index.php\/2025\/07\/18\/taty-castellanos-flamengo-recebe-resposta-oficial-sobre-negociacao\/\",\"url\":\"https:\/\/www.gaveanews.com\/index.php\/2025\/07\/18\/taty-castellanos-flamengo-recebe-resposta-oficial-sobre-negociacao\/\",\"name\":\"Taty Castellanos: Flamengo recebe resposta oficial sobre negocia\u00e7\u00e3o\",\"isPartOf\":{\"@id\":\"https:\/\/www.gaveanews.com\/#website\"},\"primaryImageOfPage\":{\"@id\":\"https:\/\/www.gaveanews.com\/index.php\/2025\/07\/18\/taty-castellanos-flamengo-recebe-resposta-oficial-sobre-negociacao\/#primaryimage\"},\"image\":{\"@id\":\"https:\/\/www.gaveanews.com\/index.php\/2025\/07\/18\/taty-castellanos-flamengo-recebe-resposta-oficial-sobre-negociacao\/#primaryimage\"},\"thumbnailUrl\":\"https:\/\/www.gaveanews.com\/wp-content\/uploads\/Apresentacao-de-Jose-Boto-no-Flamengo-Foto_-Marcelo-Cortes-_-CRF.webp\",\"datePublished\":\"2025-07-18T18:47:00+00:00\",\"dateModified\":\"2025-07-18T18:48:12+00:00\",\"author\":{\"@id\":\"https:\/\/www.gaveanews.com\/#\/schema\/person\/0eb3e3fe1754f0205218538adbe8f5ed\"},\"breadcrumb\":{\"@id\":\"https:\/\/www.gaveanews.com\/index.php\/2025\/07\/18\/taty-castellanos-flamengo-recebe-resposta-oficial-sobre-negociacao\/#breadcrumb\"},\"inLanguage\":\"pt-BR\",\"potentialAction\":[{\"@type\":\"ReadAction\",\"target\":[\"https:\/\/www.gaveanews.com\/index.php\/2025\/07\/18\/taty-castellanos-flamengo-recebe-resposta-oficial-sobre-negociacao\/\"]}]},{\"@type\":\"ImageObject\",\"inLanguage\":\"pt-BR\",\"@id\":\"https:\/\/www.gaveanews.com\/index.php\/2025\/07\/18\/taty-castellanos-flamengo-recebe-resposta-oficial-sobre-negociacao\/#primaryimage\",\"url\":\"https:\/\/www.gaveanews.com\/wp-content\/uploads\/Apresentacao-de-Jose-Boto-no-Flamengo-Foto_-Marcelo-Cortes-_-CRF.webp\",\"contentUrl\":\"https:\/\/www.gaveanews.com\/wp-content\/uploads\/Apresentacao-de-Jose-Boto-no-Flamengo-Foto_-Marcelo-Cortes-_-CRF.webp\",\"width\":2048,\"height\":1364},{\"@type\":\"BreadcrumbList\",\"@id\":\"https:\/\/www.gaveanews.com\/index.php\/2025\/07\/18\/taty-castellanos-flamengo-recebe-resposta-oficial-sobre-negociacao\/#breadcrumb\",\"itemListElement\":[{\"@type\":\"ListItem\",\"position\":1,\"name\":\"Home\",\"item\":\"https:\/\/www.gaveanews.com\/\"},{\"@type\":\"ListItem\",\"position\":2,\"name\":\"Taty Castellanos: Flamengo recebe resposta oficial sobre negocia\u00e7\u00e3o\"}]},{\"@type\":\"WebSite\",\"@id\":\"https:\/\/www.gaveanews.com\/#website\",\"url\":\"https:\/\/www.gaveanews.com\/\",\"name\":\"G\u00e1vea News\",\"description\":\"Veja todas as not\u00edcias sobre o Flamengo: Contrata\u00e7\u00f5es, categorias de base, resultados das partidas, tabela de classifica\u00e7\u00e3o, pr\u00f3ximos jogos!\",\"potentialAction\":[{\"@type\":\"SearchAction\",\"target\":{\"@type\":\"EntryPoint\",\"urlTemplate\":\"https:\/\/www.gaveanews.com\/?s={search_term_string}\"},\"query-input\":{\"@type\":\"PropertyValueSpecification\",\"valueRequired\":true,\"valueName\":\"search_term_string\"}}],\"inLanguage\":\"pt-BR\"},{\"@type\":\"Person\",\"@id\":\"https:\/\/www.gaveanews.com\/#\/schema\/person\/0eb3e3fe1754f0205218538adbe8f5ed\",\"name\":\"Rafaela Ladeira\",\"image\":{\"@type\":\"ImageObject\",\"inLanguage\":\"pt-BR\",\"@id\":\"https:\/\/www.gaveanews.com\/#\/schema\/person\/image\/\",\"url\":\"https:\/\/secure.gravatar.com\/avatar\/c31f513acffd85eacab5730cbdfdbbf59f21ba5aeada8cd890acea879fbb2455?s=96&d=mm&r=g\",\"contentUrl\":\"https:\/\/secure.gravatar.com\/avatar\/c31f513acffd85eacab5730cbdfdbbf59f21ba5aeada8cd890acea879fbb2455?s=96&d=mm&r=g\",\"caption\":\"Rafaela Ladeira\"}}]}<\/script>\n<!-- \/ Yoast SEO Premium plugin. -->","yoast_head_json":{"title":"Taty Castellanos: Flamengo recebe resposta oficial sobre negocia\u00e7\u00e3o","robots":{"index":"index","follow":"follow","max-snippet":"max-snippet:-1","max-image-preview":"max-image-preview:large","max-video-preview":"max-video-preview:-1"},"canonical":"https:\/\/www.gaveanews.com\/index.php\/2025\/07\/18\/taty-castellanos-flamengo-recebe-resposta-oficial-sobre-negociacao\/","og_locale":"pt_BR","og_type":"article","og_title":"Taty Castellanos: Flamengo recebe resposta oficial sobre negocia\u00e7\u00e3o","og_description":"A novela envolvendo o nome de Taty Castellanos ganhou um novo cap\u00edtulo nesta semana. A Lazio comunicou oficialmente ao Flamengo que, neste momento, n\u00e3o tem interesse em negociar o atacante argentino, frustrando os planos da diretoria rubro-negra de contar com o jogador ainda nesta janela de transfer\u00eancias.&nbsp; A resposta direta do clube italiano aumenta a [&hellip;]","og_url":"https:\/\/www.gaveanews.com\/index.php\/2025\/07\/18\/taty-castellanos-flamengo-recebe-resposta-oficial-sobre-negociacao\/","og_site_name":"G\u00e1vea News","article_publisher":"https:\/\/facebook.com\/gaveaNews\/","article_published_time":"2025-07-18T18:47:00+00:00","article_modified_time":"2025-07-18T18:48:12+00:00","og_image":[{"width":2048,"height":1364,"url":"http:\/\/www.gaveanews.com\/wp-content\/uploads\/Apresentacao-de-Jose-Boto-no-Flamengo-Foto_-Marcelo-Cortes-_-CRF.webp","type":"image\/webp"}],"author":"Rafaela Ladeira","twitter_card":"summary_large_image","twitter_misc":{"Escrito por":"Rafaela Ladeira","Est. tempo de leitura":"3 minutos"},"schema":{"@context":"https:\/\/schema.org","@graph":[{"@type":"NewsArticle","@id":"https:\/\/www.gaveanews.com\/index.php\/2025\/07\/18\/taty-castellanos-flamengo-recebe-resposta-oficial-sobre-negociacao\/#article","isPartOf":{"@id":"https:\/\/www.gaveanews.com\/index.php\/2025\/07\/18\/taty-castellanos-flamengo-recebe-resposta-oficial-sobre-negociacao\/"},"author":{"name":"Rafaela Ladeira","@id":"https:\/\/www.gaveanews.com\/#\/schema\/person\/0eb3e3fe1754f0205218538adbe8f5ed"},"headline":"Taty Castellanos: Flamengo recebe resposta oficial sobre negocia\u00e7\u00e3o","datePublished":"2025-07-18T18:47:00+00:00","dateModified":"2025-07-18T18:48:12+00:00","mainEntityOfPage":{"@id":"https:\/\/www.gaveanews.com\/index.php\/2025\/07\/18\/taty-castellanos-flamengo-recebe-resposta-oficial-sobre-negociacao\/"},"wordCount":471,"commentCount":0,"image":{"@id":"https:\/\/www.gaveanews.com\/index.php\/2025\/07\/18\/taty-castellanos-flamengo-recebe-resposta-oficial-sobre-negociacao\/#primaryimage"},"thumbnailUrl":"https:\/\/www.gaveanews.com\/wp-content\/uploads\/Apresentacao-de-Jose-Boto-no-Flamengo-Foto_-Marcelo-Cortes-_-CRF.webp","articleSection":["Flamengo"],"inLanguage":"pt-BR","potentialAction":[{"@type":"CommentAction","name":"Comment","target":["https:\/\/www.gaveanews.com\/index.php\/2025\/07\/18\/taty-castellanos-flamengo-recebe-resposta-oficial-sobre-negociacao\/#respond"]}],"copyrightYear":"2025","copyrightHolder":{"@id":"https:\/\/www.gaveanews.com\/#organization"}},{"@type":"WebPage","@id":"https:\/\/www.gaveanews.com\/index.php\/2025\/07\/18\/taty-castellanos-flamengo-recebe-resposta-oficial-sobre-negociacao\/","url":"https:\/\/www.gaveanews.com\/index.php\/2025\/07\/18\/taty-castellanos-flamengo-recebe-resposta-oficial-sobre-negociacao\/","name":"Taty Castellanos: Flamengo recebe resposta oficial sobre negocia\u00e7\u00e3o","isPartOf":{"@id":"https:\/\/www.gaveanews.com\/#website"},"primaryImageOfPage":{"@id":"https:\/\/www.gaveanews.com\/index.php\/2025\/07\/18\/taty-castellanos-flamengo-recebe-resposta-oficial-sobre-negociacao\/#primaryimage"},"image":{"@id":"https:\/\/www.gaveanews.com\/index.php\/2025\/07\/18\/taty-castellanos-flamengo-recebe-resposta-oficial-sobre-negociacao\/#primaryimage"},"thumbnailUrl":"https:\/\/www.gaveanews.com\/wp-content\/uploads\/Apresentacao-de-Jose-Boto-no-Flamengo-Foto_-Marcelo-Cortes-_-CRF.webp","datePublished":"2025-07-18T18:47:00+00:00","dateModified":"2025-07-18T18:48:12+00:00","author":{"@id":"https:\/\/www.gaveanews.com\/#\/schema\/person\/0eb3e3fe1754f0205218538adbe8f5ed"},"breadcrumb":{"@id":"https:\/\/www.gaveanews.com\/index.php\/2025\/07\/18\/taty-castellanos-flamengo-recebe-resposta-oficial-sobre-negociacao\/#breadcrumb"},"inLanguage":"pt-BR","potentialAction":[{"@type":"ReadAction","target":["https:\/\/www.gaveanews.com\/index.php\/2025\/07\/18\/taty-castellanos-flamengo-recebe-resposta-oficial-sobre-negociacao\/"]}]},{"@type":"ImageObject","inLanguage":"pt-BR","@id":"https:\/\/www.gaveanews.com\/index.php\/2025\/07\/18\/taty-castellanos-flamengo-recebe-resposta-oficial-sobre-negociacao\/#primaryimage","url":"https:\/\/www.gaveanews.com\/wp-content\/uploads\/Apresentacao-de-Jose-Boto-no-Flamengo-Foto_-Marcelo-Cortes-_-CRF.webp","contentUrl":"https:\/\/www.gaveanews.com\/wp-content\/uploads\/Apresentacao-de-Jose-Boto-no-Flamengo-Foto_-Marcelo-Cortes-_-CRF.webp","width":2048,"height":1364},{"@type":"BreadcrumbList","@id":"https:\/\/www.gaveanews.com\/index.php\/2025\/07\/18\/taty-castellanos-flamengo-recebe-resposta-oficial-sobre-negociacao\/#breadcrumb","itemListElement":[{"@type":"ListItem","position":1,"name":"Home","item":"https:\/\/www.gaveanews.com\/"},{"@type":"ListItem","position":2,"name":"Taty Castellanos: Flamengo recebe resposta oficial sobre negocia\u00e7\u00e3o"}]},{"@type":"WebSite","@id":"https:\/\/www.gaveanews.com\/#website","url":"https:\/\/www.gaveanews.com\/","name":"G\u00e1vea News","description":"Veja todas as not\u00edcias sobre o Flamengo: Contrata\u00e7\u00f5es, categorias de base, resultados das partidas, tabela de classifica\u00e7\u00e3o, pr\u00f3ximos jogos!","potentialAction":[{"@type":"SearchAction","target":{"@type":"EntryPoint","urlTemplate":"https:\/\/www.gaveanews.com\/?s={search_term_string}"},"query-input":{"@type":"PropertyValueSpecification","valueRequired":true,"valueName":"search_term_string"}}],"inLanguage":"pt-BR"},{"@type":"Person","@id":"https:\/\/www.gaveanews.com\/#\/schema\/person\/0eb3e3fe1754f0205218538adbe8f5ed","name":"Rafaela Ladeira","image":{"@type":"ImageObject","inLanguage":"pt-BR","@id":"https:\/\/www.gaveanews.com\/#\/schema\/person\/image\/","url":"https:\/\/secure.gravatar.com\/avatar\/c31f513acffd85eacab5730cbdfdbbf59f21ba5aeada8cd890acea879fbb2455?s=96&d=mm&r=g","contentUrl":"https:\/\/secure.gravatar.com\/avatar\/c31f513acffd85eacab5730cbdfdbbf59f21ba5aeada8cd890acea879fbb2455?s=96&d=mm&r=g","caption":"Rafaela Ladeira"}}]}},"_links":{"self":[{"href":"https:\/\/www.gaveanews.com\/index.php\/wp-json\/wp\/v2\/posts\/272692","targetHints":{"allow":["GET"]}}],"collection":[{"href":"https:\/\/www.gaveanews.com\/index.php\/wp-json\/wp\/v2\/posts"}],"about":[{"href":"https:\/\/www.gaveanews.com\/index.php\/wp-json\/wp\/v2\/types\/post"}],"author":[{"embeddable":true,"href":"https:\/\/www.gaveanews.com\/index.php\/wp-json\/wp\/v2\/users\/25"}],"replies":[{"embeddable":true,"href":"https:\/\/www.gaveanews.com\/index.php\/wp-json\/wp\/v2\/comments?post=272692"}],"version-history":[{"count":2,"href":"https:\/\/www.gaveanews.com\/index.php\/wp-json\/wp\/v2\/posts\/272692\/revisions"}],"predecessor-version":[{"id":272694,"href":"https:\/\/www.gaveanews.com\/index.php\/wp-json\/wp\/v2\/posts\/272692\/revisions\/272694"}],"wp:featuredmedia":[{"embeddable":true,"href":"https:\/\/www.gaveanews.com\/index.php\/wp-json\/wp\/v2\/media\/205636"}],"wp:attachment":[{"href":"https:\/\/www.gaveanews.com\/index.php\/wp-json\/wp\/v2\/media?parent=272692"}],"wp:term":[{"taxonomy":"category","embeddable":true,"href":"https:\/\/www.gaveanews.com\/index.php\/wp-json\/wp\/v2\/categories?post=272692"},{"taxonomy":"post_tag","embeddable":true,"href":"https:\/\/www.gaveanews.com\/index.php\/wp-json\/wp\/v2\/tags?post=272692"}],"curies":[{"name":"wp","href":"https:\/\/api.w.org\/{rel}","templated":true}]}}