{"id":272695,"date":"2025-07-18T16:19:57","date_gmt":"2025-07-18T19:19:57","guid":{"rendered":"https:\/\/www.gaveanews.com\/?p=272695"},"modified":"2025-07-18T16:20:05","modified_gmt":"2025-07-18T19:20:05","slug":"thiago-silva-cita-o-flamengo-apos-o-fluminense-perder-para-o-cruzeiro","status":"publish","type":"post","link":"https:\/\/www.gaveanews.com\/index.php\/2025\/07\/18\/thiago-silva-cita-o-flamengo-apos-o-fluminense-perder-para-o-cruzeiro\/","title":{"rendered":"Thiago Silva cita o Flamengo ap\u00f3s o Fluminense perder para o Cruzeiro"},"content":{"rendered":"\n<p>O Fluminense voltou a campo pelo Campeonato Brasileiro apenas tr\u00eas dias ap\u00f3s retornar dos compromissos no Mundial de Clubes. Na noite de quinta-feira (17), a equipe foi derrotada por 2 a 0 pelo Cruzeiro, no Maracan\u00e3, e deixou escapar a chance de entrar no grupo dos seis primeiros colocados da tabela. <\/p>\n\n\n\n<p>O zagueiro Thiago Silva, que voltou ao clube nesta temporada, atribuiu parte do rev\u00e9s ao desgaste acumulado e comparou o cen\u00e1rio tricolor com o de outras equipes que tamb\u00e9m estiveram envolvidas em compromissos internacionais recentemente.<\/p>\n\n\n\n<p>Durante entrevista concedida ainda no gramado, o capit\u00e3o tricolor destacou a prepara\u00e7\u00e3o reduzida como fator limitante. Conforme ele, a exig\u00eancia f\u00edsica no torneio disputado anteriormente e o intervalo curto at\u00e9 a retomada do Brasileir\u00e3o acabaram por comprometer a performance coletiva diante da equipe mineira.<\/p>\n\n\n\n<p>&#8220;Acho que fisicamente a gente sente um pouco porque \u00e9 natural, \u00e9 normal. Viemos de uma competi\u00e7\u00e3o com muita intensidade, a torcida entendeu tudo que fizemos no Mundial. Corremos uma barbaridade no sol atr\u00e1s dos cara, enquanto os outros times ficaram se preparando&#8221;, e completou: <\/p>\n\n\n\n<p>&#8220;Quando voc\u00ea sai do campeonato da forma como n\u00f3s sa\u00edmos e vem para o nosso dia a dia normal, tivemos tr\u00eas dias de prepara\u00e7\u00e3o para o jogo. Tem momentos que a gente fisicamente sente um pouco&#8221;.<\/p>\n\n\n\n<h4 class=\"wp-block-heading\" id=\"h-comparacoes-com-outras-equipes-brasileiras\">Compara\u00e7\u00f5es com outras equipes brasileiras<\/h4>\n\n\n\n<p>Ali\u00e1s, o defensor utilizou o rendimento de outros clubes brasileiros para sustentar sua argumenta\u00e7\u00e3o. De acordo com ele, Flamengo, Botafogo e Palmeiras, que tamb\u00e9m participaram da competi\u00e7\u00e3o mundial realizada nos Estados Unidos, apresentaram desempenho semelhante na volta ao cen\u00e1rio nacional.<\/p>\n\n\n\n<p>&#8220;Botafogo empatou, Flamengo perdeu, Palmeiras empatou em casa e n\u00f3s perdemos. \u00c0s vezes os times que ganham t\u00edtulos importantes ou disputam campeonatos importantes chegam em um momento que fisicamente sentem um pouco&#8221;.<\/p>\n\n\n\n<h4 class=\"wp-block-heading\" id=\"h-analise-da-atuacao-contra-o-cruzeiro\">An\u00e1lise da atua\u00e7\u00e3o contra o Cruzeiro<\/h4>\n\n\n\n<p>Embora tenha reconhecido o desgaste, o camisa 3 admitiu que a atua\u00e7\u00e3o no primeiro tempo ficou abaixo do esperado. O Fluminense apresentou dificuldades em campo, sofreu os dois gols ainda na etapa inicial e n\u00e3o conseguiu reagir mesmo com altera\u00e7\u00f5es promovidas na segunda parte do confronto.<\/p>\n\n\n\n<p>&#8220;Foi abaixo, principalmente o primeiro tempo que n\u00f3s fizemos. No segundo, acho que eles n\u00e3o criaram uma situa\u00e7\u00e3o de gol. Por\u00e9m, deixamos a desejar no primeiro tempo, quando tentamos uma rea\u00e7\u00e3o n\u00e3o dava mais&#8221;.<\/p>\n\n\n\n<h4 class=\"wp-block-heading\" id=\"h-saida-de-arias-e-elogios-a-postura-do-colombiano\">Sa\u00edda de Arias e elogios \u00e0 postura do colombiano<\/h4>\n\n\n\n<p>Ao mesmo tempo, o experiente defensor comentou a despedida de Jhon Arias, vendido ao Wolverhampton por 22 milh\u00f5es de euros (cerca de R$ 142 milh\u00f5es). O meia-atacante atuou contra o Cruzeiro mesmo com a transfer\u00eancia j\u00e1 encaminhada, atitude que foi valorizada por Thiago Silva.<\/p>\n\n\n\n<p>&#8220;Mas \u00e9 um cara que vai fazer falta para a gente, infelizmente futebol \u00e9 assim. J\u00e1 fui para a Europa, sei como \u00e9. Perder um jogador desse gabarito \u00e9 delicado, mas a gente entende o lado do jogador, o sonho que ele tem. Com certeza, onde ele estiver, a gente vai estar torcendo por ele&#8221;.<\/p>\n\n\n\n<h4 class=\"wp-block-heading\" id=\"h-classico-a-vista-e-necessidade-de-recuperacao\">Cl\u00e1ssico \u00e0 vista e necessidade de recupera\u00e7\u00e3o<\/h4>\n\n\n\n<p>Por fim, a equipe comandada por Renato Ga\u00facho se prepara para o cl\u00e1ssico contra o Flamengo, marcado para domingo (20), \u00e0s 19h30 (hor\u00e1rio de Bras\u00edlia), novamente no Maracan\u00e3. O duelo ser\u00e1 decisivo para a tentativa de retomada do Fluminense, que estacionou nos 20 pontos e ocupa a s\u00e9tima posi\u00e7\u00e3o.<\/p>\n","protected":false},"excerpt":{"rendered":"<p>O Fluminense voltou a campo pelo Campeonato Brasileiro apenas tr\u00eas dias ap\u00f3s retornar dos compromissos no Mundial de Clubes. Na noite de quinta-feira (17), a equipe foi derrotada por 2 a 0 pelo Cruzeiro, no Maracan\u00e3, e deixou escapar a chance de entrar no grupo dos seis primeiros colocados da tabela. O zagueiro Thiago Silva, [&hellip;]<\/p>\n","protected":false},"author":30,"featured_media":154432,"comment_status":"open","ping_status":"closed","sticky":false,"template":"","format":"standard","meta":{"footnotes":""},"categories":[1,145],"tags":[],"class_list":["post-272695","post","type-post","status-publish","format-standard","has-post-thumbnail","hentry","category-flamengo","category-fluminense"],"yoast_head":"<!-- This site is optimized with the Yoast SEO Premium plugin v24.2 (Yoast SEO v26.9) - https:\/\/yoast.com\/product\/yoast-seo-premium-wordpress\/ -->\n<title>Thiago Silva cita o Flamengo ap\u00f3s o Fluminense perder para o Cruzeiro<\/title>\n<meta name=\"robots\" content=\"index, follow, max-snippet:-1, max-image-preview:large, max-video-preview:-1\" \/>\n<link rel=\"canonical\" href=\"https:\/\/www.gaveanews.com\/index.php\/2025\/07\/18\/thiago-silva-cita-o-flamengo-apos-o-fluminense-perder-para-o-cruzeiro\/\" \/>\n<meta property=\"og:locale\" content=\"pt_BR\" \/>\n<meta property=\"og:type\" content=\"article\" \/>\n<meta property=\"og:title\" content=\"Thiago Silva cita o Flamengo ap\u00f3s o Fluminense perder para o Cruzeiro\" \/>\n<meta property=\"og:description\" content=\"O Fluminense voltou a campo pelo Campeonato Brasileiro apenas tr\u00eas dias ap\u00f3s retornar dos compromissos no Mundial de Clubes. Na noite de quinta-feira (17), a equipe foi derrotada por 2 a 0 pelo Cruzeiro, no Maracan\u00e3, e deixou escapar a chance de entrar no grupo dos seis primeiros colocados da tabela. O zagueiro Thiago Silva, [&hellip;]\" \/>\n<meta property=\"og:url\" content=\"https:\/\/www.gaveanews.com\/index.php\/2025\/07\/18\/thiago-silva-cita-o-flamengo-apos-o-fluminense-perder-para-o-cruzeiro\/\" \/>\n<meta property=\"og:site_name\" content=\"G\u00e1vea News\" \/>\n<meta property=\"article:publisher\" content=\"https:\/\/facebook.com\/gaveaNews\/\" \/>\n<meta property=\"article:published_time\" content=\"2025-07-18T19:19:57+00:00\" \/>\n<meta property=\"article:modified_time\" content=\"2025-07-18T19:20:05+00:00\" \/>\n<meta property=\"og:image\" content=\"http:\/\/www.gaveanews.com\/wp-content\/uploads\/Thiago-Silva-com-a-camisa-do-Fluminense-em-Fluminense-x-Palmeira-em-2024.webp\" \/>\n\t<meta property=\"og:image:width\" content=\"1213\" \/>\n\t<meta property=\"og:image:height\" content=\"809\" \/>\n\t<meta property=\"og:image:type\" content=\"image\/webp\" \/>\n<meta name=\"author\" content=\"Ana Teixeira\" \/>\n<meta name=\"twitter:card\" content=\"summary_large_image\" \/>\n<meta name=\"twitter:label1\" content=\"Escrito por\" \/>\n\t<meta name=\"twitter:data1\" content=\"Ana Teixeira\" \/>\n\t<meta name=\"twitter:label2\" content=\"Est. tempo de leitura\" \/>\n\t<meta name=\"twitter:data2\" content=\"4 minutos\" \/>\n<script type=\"application\/ld+json\" class=\"yoast-schema-graph\">{\"@context\":\"https:\/\/schema.org\",\"@graph\":[{\"@type\":\"NewsArticle\",\"@id\":\"https:\/\/www.gaveanews.com\/index.php\/2025\/07\/18\/thiago-silva-cita-o-flamengo-apos-o-fluminense-perder-para-o-cruzeiro\/#article\",\"isPartOf\":{\"@id\":\"https:\/\/www.gaveanews.com\/index.php\/2025\/07\/18\/thiago-silva-cita-o-flamengo-apos-o-fluminense-perder-para-o-cruzeiro\/\"},\"author\":{\"name\":\"Ana Teixeira\",\"@id\":\"https:\/\/www.gaveanews.com\/#\/schema\/person\/3b19f7288b0ce20372991275e4f2e6c2\"},\"headline\":\"Thiago Silva cita o Flamengo ap\u00f3s o Fluminense perder para o Cruzeiro\",\"datePublished\":\"2025-07-18T19:19:57+00:00\",\"dateModified\":\"2025-07-18T19:20:05+00:00\",\"mainEntityOfPage\":{\"@id\":\"https:\/\/www.gaveanews.com\/index.php\/2025\/07\/18\/thiago-silva-cita-o-flamengo-apos-o-fluminense-perder-para-o-cruzeiro\/\"},\"wordCount\":582,\"commentCount\":0,\"image\":{\"@id\":\"https:\/\/www.gaveanews.com\/index.php\/2025\/07\/18\/thiago-silva-cita-o-flamengo-apos-o-fluminense-perder-para-o-cruzeiro\/#primaryimage\"},\"thumbnailUrl\":\"https:\/\/www.gaveanews.com\/wp-content\/uploads\/Thiago-Silva-com-a-camisa-do-Fluminense-em-Fluminense-x-Palmeira-em-2024.webp\",\"articleSection\":[\"Flamengo\",\"Fluminense\"],\"inLanguage\":\"pt-BR\",\"potentialAction\":[{\"@type\":\"CommentAction\",\"name\":\"Comment\",\"target\":[\"https:\/\/www.gaveanews.com\/index.php\/2025\/07\/18\/thiago-silva-cita-o-flamengo-apos-o-fluminense-perder-para-o-cruzeiro\/#respond\"]}],\"copyrightYear\":\"2025\",\"copyrightHolder\":{\"@id\":\"https:\/\/www.gaveanews.com\/#organization\"}},{\"@type\":\"WebPage\",\"@id\":\"https:\/\/www.gaveanews.com\/index.php\/2025\/07\/18\/thiago-silva-cita-o-flamengo-apos-o-fluminense-perder-para-o-cruzeiro\/\",\"url\":\"https:\/\/www.gaveanews.com\/index.php\/2025\/07\/18\/thiago-silva-cita-o-flamengo-apos-o-fluminense-perder-para-o-cruzeiro\/\",\"name\":\"Thiago Silva cita o Flamengo ap\u00f3s o Fluminense perder para o Cruzeiro\",\"isPartOf\":{\"@id\":\"https:\/\/www.gaveanews.com\/#website\"},\"primaryImageOfPage\":{\"@id\":\"https:\/\/www.gaveanews.com\/index.php\/2025\/07\/18\/thiago-silva-cita-o-flamengo-apos-o-fluminense-perder-para-o-cruzeiro\/#primaryimage\"},\"image\":{\"@id\":\"https:\/\/www.gaveanews.com\/index.php\/2025\/07\/18\/thiago-silva-cita-o-flamengo-apos-o-fluminense-perder-para-o-cruzeiro\/#primaryimage\"},\"thumbnailUrl\":\"https:\/\/www.gaveanews.com\/wp-content\/uploads\/Thiago-Silva-com-a-camisa-do-Fluminense-em-Fluminense-x-Palmeira-em-2024.webp\",\"datePublished\":\"2025-07-18T19:19:57+00:00\",\"dateModified\":\"2025-07-18T19:20:05+00:00\",\"author\":{\"@id\":\"https:\/\/www.gaveanews.com\/#\/schema\/person\/3b19f7288b0ce20372991275e4f2e6c2\"},\"breadcrumb\":{\"@id\":\"https:\/\/www.gaveanews.com\/index.php\/2025\/07\/18\/thiago-silva-cita-o-flamengo-apos-o-fluminense-perder-para-o-cruzeiro\/#breadcrumb\"},\"inLanguage\":\"pt-BR\",\"potentialAction\":[{\"@type\":\"ReadAction\",\"target\":[\"https:\/\/www.gaveanews.com\/index.php\/2025\/07\/18\/thiago-silva-cita-o-flamengo-apos-o-fluminense-perder-para-o-cruzeiro\/\"]}]},{\"@type\":\"ImageObject\",\"inLanguage\":\"pt-BR\",\"@id\":\"https:\/\/www.gaveanews.com\/index.php\/2025\/07\/18\/thiago-silva-cita-o-flamengo-apos-o-fluminense-perder-para-o-cruzeiro\/#primaryimage\",\"url\":\"https:\/\/www.gaveanews.com\/wp-content\/uploads\/Thiago-Silva-com-a-camisa-do-Fluminense-em-Fluminense-x-Palmeira-em-2024.webp\",\"contentUrl\":\"https:\/\/www.gaveanews.com\/wp-content\/uploads\/Thiago-Silva-com-a-camisa-do-Fluminense-em-Fluminense-x-Palmeira-em-2024.webp\",\"width\":1213,\"height\":809,\"caption\":\"Thiago Silva com a camisa do Fluminense em Fluminense x Palmeira em 2024 (Foto: Lucas Mer\u00e7on \/ Fluminense F.C)\"},{\"@type\":\"BreadcrumbList\",\"@id\":\"https:\/\/www.gaveanews.com\/index.php\/2025\/07\/18\/thiago-silva-cita-o-flamengo-apos-o-fluminense-perder-para-o-cruzeiro\/#breadcrumb\",\"itemListElement\":[{\"@type\":\"ListItem\",\"position\":1,\"name\":\"Home\",\"item\":\"https:\/\/www.gaveanews.com\/\"},{\"@type\":\"ListItem\",\"position\":2,\"name\":\"Thiago Silva cita o Flamengo ap\u00f3s o Fluminense perder para o Cruzeiro\"}]},{\"@type\":\"WebSite\",\"@id\":\"https:\/\/www.gaveanews.com\/#website\",\"url\":\"https:\/\/www.gaveanews.com\/\",\"name\":\"G\u00e1vea News\",\"description\":\"Veja todas as not\u00edcias sobre o Flamengo: Contrata\u00e7\u00f5es, categorias de base, resultados das partidas, tabela de classifica\u00e7\u00e3o, pr\u00f3ximos jogos!\",\"potentialAction\":[{\"@type\":\"SearchAction\",\"target\":{\"@type\":\"EntryPoint\",\"urlTemplate\":\"https:\/\/www.gaveanews.com\/?s={search_term_string}\"},\"query-input\":{\"@type\":\"PropertyValueSpecification\",\"valueRequired\":true,\"valueName\":\"search_term_string\"}}],\"inLanguage\":\"pt-BR\"},{\"@type\":\"Person\",\"@id\":\"https:\/\/www.gaveanews.com\/#\/schema\/person\/3b19f7288b0ce20372991275e4f2e6c2\",\"name\":\"Ana Teixeira\",\"image\":{\"@type\":\"ImageObject\",\"inLanguage\":\"pt-BR\",\"@id\":\"https:\/\/www.gaveanews.com\/#\/schema\/person\/image\/\",\"url\":\"https:\/\/secure.gravatar.com\/avatar\/0a73f5a5258f3fed37fc2fa641892f3f7a4748456d4d4792f9bc550e6c19e06c?s=96&d=mm&r=g\",\"contentUrl\":\"https:\/\/secure.gravatar.com\/avatar\/0a73f5a5258f3fed37fc2fa641892f3f7a4748456d4d4792f9bc550e6c19e06c?s=96&d=mm&r=g\",\"caption\":\"Ana Teixeira\"}}]}<\/script>\n<!-- \/ Yoast SEO Premium plugin. -->","yoast_head_json":{"title":"Thiago Silva cita o Flamengo ap\u00f3s o Fluminense perder para o Cruzeiro","robots":{"index":"index","follow":"follow","max-snippet":"max-snippet:-1","max-image-preview":"max-image-preview:large","max-video-preview":"max-video-preview:-1"},"canonical":"https:\/\/www.gaveanews.com\/index.php\/2025\/07\/18\/thiago-silva-cita-o-flamengo-apos-o-fluminense-perder-para-o-cruzeiro\/","og_locale":"pt_BR","og_type":"article","og_title":"Thiago Silva cita o Flamengo ap\u00f3s o Fluminense perder para o Cruzeiro","og_description":"O Fluminense voltou a campo pelo Campeonato Brasileiro apenas tr\u00eas dias ap\u00f3s retornar dos compromissos no Mundial de Clubes. Na noite de quinta-feira (17), a equipe foi derrotada por 2 a 0 pelo Cruzeiro, no Maracan\u00e3, e deixou escapar a chance de entrar no grupo dos seis primeiros colocados da tabela. O zagueiro Thiago Silva, [&hellip;]","og_url":"https:\/\/www.gaveanews.com\/index.php\/2025\/07\/18\/thiago-silva-cita-o-flamengo-apos-o-fluminense-perder-para-o-cruzeiro\/","og_site_name":"G\u00e1vea News","article_publisher":"https:\/\/facebook.com\/gaveaNews\/","article_published_time":"2025-07-18T19:19:57+00:00","article_modified_time":"2025-07-18T19:20:05+00:00","og_image":[{"width":1213,"height":809,"url":"http:\/\/www.gaveanews.com\/wp-content\/uploads\/Thiago-Silva-com-a-camisa-do-Fluminense-em-Fluminense-x-Palmeira-em-2024.webp","type":"image\/webp"}],"author":"Ana Teixeira","twitter_card":"summary_large_image","twitter_misc":{"Escrito por":"Ana Teixeira","Est. tempo de leitura":"4 minutos"},"schema":{"@context":"https:\/\/schema.org","@graph":[{"@type":"NewsArticle","@id":"https:\/\/www.gaveanews.com\/index.php\/2025\/07\/18\/thiago-silva-cita-o-flamengo-apos-o-fluminense-perder-para-o-cruzeiro\/#article","isPartOf":{"@id":"https:\/\/www.gaveanews.com\/index.php\/2025\/07\/18\/thiago-silva-cita-o-flamengo-apos-o-fluminense-perder-para-o-cruzeiro\/"},"author":{"name":"Ana Teixeira","@id":"https:\/\/www.gaveanews.com\/#\/schema\/person\/3b19f7288b0ce20372991275e4f2e6c2"},"headline":"Thiago Silva cita o Flamengo ap\u00f3s o Fluminense perder para o Cruzeiro","datePublished":"2025-07-18T19:19:57+00:00","dateModified":"2025-07-18T19:20:05+00:00","mainEntityOfPage":{"@id":"https:\/\/www.gaveanews.com\/index.php\/2025\/07\/18\/thiago-silva-cita-o-flamengo-apos-o-fluminense-perder-para-o-cruzeiro\/"},"wordCount":582,"commentCount":0,"image":{"@id":"https:\/\/www.gaveanews.com\/index.php\/2025\/07\/18\/thiago-silva-cita-o-flamengo-apos-o-fluminense-perder-para-o-cruzeiro\/#primaryimage"},"thumbnailUrl":"https:\/\/www.gaveanews.com\/wp-content\/uploads\/Thiago-Silva-com-a-camisa-do-Fluminense-em-Fluminense-x-Palmeira-em-2024.webp","articleSection":["Flamengo","Fluminense"],"inLanguage":"pt-BR","potentialAction":[{"@type":"CommentAction","name":"Comment","target":["https:\/\/www.gaveanews.com\/index.php\/2025\/07\/18\/thiago-silva-cita-o-flamengo-apos-o-fluminense-perder-para-o-cruzeiro\/#respond"]}],"copyrightYear":"2025","copyrightHolder":{"@id":"https:\/\/www.gaveanews.com\/#organization"}},{"@type":"WebPage","@id":"https:\/\/www.gaveanews.com\/index.php\/2025\/07\/18\/thiago-silva-cita-o-flamengo-apos-o-fluminense-perder-para-o-cruzeiro\/","url":"https:\/\/www.gaveanews.com\/index.php\/2025\/07\/18\/thiago-silva-cita-o-flamengo-apos-o-fluminense-perder-para-o-cruzeiro\/","name":"Thiago Silva cita o Flamengo ap\u00f3s o Fluminense perder para o Cruzeiro","isPartOf":{"@id":"https:\/\/www.gaveanews.com\/#website"},"primaryImageOfPage":{"@id":"https:\/\/www.gaveanews.com\/index.php\/2025\/07\/18\/thiago-silva-cita-o-flamengo-apos-o-fluminense-perder-para-o-cruzeiro\/#primaryimage"},"image":{"@id":"https:\/\/www.gaveanews.com\/index.php\/2025\/07\/18\/thiago-silva-cita-o-flamengo-apos-o-fluminense-perder-para-o-cruzeiro\/#primaryimage"},"thumbnailUrl":"https:\/\/www.gaveanews.com\/wp-content\/uploads\/Thiago-Silva-com-a-camisa-do-Fluminense-em-Fluminense-x-Palmeira-em-2024.webp","datePublished":"2025-07-18T19:19:57+00:00","dateModified":"2025-07-18T19:20:05+00:00","author":{"@id":"https:\/\/www.gaveanews.com\/#\/schema\/person\/3b19f7288b0ce20372991275e4f2e6c2"},"breadcrumb":{"@id":"https:\/\/www.gaveanews.com\/index.php\/2025\/07\/18\/thiago-silva-cita-o-flamengo-apos-o-fluminense-perder-para-o-cruzeiro\/#breadcrumb"},"inLanguage":"pt-BR","potentialAction":[{"@type":"ReadAction","target":["https:\/\/www.gaveanews.com\/index.php\/2025\/07\/18\/thiago-silva-cita-o-flamengo-apos-o-fluminense-perder-para-o-cruzeiro\/"]}]},{"@type":"ImageObject","inLanguage":"pt-BR","@id":"https:\/\/www.gaveanews.com\/index.php\/2025\/07\/18\/thiago-silva-cita-o-flamengo-apos-o-fluminense-perder-para-o-cruzeiro\/#primaryimage","url":"https:\/\/www.gaveanews.com\/wp-content\/uploads\/Thiago-Silva-com-a-camisa-do-Fluminense-em-Fluminense-x-Palmeira-em-2024.webp","contentUrl":"https:\/\/www.gaveanews.com\/wp-content\/uploads\/Thiago-Silva-com-a-camisa-do-Fluminense-em-Fluminense-x-Palmeira-em-2024.webp","width":1213,"height":809,"caption":"Thiago Silva com a camisa do Fluminense em Fluminense x Palmeira em 2024 (Foto: Lucas Mer\u00e7on \/ Fluminense F.C)"},{"@type":"BreadcrumbList","@id":"https:\/\/www.gaveanews.com\/index.php\/2025\/07\/18\/thiago-silva-cita-o-flamengo-apos-o-fluminense-perder-para-o-cruzeiro\/#breadcrumb","itemListElement":[{"@type":"ListItem","position":1,"name":"Home","item":"https:\/\/www.gaveanews.com\/"},{"@type":"ListItem","position":2,"name":"Thiago Silva cita o Flamengo ap\u00f3s o Fluminense perder para o Cruzeiro"}]},{"@type":"WebSite","@id":"https:\/\/www.gaveanews.com\/#website","url":"https:\/\/www.gaveanews.com\/","name":"G\u00e1vea News","description":"Veja todas as not\u00edcias sobre o Flamengo: Contrata\u00e7\u00f5es, categorias de base, resultados das partidas, tabela de classifica\u00e7\u00e3o, pr\u00f3ximos jogos!","potentialAction":[{"@type":"SearchAction","target":{"@type":"EntryPoint","urlTemplate":"https:\/\/www.gaveanews.com\/?s={search_term_string}"},"query-input":{"@type":"PropertyValueSpecification","valueRequired":true,"valueName":"search_term_string"}}],"inLanguage":"pt-BR"},{"@type":"Person","@id":"https:\/\/www.gaveanews.com\/#\/schema\/person\/3b19f7288b0ce20372991275e4f2e6c2","name":"Ana Teixeira","image":{"@type":"ImageObject","inLanguage":"pt-BR","@id":"https:\/\/www.gaveanews.com\/#\/schema\/person\/image\/","url":"https:\/\/secure.gravatar.com\/avatar\/0a73f5a5258f3fed37fc2fa641892f3f7a4748456d4d4792f9bc550e6c19e06c?s=96&d=mm&r=g","contentUrl":"https:\/\/secure.gravatar.com\/avatar\/0a73f5a5258f3fed37fc2fa641892f3f7a4748456d4d4792f9bc550e6c19e06c?s=96&d=mm&r=g","caption":"Ana Teixeira"}}]}},"_links":{"self":[{"href":"https:\/\/www.gaveanews.com\/index.php\/wp-json\/wp\/v2\/posts\/272695","targetHints":{"allow":["GET"]}}],"collection":[{"href":"https:\/\/www.gaveanews.com\/index.php\/wp-json\/wp\/v2\/posts"}],"about":[{"href":"https:\/\/www.gaveanews.com\/index.php\/wp-json\/wp\/v2\/types\/post"}],"author":[{"embeddable":true,"href":"https:\/\/www.gaveanews.com\/index.php\/wp-json\/wp\/v2\/users\/30"}],"replies":[{"embeddable":true,"href":"https:\/\/www.gaveanews.com\/index.php\/wp-json\/wp\/v2\/comments?post=272695"}],"version-history":[{"count":1,"href":"https:\/\/www.gaveanews.com\/index.php\/wp-json\/wp\/v2\/posts\/272695\/revisions"}],"predecessor-version":[{"id":272696,"href":"https:\/\/www.gaveanews.com\/index.php\/wp-json\/wp\/v2\/posts\/272695\/revisions\/272696"}],"wp:featuredmedia":[{"embeddable":true,"href":"https:\/\/www.gaveanews.com\/index.php\/wp-json\/wp\/v2\/media\/154432"}],"wp:attachment":[{"href":"https:\/\/www.gaveanews.com\/index.php\/wp-json\/wp\/v2\/media?parent=272695"}],"wp:term":[{"taxonomy":"category","embeddable":true,"href":"https:\/\/www.gaveanews.com\/index.php\/wp-json\/wp\/v2\/categories?post=272695"},{"taxonomy":"post_tag","embeddable":true,"href":"https:\/\/www.gaveanews.com\/index.php\/wp-json\/wp\/v2\/tags?post=272695"}],"curies":[{"name":"wp","href":"https:\/\/api.w.org\/{rel}","templated":true}]}}