{"id":272697,"date":"2025-07-18T16:31:12","date_gmt":"2025-07-18T19:31:12","guid":{"rendered":"https:\/\/www.gaveanews.com\/?p=272697"},"modified":"2025-07-18T16:31:17","modified_gmt":"2025-07-18T19:31:17","slug":"carrascal-recebe-recado-da-torcida-do-flamengo","status":"publish","type":"post","link":"https:\/\/www.gaveanews.com\/index.php\/2025\/07\/18\/carrascal-recebe-recado-da-torcida-do-flamengo\/","title":{"rendered":"Carrascal recebe recado da torcida do Flamengo"},"content":{"rendered":"\n<p>Antes mesmo de um an\u00fancio oficial, Jorge Carrascal j\u00e1 vive a sensa\u00e7\u00e3o de estar cada vez mais pr\u00f3ximo do Flamengo. Isso porque a torcida rubro-negra, ansiosa e confiante, invadiu as redes sociais do atacante colombiano com mensagens de boas-vindas e entusiasmo.&nbsp;<\/p>\n\n\n\n<p>Essa rea\u00e7\u00e3o espont\u00e2nea mostra o carinho e a expectativa dos f\u00e3s, que acompanham de perto a negocia\u00e7\u00e3o entre o clube carioca e o D\u00ednamo de Moscou, clube russo onde Carrascal atua atualmente.&nbsp;<\/p>\n\n\n\n<p>Al\u00e9m disso, a oferta do Flamengo, que gira em torno de 12 milh\u00f5es de euros (cerca de R$ 77 milh\u00f5es), foi aceita pelo time europeu, o que indica que a contrata\u00e7\u00e3o est\u00e1 praticamente selada.<\/p>\n\n\n\n<h2 class=\"wp-block-heading\" id=\"h-uma-recepcao-calorosa-que-mostra-a-forca-da-nacao\">Uma recep\u00e7\u00e3o calorosa que mostra a for\u00e7a da Na\u00e7\u00e3o<\/h2>\n\n\n\n<p>Cabe ressaltar que, ao acessar o perfil oficial de Carrascal no Instagram, a maioria dos coment\u00e1rios \u00e9 composta por torcedores do Flamengo, demonstrando apoio imediato ao jogador.&nbsp;<\/p>\n\n\n\n<p>\u201cBem vindo ao maior do Brasil\u201d, escreveu um f\u00e3, enquanto outro brincou: \u201cSeja bem vindo churrasco\u201d. Esses recados, al\u00e9m de divertidos, refletem o clima positivo em torno da chegada do colombiano, que j\u00e1 \u00e9 visto como uma pe\u00e7a importante para o elenco. Dessa maneira, essa rea\u00e7\u00e3o demonstra o impacto que a contrata\u00e7\u00e3o pode ter no time e na torcida.<\/p>\n\n\n\n<h2 class=\"wp-block-heading\" id=\"h-negociacao-estrategica-para-garantir-equilibrio-financeiro\">Negocia\u00e7\u00e3o estrat\u00e9gica para garantir equil\u00edbrio financeiro<\/h2>\n\n\n\n<p>Portanto, a diretoria do Flamengo agiu com cautela para n\u00e3o comprometer as finan\u00e7as do clube. Isso porque, ao inv\u00e9s de pagar os R$ 77 milh\u00f5es \u00e0 vista, foi acordado que o valor ser\u00e1 parcelado em duas vezes.&nbsp;<\/p>\n\n\n\n<p>Com isso, o Flamengo consegue manter seu planejamento financeiro em dia, evitando endividamentos excessivos, especialmente em um momento de ajustes no mercado. Essa negocia\u00e7\u00e3o mais equilibrada tamb\u00e9m agradou o D\u00ednamo de Moscou, que aceitou os termos do Rubro-Negro para concluir o neg\u00f3cio.<\/p>\n\n\n\n<h2 class=\"wp-block-heading\" id=\"h-contrato-longo-e-confianca-no-potencial-do-atleta\">Contrato longo e confian\u00e7a no potencial do atleta<\/h2>\n\n\n\n<p>Sendo assim, Carrascal est\u00e1 previsto para assinar um contrato de quatro anos com o Flamengo, o que o manter\u00e1 no clube at\u00e9 2029. Isso porque o clube aposta no desenvolvimento do colombiano como pe\u00e7a-chave para os pr\u00f3ximos anos, considerando sua t\u00e9cnica e versatilidade em campo.&nbsp;<\/p>\n\n\n\n<p>Al\u00e9m disso, Carrascal ser\u00e1 o primeiro refor\u00e7o oficial da atual janela de transfer\u00eancias, chegando para refor\u00e7ar o elenco comandado pelo t\u00e9cnico Filipe Lu\u00eds. Vale destacar que esse refor\u00e7o chega em um momento decisivo da temporada, no qual o Flamengo busca t\u00edtulos e maior protagonismo no Brasileir\u00e3o e nas competi\u00e7\u00f5es internacionais.<\/p>\n\n\n\n<h2 class=\"wp-block-heading\" id=\"h-o-que-esperar-do-novo-camisa-10-rubro-negro\">O que esperar do novo camisa 10 rubro-negro?<\/h2>\n\n\n\n<p>Com isso, a expectativa fica em torno do desempenho de Carrascal dentro de campo. Isso porque, al\u00e9m do talento individual, o jogador precisar\u00e1 se adaptar rapidamente ao estilo de jogo do Flamengo e \u00e0 press\u00e3o da torcida.&nbsp;<\/p>\n\n\n\n<p>Por isso, a comiss\u00e3o t\u00e9cnica trabalha para integrar o atleta da melhor forma poss\u00edvel. Al\u00e9m disso, o entrosamento com os principais jogadores pode ser fundamental para o sucesso da contrata\u00e7\u00e3o. Dessa maneira, a chegada de Carrascal promete agitar o time e trazer novas possibilidades t\u00e1ticas para o treinador.<\/p>\n","protected":false},"excerpt":{"rendered":"<p>Antes mesmo de um an\u00fancio oficial, Jorge Carrascal j\u00e1 vive a sensa\u00e7\u00e3o de estar cada vez mais pr\u00f3ximo do Flamengo. Isso porque a torcida rubro-negra, ansiosa e confiante, invadiu as redes sociais do atacante colombiano com mensagens de boas-vindas e entusiasmo.&nbsp; Essa rea\u00e7\u00e3o espont\u00e2nea mostra o carinho e a expectativa dos f\u00e3s, que acompanham de [&hellip;]<\/p>\n","protected":false},"author":25,"featured_media":270669,"comment_status":"open","ping_status":"closed","sticky":false,"template":"","format":"standard","meta":{"footnotes":""},"categories":[1],"tags":[],"class_list":["post-272697","post","type-post","status-publish","format-standard","has-post-thumbnail","hentry","category-flamengo"],"yoast_head":"<!-- This site is optimized with the Yoast SEO Premium plugin v24.2 (Yoast SEO v26.9) - https:\/\/yoast.com\/product\/yoast-seo-premium-wordpress\/ -->\n<title>Carrascal recebe recado da torcida do Flamengo<\/title>\n<meta name=\"robots\" content=\"index, follow, max-snippet:-1, max-image-preview:large, max-video-preview:-1\" \/>\n<link rel=\"canonical\" href=\"https:\/\/www.gaveanews.com\/index.php\/2025\/07\/18\/carrascal-recebe-recado-da-torcida-do-flamengo\/\" \/>\n<meta property=\"og:locale\" content=\"pt_BR\" \/>\n<meta property=\"og:type\" content=\"article\" \/>\n<meta property=\"og:title\" content=\"Carrascal recebe recado da torcida do Flamengo\" \/>\n<meta property=\"og:description\" content=\"Antes mesmo de um an\u00fancio oficial, Jorge Carrascal j\u00e1 vive a sensa\u00e7\u00e3o de estar cada vez mais pr\u00f3ximo do Flamengo. Isso porque a torcida rubro-negra, ansiosa e confiante, invadiu as redes sociais do atacante colombiano com mensagens de boas-vindas e entusiasmo.&nbsp; Essa rea\u00e7\u00e3o espont\u00e2nea mostra o carinho e a expectativa dos f\u00e3s, que acompanham de [&hellip;]\" \/>\n<meta property=\"og:url\" content=\"https:\/\/www.gaveanews.com\/index.php\/2025\/07\/18\/carrascal-recebe-recado-da-torcida-do-flamengo\/\" \/>\n<meta property=\"og:site_name\" content=\"G\u00e1vea News\" \/>\n<meta property=\"article:publisher\" content=\"https:\/\/facebook.com\/gaveaNews\/\" \/>\n<meta property=\"article:published_time\" content=\"2025-07-18T19:31:12+00:00\" \/>\n<meta property=\"article:modified_time\" content=\"2025-07-18T19:31:17+00:00\" \/>\n<meta property=\"og:image\" content=\"http:\/\/www.gaveanews.com\/wp-content\/uploads\/Jorge-Carrascal-em-acao-pelo-Dinamo-Moscou.webp\" \/>\n\t<meta property=\"og:image:width\" content=\"860\" \/>\n\t<meta property=\"og:image:height\" content=\"484\" \/>\n\t<meta property=\"og:image:type\" content=\"image\/webp\" \/>\n<meta name=\"author\" content=\"Rafaela Ladeira\" \/>\n<meta name=\"twitter:card\" content=\"summary_large_image\" \/>\n<meta name=\"twitter:label1\" content=\"Escrito por\" \/>\n\t<meta name=\"twitter:data1\" content=\"Rafaela Ladeira\" \/>\n\t<meta name=\"twitter:label2\" content=\"Est. tempo de leitura\" \/>\n\t<meta name=\"twitter:data2\" content=\"3 minutos\" \/>\n<script type=\"application\/ld+json\" class=\"yoast-schema-graph\">{\"@context\":\"https:\/\/schema.org\",\"@graph\":[{\"@type\":\"NewsArticle\",\"@id\":\"https:\/\/www.gaveanews.com\/index.php\/2025\/07\/18\/carrascal-recebe-recado-da-torcida-do-flamengo\/#article\",\"isPartOf\":{\"@id\":\"https:\/\/www.gaveanews.com\/index.php\/2025\/07\/18\/carrascal-recebe-recado-da-torcida-do-flamengo\/\"},\"author\":{\"name\":\"Rafaela Ladeira\",\"@id\":\"https:\/\/www.gaveanews.com\/#\/schema\/person\/0eb3e3fe1754f0205218538adbe8f5ed\"},\"headline\":\"Carrascal recebe recado da torcida do Flamengo\",\"datePublished\":\"2025-07-18T19:31:12+00:00\",\"dateModified\":\"2025-07-18T19:31:17+00:00\",\"mainEntityOfPage\":{\"@id\":\"https:\/\/www.gaveanews.com\/index.php\/2025\/07\/18\/carrascal-recebe-recado-da-torcida-do-flamengo\/\"},\"wordCount\":540,\"commentCount\":0,\"image\":{\"@id\":\"https:\/\/www.gaveanews.com\/index.php\/2025\/07\/18\/carrascal-recebe-recado-da-torcida-do-flamengo\/#primaryimage\"},\"thumbnailUrl\":\"https:\/\/www.gaveanews.com\/wp-content\/uploads\/Jorge-Carrascal-em-acao-pelo-Dinamo-Moscou.webp\",\"articleSection\":[\"Flamengo\"],\"inLanguage\":\"pt-BR\",\"potentialAction\":[{\"@type\":\"CommentAction\",\"name\":\"Comment\",\"target\":[\"https:\/\/www.gaveanews.com\/index.php\/2025\/07\/18\/carrascal-recebe-recado-da-torcida-do-flamengo\/#respond\"]}],\"copyrightYear\":\"2025\",\"copyrightHolder\":{\"@id\":\"https:\/\/www.gaveanews.com\/#organization\"}},{\"@type\":\"WebPage\",\"@id\":\"https:\/\/www.gaveanews.com\/index.php\/2025\/07\/18\/carrascal-recebe-recado-da-torcida-do-flamengo\/\",\"url\":\"https:\/\/www.gaveanews.com\/index.php\/2025\/07\/18\/carrascal-recebe-recado-da-torcida-do-flamengo\/\",\"name\":\"Carrascal recebe recado da torcida do Flamengo\",\"isPartOf\":{\"@id\":\"https:\/\/www.gaveanews.com\/#website\"},\"primaryImageOfPage\":{\"@id\":\"https:\/\/www.gaveanews.com\/index.php\/2025\/07\/18\/carrascal-recebe-recado-da-torcida-do-flamengo\/#primaryimage\"},\"image\":{\"@id\":\"https:\/\/www.gaveanews.com\/index.php\/2025\/07\/18\/carrascal-recebe-recado-da-torcida-do-flamengo\/#primaryimage\"},\"thumbnailUrl\":\"https:\/\/www.gaveanews.com\/wp-content\/uploads\/Jorge-Carrascal-em-acao-pelo-Dinamo-Moscou.webp\",\"datePublished\":\"2025-07-18T19:31:12+00:00\",\"dateModified\":\"2025-07-18T19:31:17+00:00\",\"author\":{\"@id\":\"https:\/\/www.gaveanews.com\/#\/schema\/person\/0eb3e3fe1754f0205218538adbe8f5ed\"},\"breadcrumb\":{\"@id\":\"https:\/\/www.gaveanews.com\/index.php\/2025\/07\/18\/carrascal-recebe-recado-da-torcida-do-flamengo\/#breadcrumb\"},\"inLanguage\":\"pt-BR\",\"potentialAction\":[{\"@type\":\"ReadAction\",\"target\":[\"https:\/\/www.gaveanews.com\/index.php\/2025\/07\/18\/carrascal-recebe-recado-da-torcida-do-flamengo\/\"]}]},{\"@type\":\"ImageObject\",\"inLanguage\":\"pt-BR\",\"@id\":\"https:\/\/www.gaveanews.com\/index.php\/2025\/07\/18\/carrascal-recebe-recado-da-torcida-do-flamengo\/#primaryimage\",\"url\":\"https:\/\/www.gaveanews.com\/wp-content\/uploads\/Jorge-Carrascal-em-acao-pelo-Dinamo-Moscou.webp\",\"contentUrl\":\"https:\/\/www.gaveanews.com\/wp-content\/uploads\/Jorge-Carrascal-em-acao-pelo-Dinamo-Moscou.webp\",\"width\":860,\"height\":484,\"caption\":\"Jorge Carrascal em a\u00e7\u00e3o pelo Dinamo Moscou (Foto: Divulga\u00e7\u00e3o\/Dinamo Moscou)\"},{\"@type\":\"BreadcrumbList\",\"@id\":\"https:\/\/www.gaveanews.com\/index.php\/2025\/07\/18\/carrascal-recebe-recado-da-torcida-do-flamengo\/#breadcrumb\",\"itemListElement\":[{\"@type\":\"ListItem\",\"position\":1,\"name\":\"Home\",\"item\":\"https:\/\/www.gaveanews.com\/\"},{\"@type\":\"ListItem\",\"position\":2,\"name\":\"Carrascal recebe recado da torcida do Flamengo\"}]},{\"@type\":\"WebSite\",\"@id\":\"https:\/\/www.gaveanews.com\/#website\",\"url\":\"https:\/\/www.gaveanews.com\/\",\"name\":\"G\u00e1vea News\",\"description\":\"Veja todas as not\u00edcias sobre o Flamengo: Contrata\u00e7\u00f5es, categorias de base, resultados das partidas, tabela de classifica\u00e7\u00e3o, pr\u00f3ximos jogos!\",\"potentialAction\":[{\"@type\":\"SearchAction\",\"target\":{\"@type\":\"EntryPoint\",\"urlTemplate\":\"https:\/\/www.gaveanews.com\/?s={search_term_string}\"},\"query-input\":{\"@type\":\"PropertyValueSpecification\",\"valueRequired\":true,\"valueName\":\"search_term_string\"}}],\"inLanguage\":\"pt-BR\"},{\"@type\":\"Person\",\"@id\":\"https:\/\/www.gaveanews.com\/#\/schema\/person\/0eb3e3fe1754f0205218538adbe8f5ed\",\"name\":\"Rafaela Ladeira\",\"image\":{\"@type\":\"ImageObject\",\"inLanguage\":\"pt-BR\",\"@id\":\"https:\/\/www.gaveanews.com\/#\/schema\/person\/image\/\",\"url\":\"https:\/\/secure.gravatar.com\/avatar\/c31f513acffd85eacab5730cbdfdbbf59f21ba5aeada8cd890acea879fbb2455?s=96&d=mm&r=g\",\"contentUrl\":\"https:\/\/secure.gravatar.com\/avatar\/c31f513acffd85eacab5730cbdfdbbf59f21ba5aeada8cd890acea879fbb2455?s=96&d=mm&r=g\",\"caption\":\"Rafaela Ladeira\"}}]}<\/script>\n<!-- \/ Yoast SEO Premium plugin. -->","yoast_head_json":{"title":"Carrascal recebe recado da torcida do Flamengo","robots":{"index":"index","follow":"follow","max-snippet":"max-snippet:-1","max-image-preview":"max-image-preview:large","max-video-preview":"max-video-preview:-1"},"canonical":"https:\/\/www.gaveanews.com\/index.php\/2025\/07\/18\/carrascal-recebe-recado-da-torcida-do-flamengo\/","og_locale":"pt_BR","og_type":"article","og_title":"Carrascal recebe recado da torcida do Flamengo","og_description":"Antes mesmo de um an\u00fancio oficial, Jorge Carrascal j\u00e1 vive a sensa\u00e7\u00e3o de estar cada vez mais pr\u00f3ximo do Flamengo. Isso porque a torcida rubro-negra, ansiosa e confiante, invadiu as redes sociais do atacante colombiano com mensagens de boas-vindas e entusiasmo.&nbsp; Essa rea\u00e7\u00e3o espont\u00e2nea mostra o carinho e a expectativa dos f\u00e3s, que acompanham de [&hellip;]","og_url":"https:\/\/www.gaveanews.com\/index.php\/2025\/07\/18\/carrascal-recebe-recado-da-torcida-do-flamengo\/","og_site_name":"G\u00e1vea News","article_publisher":"https:\/\/facebook.com\/gaveaNews\/","article_published_time":"2025-07-18T19:31:12+00:00","article_modified_time":"2025-07-18T19:31:17+00:00","og_image":[{"width":860,"height":484,"url":"http:\/\/www.gaveanews.com\/wp-content\/uploads\/Jorge-Carrascal-em-acao-pelo-Dinamo-Moscou.webp","type":"image\/webp"}],"author":"Rafaela Ladeira","twitter_card":"summary_large_image","twitter_misc":{"Escrito por":"Rafaela Ladeira","Est. tempo de leitura":"3 minutos"},"schema":{"@context":"https:\/\/schema.org","@graph":[{"@type":"NewsArticle","@id":"https:\/\/www.gaveanews.com\/index.php\/2025\/07\/18\/carrascal-recebe-recado-da-torcida-do-flamengo\/#article","isPartOf":{"@id":"https:\/\/www.gaveanews.com\/index.php\/2025\/07\/18\/carrascal-recebe-recado-da-torcida-do-flamengo\/"},"author":{"name":"Rafaela Ladeira","@id":"https:\/\/www.gaveanews.com\/#\/schema\/person\/0eb3e3fe1754f0205218538adbe8f5ed"},"headline":"Carrascal recebe recado da torcida do Flamengo","datePublished":"2025-07-18T19:31:12+00:00","dateModified":"2025-07-18T19:31:17+00:00","mainEntityOfPage":{"@id":"https:\/\/www.gaveanews.com\/index.php\/2025\/07\/18\/carrascal-recebe-recado-da-torcida-do-flamengo\/"},"wordCount":540,"commentCount":0,"image":{"@id":"https:\/\/www.gaveanews.com\/index.php\/2025\/07\/18\/carrascal-recebe-recado-da-torcida-do-flamengo\/#primaryimage"},"thumbnailUrl":"https:\/\/www.gaveanews.com\/wp-content\/uploads\/Jorge-Carrascal-em-acao-pelo-Dinamo-Moscou.webp","articleSection":["Flamengo"],"inLanguage":"pt-BR","potentialAction":[{"@type":"CommentAction","name":"Comment","target":["https:\/\/www.gaveanews.com\/index.php\/2025\/07\/18\/carrascal-recebe-recado-da-torcida-do-flamengo\/#respond"]}],"copyrightYear":"2025","copyrightHolder":{"@id":"https:\/\/www.gaveanews.com\/#organization"}},{"@type":"WebPage","@id":"https:\/\/www.gaveanews.com\/index.php\/2025\/07\/18\/carrascal-recebe-recado-da-torcida-do-flamengo\/","url":"https:\/\/www.gaveanews.com\/index.php\/2025\/07\/18\/carrascal-recebe-recado-da-torcida-do-flamengo\/","name":"Carrascal recebe recado da torcida do Flamengo","isPartOf":{"@id":"https:\/\/www.gaveanews.com\/#website"},"primaryImageOfPage":{"@id":"https:\/\/www.gaveanews.com\/index.php\/2025\/07\/18\/carrascal-recebe-recado-da-torcida-do-flamengo\/#primaryimage"},"image":{"@id":"https:\/\/www.gaveanews.com\/index.php\/2025\/07\/18\/carrascal-recebe-recado-da-torcida-do-flamengo\/#primaryimage"},"thumbnailUrl":"https:\/\/www.gaveanews.com\/wp-content\/uploads\/Jorge-Carrascal-em-acao-pelo-Dinamo-Moscou.webp","datePublished":"2025-07-18T19:31:12+00:00","dateModified":"2025-07-18T19:31:17+00:00","author":{"@id":"https:\/\/www.gaveanews.com\/#\/schema\/person\/0eb3e3fe1754f0205218538adbe8f5ed"},"breadcrumb":{"@id":"https:\/\/www.gaveanews.com\/index.php\/2025\/07\/18\/carrascal-recebe-recado-da-torcida-do-flamengo\/#breadcrumb"},"inLanguage":"pt-BR","potentialAction":[{"@type":"ReadAction","target":["https:\/\/www.gaveanews.com\/index.php\/2025\/07\/18\/carrascal-recebe-recado-da-torcida-do-flamengo\/"]}]},{"@type":"ImageObject","inLanguage":"pt-BR","@id":"https:\/\/www.gaveanews.com\/index.php\/2025\/07\/18\/carrascal-recebe-recado-da-torcida-do-flamengo\/#primaryimage","url":"https:\/\/www.gaveanews.com\/wp-content\/uploads\/Jorge-Carrascal-em-acao-pelo-Dinamo-Moscou.webp","contentUrl":"https:\/\/www.gaveanews.com\/wp-content\/uploads\/Jorge-Carrascal-em-acao-pelo-Dinamo-Moscou.webp","width":860,"height":484,"caption":"Jorge Carrascal em a\u00e7\u00e3o pelo Dinamo Moscou (Foto: Divulga\u00e7\u00e3o\/Dinamo Moscou)"},{"@type":"BreadcrumbList","@id":"https:\/\/www.gaveanews.com\/index.php\/2025\/07\/18\/carrascal-recebe-recado-da-torcida-do-flamengo\/#breadcrumb","itemListElement":[{"@type":"ListItem","position":1,"name":"Home","item":"https:\/\/www.gaveanews.com\/"},{"@type":"ListItem","position":2,"name":"Carrascal recebe recado da torcida do Flamengo"}]},{"@type":"WebSite","@id":"https:\/\/www.gaveanews.com\/#website","url":"https:\/\/www.gaveanews.com\/","name":"G\u00e1vea News","description":"Veja todas as not\u00edcias sobre o Flamengo: Contrata\u00e7\u00f5es, categorias de base, resultados das partidas, tabela de classifica\u00e7\u00e3o, pr\u00f3ximos jogos!","potentialAction":[{"@type":"SearchAction","target":{"@type":"EntryPoint","urlTemplate":"https:\/\/www.gaveanews.com\/?s={search_term_string}"},"query-input":{"@type":"PropertyValueSpecification","valueRequired":true,"valueName":"search_term_string"}}],"inLanguage":"pt-BR"},{"@type":"Person","@id":"https:\/\/www.gaveanews.com\/#\/schema\/person\/0eb3e3fe1754f0205218538adbe8f5ed","name":"Rafaela Ladeira","image":{"@type":"ImageObject","inLanguage":"pt-BR","@id":"https:\/\/www.gaveanews.com\/#\/schema\/person\/image\/","url":"https:\/\/secure.gravatar.com\/avatar\/c31f513acffd85eacab5730cbdfdbbf59f21ba5aeada8cd890acea879fbb2455?s=96&d=mm&r=g","contentUrl":"https:\/\/secure.gravatar.com\/avatar\/c31f513acffd85eacab5730cbdfdbbf59f21ba5aeada8cd890acea879fbb2455?s=96&d=mm&r=g","caption":"Rafaela Ladeira"}}]}},"_links":{"self":[{"href":"https:\/\/www.gaveanews.com\/index.php\/wp-json\/wp\/v2\/posts\/272697","targetHints":{"allow":["GET"]}}],"collection":[{"href":"https:\/\/www.gaveanews.com\/index.php\/wp-json\/wp\/v2\/posts"}],"about":[{"href":"https:\/\/www.gaveanews.com\/index.php\/wp-json\/wp\/v2\/types\/post"}],"author":[{"embeddable":true,"href":"https:\/\/www.gaveanews.com\/index.php\/wp-json\/wp\/v2\/users\/25"}],"replies":[{"embeddable":true,"href":"https:\/\/www.gaveanews.com\/index.php\/wp-json\/wp\/v2\/comments?post=272697"}],"version-history":[{"count":1,"href":"https:\/\/www.gaveanews.com\/index.php\/wp-json\/wp\/v2\/posts\/272697\/revisions"}],"predecessor-version":[{"id":272698,"href":"https:\/\/www.gaveanews.com\/index.php\/wp-json\/wp\/v2\/posts\/272697\/revisions\/272698"}],"wp:featuredmedia":[{"embeddable":true,"href":"https:\/\/www.gaveanews.com\/index.php\/wp-json\/wp\/v2\/media\/270669"}],"wp:attachment":[{"href":"https:\/\/www.gaveanews.com\/index.php\/wp-json\/wp\/v2\/media?parent=272697"}],"wp:term":[{"taxonomy":"category","embeddable":true,"href":"https:\/\/www.gaveanews.com\/index.php\/wp-json\/wp\/v2\/categories?post=272697"},{"taxonomy":"post_tag","embeddable":true,"href":"https:\/\/www.gaveanews.com\/index.php\/wp-json\/wp\/v2\/tags?post=272697"}],"curies":[{"name":"wp","href":"https:\/\/api.w.org\/{rel}","templated":true}]}}