{"id":272699,"date":"2025-07-18T17:00:00","date_gmt":"2025-07-18T20:00:00","guid":{"rendered":"https:\/\/www.gaveanews.com\/?p=272699"},"modified":"2025-07-18T16:36:35","modified_gmt":"2025-07-18T19:36:35","slug":"especialista-revela-qual-sera-a-missao-de-carrascal-no-flamengo","status":"publish","type":"post","link":"https:\/\/www.gaveanews.com\/index.php\/2025\/07\/18\/especialista-revela-qual-sera-a-missao-de-carrascal-no-flamengo\/","title":{"rendered":"Especialista revela qual ser\u00e1 a miss\u00e3o de Carrascal no Flamengo"},"content":{"rendered":"\n<p>No mercado da bola, o Flamengo est\u00e1 prestes a concretizar uma contrata\u00e7\u00e3o que vem despertando grande expectativa entre torcedores e especialistas: Jorge Carrascal, meio-campista colombiano, est\u00e1 muito pr\u00f3ximo de ser anunciado oficialmente como refor\u00e7o.&nbsp;<\/p>\n\n\n\n<p>Essa movimenta\u00e7\u00e3o n\u00e3o \u00e9 por acaso, porque o clube carioca enxerga no jogador exatamente aquilo que faltava para seu sistema ofensivo render mais.&nbsp;<\/p>\n\n\n\n<h2 class=\"wp-block-heading\" id=\"h-carrascal-o-driblador-que-abrira-defesas-fechadas\">Carrascal: O driblador que abrir\u00e1 defesas fechadas<\/h2>\n\n\n\n<p>O analista t\u00e1tico explica que a principal fun\u00e7\u00e3o de Carrascal no Flamengo \u00e9 abrir espa\u00e7os na defesa advers\u00e1ria, principalmente no \u00faltimo ter\u00e7o do campo. Isso porque, sendo um jogador muito forte no drible, ele \u00e9 exatamente o \u201cabridor de latas\u201d que o clube precisava para enfrentar defesas fechadas, com muitos jogadores perto da pr\u00f3pria \u00e1rea.<\/p>\n\n\n\n<p>\u201cEle chega com uma miss\u00e3o espec\u00edfica: abrir defesas. Ele \u00e9 muito forte no drible. Ele \u00e9 o abridor de latas que o Boto falou um tempo atr\u00e1s. Vai ajudar a abrir defesas fechadas, com todos perto da baliza. Ele est\u00e1 vindo para driblar em espa\u00e7o curto, tem recurso para isso\u201d, afirmou Rabello.<\/p>\n\n\n\n<h2 class=\"wp-block-heading\" id=\"h-tecnica-apurada-e-leitura-de-jogo-que-impressionam\">T\u00e9cnica apurada e leitura de jogo que impressionam<\/h2>\n\n\n\n<p>Cabe ressaltar que Carrascal n\u00e3o \u00e9 s\u00f3 firula e drible. Ele tem um entendimento do espa\u00e7o em campo que o ajuda a ganhar as costas dos advers\u00e1rios e atacar com velocidade e intelig\u00eancia. Dessa maneira, ele conduz a bola e acha o passe no momento certo, aproveitando o contramovimento do rival para superar o duelo.<\/p>\n\n\n\n<p>\u201cEle ganha nas pr\u00f3prias costas. Tem muito entendimento desse espa\u00e7o. Gira, ganha e ataca as pr\u00f3prias costas, conduz e acha o passe\u201d, destaca o analista.<\/p>\n\n\n\n<p>Isso porque seu dom\u00ednio de bola refinado, comparado ao estilo do Neymar, facilita a execu\u00e7\u00e3o dessas jogadas, o que rendeu a ele o apelido de \u201cNeymar colombiano\u201d. \u201cNa hora do bote, ele tira o doce da crian\u00e7a, vence o duelo e passa na profundidade\u201d, completa.<\/p>\n\n\n\n<h2 class=\"wp-block-heading\" id=\"h-por-que-carrascal-pode-ser-um-diferencial-no-flamengo\">Por que Carrascal pode ser um diferencial no Flamengo?<\/h2>\n\n\n\n<p>Vale destacar que, em estat\u00edsticas de dribles, Carrascal supera nomes como Luiz Ara\u00fajo e Plata, outros jogadores importantes do Flamengo. Portanto, a diretoria entende que ter um jogador com essas caracter\u00edsticas \u00e9 essencial para o time se impor ofensivamente.<\/p>\n\n\n\n<p>Sendo assim, o colombiano deve chegar para acrescentar criatividade, agilidade e intelig\u00eancia no meio-campo rubro-negro. Por isso, o torcedor pode esperar um Flamengo mais incisivo e perigoso com Carrascal em campo.<\/p>\n\n\n\n<p>Com isso, o Flamengo refor\u00e7a seu elenco com um jogador que pode fazer a diferen\u00e7a em jogos dif\u00edceis, abrindo defesas e criando oportunidades decisivas. Desse jeito, a torcida pode ficar animada com a chegada do colombiano e esperar que ele brilhe na temporada.<\/p>\n","protected":false},"excerpt":{"rendered":"<p>No mercado da bola, o Flamengo est\u00e1 prestes a concretizar uma contrata\u00e7\u00e3o que vem despertando grande expectativa entre torcedores e especialistas: Jorge Carrascal, meio-campista colombiano, est\u00e1 muito pr\u00f3ximo de ser anunciado oficialmente como refor\u00e7o.&nbsp; Essa movimenta\u00e7\u00e3o n\u00e3o \u00e9 por acaso, porque o clube carioca enxerga no jogador exatamente aquilo que faltava para seu sistema ofensivo [&hellip;]<\/p>\n","protected":false},"author":25,"featured_media":205634,"comment_status":"open","ping_status":"closed","sticky":false,"template":"","format":"standard","meta":{"footnotes":""},"categories":[1],"tags":[],"class_list":["post-272699","post","type-post","status-publish","format-standard","has-post-thumbnail","hentry","category-flamengo"],"yoast_head":"<!-- This site is optimized with the Yoast SEO Premium plugin v24.2 (Yoast SEO v26.9) - https:\/\/yoast.com\/product\/yoast-seo-premium-wordpress\/ -->\n<title>Especialista revela qual ser\u00e1 a miss\u00e3o de Carrascal no Flamengo<\/title>\n<meta name=\"robots\" content=\"index, follow, max-snippet:-1, max-image-preview:large, max-video-preview:-1\" \/>\n<link rel=\"canonical\" href=\"https:\/\/www.gaveanews.com\/index.php\/2025\/07\/18\/especialista-revela-qual-sera-a-missao-de-carrascal-no-flamengo\/\" \/>\n<meta property=\"og:locale\" content=\"pt_BR\" \/>\n<meta property=\"og:type\" content=\"article\" \/>\n<meta property=\"og:title\" content=\"Especialista revela qual ser\u00e1 a miss\u00e3o de Carrascal no Flamengo\" \/>\n<meta property=\"og:description\" content=\"No mercado da bola, o Flamengo est\u00e1 prestes a concretizar uma contrata\u00e7\u00e3o que vem despertando grande expectativa entre torcedores e especialistas: Jorge Carrascal, meio-campista colombiano, est\u00e1 muito pr\u00f3ximo de ser anunciado oficialmente como refor\u00e7o.&nbsp; Essa movimenta\u00e7\u00e3o n\u00e3o \u00e9 por acaso, porque o clube carioca enxerga no jogador exatamente aquilo que faltava para seu sistema ofensivo [&hellip;]\" \/>\n<meta property=\"og:url\" content=\"https:\/\/www.gaveanews.com\/index.php\/2025\/07\/18\/especialista-revela-qual-sera-a-missao-de-carrascal-no-flamengo\/\" \/>\n<meta property=\"og:site_name\" content=\"G\u00e1vea News\" \/>\n<meta property=\"article:publisher\" content=\"https:\/\/facebook.com\/gaveaNews\/\" \/>\n<meta property=\"article:published_time\" content=\"2025-07-18T20:00:00+00:00\" \/>\n<meta property=\"og:image\" content=\"https:\/\/www.gaveanews.com\/wp-content\/uploads\/Entrevista-coletiva-de-Jose-Boto-Foto_-Reproducao_FlaTV.webp\" \/>\n\t<meta property=\"og:image:width\" content=\"1214\" \/>\n\t<meta property=\"og:image:height\" content=\"668\" \/>\n\t<meta property=\"og:image:type\" content=\"image\/webp\" \/>\n<meta name=\"author\" content=\"Rafaela Ladeira\" \/>\n<meta name=\"twitter:card\" content=\"summary_large_image\" \/>\n<meta name=\"twitter:label1\" content=\"Escrito por\" \/>\n\t<meta name=\"twitter:data1\" content=\"Rafaela Ladeira\" \/>\n\t<meta name=\"twitter:label2\" content=\"Est. tempo de leitura\" \/>\n\t<meta name=\"twitter:data2\" content=\"3 minutos\" \/>\n<script type=\"application\/ld+json\" class=\"yoast-schema-graph\">{\"@context\":\"https:\/\/schema.org\",\"@graph\":[{\"@type\":\"NewsArticle\",\"@id\":\"https:\/\/www.gaveanews.com\/index.php\/2025\/07\/18\/especialista-revela-qual-sera-a-missao-de-carrascal-no-flamengo\/#article\",\"isPartOf\":{\"@id\":\"https:\/\/www.gaveanews.com\/index.php\/2025\/07\/18\/especialista-revela-qual-sera-a-missao-de-carrascal-no-flamengo\/\"},\"author\":{\"name\":\"Rafaela Ladeira\",\"@id\":\"https:\/\/www.gaveanews.com\/#\/schema\/person\/0eb3e3fe1754f0205218538adbe8f5ed\"},\"headline\":\"Especialista revela qual ser\u00e1 a miss\u00e3o de Carrascal no Flamengo\",\"datePublished\":\"2025-07-18T20:00:00+00:00\",\"mainEntityOfPage\":{\"@id\":\"https:\/\/www.gaveanews.com\/index.php\/2025\/07\/18\/especialista-revela-qual-sera-a-missao-de-carrascal-no-flamengo\/\"},\"wordCount\":465,\"commentCount\":0,\"image\":{\"@id\":\"https:\/\/www.gaveanews.com\/index.php\/2025\/07\/18\/especialista-revela-qual-sera-a-missao-de-carrascal-no-flamengo\/#primaryimage\"},\"thumbnailUrl\":\"https:\/\/www.gaveanews.com\/wp-content\/uploads\/Entrevista-coletiva-de-Jose-Boto-Foto_-Reproducao_FlaTV.webp\",\"articleSection\":[\"Flamengo\"],\"inLanguage\":\"pt-BR\",\"potentialAction\":[{\"@type\":\"CommentAction\",\"name\":\"Comment\",\"target\":[\"https:\/\/www.gaveanews.com\/index.php\/2025\/07\/18\/especialista-revela-qual-sera-a-missao-de-carrascal-no-flamengo\/#respond\"]}],\"copyrightYear\":\"2025\",\"copyrightHolder\":{\"@id\":\"https:\/\/www.gaveanews.com\/#organization\"}},{\"@type\":\"WebPage\",\"@id\":\"https:\/\/www.gaveanews.com\/index.php\/2025\/07\/18\/especialista-revela-qual-sera-a-missao-de-carrascal-no-flamengo\/\",\"url\":\"https:\/\/www.gaveanews.com\/index.php\/2025\/07\/18\/especialista-revela-qual-sera-a-missao-de-carrascal-no-flamengo\/\",\"name\":\"Especialista revela qual ser\u00e1 a miss\u00e3o de Carrascal no Flamengo\",\"isPartOf\":{\"@id\":\"https:\/\/www.gaveanews.com\/#website\"},\"primaryImageOfPage\":{\"@id\":\"https:\/\/www.gaveanews.com\/index.php\/2025\/07\/18\/especialista-revela-qual-sera-a-missao-de-carrascal-no-flamengo\/#primaryimage\"},\"image\":{\"@id\":\"https:\/\/www.gaveanews.com\/index.php\/2025\/07\/18\/especialista-revela-qual-sera-a-missao-de-carrascal-no-flamengo\/#primaryimage\"},\"thumbnailUrl\":\"https:\/\/www.gaveanews.com\/wp-content\/uploads\/Entrevista-coletiva-de-Jose-Boto-Foto_-Reproducao_FlaTV.webp\",\"datePublished\":\"2025-07-18T20:00:00+00:00\",\"author\":{\"@id\":\"https:\/\/www.gaveanews.com\/#\/schema\/person\/0eb3e3fe1754f0205218538adbe8f5ed\"},\"breadcrumb\":{\"@id\":\"https:\/\/www.gaveanews.com\/index.php\/2025\/07\/18\/especialista-revela-qual-sera-a-missao-de-carrascal-no-flamengo\/#breadcrumb\"},\"inLanguage\":\"pt-BR\",\"potentialAction\":[{\"@type\":\"ReadAction\",\"target\":[\"https:\/\/www.gaveanews.com\/index.php\/2025\/07\/18\/especialista-revela-qual-sera-a-missao-de-carrascal-no-flamengo\/\"]}]},{\"@type\":\"ImageObject\",\"inLanguage\":\"pt-BR\",\"@id\":\"https:\/\/www.gaveanews.com\/index.php\/2025\/07\/18\/especialista-revela-qual-sera-a-missao-de-carrascal-no-flamengo\/#primaryimage\",\"url\":\"https:\/\/www.gaveanews.com\/wp-content\/uploads\/Entrevista-coletiva-de-Jose-Boto-Foto_-Reproducao_FlaTV.webp\",\"contentUrl\":\"https:\/\/www.gaveanews.com\/wp-content\/uploads\/Entrevista-coletiva-de-Jose-Boto-Foto_-Reproducao_FlaTV.webp\",\"width\":1214,\"height\":668,\"caption\":\"Entrevista coletiva de Jos\u00e9 Boto (Foto: Reprodu\u00e7\u00e3o\/FlaTV)\"},{\"@type\":\"BreadcrumbList\",\"@id\":\"https:\/\/www.gaveanews.com\/index.php\/2025\/07\/18\/especialista-revela-qual-sera-a-missao-de-carrascal-no-flamengo\/#breadcrumb\",\"itemListElement\":[{\"@type\":\"ListItem\",\"position\":1,\"name\":\"Home\",\"item\":\"https:\/\/www.gaveanews.com\/\"},{\"@type\":\"ListItem\",\"position\":2,\"name\":\"Especialista revela qual ser\u00e1 a miss\u00e3o de Carrascal no Flamengo\"}]},{\"@type\":\"WebSite\",\"@id\":\"https:\/\/www.gaveanews.com\/#website\",\"url\":\"https:\/\/www.gaveanews.com\/\",\"name\":\"G\u00e1vea News\",\"description\":\"Veja todas as not\u00edcias sobre o Flamengo: Contrata\u00e7\u00f5es, categorias de base, resultados das partidas, tabela de classifica\u00e7\u00e3o, pr\u00f3ximos jogos!\",\"potentialAction\":[{\"@type\":\"SearchAction\",\"target\":{\"@type\":\"EntryPoint\",\"urlTemplate\":\"https:\/\/www.gaveanews.com\/?s={search_term_string}\"},\"query-input\":{\"@type\":\"PropertyValueSpecification\",\"valueRequired\":true,\"valueName\":\"search_term_string\"}}],\"inLanguage\":\"pt-BR\"},{\"@type\":\"Person\",\"@id\":\"https:\/\/www.gaveanews.com\/#\/schema\/person\/0eb3e3fe1754f0205218538adbe8f5ed\",\"name\":\"Rafaela Ladeira\",\"image\":{\"@type\":\"ImageObject\",\"inLanguage\":\"pt-BR\",\"@id\":\"https:\/\/www.gaveanews.com\/#\/schema\/person\/image\/\",\"url\":\"https:\/\/secure.gravatar.com\/avatar\/c31f513acffd85eacab5730cbdfdbbf59f21ba5aeada8cd890acea879fbb2455?s=96&d=mm&r=g\",\"contentUrl\":\"https:\/\/secure.gravatar.com\/avatar\/c31f513acffd85eacab5730cbdfdbbf59f21ba5aeada8cd890acea879fbb2455?s=96&d=mm&r=g\",\"caption\":\"Rafaela Ladeira\"}}]}<\/script>\n<!-- \/ Yoast SEO Premium plugin. -->","yoast_head_json":{"title":"Especialista revela qual ser\u00e1 a miss\u00e3o de Carrascal no Flamengo","robots":{"index":"index","follow":"follow","max-snippet":"max-snippet:-1","max-image-preview":"max-image-preview:large","max-video-preview":"max-video-preview:-1"},"canonical":"https:\/\/www.gaveanews.com\/index.php\/2025\/07\/18\/especialista-revela-qual-sera-a-missao-de-carrascal-no-flamengo\/","og_locale":"pt_BR","og_type":"article","og_title":"Especialista revela qual ser\u00e1 a miss\u00e3o de Carrascal no Flamengo","og_description":"No mercado da bola, o Flamengo est\u00e1 prestes a concretizar uma contrata\u00e7\u00e3o que vem despertando grande expectativa entre torcedores e especialistas: Jorge Carrascal, meio-campista colombiano, est\u00e1 muito pr\u00f3ximo de ser anunciado oficialmente como refor\u00e7o.&nbsp; Essa movimenta\u00e7\u00e3o n\u00e3o \u00e9 por acaso, porque o clube carioca enxerga no jogador exatamente aquilo que faltava para seu sistema ofensivo [&hellip;]","og_url":"https:\/\/www.gaveanews.com\/index.php\/2025\/07\/18\/especialista-revela-qual-sera-a-missao-de-carrascal-no-flamengo\/","og_site_name":"G\u00e1vea News","article_publisher":"https:\/\/facebook.com\/gaveaNews\/","article_published_time":"2025-07-18T20:00:00+00:00","og_image":[{"width":1214,"height":668,"url":"https:\/\/www.gaveanews.com\/wp-content\/uploads\/Entrevista-coletiva-de-Jose-Boto-Foto_-Reproducao_FlaTV.webp","type":"image\/webp"}],"author":"Rafaela Ladeira","twitter_card":"summary_large_image","twitter_misc":{"Escrito por":"Rafaela Ladeira","Est. tempo de leitura":"3 minutos"},"schema":{"@context":"https:\/\/schema.org","@graph":[{"@type":"NewsArticle","@id":"https:\/\/www.gaveanews.com\/index.php\/2025\/07\/18\/especialista-revela-qual-sera-a-missao-de-carrascal-no-flamengo\/#article","isPartOf":{"@id":"https:\/\/www.gaveanews.com\/index.php\/2025\/07\/18\/especialista-revela-qual-sera-a-missao-de-carrascal-no-flamengo\/"},"author":{"name":"Rafaela Ladeira","@id":"https:\/\/www.gaveanews.com\/#\/schema\/person\/0eb3e3fe1754f0205218538adbe8f5ed"},"headline":"Especialista revela qual ser\u00e1 a miss\u00e3o de Carrascal no Flamengo","datePublished":"2025-07-18T20:00:00+00:00","mainEntityOfPage":{"@id":"https:\/\/www.gaveanews.com\/index.php\/2025\/07\/18\/especialista-revela-qual-sera-a-missao-de-carrascal-no-flamengo\/"},"wordCount":465,"commentCount":0,"image":{"@id":"https:\/\/www.gaveanews.com\/index.php\/2025\/07\/18\/especialista-revela-qual-sera-a-missao-de-carrascal-no-flamengo\/#primaryimage"},"thumbnailUrl":"https:\/\/www.gaveanews.com\/wp-content\/uploads\/Entrevista-coletiva-de-Jose-Boto-Foto_-Reproducao_FlaTV.webp","articleSection":["Flamengo"],"inLanguage":"pt-BR","potentialAction":[{"@type":"CommentAction","name":"Comment","target":["https:\/\/www.gaveanews.com\/index.php\/2025\/07\/18\/especialista-revela-qual-sera-a-missao-de-carrascal-no-flamengo\/#respond"]}],"copyrightYear":"2025","copyrightHolder":{"@id":"https:\/\/www.gaveanews.com\/#organization"}},{"@type":"WebPage","@id":"https:\/\/www.gaveanews.com\/index.php\/2025\/07\/18\/especialista-revela-qual-sera-a-missao-de-carrascal-no-flamengo\/","url":"https:\/\/www.gaveanews.com\/index.php\/2025\/07\/18\/especialista-revela-qual-sera-a-missao-de-carrascal-no-flamengo\/","name":"Especialista revela qual ser\u00e1 a miss\u00e3o de Carrascal no Flamengo","isPartOf":{"@id":"https:\/\/www.gaveanews.com\/#website"},"primaryImageOfPage":{"@id":"https:\/\/www.gaveanews.com\/index.php\/2025\/07\/18\/especialista-revela-qual-sera-a-missao-de-carrascal-no-flamengo\/#primaryimage"},"image":{"@id":"https:\/\/www.gaveanews.com\/index.php\/2025\/07\/18\/especialista-revela-qual-sera-a-missao-de-carrascal-no-flamengo\/#primaryimage"},"thumbnailUrl":"https:\/\/www.gaveanews.com\/wp-content\/uploads\/Entrevista-coletiva-de-Jose-Boto-Foto_-Reproducao_FlaTV.webp","datePublished":"2025-07-18T20:00:00+00:00","author":{"@id":"https:\/\/www.gaveanews.com\/#\/schema\/person\/0eb3e3fe1754f0205218538adbe8f5ed"},"breadcrumb":{"@id":"https:\/\/www.gaveanews.com\/index.php\/2025\/07\/18\/especialista-revela-qual-sera-a-missao-de-carrascal-no-flamengo\/#breadcrumb"},"inLanguage":"pt-BR","potentialAction":[{"@type":"ReadAction","target":["https:\/\/www.gaveanews.com\/index.php\/2025\/07\/18\/especialista-revela-qual-sera-a-missao-de-carrascal-no-flamengo\/"]}]},{"@type":"ImageObject","inLanguage":"pt-BR","@id":"https:\/\/www.gaveanews.com\/index.php\/2025\/07\/18\/especialista-revela-qual-sera-a-missao-de-carrascal-no-flamengo\/#primaryimage","url":"https:\/\/www.gaveanews.com\/wp-content\/uploads\/Entrevista-coletiva-de-Jose-Boto-Foto_-Reproducao_FlaTV.webp","contentUrl":"https:\/\/www.gaveanews.com\/wp-content\/uploads\/Entrevista-coletiva-de-Jose-Boto-Foto_-Reproducao_FlaTV.webp","width":1214,"height":668,"caption":"Entrevista coletiva de Jos\u00e9 Boto (Foto: Reprodu\u00e7\u00e3o\/FlaTV)"},{"@type":"BreadcrumbList","@id":"https:\/\/www.gaveanews.com\/index.php\/2025\/07\/18\/especialista-revela-qual-sera-a-missao-de-carrascal-no-flamengo\/#breadcrumb","itemListElement":[{"@type":"ListItem","position":1,"name":"Home","item":"https:\/\/www.gaveanews.com\/"},{"@type":"ListItem","position":2,"name":"Especialista revela qual ser\u00e1 a miss\u00e3o de Carrascal no Flamengo"}]},{"@type":"WebSite","@id":"https:\/\/www.gaveanews.com\/#website","url":"https:\/\/www.gaveanews.com\/","name":"G\u00e1vea News","description":"Veja todas as not\u00edcias sobre o Flamengo: Contrata\u00e7\u00f5es, categorias de base, resultados das partidas, tabela de classifica\u00e7\u00e3o, pr\u00f3ximos jogos!","potentialAction":[{"@type":"SearchAction","target":{"@type":"EntryPoint","urlTemplate":"https:\/\/www.gaveanews.com\/?s={search_term_string}"},"query-input":{"@type":"PropertyValueSpecification","valueRequired":true,"valueName":"search_term_string"}}],"inLanguage":"pt-BR"},{"@type":"Person","@id":"https:\/\/www.gaveanews.com\/#\/schema\/person\/0eb3e3fe1754f0205218538adbe8f5ed","name":"Rafaela Ladeira","image":{"@type":"ImageObject","inLanguage":"pt-BR","@id":"https:\/\/www.gaveanews.com\/#\/schema\/person\/image\/","url":"https:\/\/secure.gravatar.com\/avatar\/c31f513acffd85eacab5730cbdfdbbf59f21ba5aeada8cd890acea879fbb2455?s=96&d=mm&r=g","contentUrl":"https:\/\/secure.gravatar.com\/avatar\/c31f513acffd85eacab5730cbdfdbbf59f21ba5aeada8cd890acea879fbb2455?s=96&d=mm&r=g","caption":"Rafaela Ladeira"}}]}},"_links":{"self":[{"href":"https:\/\/www.gaveanews.com\/index.php\/wp-json\/wp\/v2\/posts\/272699","targetHints":{"allow":["GET"]}}],"collection":[{"href":"https:\/\/www.gaveanews.com\/index.php\/wp-json\/wp\/v2\/posts"}],"about":[{"href":"https:\/\/www.gaveanews.com\/index.php\/wp-json\/wp\/v2\/types\/post"}],"author":[{"embeddable":true,"href":"https:\/\/www.gaveanews.com\/index.php\/wp-json\/wp\/v2\/users\/25"}],"replies":[{"embeddable":true,"href":"https:\/\/www.gaveanews.com\/index.php\/wp-json\/wp\/v2\/comments?post=272699"}],"version-history":[{"count":1,"href":"https:\/\/www.gaveanews.com\/index.php\/wp-json\/wp\/v2\/posts\/272699\/revisions"}],"predecessor-version":[{"id":272700,"href":"https:\/\/www.gaveanews.com\/index.php\/wp-json\/wp\/v2\/posts\/272699\/revisions\/272700"}],"wp:featuredmedia":[{"embeddable":true,"href":"https:\/\/www.gaveanews.com\/index.php\/wp-json\/wp\/v2\/media\/205634"}],"wp:attachment":[{"href":"https:\/\/www.gaveanews.com\/index.php\/wp-json\/wp\/v2\/media?parent=272699"}],"wp:term":[{"taxonomy":"category","embeddable":true,"href":"https:\/\/www.gaveanews.com\/index.php\/wp-json\/wp\/v2\/categories?post=272699"},{"taxonomy":"post_tag","embeddable":true,"href":"https:\/\/www.gaveanews.com\/index.php\/wp-json\/wp\/v2\/tags?post=272699"}],"curies":[{"name":"wp","href":"https:\/\/api.w.org\/{rel}","templated":true}]}}