{"id":272702,"date":"2025-07-19T16:30:00","date_gmt":"2025-07-19T19:30:00","guid":{"rendered":"https:\/\/www.gaveanews.com\/?p=272702"},"modified":"2025-07-19T16:34:48","modified_gmt":"2025-07-19T19:34:48","slug":"assinado-sem-espaco-com-filipe-luis-ele-vai-ir-para-o-cruzeiro","status":"publish","type":"post","link":"https:\/\/www.gaveanews.com\/index.php\/2025\/07\/19\/assinado-sem-espaco-com-filipe-luis-ele-vai-ir-para-o-cruzeiro\/","title":{"rendered":"Assinado: sem espa\u00e7o com Filipe Lu\u00eds, ele vai ir para o Cruzeiro"},"content":{"rendered":"\n<p>O ciclo de Matheus Cunha no Flamengo j\u00e1 tem data para terminar. O goleiro, atualmente reserva de Agust\u00edn Rossi, optou por um novo caminho e firmou um pr\u00e9-contrato com o Cruzeiro.\u00a0<\/p>\n\n\n\n<p>A escolha foi motivada pela escassez de oportunidades no time principal, principalmente ap\u00f3s a chegada de Filipe Lu\u00eds ao comando t\u00e9cnico, que consolidou Rossi como titular absoluto. Por isso, Cunha decidiu se antecipar e garantir um novo destino para a pr\u00f3xima temporada.<\/p>\n\n\n\n<h2 class=\"wp-block-heading\" id=\"h-contrato-com-o-cruzeiro-comeca-em-janeiro-de-2026\">Contrato com o Cruzeiro come\u00e7a em janeiro de 2026<\/h2>\n\n\n\n<p>O atual v\u00ednculo de Matheus Cunha com o Flamengo termina em dezembro de 2025. Dessa maneira, com menos de seis meses restantes no clube carioca, ele j\u00e1 est\u00e1 liberado para assinar com outra equipe, o que fez sem hesita\u00e7\u00e3o.&nbsp;<\/p>\n\n\n\n<p>O Cruzeiro, que busca se refor\u00e7ar para a pr\u00f3xima temporada, foi o escolhido pelo arqueiro para tentar mais minutos em campo e retomar o protagonismo perdido.<\/p>\n\n\n\n<h2 class=\"wp-block-heading\" id=\"h-flamengo-pode-liberar-antes-do-fim-do-contrato\">Flamengo pode liberar antes do fim do contrato<\/h2>\n\n\n\n<p>Cabe ressaltar que, embora o pr\u00e9-contrato garanta a chegada do jogador ao time mineiro apenas em janeiro, a diretoria rubro-negra estuda antecipar a libera\u00e7\u00e3o de Matheus Cunha. Isso porque a perman\u00eancia de um jogador em fim de contrato que j\u00e1 tem outro clube definido pode n\u00e3o ser vantajosa para nenhuma das partes.<\/p>\n\n\n\n<p>Com isso, o Flamengo busca no mercado um novo nome para a posi\u00e7\u00e3o, j\u00e1 que, al\u00e9m de Rossi, conta apenas com jovens da base no elenco principal.<\/p>\n\n\n\n<h2 class=\"wp-block-heading\" id=\"h-uma-passagem-marcada-por-altos-e-baixos\">Uma passagem marcada por altos e baixos<\/h2>\n\n\n\n<p>Revelado nas categorias de base do pr\u00f3prio Flamengo, Matheus Cunha viveu momentos de destaque, especialmente em 2023, quando somou 55 jogos e 30 partidas sem sofrer gols. Durante a gest\u00e3o de Sampaoli, chegou a ser titular, mas acabou perdendo espa\u00e7o com mudan\u00e7as no comando t\u00e9cnico.<\/p>\n\n\n\n<h2 class=\"wp-block-heading\" id=\"h-futuro-do-gol-rubro-negro-ainda-em-aberto\">Futuro do gol rubro-negro ainda em aberto<\/h2>\n\n\n\n<p>Sendo assim, o Flamengo estuda cuidadosamente os pr\u00f3ximos passos. Dyogo Alves, de 21 anos, e L\u00e9o Nannetti, de 17, s\u00e3o as op\u00e7\u00f5es da base que v\u00eam ganhando espa\u00e7o.&nbsp;<\/p>\n\n\n\n<p>Vale destacar que a pol\u00edtica do clube \u00e9 valorizar a forma\u00e7\u00e3o interna, mas a sa\u00edda de Cunha pode exigir um refor\u00e7o experiente no setor.<\/p>\n\n\n\n<h2 class=\"wp-block-heading\" id=\"h-despedida-se-aproxima-mas-ele-ainda-pode-jogar\">Despedida se aproxima, mas ele ainda pode jogar<\/h2>\n\n\n\n<p>Al\u00e9m disso, enquanto a libera\u00e7\u00e3o n\u00e3o se concretiza, Matheus Cunha segue \u00e0 disposi\u00e7\u00e3o de Filipe Lu\u00eds. O pr\u00f3ximo compromisso \u00e9 neste domingo (20), contra o Fluminense, \u00e0s 19h30, no Maracan\u00e3.&nbsp;<\/p>\n\n\n\n<p>Desse jeito, o goleiro pode, aos poucos, iniciar sua despedida dos gramados com o manto rubro-negro, mas com o pensamento j\u00e1 voltado para Belo Horizonte.<\/p>\n","protected":false},"excerpt":{"rendered":"<p>O ciclo de Matheus Cunha no Flamengo j\u00e1 tem data para terminar. O goleiro, atualmente reserva de Agust\u00edn Rossi, optou por um novo caminho e firmou um pr\u00e9-contrato com o Cruzeiro.\u00a0 A escolha foi motivada pela escassez de oportunidades no time principal, principalmente ap\u00f3s a chegada de Filipe Lu\u00eds ao comando t\u00e9cnico, que consolidou Rossi [&hellip;]<\/p>\n","protected":false},"author":25,"featured_media":255027,"comment_status":"open","ping_status":"closed","sticky":false,"template":"","format":"standard","meta":{"footnotes":""},"categories":[1],"tags":[],"class_list":["post-272702","post","type-post","status-publish","format-standard","has-post-thumbnail","hentry","category-flamengo"],"yoast_head":"<!-- This site is optimized with the Yoast SEO Premium plugin v24.2 (Yoast SEO v26.9) - https:\/\/yoast.com\/product\/yoast-seo-premium-wordpress\/ -->\n<title>Assinado: sem espa\u00e7o com Filipe Lu\u00eds, ele vai ir para o Cruzeiro<\/title>\n<meta name=\"robots\" content=\"index, follow, max-snippet:-1, max-image-preview:large, max-video-preview:-1\" \/>\n<link rel=\"canonical\" href=\"https:\/\/www.gaveanews.com\/index.php\/2025\/07\/19\/assinado-sem-espaco-com-filipe-luis-ele-vai-ir-para-o-cruzeiro\/\" \/>\n<meta property=\"og:locale\" content=\"pt_BR\" \/>\n<meta property=\"og:type\" content=\"article\" \/>\n<meta property=\"og:title\" content=\"Assinado: sem espa\u00e7o com Filipe Lu\u00eds, ele vai ir para o Cruzeiro\" \/>\n<meta property=\"og:description\" content=\"O ciclo de Matheus Cunha no Flamengo j\u00e1 tem data para terminar. O goleiro, atualmente reserva de Agust\u00edn Rossi, optou por um novo caminho e firmou um pr\u00e9-contrato com o Cruzeiro.\u00a0 A escolha foi motivada pela escassez de oportunidades no time principal, principalmente ap\u00f3s a chegada de Filipe Lu\u00eds ao comando t\u00e9cnico, que consolidou Rossi [&hellip;]\" \/>\n<meta property=\"og:url\" content=\"https:\/\/www.gaveanews.com\/index.php\/2025\/07\/19\/assinado-sem-espaco-com-filipe-luis-ele-vai-ir-para-o-cruzeiro\/\" \/>\n<meta property=\"og:site_name\" content=\"G\u00e1vea News\" \/>\n<meta property=\"article:publisher\" content=\"https:\/\/facebook.com\/gaveaNews\/\" \/>\n<meta property=\"article:published_time\" content=\"2025-07-19T19:30:00+00:00\" \/>\n<meta property=\"article:modified_time\" content=\"2025-07-19T19:34:48+00:00\" \/>\n<meta property=\"og:image\" content=\"http:\/\/www.gaveanews.com\/wp-content\/uploads\/Filipe-Luis-dando-treinamento-no-CT-Ninho-do-Urubu.webp\" \/>\n\t<meta property=\"og:image:width\" content=\"1200\" \/>\n\t<meta property=\"og:image:height\" content=\"800\" \/>\n\t<meta property=\"og:image:type\" content=\"image\/png\" \/>\n<meta name=\"author\" content=\"Rafaela Ladeira\" \/>\n<meta name=\"twitter:card\" content=\"summary_large_image\" \/>\n<meta name=\"twitter:label1\" content=\"Escrito por\" \/>\n\t<meta name=\"twitter:data1\" content=\"Rafaela Ladeira\" \/>\n\t<meta name=\"twitter:label2\" content=\"Est. tempo de leitura\" \/>\n\t<meta name=\"twitter:data2\" content=\"3 minutos\" \/>\n<script type=\"application\/ld+json\" class=\"yoast-schema-graph\">{\"@context\":\"https:\/\/schema.org\",\"@graph\":[{\"@type\":\"NewsArticle\",\"@id\":\"https:\/\/www.gaveanews.com\/index.php\/2025\/07\/19\/assinado-sem-espaco-com-filipe-luis-ele-vai-ir-para-o-cruzeiro\/#article\",\"isPartOf\":{\"@id\":\"https:\/\/www.gaveanews.com\/index.php\/2025\/07\/19\/assinado-sem-espaco-com-filipe-luis-ele-vai-ir-para-o-cruzeiro\/\"},\"author\":{\"name\":\"Rafaela Ladeira\",\"@id\":\"https:\/\/www.gaveanews.com\/#\/schema\/person\/0eb3e3fe1754f0205218538adbe8f5ed\"},\"headline\":\"Assinado: sem espa\u00e7o com Filipe Lu\u00eds, ele vai ir para o Cruzeiro\",\"datePublished\":\"2025-07-19T19:30:00+00:00\",\"dateModified\":\"2025-07-19T19:34:48+00:00\",\"mainEntityOfPage\":{\"@id\":\"https:\/\/www.gaveanews.com\/index.php\/2025\/07\/19\/assinado-sem-espaco-com-filipe-luis-ele-vai-ir-para-o-cruzeiro\/\"},\"wordCount\":452,\"commentCount\":0,\"image\":{\"@id\":\"https:\/\/www.gaveanews.com\/index.php\/2025\/07\/19\/assinado-sem-espaco-com-filipe-luis-ele-vai-ir-para-o-cruzeiro\/#primaryimage\"},\"thumbnailUrl\":\"https:\/\/www.gaveanews.com\/wp-content\/uploads\/Filipe-Luis-dando-treinamento-no-CT-Ninho-do-Urubu.webp\",\"articleSection\":[\"Flamengo\"],\"inLanguage\":\"pt-BR\",\"potentialAction\":[{\"@type\":\"CommentAction\",\"name\":\"Comment\",\"target\":[\"https:\/\/www.gaveanews.com\/index.php\/2025\/07\/19\/assinado-sem-espaco-com-filipe-luis-ele-vai-ir-para-o-cruzeiro\/#respond\"]}],\"copyrightYear\":\"2025\",\"copyrightHolder\":{\"@id\":\"https:\/\/www.gaveanews.com\/#organization\"}},{\"@type\":\"WebPage\",\"@id\":\"https:\/\/www.gaveanews.com\/index.php\/2025\/07\/19\/assinado-sem-espaco-com-filipe-luis-ele-vai-ir-para-o-cruzeiro\/\",\"url\":\"https:\/\/www.gaveanews.com\/index.php\/2025\/07\/19\/assinado-sem-espaco-com-filipe-luis-ele-vai-ir-para-o-cruzeiro\/\",\"name\":\"Assinado: sem espa\u00e7o com Filipe Lu\u00eds, ele vai ir para o Cruzeiro\",\"isPartOf\":{\"@id\":\"https:\/\/www.gaveanews.com\/#website\"},\"primaryImageOfPage\":{\"@id\":\"https:\/\/www.gaveanews.com\/index.php\/2025\/07\/19\/assinado-sem-espaco-com-filipe-luis-ele-vai-ir-para-o-cruzeiro\/#primaryimage\"},\"image\":{\"@id\":\"https:\/\/www.gaveanews.com\/index.php\/2025\/07\/19\/assinado-sem-espaco-com-filipe-luis-ele-vai-ir-para-o-cruzeiro\/#primaryimage\"},\"thumbnailUrl\":\"https:\/\/www.gaveanews.com\/wp-content\/uploads\/Filipe-Luis-dando-treinamento-no-CT-Ninho-do-Urubu.webp\",\"datePublished\":\"2025-07-19T19:30:00+00:00\",\"dateModified\":\"2025-07-19T19:34:48+00:00\",\"author\":{\"@id\":\"https:\/\/www.gaveanews.com\/#\/schema\/person\/0eb3e3fe1754f0205218538adbe8f5ed\"},\"breadcrumb\":{\"@id\":\"https:\/\/www.gaveanews.com\/index.php\/2025\/07\/19\/assinado-sem-espaco-com-filipe-luis-ele-vai-ir-para-o-cruzeiro\/#breadcrumb\"},\"inLanguage\":\"pt-BR\",\"potentialAction\":[{\"@type\":\"ReadAction\",\"target\":[\"https:\/\/www.gaveanews.com\/index.php\/2025\/07\/19\/assinado-sem-espaco-com-filipe-luis-ele-vai-ir-para-o-cruzeiro\/\"]}]},{\"@type\":\"ImageObject\",\"inLanguage\":\"pt-BR\",\"@id\":\"https:\/\/www.gaveanews.com\/index.php\/2025\/07\/19\/assinado-sem-espaco-com-filipe-luis-ele-vai-ir-para-o-cruzeiro\/#primaryimage\",\"url\":\"https:\/\/www.gaveanews.com\/wp-content\/uploads\/Filipe-Luis-dando-treinamento-no-CT-Ninho-do-Urubu.webp\",\"contentUrl\":\"https:\/\/www.gaveanews.com\/wp-content\/uploads\/Filipe-Luis-dando-treinamento-no-CT-Ninho-do-Urubu.webp\",\"width\":1200,\"height\":800,\"caption\":\"Filipe Lu\u00eds dando treinamento no CT Ninho do Urubu - Foto: Gilvan de Souza\/CRF\"},{\"@type\":\"BreadcrumbList\",\"@id\":\"https:\/\/www.gaveanews.com\/index.php\/2025\/07\/19\/assinado-sem-espaco-com-filipe-luis-ele-vai-ir-para-o-cruzeiro\/#breadcrumb\",\"itemListElement\":[{\"@type\":\"ListItem\",\"position\":1,\"name\":\"Home\",\"item\":\"https:\/\/www.gaveanews.com\/\"},{\"@type\":\"ListItem\",\"position\":2,\"name\":\"Assinado: sem espa\u00e7o com Filipe Lu\u00eds, ele vai ir para o Cruzeiro\"}]},{\"@type\":\"WebSite\",\"@id\":\"https:\/\/www.gaveanews.com\/#website\",\"url\":\"https:\/\/www.gaveanews.com\/\",\"name\":\"G\u00e1vea News\",\"description\":\"Veja todas as not\u00edcias sobre o Flamengo: Contrata\u00e7\u00f5es, categorias de base, resultados das partidas, tabela de classifica\u00e7\u00e3o, pr\u00f3ximos jogos!\",\"potentialAction\":[{\"@type\":\"SearchAction\",\"target\":{\"@type\":\"EntryPoint\",\"urlTemplate\":\"https:\/\/www.gaveanews.com\/?s={search_term_string}\"},\"query-input\":{\"@type\":\"PropertyValueSpecification\",\"valueRequired\":true,\"valueName\":\"search_term_string\"}}],\"inLanguage\":\"pt-BR\"},{\"@type\":\"Person\",\"@id\":\"https:\/\/www.gaveanews.com\/#\/schema\/person\/0eb3e3fe1754f0205218538adbe8f5ed\",\"name\":\"Rafaela Ladeira\",\"image\":{\"@type\":\"ImageObject\",\"inLanguage\":\"pt-BR\",\"@id\":\"https:\/\/www.gaveanews.com\/#\/schema\/person\/image\/\",\"url\":\"https:\/\/secure.gravatar.com\/avatar\/c31f513acffd85eacab5730cbdfdbbf59f21ba5aeada8cd890acea879fbb2455?s=96&d=mm&r=g\",\"contentUrl\":\"https:\/\/secure.gravatar.com\/avatar\/c31f513acffd85eacab5730cbdfdbbf59f21ba5aeada8cd890acea879fbb2455?s=96&d=mm&r=g\",\"caption\":\"Rafaela Ladeira\"}}]}<\/script>\n<!-- \/ Yoast SEO Premium plugin. -->","yoast_head_json":{"title":"Assinado: sem espa\u00e7o com Filipe Lu\u00eds, ele vai ir para o Cruzeiro","robots":{"index":"index","follow":"follow","max-snippet":"max-snippet:-1","max-image-preview":"max-image-preview:large","max-video-preview":"max-video-preview:-1"},"canonical":"https:\/\/www.gaveanews.com\/index.php\/2025\/07\/19\/assinado-sem-espaco-com-filipe-luis-ele-vai-ir-para-o-cruzeiro\/","og_locale":"pt_BR","og_type":"article","og_title":"Assinado: sem espa\u00e7o com Filipe Lu\u00eds, ele vai ir para o Cruzeiro","og_description":"O ciclo de Matheus Cunha no Flamengo j\u00e1 tem data para terminar. O goleiro, atualmente reserva de Agust\u00edn Rossi, optou por um novo caminho e firmou um pr\u00e9-contrato com o Cruzeiro.\u00a0 A escolha foi motivada pela escassez de oportunidades no time principal, principalmente ap\u00f3s a chegada de Filipe Lu\u00eds ao comando t\u00e9cnico, que consolidou Rossi [&hellip;]","og_url":"https:\/\/www.gaveanews.com\/index.php\/2025\/07\/19\/assinado-sem-espaco-com-filipe-luis-ele-vai-ir-para-o-cruzeiro\/","og_site_name":"G\u00e1vea News","article_publisher":"https:\/\/facebook.com\/gaveaNews\/","article_published_time":"2025-07-19T19:30:00+00:00","article_modified_time":"2025-07-19T19:34:48+00:00","og_image":[{"width":1200,"height":800,"url":"http:\/\/www.gaveanews.com\/wp-content\/uploads\/Filipe-Luis-dando-treinamento-no-CT-Ninho-do-Urubu.webp","type":"image\/png"}],"author":"Rafaela Ladeira","twitter_card":"summary_large_image","twitter_misc":{"Escrito por":"Rafaela Ladeira","Est. tempo de leitura":"3 minutos"},"schema":{"@context":"https:\/\/schema.org","@graph":[{"@type":"NewsArticle","@id":"https:\/\/www.gaveanews.com\/index.php\/2025\/07\/19\/assinado-sem-espaco-com-filipe-luis-ele-vai-ir-para-o-cruzeiro\/#article","isPartOf":{"@id":"https:\/\/www.gaveanews.com\/index.php\/2025\/07\/19\/assinado-sem-espaco-com-filipe-luis-ele-vai-ir-para-o-cruzeiro\/"},"author":{"name":"Rafaela Ladeira","@id":"https:\/\/www.gaveanews.com\/#\/schema\/person\/0eb3e3fe1754f0205218538adbe8f5ed"},"headline":"Assinado: sem espa\u00e7o com Filipe Lu\u00eds, ele vai ir para o Cruzeiro","datePublished":"2025-07-19T19:30:00+00:00","dateModified":"2025-07-19T19:34:48+00:00","mainEntityOfPage":{"@id":"https:\/\/www.gaveanews.com\/index.php\/2025\/07\/19\/assinado-sem-espaco-com-filipe-luis-ele-vai-ir-para-o-cruzeiro\/"},"wordCount":452,"commentCount":0,"image":{"@id":"https:\/\/www.gaveanews.com\/index.php\/2025\/07\/19\/assinado-sem-espaco-com-filipe-luis-ele-vai-ir-para-o-cruzeiro\/#primaryimage"},"thumbnailUrl":"https:\/\/www.gaveanews.com\/wp-content\/uploads\/Filipe-Luis-dando-treinamento-no-CT-Ninho-do-Urubu.webp","articleSection":["Flamengo"],"inLanguage":"pt-BR","potentialAction":[{"@type":"CommentAction","name":"Comment","target":["https:\/\/www.gaveanews.com\/index.php\/2025\/07\/19\/assinado-sem-espaco-com-filipe-luis-ele-vai-ir-para-o-cruzeiro\/#respond"]}],"copyrightYear":"2025","copyrightHolder":{"@id":"https:\/\/www.gaveanews.com\/#organization"}},{"@type":"WebPage","@id":"https:\/\/www.gaveanews.com\/index.php\/2025\/07\/19\/assinado-sem-espaco-com-filipe-luis-ele-vai-ir-para-o-cruzeiro\/","url":"https:\/\/www.gaveanews.com\/index.php\/2025\/07\/19\/assinado-sem-espaco-com-filipe-luis-ele-vai-ir-para-o-cruzeiro\/","name":"Assinado: sem espa\u00e7o com Filipe Lu\u00eds, ele vai ir para o Cruzeiro","isPartOf":{"@id":"https:\/\/www.gaveanews.com\/#website"},"primaryImageOfPage":{"@id":"https:\/\/www.gaveanews.com\/index.php\/2025\/07\/19\/assinado-sem-espaco-com-filipe-luis-ele-vai-ir-para-o-cruzeiro\/#primaryimage"},"image":{"@id":"https:\/\/www.gaveanews.com\/index.php\/2025\/07\/19\/assinado-sem-espaco-com-filipe-luis-ele-vai-ir-para-o-cruzeiro\/#primaryimage"},"thumbnailUrl":"https:\/\/www.gaveanews.com\/wp-content\/uploads\/Filipe-Luis-dando-treinamento-no-CT-Ninho-do-Urubu.webp","datePublished":"2025-07-19T19:30:00+00:00","dateModified":"2025-07-19T19:34:48+00:00","author":{"@id":"https:\/\/www.gaveanews.com\/#\/schema\/person\/0eb3e3fe1754f0205218538adbe8f5ed"},"breadcrumb":{"@id":"https:\/\/www.gaveanews.com\/index.php\/2025\/07\/19\/assinado-sem-espaco-com-filipe-luis-ele-vai-ir-para-o-cruzeiro\/#breadcrumb"},"inLanguage":"pt-BR","potentialAction":[{"@type":"ReadAction","target":["https:\/\/www.gaveanews.com\/index.php\/2025\/07\/19\/assinado-sem-espaco-com-filipe-luis-ele-vai-ir-para-o-cruzeiro\/"]}]},{"@type":"ImageObject","inLanguage":"pt-BR","@id":"https:\/\/www.gaveanews.com\/index.php\/2025\/07\/19\/assinado-sem-espaco-com-filipe-luis-ele-vai-ir-para-o-cruzeiro\/#primaryimage","url":"https:\/\/www.gaveanews.com\/wp-content\/uploads\/Filipe-Luis-dando-treinamento-no-CT-Ninho-do-Urubu.webp","contentUrl":"https:\/\/www.gaveanews.com\/wp-content\/uploads\/Filipe-Luis-dando-treinamento-no-CT-Ninho-do-Urubu.webp","width":1200,"height":800,"caption":"Filipe Lu\u00eds dando treinamento no CT Ninho do Urubu - Foto: Gilvan de Souza\/CRF"},{"@type":"BreadcrumbList","@id":"https:\/\/www.gaveanews.com\/index.php\/2025\/07\/19\/assinado-sem-espaco-com-filipe-luis-ele-vai-ir-para-o-cruzeiro\/#breadcrumb","itemListElement":[{"@type":"ListItem","position":1,"name":"Home","item":"https:\/\/www.gaveanews.com\/"},{"@type":"ListItem","position":2,"name":"Assinado: sem espa\u00e7o com Filipe Lu\u00eds, ele vai ir para o Cruzeiro"}]},{"@type":"WebSite","@id":"https:\/\/www.gaveanews.com\/#website","url":"https:\/\/www.gaveanews.com\/","name":"G\u00e1vea News","description":"Veja todas as not\u00edcias sobre o Flamengo: Contrata\u00e7\u00f5es, categorias de base, resultados das partidas, tabela de classifica\u00e7\u00e3o, pr\u00f3ximos jogos!","potentialAction":[{"@type":"SearchAction","target":{"@type":"EntryPoint","urlTemplate":"https:\/\/www.gaveanews.com\/?s={search_term_string}"},"query-input":{"@type":"PropertyValueSpecification","valueRequired":true,"valueName":"search_term_string"}}],"inLanguage":"pt-BR"},{"@type":"Person","@id":"https:\/\/www.gaveanews.com\/#\/schema\/person\/0eb3e3fe1754f0205218538adbe8f5ed","name":"Rafaela Ladeira","image":{"@type":"ImageObject","inLanguage":"pt-BR","@id":"https:\/\/www.gaveanews.com\/#\/schema\/person\/image\/","url":"https:\/\/secure.gravatar.com\/avatar\/c31f513acffd85eacab5730cbdfdbbf59f21ba5aeada8cd890acea879fbb2455?s=96&d=mm&r=g","contentUrl":"https:\/\/secure.gravatar.com\/avatar\/c31f513acffd85eacab5730cbdfdbbf59f21ba5aeada8cd890acea879fbb2455?s=96&d=mm&r=g","caption":"Rafaela Ladeira"}}]}},"_links":{"self":[{"href":"https:\/\/www.gaveanews.com\/index.php\/wp-json\/wp\/v2\/posts\/272702","targetHints":{"allow":["GET"]}}],"collection":[{"href":"https:\/\/www.gaveanews.com\/index.php\/wp-json\/wp\/v2\/posts"}],"about":[{"href":"https:\/\/www.gaveanews.com\/index.php\/wp-json\/wp\/v2\/types\/post"}],"author":[{"embeddable":true,"href":"https:\/\/www.gaveanews.com\/index.php\/wp-json\/wp\/v2\/users\/25"}],"replies":[{"embeddable":true,"href":"https:\/\/www.gaveanews.com\/index.php\/wp-json\/wp\/v2\/comments?post=272702"}],"version-history":[{"count":1,"href":"https:\/\/www.gaveanews.com\/index.php\/wp-json\/wp\/v2\/posts\/272702\/revisions"}],"predecessor-version":[{"id":272703,"href":"https:\/\/www.gaveanews.com\/index.php\/wp-json\/wp\/v2\/posts\/272702\/revisions\/272703"}],"wp:featuredmedia":[{"embeddable":true,"href":"https:\/\/www.gaveanews.com\/index.php\/wp-json\/wp\/v2\/media\/255027"}],"wp:attachment":[{"href":"https:\/\/www.gaveanews.com\/index.php\/wp-json\/wp\/v2\/media?parent=272702"}],"wp:term":[{"taxonomy":"category","embeddable":true,"href":"https:\/\/www.gaveanews.com\/index.php\/wp-json\/wp\/v2\/categories?post=272702"},{"taxonomy":"post_tag","embeddable":true,"href":"https:\/\/www.gaveanews.com\/index.php\/wp-json\/wp\/v2\/tags?post=272702"}],"curies":[{"name":"wp","href":"https:\/\/api.w.org\/{rel}","templated":true}]}}