{"id":272704,"date":"2025-07-19T19:30:14","date_gmt":"2025-07-19T22:30:14","guid":{"rendered":"https:\/\/www.gaveanews.com\/?p=272704"},"modified":"2025-07-19T19:30:22","modified_gmt":"2025-07-19T22:30:22","slug":"flamengo-toma-atitude-para-valorizar-atacante-do-clube","status":"publish","type":"post","link":"https:\/\/www.gaveanews.com\/index.php\/2025\/07\/19\/flamengo-toma-atitude-para-valorizar-atacante-do-clube\/","title":{"rendered":"Flamengo toma atitude para valorizar atacante do clube"},"content":{"rendered":"\n<p>O Flamengo decidiu valorizar uma de suas principais promessas sem alterar a dura\u00e7\u00e3o do contrato. O clube anunciou neste s\u00e1bado (19) o reajuste salarial de Wallace Yan, jovem atacante de 18 anos, revelado pelas categorias de base e atualmente em ascens\u00e3o no elenco profissional. Apesar do novo acordo financeiro, o v\u00ednculo com o jogador segue com t\u00e9rmino previsto para dezembro de 2027.<\/p>\n\n\n\n<p>A medida foi tomada em meio ao crescimento expressivo do desempenho de Wallace Yan, especialmente ap\u00f3s a participa\u00e7\u00e3o no Mundial de Clubes. Na ocasi\u00e3o, o atacante marcou um dos gols na vit\u00f3ria por 3 a 1 sobre o Chelsea, o que refor\u00e7ou seu protagonismo em campo.<\/p>\n\n\n\n<p>Com o ajuste, a multa rescis\u00f3ria nacional do jogador subiu de R$ 51 milh\u00f5es para R$ 300 milh\u00f5es. J\u00e1 a cl\u00e1usula para transfer\u00eancias internacionais passou de 50 para 60 milh\u00f5es de euros, o equivalente a aproximadamente R$ 389 milh\u00f5es. Os valores foram recalculados com base nos novos vencimentos mensais do atleta.<\/p>\n\n\n\n<p>Atualmente, Wallace Yan acumula sete gols e tr\u00eas assist\u00eancias em 18 partidas disputadas com a equipe principal. Apesar do curto tempo no time profissional, ele tem sido um dos nomes mais utilizados no setor ofensivo por conta de sua efetividade e evolu\u00e7\u00e3o t\u00e9cnica.<\/p>\n\n\n\n<p>O desempenho do jogador j\u00e1 despertou a aten\u00e7\u00e3o de clubes estrangeiros. Um deles \u00e9 o Wolverhampton, da Inglaterra, que vem monitorando suas atua\u00e7\u00f5es recentes. Contudo, at\u00e9 o momento, nenhuma proposta oficial foi apresentada \u00e0 diretoria do Flamengo.<\/p>\n\n\n\n<p>O clube deixou claro que o reajuste \u00e9 parte de um processo de reconhecimento pelo que o jovem tem demonstrado tanto nas partidas quanto nos treinamentos. Conforme divulgado, Wallace Yan tamb\u00e9m se destaca pelo comprometimento com os trabalhos di\u00e1rios e pela postura no processo de desenvolvimento interno.<\/p>\n\n\n\n<p>A assinatura da nova etapa contratual foi formalizada no CT George Helal, com a presen\u00e7a do pr\u00f3prio jogador, seus representantes e o diretor executivo de futebol do clube, Jos\u00e9 Boto. Segundo comunicado oficial, a decis\u00e3o reflete o cuidado do Flamengo com seus talentos formados internamente.<\/p>\n\n\n\n<p>\u201cO reajuste reflete a valoriza\u00e7\u00e3o de um atleta formado nas categorias de base do clube e que tem se destacado em campo com gols importantes, atua\u00e7\u00f5es consistentes e constante evolu\u00e7\u00e3o t\u00e9cnica.\u201d<\/p>\n\n\n\n<p>\u201cAl\u00e9m do desempenho nos jogos, Wallace Yan tamb\u00e9m tem demonstrado comprometimento exemplar nos treinamentos e no seu processo de desenvolvimento como jogador do Mais Querido.\u201d<\/p>\n","protected":false},"excerpt":{"rendered":"<p>O Flamengo decidiu valorizar uma de suas principais promessas sem alterar a dura\u00e7\u00e3o do contrato. O clube anunciou neste s\u00e1bado (19) o reajuste salarial de Wallace Yan, jovem atacante de 18 anos, revelado pelas categorias de base e atualmente em ascens\u00e3o no elenco profissional. Apesar do novo acordo financeiro, o v\u00ednculo com o jogador segue [&hellip;]<\/p>\n","protected":false},"author":18,"featured_media":220937,"comment_status":"open","ping_status":"closed","sticky":false,"template":"","format":"standard","meta":{"footnotes":""},"categories":[1],"tags":[],"class_list":["post-272704","post","type-post","status-publish","format-standard","has-post-thumbnail","hentry","category-flamengo"],"yoast_head":"<!-- This site is optimized with the Yoast SEO Premium plugin v24.2 (Yoast SEO v26.9) - https:\/\/yoast.com\/product\/yoast-seo-premium-wordpress\/ -->\n<title>Flamengo toma atitude para valorizar atacante do clube<\/title>\n<meta name=\"robots\" content=\"index, follow, max-snippet:-1, max-image-preview:large, max-video-preview:-1\" \/>\n<link rel=\"canonical\" href=\"https:\/\/www.gaveanews.com\/index.php\/2025\/07\/19\/flamengo-toma-atitude-para-valorizar-atacante-do-clube\/\" \/>\n<meta property=\"og:locale\" content=\"pt_BR\" \/>\n<meta property=\"og:type\" content=\"article\" \/>\n<meta property=\"og:title\" content=\"Flamengo toma atitude para valorizar atacante do clube\" \/>\n<meta property=\"og:description\" content=\"O Flamengo decidiu valorizar uma de suas principais promessas sem alterar a dura\u00e7\u00e3o do contrato. O clube anunciou neste s\u00e1bado (19) o reajuste salarial de Wallace Yan, jovem atacante de 18 anos, revelado pelas categorias de base e atualmente em ascens\u00e3o no elenco profissional. Apesar do novo acordo financeiro, o v\u00ednculo com o jogador segue [&hellip;]\" \/>\n<meta property=\"og:url\" content=\"https:\/\/www.gaveanews.com\/index.php\/2025\/07\/19\/flamengo-toma-atitude-para-valorizar-atacante-do-clube\/\" \/>\n<meta property=\"og:site_name\" content=\"G\u00e1vea News\" \/>\n<meta property=\"article:publisher\" content=\"https:\/\/facebook.com\/gaveaNews\/\" \/>\n<meta property=\"article:published_time\" content=\"2025-07-19T22:30:14+00:00\" \/>\n<meta property=\"article:modified_time\" content=\"2025-07-19T22:30:22+00:00\" \/>\n<meta property=\"og:image\" content=\"http:\/\/www.gaveanews.com\/wp-content\/uploads\/Wallace-Yan-pelo-Flamengo.webp\" \/>\n\t<meta property=\"og:image:width\" content=\"546\" \/>\n\t<meta property=\"og:image:height\" content=\"384\" \/>\n\t<meta property=\"og:image:type\" content=\"image\/jpeg\" \/>\n<meta name=\"author\" content=\"Paula Silva\" \/>\n<meta name=\"twitter:card\" content=\"summary_large_image\" \/>\n<meta name=\"twitter:label1\" content=\"Escrito por\" \/>\n\t<meta name=\"twitter:data1\" content=\"Paula Silva\" \/>\n\t<meta name=\"twitter:label2\" content=\"Est. tempo de leitura\" \/>\n\t<meta name=\"twitter:data2\" content=\"3 minutos\" \/>\n<script type=\"application\/ld+json\" class=\"yoast-schema-graph\">{\"@context\":\"https:\/\/schema.org\",\"@graph\":[{\"@type\":\"NewsArticle\",\"@id\":\"https:\/\/www.gaveanews.com\/index.php\/2025\/07\/19\/flamengo-toma-atitude-para-valorizar-atacante-do-clube\/#article\",\"isPartOf\":{\"@id\":\"https:\/\/www.gaveanews.com\/index.php\/2025\/07\/19\/flamengo-toma-atitude-para-valorizar-atacante-do-clube\/\"},\"author\":{\"name\":\"Paula Silva\",\"@id\":\"https:\/\/www.gaveanews.com\/#\/schema\/person\/daf63eec72e1164eb13dc35096c2b8da\"},\"headline\":\"Flamengo toma atitude para valorizar atacante do clube\",\"datePublished\":\"2025-07-19T22:30:14+00:00\",\"dateModified\":\"2025-07-19T22:30:22+00:00\",\"mainEntityOfPage\":{\"@id\":\"https:\/\/www.gaveanews.com\/index.php\/2025\/07\/19\/flamengo-toma-atitude-para-valorizar-atacante-do-clube\/\"},\"wordCount\":415,\"commentCount\":0,\"image\":{\"@id\":\"https:\/\/www.gaveanews.com\/index.php\/2025\/07\/19\/flamengo-toma-atitude-para-valorizar-atacante-do-clube\/#primaryimage\"},\"thumbnailUrl\":\"https:\/\/www.gaveanews.com\/wp-content\/uploads\/Wallace-Yan-pelo-Flamengo.webp\",\"articleSection\":[\"Flamengo\"],\"inLanguage\":\"pt-BR\",\"potentialAction\":[{\"@type\":\"CommentAction\",\"name\":\"Comment\",\"target\":[\"https:\/\/www.gaveanews.com\/index.php\/2025\/07\/19\/flamengo-toma-atitude-para-valorizar-atacante-do-clube\/#respond\"]}],\"copyrightYear\":\"2025\",\"copyrightHolder\":{\"@id\":\"https:\/\/www.gaveanews.com\/#organization\"}},{\"@type\":\"WebPage\",\"@id\":\"https:\/\/www.gaveanews.com\/index.php\/2025\/07\/19\/flamengo-toma-atitude-para-valorizar-atacante-do-clube\/\",\"url\":\"https:\/\/www.gaveanews.com\/index.php\/2025\/07\/19\/flamengo-toma-atitude-para-valorizar-atacante-do-clube\/\",\"name\":\"Flamengo toma atitude para valorizar atacante do clube\",\"isPartOf\":{\"@id\":\"https:\/\/www.gaveanews.com\/#website\"},\"primaryImageOfPage\":{\"@id\":\"https:\/\/www.gaveanews.com\/index.php\/2025\/07\/19\/flamengo-toma-atitude-para-valorizar-atacante-do-clube\/#primaryimage\"},\"image\":{\"@id\":\"https:\/\/www.gaveanews.com\/index.php\/2025\/07\/19\/flamengo-toma-atitude-para-valorizar-atacante-do-clube\/#primaryimage\"},\"thumbnailUrl\":\"https:\/\/www.gaveanews.com\/wp-content\/uploads\/Wallace-Yan-pelo-Flamengo.webp\",\"datePublished\":\"2025-07-19T22:30:14+00:00\",\"dateModified\":\"2025-07-19T22:30:22+00:00\",\"author\":{\"@id\":\"https:\/\/www.gaveanews.com\/#\/schema\/person\/daf63eec72e1164eb13dc35096c2b8da\"},\"breadcrumb\":{\"@id\":\"https:\/\/www.gaveanews.com\/index.php\/2025\/07\/19\/flamengo-toma-atitude-para-valorizar-atacante-do-clube\/#breadcrumb\"},\"inLanguage\":\"pt-BR\",\"potentialAction\":[{\"@type\":\"ReadAction\",\"target\":[\"https:\/\/www.gaveanews.com\/index.php\/2025\/07\/19\/flamengo-toma-atitude-para-valorizar-atacante-do-clube\/\"]}]},{\"@type\":\"ImageObject\",\"inLanguage\":\"pt-BR\",\"@id\":\"https:\/\/www.gaveanews.com\/index.php\/2025\/07\/19\/flamengo-toma-atitude-para-valorizar-atacante-do-clube\/#primaryimage\",\"url\":\"https:\/\/www.gaveanews.com\/wp-content\/uploads\/Wallace-Yan-pelo-Flamengo.webp\",\"contentUrl\":\"https:\/\/www.gaveanews.com\/wp-content\/uploads\/Wallace-Yan-pelo-Flamengo.webp\",\"width\":546,\"height\":384,\"caption\":\"Wallace Yan pelo Flamengo (Foto: Reprodu\u00e7\u00e3o\/Instagram)\"},{\"@type\":\"BreadcrumbList\",\"@id\":\"https:\/\/www.gaveanews.com\/index.php\/2025\/07\/19\/flamengo-toma-atitude-para-valorizar-atacante-do-clube\/#breadcrumb\",\"itemListElement\":[{\"@type\":\"ListItem\",\"position\":1,\"name\":\"Home\",\"item\":\"https:\/\/www.gaveanews.com\/\"},{\"@type\":\"ListItem\",\"position\":2,\"name\":\"Flamengo toma atitude para valorizar atacante do clube\"}]},{\"@type\":\"WebSite\",\"@id\":\"https:\/\/www.gaveanews.com\/#website\",\"url\":\"https:\/\/www.gaveanews.com\/\",\"name\":\"G\u00e1vea News\",\"description\":\"Veja todas as not\u00edcias sobre o Flamengo: Contrata\u00e7\u00f5es, categorias de base, resultados das partidas, tabela de classifica\u00e7\u00e3o, pr\u00f3ximos jogos!\",\"potentialAction\":[{\"@type\":\"SearchAction\",\"target\":{\"@type\":\"EntryPoint\",\"urlTemplate\":\"https:\/\/www.gaveanews.com\/?s={search_term_string}\"},\"query-input\":{\"@type\":\"PropertyValueSpecification\",\"valueRequired\":true,\"valueName\":\"search_term_string\"}}],\"inLanguage\":\"pt-BR\"},{\"@type\":\"Person\",\"@id\":\"https:\/\/www.gaveanews.com\/#\/schema\/person\/daf63eec72e1164eb13dc35096c2b8da\",\"name\":\"Paula Silva\",\"image\":{\"@type\":\"ImageObject\",\"inLanguage\":\"pt-BR\",\"@id\":\"https:\/\/www.gaveanews.com\/#\/schema\/person\/image\/\",\"url\":\"https:\/\/secure.gravatar.com\/avatar\/eda381c845527cc5d64c13b901833cda29d97500ba040d3e6461f76f51d163bb?s=96&d=mm&r=g\",\"contentUrl\":\"https:\/\/secure.gravatar.com\/avatar\/eda381c845527cc5d64c13b901833cda29d97500ba040d3e6461f76f51d163bb?s=96&d=mm&r=g\",\"caption\":\"Paula Silva\"}}]}<\/script>\n<!-- \/ Yoast SEO Premium plugin. -->","yoast_head_json":{"title":"Flamengo toma atitude para valorizar atacante do clube","robots":{"index":"index","follow":"follow","max-snippet":"max-snippet:-1","max-image-preview":"max-image-preview:large","max-video-preview":"max-video-preview:-1"},"canonical":"https:\/\/www.gaveanews.com\/index.php\/2025\/07\/19\/flamengo-toma-atitude-para-valorizar-atacante-do-clube\/","og_locale":"pt_BR","og_type":"article","og_title":"Flamengo toma atitude para valorizar atacante do clube","og_description":"O Flamengo decidiu valorizar uma de suas principais promessas sem alterar a dura\u00e7\u00e3o do contrato. O clube anunciou neste s\u00e1bado (19) o reajuste salarial de Wallace Yan, jovem atacante de 18 anos, revelado pelas categorias de base e atualmente em ascens\u00e3o no elenco profissional. Apesar do novo acordo financeiro, o v\u00ednculo com o jogador segue [&hellip;]","og_url":"https:\/\/www.gaveanews.com\/index.php\/2025\/07\/19\/flamengo-toma-atitude-para-valorizar-atacante-do-clube\/","og_site_name":"G\u00e1vea News","article_publisher":"https:\/\/facebook.com\/gaveaNews\/","article_published_time":"2025-07-19T22:30:14+00:00","article_modified_time":"2025-07-19T22:30:22+00:00","og_image":[{"width":546,"height":384,"url":"http:\/\/www.gaveanews.com\/wp-content\/uploads\/Wallace-Yan-pelo-Flamengo.webp","type":"image\/jpeg"}],"author":"Paula Silva","twitter_card":"summary_large_image","twitter_misc":{"Escrito por":"Paula Silva","Est. tempo de leitura":"3 minutos"},"schema":{"@context":"https:\/\/schema.org","@graph":[{"@type":"NewsArticle","@id":"https:\/\/www.gaveanews.com\/index.php\/2025\/07\/19\/flamengo-toma-atitude-para-valorizar-atacante-do-clube\/#article","isPartOf":{"@id":"https:\/\/www.gaveanews.com\/index.php\/2025\/07\/19\/flamengo-toma-atitude-para-valorizar-atacante-do-clube\/"},"author":{"name":"Paula Silva","@id":"https:\/\/www.gaveanews.com\/#\/schema\/person\/daf63eec72e1164eb13dc35096c2b8da"},"headline":"Flamengo toma atitude para valorizar atacante do clube","datePublished":"2025-07-19T22:30:14+00:00","dateModified":"2025-07-19T22:30:22+00:00","mainEntityOfPage":{"@id":"https:\/\/www.gaveanews.com\/index.php\/2025\/07\/19\/flamengo-toma-atitude-para-valorizar-atacante-do-clube\/"},"wordCount":415,"commentCount":0,"image":{"@id":"https:\/\/www.gaveanews.com\/index.php\/2025\/07\/19\/flamengo-toma-atitude-para-valorizar-atacante-do-clube\/#primaryimage"},"thumbnailUrl":"https:\/\/www.gaveanews.com\/wp-content\/uploads\/Wallace-Yan-pelo-Flamengo.webp","articleSection":["Flamengo"],"inLanguage":"pt-BR","potentialAction":[{"@type":"CommentAction","name":"Comment","target":["https:\/\/www.gaveanews.com\/index.php\/2025\/07\/19\/flamengo-toma-atitude-para-valorizar-atacante-do-clube\/#respond"]}],"copyrightYear":"2025","copyrightHolder":{"@id":"https:\/\/www.gaveanews.com\/#organization"}},{"@type":"WebPage","@id":"https:\/\/www.gaveanews.com\/index.php\/2025\/07\/19\/flamengo-toma-atitude-para-valorizar-atacante-do-clube\/","url":"https:\/\/www.gaveanews.com\/index.php\/2025\/07\/19\/flamengo-toma-atitude-para-valorizar-atacante-do-clube\/","name":"Flamengo toma atitude para valorizar atacante do clube","isPartOf":{"@id":"https:\/\/www.gaveanews.com\/#website"},"primaryImageOfPage":{"@id":"https:\/\/www.gaveanews.com\/index.php\/2025\/07\/19\/flamengo-toma-atitude-para-valorizar-atacante-do-clube\/#primaryimage"},"image":{"@id":"https:\/\/www.gaveanews.com\/index.php\/2025\/07\/19\/flamengo-toma-atitude-para-valorizar-atacante-do-clube\/#primaryimage"},"thumbnailUrl":"https:\/\/www.gaveanews.com\/wp-content\/uploads\/Wallace-Yan-pelo-Flamengo.webp","datePublished":"2025-07-19T22:30:14+00:00","dateModified":"2025-07-19T22:30:22+00:00","author":{"@id":"https:\/\/www.gaveanews.com\/#\/schema\/person\/daf63eec72e1164eb13dc35096c2b8da"},"breadcrumb":{"@id":"https:\/\/www.gaveanews.com\/index.php\/2025\/07\/19\/flamengo-toma-atitude-para-valorizar-atacante-do-clube\/#breadcrumb"},"inLanguage":"pt-BR","potentialAction":[{"@type":"ReadAction","target":["https:\/\/www.gaveanews.com\/index.php\/2025\/07\/19\/flamengo-toma-atitude-para-valorizar-atacante-do-clube\/"]}]},{"@type":"ImageObject","inLanguage":"pt-BR","@id":"https:\/\/www.gaveanews.com\/index.php\/2025\/07\/19\/flamengo-toma-atitude-para-valorizar-atacante-do-clube\/#primaryimage","url":"https:\/\/www.gaveanews.com\/wp-content\/uploads\/Wallace-Yan-pelo-Flamengo.webp","contentUrl":"https:\/\/www.gaveanews.com\/wp-content\/uploads\/Wallace-Yan-pelo-Flamengo.webp","width":546,"height":384,"caption":"Wallace Yan pelo Flamengo (Foto: Reprodu\u00e7\u00e3o\/Instagram)"},{"@type":"BreadcrumbList","@id":"https:\/\/www.gaveanews.com\/index.php\/2025\/07\/19\/flamengo-toma-atitude-para-valorizar-atacante-do-clube\/#breadcrumb","itemListElement":[{"@type":"ListItem","position":1,"name":"Home","item":"https:\/\/www.gaveanews.com\/"},{"@type":"ListItem","position":2,"name":"Flamengo toma atitude para valorizar atacante do clube"}]},{"@type":"WebSite","@id":"https:\/\/www.gaveanews.com\/#website","url":"https:\/\/www.gaveanews.com\/","name":"G\u00e1vea News","description":"Veja todas as not\u00edcias sobre o Flamengo: Contrata\u00e7\u00f5es, categorias de base, resultados das partidas, tabela de classifica\u00e7\u00e3o, pr\u00f3ximos jogos!","potentialAction":[{"@type":"SearchAction","target":{"@type":"EntryPoint","urlTemplate":"https:\/\/www.gaveanews.com\/?s={search_term_string}"},"query-input":{"@type":"PropertyValueSpecification","valueRequired":true,"valueName":"search_term_string"}}],"inLanguage":"pt-BR"},{"@type":"Person","@id":"https:\/\/www.gaveanews.com\/#\/schema\/person\/daf63eec72e1164eb13dc35096c2b8da","name":"Paula Silva","image":{"@type":"ImageObject","inLanguage":"pt-BR","@id":"https:\/\/www.gaveanews.com\/#\/schema\/person\/image\/","url":"https:\/\/secure.gravatar.com\/avatar\/eda381c845527cc5d64c13b901833cda29d97500ba040d3e6461f76f51d163bb?s=96&d=mm&r=g","contentUrl":"https:\/\/secure.gravatar.com\/avatar\/eda381c845527cc5d64c13b901833cda29d97500ba040d3e6461f76f51d163bb?s=96&d=mm&r=g","caption":"Paula Silva"}}]}},"_links":{"self":[{"href":"https:\/\/www.gaveanews.com\/index.php\/wp-json\/wp\/v2\/posts\/272704","targetHints":{"allow":["GET"]}}],"collection":[{"href":"https:\/\/www.gaveanews.com\/index.php\/wp-json\/wp\/v2\/posts"}],"about":[{"href":"https:\/\/www.gaveanews.com\/index.php\/wp-json\/wp\/v2\/types\/post"}],"author":[{"embeddable":true,"href":"https:\/\/www.gaveanews.com\/index.php\/wp-json\/wp\/v2\/users\/18"}],"replies":[{"embeddable":true,"href":"https:\/\/www.gaveanews.com\/index.php\/wp-json\/wp\/v2\/comments?post=272704"}],"version-history":[{"count":1,"href":"https:\/\/www.gaveanews.com\/index.php\/wp-json\/wp\/v2\/posts\/272704\/revisions"}],"predecessor-version":[{"id":272705,"href":"https:\/\/www.gaveanews.com\/index.php\/wp-json\/wp\/v2\/posts\/272704\/revisions\/272705"}],"wp:featuredmedia":[{"embeddable":true,"href":"https:\/\/www.gaveanews.com\/index.php\/wp-json\/wp\/v2\/media\/220937"}],"wp:attachment":[{"href":"https:\/\/www.gaveanews.com\/index.php\/wp-json\/wp\/v2\/media?parent=272704"}],"wp:term":[{"taxonomy":"category","embeddable":true,"href":"https:\/\/www.gaveanews.com\/index.php\/wp-json\/wp\/v2\/categories?post=272704"},{"taxonomy":"post_tag","embeddable":true,"href":"https:\/\/www.gaveanews.com\/index.php\/wp-json\/wp\/v2\/tags?post=272704"}],"curies":[{"name":"wp","href":"https:\/\/api.w.org\/{rel}","templated":true}]}}