{"id":272787,"date":"2025-07-21T12:30:00","date_gmt":"2025-07-21T15:30:00","guid":{"rendered":"https:\/\/www.gaveanews.com\/?p=272787"},"modified":"2025-07-21T11:36:37","modified_gmt":"2025-07-21T14:36:37","slug":"marcos-braz-posta-indireta-direcionada-ao-flamengo","status":"publish","type":"post","link":"https:\/\/www.gaveanews.com\/index.php\/2025\/07\/21\/marcos-braz-posta-indireta-direcionada-ao-flamengo\/","title":{"rendered":"Marcos Braz posta indireta direcionada ao Flamengo"},"content":{"rendered":"\n<p>A janela de transfer\u00eancias est\u00e1 aberta h\u00e1 dez dias, mas o Flamengo ainda n\u00e3o anunciou nenhum refor\u00e7o sob a gest\u00e3o de Jos\u00e9 Boto. E \u00e9 justamente esse cen\u00e1rio que motivou mais uma provoca\u00e7\u00e3o p\u00fablica de Marcos Braz, ex-vice de futebol do clube e atual diretor do Remo.&nbsp;<\/p>\n\n\n\n<p>Em suas redes sociais, Braz publicou uma foto ao lado do multicampe\u00e3o ol\u00edmpico Usain Bolt, acompanhada da legenda: \u201cEsse era r\u00e1pido\u201d.<\/p>\n\n\n\n<p>A publica\u00e7\u00e3o n\u00e3o passou despercebida entre os torcedores, principalmente porque ocorre em um momento de cobran\u00e7a crescente sobre a atua\u00e7\u00e3o do novo dirigente do Flamengo.&nbsp;<\/p>\n\n\n\n<p>Jos\u00e9 Boto ainda n\u00e3o conseguiu finalizar nenhuma contrata\u00e7\u00e3o desde o in\u00edcio da janela, o que tem gerado impaci\u00eancia por parte da torcida. Sendo assim, a postagem de Braz surge como uma indireta clara \u00e0 lentid\u00e3o do processo rubro-negro no mercado.<\/p>\n\n\n\n<blockquote class=\"twitter-tweet\" data-media-max-width=\"560\"><p lang=\"pt\" dir=\"ltr\">Marcos Braz, ex-Flamengo e atual diretor de futebol do Remo, segue soltando indiretas nas redes sociais.<br><br>Dessa vez, o dirigente usou uma foto ao lado de Usain Bolt e escreveu: \u201cEsse era r\u00e1pido\u201d.<br><br>O Flamengo ainda n\u00e3o contratou ningu\u00e9m com Jos\u00e9 Boto ap\u00f3s 10 dias de janela aberta.\u2026 <a href=\"https:\/\/t.co\/1D9R9W9ylC\">pic.twitter.com\/1D9R9W9ylC<\/a><\/p>&mdash; Planeta do Futebol \ud83c\udf0e (@futebol_info) <a href=\"https:\/\/twitter.com\/futebol_info\/status\/1947279029637431712?ref_src=twsrc%5Etfw\">July 21, 2025<\/a><\/blockquote> <script async src=\"https:\/\/platform.twitter.com\/widgets.js\" charset=\"utf-8\"><\/script>\n\n\n\n<h2 class=\"wp-block-heading\" id=\"h-indiretas-recorrentes-e-um-passado-que-ainda-ecoa\">Indiretas recorrentes e um passado que ainda ecoa<\/h2>\n\n\n\n<p>Vale destacar que essa n\u00e3o \u00e9 a primeira vez que Marcos Braz faz coment\u00e1rios nas redes sociais que geram repercuss\u00e3o entre flamenguistas. Desde que deixou o clube, ele tem se mantido ativo online, com mensagens que, frequentemente, soam como cr\u00edticas veladas \u00e0 nova gest\u00e3o do futebol.<\/p>\n\n\n\n<p>Dessa maneira, o dirigente demonstra que segue acompanhando de perto os bastidores do clube carioca. Isso porque, mesmo atuando em outra equipe, Braz mant\u00e9m la\u00e7os com o Flamengo e, especialmente, com a torcida, que ainda o v\u00ea como figura influente nos tempos de t\u00edtulos recentes.<\/p>\n\n\n\n<h2 class=\"wp-block-heading\" id=\"h-torcida-cobra-agilidade-diretoria-prega-paciencia\">Torcida cobra agilidade; diretoria prega paci\u00eancia<\/h2>\n\n\n\n<p>Por isso, a press\u00e3o para que o Flamengo anuncie refor\u00e7os aumenta a cada dia. Cabe ressaltar que o clube tem elenco competitivo, mas precisa de pe\u00e7as para fortalecer o grupo visando o restante da temporada. Desse jeito, a cobran\u00e7a se intensifica principalmente ap\u00f3s a sa\u00edda de jogadores importantes e as les\u00f5es recentes.<\/p>\n\n\n\n<p>Com isso, a publica\u00e7\u00e3o de Braz serve como combust\u00edvel para o debate nas redes. Al\u00e9m disso, exp\u00f5e uma certa frustra\u00e7\u00e3o com a morosidade nas negocia\u00e7\u00f5es, algo que contrasta com o estilo mais direto e resolutivo do ex-dirigente.<\/p>\n\n\n\n<p>Portanto, enquanto a diretoria atual ainda n\u00e3o entrega resultados na janela, figuras do passado seguem influenciando o presente, seja com palavras, seja com indiretas.<\/p>\n","protected":false},"excerpt":{"rendered":"<p>A janela de transfer\u00eancias est\u00e1 aberta h\u00e1 dez dias, mas o Flamengo ainda n\u00e3o anunciou nenhum refor\u00e7o sob a gest\u00e3o de Jos\u00e9 Boto. E \u00e9 justamente esse cen\u00e1rio que motivou mais uma provoca\u00e7\u00e3o p\u00fablica de Marcos Braz, ex-vice de futebol do clube e atual diretor do Remo.&nbsp; Em suas redes sociais, Braz publicou uma foto [&hellip;]<\/p>\n","protected":false},"author":25,"featured_media":127549,"comment_status":"open","ping_status":"closed","sticky":false,"template":"","format":"standard","meta":{"footnotes":""},"categories":[1],"tags":[],"class_list":["post-272787","post","type-post","status-publish","format-standard","has-post-thumbnail","hentry","category-flamengo"],"yoast_head":"<!-- This site is optimized with the Yoast SEO Premium plugin v24.2 (Yoast SEO v26.9) - https:\/\/yoast.com\/product\/yoast-seo-premium-wordpress\/ -->\n<title>Marcos Braz posta indireta direcionada ao Flamengo<\/title>\n<meta name=\"robots\" content=\"index, follow, max-snippet:-1, max-image-preview:large, max-video-preview:-1\" \/>\n<link rel=\"canonical\" href=\"https:\/\/www.gaveanews.com\/index.php\/2025\/07\/21\/marcos-braz-posta-indireta-direcionada-ao-flamengo\/\" \/>\n<meta property=\"og:locale\" content=\"pt_BR\" \/>\n<meta property=\"og:type\" content=\"article\" \/>\n<meta property=\"og:title\" content=\"Marcos Braz posta indireta direcionada ao Flamengo\" \/>\n<meta property=\"og:description\" content=\"A janela de transfer\u00eancias est\u00e1 aberta h\u00e1 dez dias, mas o Flamengo ainda n\u00e3o anunciou nenhum refor\u00e7o sob a gest\u00e3o de Jos\u00e9 Boto. E \u00e9 justamente esse cen\u00e1rio que motivou mais uma provoca\u00e7\u00e3o p\u00fablica de Marcos Braz, ex-vice de futebol do clube e atual diretor do Remo.&nbsp; Em suas redes sociais, Braz publicou uma foto [&hellip;]\" \/>\n<meta property=\"og:url\" content=\"https:\/\/www.gaveanews.com\/index.php\/2025\/07\/21\/marcos-braz-posta-indireta-direcionada-ao-flamengo\/\" \/>\n<meta property=\"og:site_name\" content=\"G\u00e1vea News\" \/>\n<meta property=\"article:publisher\" content=\"https:\/\/facebook.com\/gaveaNews\/\" \/>\n<meta property=\"article:published_time\" content=\"2025-07-21T15:30:00+00:00\" \/>\n<meta property=\"og:image\" content=\"https:\/\/www.gaveanews.com\/wp-content\/uploads\/Marcos-Braz.webp\" \/>\n\t<meta property=\"og:image:width\" content=\"1200\" \/>\n\t<meta property=\"og:image:height\" content=\"750\" \/>\n\t<meta property=\"og:image:type\" content=\"image\/webp\" \/>\n<meta name=\"author\" content=\"Rafaela Ladeira\" \/>\n<meta name=\"twitter:card\" content=\"summary_large_image\" \/>\n<meta name=\"twitter:label1\" content=\"Escrito por\" \/>\n\t<meta name=\"twitter:data1\" content=\"Rafaela Ladeira\" \/>\n\t<meta name=\"twitter:label2\" content=\"Est. tempo de leitura\" \/>\n\t<meta name=\"twitter:data2\" content=\"3 minutos\" \/>\n<script type=\"application\/ld+json\" class=\"yoast-schema-graph\">{\"@context\":\"https:\/\/schema.org\",\"@graph\":[{\"@type\":\"NewsArticle\",\"@id\":\"https:\/\/www.gaveanews.com\/index.php\/2025\/07\/21\/marcos-braz-posta-indireta-direcionada-ao-flamengo\/#article\",\"isPartOf\":{\"@id\":\"https:\/\/www.gaveanews.com\/index.php\/2025\/07\/21\/marcos-braz-posta-indireta-direcionada-ao-flamengo\/\"},\"author\":{\"name\":\"Rafaela Ladeira\",\"@id\":\"https:\/\/www.gaveanews.com\/#\/schema\/person\/0eb3e3fe1754f0205218538adbe8f5ed\"},\"headline\":\"Marcos Braz posta indireta direcionada ao Flamengo\",\"datePublished\":\"2025-07-21T15:30:00+00:00\",\"mainEntityOfPage\":{\"@id\":\"https:\/\/www.gaveanews.com\/index.php\/2025\/07\/21\/marcos-braz-posta-indireta-direcionada-ao-flamengo\/\"},\"wordCount\":463,\"commentCount\":0,\"image\":{\"@id\":\"https:\/\/www.gaveanews.com\/index.php\/2025\/07\/21\/marcos-braz-posta-indireta-direcionada-ao-flamengo\/#primaryimage\"},\"thumbnailUrl\":\"https:\/\/www.gaveanews.com\/wp-content\/uploads\/Marcos-Braz.webp\",\"articleSection\":[\"Flamengo\"],\"inLanguage\":\"pt-BR\",\"potentialAction\":[{\"@type\":\"CommentAction\",\"name\":\"Comment\",\"target\":[\"https:\/\/www.gaveanews.com\/index.php\/2025\/07\/21\/marcos-braz-posta-indireta-direcionada-ao-flamengo\/#respond\"]}],\"copyrightYear\":\"2025\",\"copyrightHolder\":{\"@id\":\"https:\/\/www.gaveanews.com\/#organization\"}},{\"@type\":\"WebPage\",\"@id\":\"https:\/\/www.gaveanews.com\/index.php\/2025\/07\/21\/marcos-braz-posta-indireta-direcionada-ao-flamengo\/\",\"url\":\"https:\/\/www.gaveanews.com\/index.php\/2025\/07\/21\/marcos-braz-posta-indireta-direcionada-ao-flamengo\/\",\"name\":\"Marcos Braz posta indireta direcionada ao Flamengo\",\"isPartOf\":{\"@id\":\"https:\/\/www.gaveanews.com\/#website\"},\"primaryImageOfPage\":{\"@id\":\"https:\/\/www.gaveanews.com\/index.php\/2025\/07\/21\/marcos-braz-posta-indireta-direcionada-ao-flamengo\/#primaryimage\"},\"image\":{\"@id\":\"https:\/\/www.gaveanews.com\/index.php\/2025\/07\/21\/marcos-braz-posta-indireta-direcionada-ao-flamengo\/#primaryimage\"},\"thumbnailUrl\":\"https:\/\/www.gaveanews.com\/wp-content\/uploads\/Marcos-Braz.webp\",\"datePublished\":\"2025-07-21T15:30:00+00:00\",\"author\":{\"@id\":\"https:\/\/www.gaveanews.com\/#\/schema\/person\/0eb3e3fe1754f0205218538adbe8f5ed\"},\"breadcrumb\":{\"@id\":\"https:\/\/www.gaveanews.com\/index.php\/2025\/07\/21\/marcos-braz-posta-indireta-direcionada-ao-flamengo\/#breadcrumb\"},\"inLanguage\":\"pt-BR\",\"potentialAction\":[{\"@type\":\"ReadAction\",\"target\":[\"https:\/\/www.gaveanews.com\/index.php\/2025\/07\/21\/marcos-braz-posta-indireta-direcionada-ao-flamengo\/\"]}]},{\"@type\":\"ImageObject\",\"inLanguage\":\"pt-BR\",\"@id\":\"https:\/\/www.gaveanews.com\/index.php\/2025\/07\/21\/marcos-braz-posta-indireta-direcionada-ao-flamengo\/#primaryimage\",\"url\":\"https:\/\/www.gaveanews.com\/wp-content\/uploads\/Marcos-Braz.webp\",\"contentUrl\":\"https:\/\/www.gaveanews.com\/wp-content\/uploads\/Marcos-Braz.webp\",\"width\":1200,\"height\":750,\"caption\":\"Marcos Braz j\u00e1 foi vice-presidente de futebol do Flamengo - Foto: Gilvan de Souza\/Flamengo\"},{\"@type\":\"BreadcrumbList\",\"@id\":\"https:\/\/www.gaveanews.com\/index.php\/2025\/07\/21\/marcos-braz-posta-indireta-direcionada-ao-flamengo\/#breadcrumb\",\"itemListElement\":[{\"@type\":\"ListItem\",\"position\":1,\"name\":\"Home\",\"item\":\"https:\/\/www.gaveanews.com\/\"},{\"@type\":\"ListItem\",\"position\":2,\"name\":\"Marcos Braz posta indireta direcionada ao Flamengo\"}]},{\"@type\":\"WebSite\",\"@id\":\"https:\/\/www.gaveanews.com\/#website\",\"url\":\"https:\/\/www.gaveanews.com\/\",\"name\":\"G\u00e1vea News\",\"description\":\"Veja todas as not\u00edcias sobre o Flamengo: Contrata\u00e7\u00f5es, categorias de base, resultados das partidas, tabela de classifica\u00e7\u00e3o, pr\u00f3ximos jogos!\",\"potentialAction\":[{\"@type\":\"SearchAction\",\"target\":{\"@type\":\"EntryPoint\",\"urlTemplate\":\"https:\/\/www.gaveanews.com\/?s={search_term_string}\"},\"query-input\":{\"@type\":\"PropertyValueSpecification\",\"valueRequired\":true,\"valueName\":\"search_term_string\"}}],\"inLanguage\":\"pt-BR\"},{\"@type\":\"Person\",\"@id\":\"https:\/\/www.gaveanews.com\/#\/schema\/person\/0eb3e3fe1754f0205218538adbe8f5ed\",\"name\":\"Rafaela Ladeira\",\"image\":{\"@type\":\"ImageObject\",\"inLanguage\":\"pt-BR\",\"@id\":\"https:\/\/www.gaveanews.com\/#\/schema\/person\/image\/\",\"url\":\"https:\/\/secure.gravatar.com\/avatar\/c31f513acffd85eacab5730cbdfdbbf59f21ba5aeada8cd890acea879fbb2455?s=96&d=mm&r=g\",\"contentUrl\":\"https:\/\/secure.gravatar.com\/avatar\/c31f513acffd85eacab5730cbdfdbbf59f21ba5aeada8cd890acea879fbb2455?s=96&d=mm&r=g\",\"caption\":\"Rafaela Ladeira\"}}]}<\/script>\n<!-- \/ Yoast SEO Premium plugin. -->","yoast_head_json":{"title":"Marcos Braz posta indireta direcionada ao Flamengo","robots":{"index":"index","follow":"follow","max-snippet":"max-snippet:-1","max-image-preview":"max-image-preview:large","max-video-preview":"max-video-preview:-1"},"canonical":"https:\/\/www.gaveanews.com\/index.php\/2025\/07\/21\/marcos-braz-posta-indireta-direcionada-ao-flamengo\/","og_locale":"pt_BR","og_type":"article","og_title":"Marcos Braz posta indireta direcionada ao Flamengo","og_description":"A janela de transfer\u00eancias est\u00e1 aberta h\u00e1 dez dias, mas o Flamengo ainda n\u00e3o anunciou nenhum refor\u00e7o sob a gest\u00e3o de Jos\u00e9 Boto. E \u00e9 justamente esse cen\u00e1rio que motivou mais uma provoca\u00e7\u00e3o p\u00fablica de Marcos Braz, ex-vice de futebol do clube e atual diretor do Remo.&nbsp; Em suas redes sociais, Braz publicou uma foto [&hellip;]","og_url":"https:\/\/www.gaveanews.com\/index.php\/2025\/07\/21\/marcos-braz-posta-indireta-direcionada-ao-flamengo\/","og_site_name":"G\u00e1vea News","article_publisher":"https:\/\/facebook.com\/gaveaNews\/","article_published_time":"2025-07-21T15:30:00+00:00","og_image":[{"width":1200,"height":750,"url":"https:\/\/www.gaveanews.com\/wp-content\/uploads\/Marcos-Braz.webp","type":"image\/webp"}],"author":"Rafaela Ladeira","twitter_card":"summary_large_image","twitter_misc":{"Escrito por":"Rafaela Ladeira","Est. tempo de leitura":"3 minutos"},"schema":{"@context":"https:\/\/schema.org","@graph":[{"@type":"NewsArticle","@id":"https:\/\/www.gaveanews.com\/index.php\/2025\/07\/21\/marcos-braz-posta-indireta-direcionada-ao-flamengo\/#article","isPartOf":{"@id":"https:\/\/www.gaveanews.com\/index.php\/2025\/07\/21\/marcos-braz-posta-indireta-direcionada-ao-flamengo\/"},"author":{"name":"Rafaela Ladeira","@id":"https:\/\/www.gaveanews.com\/#\/schema\/person\/0eb3e3fe1754f0205218538adbe8f5ed"},"headline":"Marcos Braz posta indireta direcionada ao Flamengo","datePublished":"2025-07-21T15:30:00+00:00","mainEntityOfPage":{"@id":"https:\/\/www.gaveanews.com\/index.php\/2025\/07\/21\/marcos-braz-posta-indireta-direcionada-ao-flamengo\/"},"wordCount":463,"commentCount":0,"image":{"@id":"https:\/\/www.gaveanews.com\/index.php\/2025\/07\/21\/marcos-braz-posta-indireta-direcionada-ao-flamengo\/#primaryimage"},"thumbnailUrl":"https:\/\/www.gaveanews.com\/wp-content\/uploads\/Marcos-Braz.webp","articleSection":["Flamengo"],"inLanguage":"pt-BR","potentialAction":[{"@type":"CommentAction","name":"Comment","target":["https:\/\/www.gaveanews.com\/index.php\/2025\/07\/21\/marcos-braz-posta-indireta-direcionada-ao-flamengo\/#respond"]}],"copyrightYear":"2025","copyrightHolder":{"@id":"https:\/\/www.gaveanews.com\/#organization"}},{"@type":"WebPage","@id":"https:\/\/www.gaveanews.com\/index.php\/2025\/07\/21\/marcos-braz-posta-indireta-direcionada-ao-flamengo\/","url":"https:\/\/www.gaveanews.com\/index.php\/2025\/07\/21\/marcos-braz-posta-indireta-direcionada-ao-flamengo\/","name":"Marcos Braz posta indireta direcionada ao Flamengo","isPartOf":{"@id":"https:\/\/www.gaveanews.com\/#website"},"primaryImageOfPage":{"@id":"https:\/\/www.gaveanews.com\/index.php\/2025\/07\/21\/marcos-braz-posta-indireta-direcionada-ao-flamengo\/#primaryimage"},"image":{"@id":"https:\/\/www.gaveanews.com\/index.php\/2025\/07\/21\/marcos-braz-posta-indireta-direcionada-ao-flamengo\/#primaryimage"},"thumbnailUrl":"https:\/\/www.gaveanews.com\/wp-content\/uploads\/Marcos-Braz.webp","datePublished":"2025-07-21T15:30:00+00:00","author":{"@id":"https:\/\/www.gaveanews.com\/#\/schema\/person\/0eb3e3fe1754f0205218538adbe8f5ed"},"breadcrumb":{"@id":"https:\/\/www.gaveanews.com\/index.php\/2025\/07\/21\/marcos-braz-posta-indireta-direcionada-ao-flamengo\/#breadcrumb"},"inLanguage":"pt-BR","potentialAction":[{"@type":"ReadAction","target":["https:\/\/www.gaveanews.com\/index.php\/2025\/07\/21\/marcos-braz-posta-indireta-direcionada-ao-flamengo\/"]}]},{"@type":"ImageObject","inLanguage":"pt-BR","@id":"https:\/\/www.gaveanews.com\/index.php\/2025\/07\/21\/marcos-braz-posta-indireta-direcionada-ao-flamengo\/#primaryimage","url":"https:\/\/www.gaveanews.com\/wp-content\/uploads\/Marcos-Braz.webp","contentUrl":"https:\/\/www.gaveanews.com\/wp-content\/uploads\/Marcos-Braz.webp","width":1200,"height":750,"caption":"Marcos Braz j\u00e1 foi vice-presidente de futebol do Flamengo - Foto: Gilvan de Souza\/Flamengo"},{"@type":"BreadcrumbList","@id":"https:\/\/www.gaveanews.com\/index.php\/2025\/07\/21\/marcos-braz-posta-indireta-direcionada-ao-flamengo\/#breadcrumb","itemListElement":[{"@type":"ListItem","position":1,"name":"Home","item":"https:\/\/www.gaveanews.com\/"},{"@type":"ListItem","position":2,"name":"Marcos Braz posta indireta direcionada ao Flamengo"}]},{"@type":"WebSite","@id":"https:\/\/www.gaveanews.com\/#website","url":"https:\/\/www.gaveanews.com\/","name":"G\u00e1vea News","description":"Veja todas as not\u00edcias sobre o Flamengo: Contrata\u00e7\u00f5es, categorias de base, resultados das partidas, tabela de classifica\u00e7\u00e3o, pr\u00f3ximos jogos!","potentialAction":[{"@type":"SearchAction","target":{"@type":"EntryPoint","urlTemplate":"https:\/\/www.gaveanews.com\/?s={search_term_string}"},"query-input":{"@type":"PropertyValueSpecification","valueRequired":true,"valueName":"search_term_string"}}],"inLanguage":"pt-BR"},{"@type":"Person","@id":"https:\/\/www.gaveanews.com\/#\/schema\/person\/0eb3e3fe1754f0205218538adbe8f5ed","name":"Rafaela Ladeira","image":{"@type":"ImageObject","inLanguage":"pt-BR","@id":"https:\/\/www.gaveanews.com\/#\/schema\/person\/image\/","url":"https:\/\/secure.gravatar.com\/avatar\/c31f513acffd85eacab5730cbdfdbbf59f21ba5aeada8cd890acea879fbb2455?s=96&d=mm&r=g","contentUrl":"https:\/\/secure.gravatar.com\/avatar\/c31f513acffd85eacab5730cbdfdbbf59f21ba5aeada8cd890acea879fbb2455?s=96&d=mm&r=g","caption":"Rafaela Ladeira"}}]}},"_links":{"self":[{"href":"https:\/\/www.gaveanews.com\/index.php\/wp-json\/wp\/v2\/posts\/272787","targetHints":{"allow":["GET"]}}],"collection":[{"href":"https:\/\/www.gaveanews.com\/index.php\/wp-json\/wp\/v2\/posts"}],"about":[{"href":"https:\/\/www.gaveanews.com\/index.php\/wp-json\/wp\/v2\/types\/post"}],"author":[{"embeddable":true,"href":"https:\/\/www.gaveanews.com\/index.php\/wp-json\/wp\/v2\/users\/25"}],"replies":[{"embeddable":true,"href":"https:\/\/www.gaveanews.com\/index.php\/wp-json\/wp\/v2\/comments?post=272787"}],"version-history":[{"count":1,"href":"https:\/\/www.gaveanews.com\/index.php\/wp-json\/wp\/v2\/posts\/272787\/revisions"}],"predecessor-version":[{"id":272788,"href":"https:\/\/www.gaveanews.com\/index.php\/wp-json\/wp\/v2\/posts\/272787\/revisions\/272788"}],"wp:featuredmedia":[{"embeddable":true,"href":"https:\/\/www.gaveanews.com\/index.php\/wp-json\/wp\/v2\/media\/127549"}],"wp:attachment":[{"href":"https:\/\/www.gaveanews.com\/index.php\/wp-json\/wp\/v2\/media?parent=272787"}],"wp:term":[{"taxonomy":"category","embeddable":true,"href":"https:\/\/www.gaveanews.com\/index.php\/wp-json\/wp\/v2\/categories?post=272787"},{"taxonomy":"post_tag","embeddable":true,"href":"https:\/\/www.gaveanews.com\/index.php\/wp-json\/wp\/v2\/tags?post=272787"}],"curies":[{"name":"wp","href":"https:\/\/api.w.org\/{rel}","templated":true}]}}