{"id":27289,"date":"2019-09-10T17:40:23","date_gmt":"2019-09-10T20:40:23","guid":{"rendered":"http:\/\/www.gaveanews.com\/?p=27289"},"modified":"2019-09-10T17:40:23","modified_gmt":"2019-09-10T20:40:23","slug":"de-olho-no-rival-lateral-rompe-seu-contrato-com-o-santos-e-esta-fora-da-decisao-contra-o-flamengo","status":"publish","type":"post","link":"https:\/\/www.gaveanews.com\/index.php\/2019\/09\/10\/de-olho-no-rival-lateral-rompe-seu-contrato-com-o-santos-e-esta-fora-da-decisao-contra-o-flamengo\/","title":{"rendered":"De olho no rival: Lateral rompe seu contrato com o Santos e est\u00e1 fora da &#8216;decis\u00e3o&#8217; contra o Flamengo"},"content":{"rendered":"\n<p>Rhuan, lateral-esquerdo que estava no Santos desde 2012, acertou a sua rescis\u00e3o contratual nesta segunda-feira (09 de setembro). O v\u00ednculo se encerraria em 31 de outubro deste ano e a diretoria do time paulista aceitou libera-lo antes. Isso porque, o atleta de 18 anos de idade, estava fora dos planos para a temporada de 2020. <\/p>\n\n\n\n<p>O jovem deve refor\u00e7ar o \u00c1gua Santa, da cidade de Diadema. Vale citar que Rhuan tem convoca\u00e7\u00f5es para sele\u00e7\u00f5es brasileiras de base. Inclusive, ele foi titular do Santos na \u00faltima edi\u00e7\u00e3o da Copa S\u00e3o Paulo de Futebol J\u00fanior.<\/p>\n\n\n\n<p><\/p>\n\n\n\n<figure class=\"wp-block-image\"><img decoding=\"async\" src=\"https:\/\/www.gazetaesportiva.com\/wp-content\/uploads\/imagem\/2019\/07\/23\/rhuan-1024x678.webp\" alt=\"\"\/><figcaption>Sampoli passa orienta\u00e7\u00f5es para Rhuan durante treinamento do Santos (Foto: Ivan Storti\/SFC)<\/figcaption><\/figure>\n\n\n\n<p>Al\u00e9m de Rhuan, Sampoli n\u00e3o poder\u00e1 contar com Diego Pituca e Lucas Ver\u00edssimo. Ambos ter\u00e3o de cumprir suspens\u00e3o autom\u00e1tica.<\/p>\n\n\n\n<p>Adaptado de: Gazeta Esportiva<\/p>\n\n\n","protected":false},"excerpt":{"rendered":"<p>Rhuan, lateral-esquerdo que estava no Santos desde 2012, acertou a sua rescis\u00e3o contratual nesta segunda-feira (09 de setembro). O v\u00ednculo se encerraria em 31 de outubro deste ano e a diretoria do time paulista aceitou libera-lo antes. Isso porque, o atleta de 18 anos de idade, estava fora dos planos para a temporada de 2020. [&hellip;]<\/p>\n","protected":false},"author":1,"featured_media":15035,"comment_status":"open","ping_status":"open","sticky":false,"template":"","format":"standard","meta":{"footnotes":""},"categories":[47],"tags":[],"class_list":["post-27289","post","type-post","status-publish","format-standard","has-post-thumbnail","hentry","category-destaques"],"yoast_head":"<!-- This site is optimized with the Yoast SEO Premium plugin v24.2 (Yoast SEO v26.9) - https:\/\/yoast.com\/product\/yoast-seo-premium-wordpress\/ -->\n<title>De olho no rival: Lateral rompe seu contrato com o Santos e est\u00e1 fora da &#039;decis\u00e3o&#039; contra o Flamengo<\/title>\n<meta name=\"robots\" content=\"index, follow, max-snippet:-1, max-image-preview:large, max-video-preview:-1\" \/>\n<link rel=\"canonical\" href=\"https:\/\/www.gaveanews.com\/index.php\/2019\/09\/10\/de-olho-no-rival-lateral-rompe-seu-contrato-com-o-santos-e-esta-fora-da-decisao-contra-o-flamengo\/\" \/>\n<meta property=\"og:locale\" content=\"pt_BR\" \/>\n<meta property=\"og:type\" content=\"article\" \/>\n<meta property=\"og:title\" content=\"De olho no rival: Lateral rompe seu contrato com o Santos e est\u00e1 fora da &#039;decis\u00e3o&#039; contra o Flamengo\" \/>\n<meta property=\"og:description\" content=\"Rhuan, lateral-esquerdo que estava no Santos desde 2012, acertou a sua rescis\u00e3o contratual nesta segunda-feira (09 de setembro). O v\u00ednculo se encerraria em 31 de outubro deste ano e a diretoria do time paulista aceitou libera-lo antes. Isso porque, o atleta de 18 anos de idade, estava fora dos planos para a temporada de 2020. [&hellip;]\" \/>\n<meta property=\"og:url\" content=\"https:\/\/www.gaveanews.com\/index.php\/2019\/09\/10\/de-olho-no-rival-lateral-rompe-seu-contrato-com-o-santos-e-esta-fora-da-decisao-contra-o-flamengo\/\" \/>\n<meta property=\"og:site_name\" content=\"G\u00e1vea News\" \/>\n<meta property=\"article:publisher\" content=\"https:\/\/facebook.com\/gaveaNews\/\" \/>\n<meta property=\"article:published_time\" content=\"2019-09-10T20:40:23+00:00\" \/>\n<meta property=\"og:image\" content=\"https:\/\/www.gaveanews.com\/wp-content\/uploads\/2019\/03\/Taca-do-Campeonato-Brasileiro.webp\" \/>\n\t<meta property=\"og:image:width\" content=\"1\" \/>\n\t<meta property=\"og:image:height\" content=\"1\" \/>\n\t<meta property=\"og:image:type\" content=\"image\/jpeg\" \/>\n<meta name=\"author\" content=\"Equipe G\u00e1vea News\" \/>\n<meta name=\"twitter:card\" content=\"summary_large_image\" \/>\n<meta name=\"twitter:label1\" content=\"Escrito por\" \/>\n\t<meta name=\"twitter:data1\" content=\"Equipe G\u00e1vea News\" \/>\n\t<meta name=\"twitter:label2\" content=\"Est. tempo de leitura\" \/>\n\t<meta name=\"twitter:data2\" content=\"1 minuto\" \/>\n<script type=\"application\/ld+json\" class=\"yoast-schema-graph\">{\"@context\":\"https:\/\/schema.org\",\"@graph\":[{\"@type\":\"NewsArticle\",\"@id\":\"https:\/\/www.gaveanews.com\/index.php\/2019\/09\/10\/de-olho-no-rival-lateral-rompe-seu-contrato-com-o-santos-e-esta-fora-da-decisao-contra-o-flamengo\/#article\",\"isPartOf\":{\"@id\":\"https:\/\/www.gaveanews.com\/index.php\/2019\/09\/10\/de-olho-no-rival-lateral-rompe-seu-contrato-com-o-santos-e-esta-fora-da-decisao-contra-o-flamengo\/\"},\"author\":{\"name\":\"Equipe G\u00e1vea News\",\"@id\":\"https:\/\/www.gaveanews.com\/#\/schema\/person\/2ec14f73fb96be2caf28f91afb14749d\"},\"headline\":\"De olho no rival: Lateral rompe seu contrato com o Santos e est\u00e1 fora da &#8216;decis\u00e3o&#8217; contra o Flamengo\",\"datePublished\":\"2019-09-10T20:40:23+00:00\",\"mainEntityOfPage\":{\"@id\":\"https:\/\/www.gaveanews.com\/index.php\/2019\/09\/10\/de-olho-no-rival-lateral-rompe-seu-contrato-com-o-santos-e-esta-fora-da-decisao-contra-o-flamengo\/\"},\"wordCount\":159,\"commentCount\":0,\"image\":{\"@id\":\"https:\/\/www.gaveanews.com\/index.php\/2019\/09\/10\/de-olho-no-rival-lateral-rompe-seu-contrato-com-o-santos-e-esta-fora-da-decisao-contra-o-flamengo\/#primaryimage\"},\"thumbnailUrl\":\"https:\/\/www.gaveanews.com\/wp-content\/uploads\/2019\/03\/Taca-do-Campeonato-Brasileiro.webp\",\"articleSection\":[\"Destaques\"],\"inLanguage\":\"pt-BR\",\"potentialAction\":[{\"@type\":\"CommentAction\",\"name\":\"Comment\",\"target\":[\"https:\/\/www.gaveanews.com\/index.php\/2019\/09\/10\/de-olho-no-rival-lateral-rompe-seu-contrato-com-o-santos-e-esta-fora-da-decisao-contra-o-flamengo\/#respond\"]}],\"copyrightYear\":\"2019\",\"copyrightHolder\":{\"@id\":\"https:\/\/www.gaveanews.com\/#organization\"}},{\"@type\":\"WebPage\",\"@id\":\"https:\/\/www.gaveanews.com\/index.php\/2019\/09\/10\/de-olho-no-rival-lateral-rompe-seu-contrato-com-o-santos-e-esta-fora-da-decisao-contra-o-flamengo\/\",\"url\":\"https:\/\/www.gaveanews.com\/index.php\/2019\/09\/10\/de-olho-no-rival-lateral-rompe-seu-contrato-com-o-santos-e-esta-fora-da-decisao-contra-o-flamengo\/\",\"name\":\"De olho no rival: Lateral rompe seu contrato com o Santos e est\u00e1 fora da 'decis\u00e3o' contra o Flamengo\",\"isPartOf\":{\"@id\":\"https:\/\/www.gaveanews.com\/#website\"},\"primaryImageOfPage\":{\"@id\":\"https:\/\/www.gaveanews.com\/index.php\/2019\/09\/10\/de-olho-no-rival-lateral-rompe-seu-contrato-com-o-santos-e-esta-fora-da-decisao-contra-o-flamengo\/#primaryimage\"},\"image\":{\"@id\":\"https:\/\/www.gaveanews.com\/index.php\/2019\/09\/10\/de-olho-no-rival-lateral-rompe-seu-contrato-com-o-santos-e-esta-fora-da-decisao-contra-o-flamengo\/#primaryimage\"},\"thumbnailUrl\":\"https:\/\/www.gaveanews.com\/wp-content\/uploads\/2019\/03\/Taca-do-Campeonato-Brasileiro.webp\",\"datePublished\":\"2019-09-10T20:40:23+00:00\",\"author\":{\"@id\":\"https:\/\/www.gaveanews.com\/#\/schema\/person\/2ec14f73fb96be2caf28f91afb14749d\"},\"breadcrumb\":{\"@id\":\"https:\/\/www.gaveanews.com\/index.php\/2019\/09\/10\/de-olho-no-rival-lateral-rompe-seu-contrato-com-o-santos-e-esta-fora-da-decisao-contra-o-flamengo\/#breadcrumb\"},\"inLanguage\":\"pt-BR\",\"potentialAction\":[{\"@type\":\"ReadAction\",\"target\":[\"https:\/\/www.gaveanews.com\/index.php\/2019\/09\/10\/de-olho-no-rival-lateral-rompe-seu-contrato-com-o-santos-e-esta-fora-da-decisao-contra-o-flamengo\/\"]}]},{\"@type\":\"ImageObject\",\"inLanguage\":\"pt-BR\",\"@id\":\"https:\/\/www.gaveanews.com\/index.php\/2019\/09\/10\/de-olho-no-rival-lateral-rompe-seu-contrato-com-o-santos-e-esta-fora-da-decisao-contra-o-flamengo\/#primaryimage\",\"url\":\"https:\/\/www.gaveanews.com\/wp-content\/uploads\/2019\/03\/Taca-do-Campeonato-Brasileiro.webp\",\"contentUrl\":\"https:\/\/www.gaveanews.com\/wp-content\/uploads\/2019\/03\/Taca-do-Campeonato-Brasileiro.webp\",\"caption\":\"Ta\u00e7a do Campeonato Brasileiro (Foto: Rafael Ribeiro\/CBF)\"},{\"@type\":\"BreadcrumbList\",\"@id\":\"https:\/\/www.gaveanews.com\/index.php\/2019\/09\/10\/de-olho-no-rival-lateral-rompe-seu-contrato-com-o-santos-e-esta-fora-da-decisao-contra-o-flamengo\/#breadcrumb\",\"itemListElement\":[{\"@type\":\"ListItem\",\"position\":1,\"name\":\"Home\",\"item\":\"https:\/\/www.gaveanews.com\/\"},{\"@type\":\"ListItem\",\"position\":2,\"name\":\"De olho no rival: Lateral rompe seu contrato com o Santos e est\u00e1 fora da &#8216;decis\u00e3o&#8217; contra o Flamengo\"}]},{\"@type\":\"WebSite\",\"@id\":\"https:\/\/www.gaveanews.com\/#website\",\"url\":\"https:\/\/www.gaveanews.com\/\",\"name\":\"G\u00e1vea News\",\"description\":\"Veja todas as not\u00edcias sobre o Flamengo: Contrata\u00e7\u00f5es, categorias de base, resultados das partidas, tabela de classifica\u00e7\u00e3o, pr\u00f3ximos jogos!\",\"potentialAction\":[{\"@type\":\"SearchAction\",\"target\":{\"@type\":\"EntryPoint\",\"urlTemplate\":\"https:\/\/www.gaveanews.com\/?s={search_term_string}\"},\"query-input\":{\"@type\":\"PropertyValueSpecification\",\"valueRequired\":true,\"valueName\":\"search_term_string\"}}],\"inLanguage\":\"pt-BR\"},{\"@type\":\"Person\",\"@id\":\"https:\/\/www.gaveanews.com\/#\/schema\/person\/2ec14f73fb96be2caf28f91afb14749d\",\"name\":\"Equipe G\u00e1vea News\",\"image\":{\"@type\":\"ImageObject\",\"inLanguage\":\"pt-BR\",\"@id\":\"https:\/\/www.gaveanews.com\/#\/schema\/person\/image\/\",\"url\":\"https:\/\/secure.gravatar.com\/avatar\/1e1956f1facbffd3f8fa53a326721950116b3b9dc9bd44939c01180fd4a745a9?s=96&d=mm&r=g\",\"contentUrl\":\"https:\/\/secure.gravatar.com\/avatar\/1e1956f1facbffd3f8fa53a326721950116b3b9dc9bd44939c01180fd4a745a9?s=96&d=mm&r=g\",\"caption\":\"Equipe G\u00e1vea News\"}}]}<\/script>\n<!-- \/ Yoast SEO Premium plugin. -->","yoast_head_json":{"title":"De olho no rival: Lateral rompe seu contrato com o Santos e est\u00e1 fora da 'decis\u00e3o' contra o Flamengo","robots":{"index":"index","follow":"follow","max-snippet":"max-snippet:-1","max-image-preview":"max-image-preview:large","max-video-preview":"max-video-preview:-1"},"canonical":"https:\/\/www.gaveanews.com\/index.php\/2019\/09\/10\/de-olho-no-rival-lateral-rompe-seu-contrato-com-o-santos-e-esta-fora-da-decisao-contra-o-flamengo\/","og_locale":"pt_BR","og_type":"article","og_title":"De olho no rival: Lateral rompe seu contrato com o Santos e est\u00e1 fora da 'decis\u00e3o' contra o Flamengo","og_description":"Rhuan, lateral-esquerdo que estava no Santos desde 2012, acertou a sua rescis\u00e3o contratual nesta segunda-feira (09 de setembro). O v\u00ednculo se encerraria em 31 de outubro deste ano e a diretoria do time paulista aceitou libera-lo antes. Isso porque, o atleta de 18 anos de idade, estava fora dos planos para a temporada de 2020. [&hellip;]","og_url":"https:\/\/www.gaveanews.com\/index.php\/2019\/09\/10\/de-olho-no-rival-lateral-rompe-seu-contrato-com-o-santos-e-esta-fora-da-decisao-contra-o-flamengo\/","og_site_name":"G\u00e1vea News","article_publisher":"https:\/\/facebook.com\/gaveaNews\/","article_published_time":"2019-09-10T20:40:23+00:00","og_image":[{"url":"https:\/\/www.gaveanews.com\/wp-content\/uploads\/2019\/03\/Taca-do-Campeonato-Brasileiro.webp","width":1,"height":1,"type":"image\/jpeg"}],"author":"Equipe G\u00e1vea News","twitter_card":"summary_large_image","twitter_misc":{"Escrito por":"Equipe G\u00e1vea News","Est. tempo de leitura":"1 minuto"},"schema":{"@context":"https:\/\/schema.org","@graph":[{"@type":"NewsArticle","@id":"https:\/\/www.gaveanews.com\/index.php\/2019\/09\/10\/de-olho-no-rival-lateral-rompe-seu-contrato-com-o-santos-e-esta-fora-da-decisao-contra-o-flamengo\/#article","isPartOf":{"@id":"https:\/\/www.gaveanews.com\/index.php\/2019\/09\/10\/de-olho-no-rival-lateral-rompe-seu-contrato-com-o-santos-e-esta-fora-da-decisao-contra-o-flamengo\/"},"author":{"name":"Equipe G\u00e1vea News","@id":"https:\/\/www.gaveanews.com\/#\/schema\/person\/2ec14f73fb96be2caf28f91afb14749d"},"headline":"De olho no rival: Lateral rompe seu contrato com o Santos e est\u00e1 fora da &#8216;decis\u00e3o&#8217; contra o Flamengo","datePublished":"2019-09-10T20:40:23+00:00","mainEntityOfPage":{"@id":"https:\/\/www.gaveanews.com\/index.php\/2019\/09\/10\/de-olho-no-rival-lateral-rompe-seu-contrato-com-o-santos-e-esta-fora-da-decisao-contra-o-flamengo\/"},"wordCount":159,"commentCount":0,"image":{"@id":"https:\/\/www.gaveanews.com\/index.php\/2019\/09\/10\/de-olho-no-rival-lateral-rompe-seu-contrato-com-o-santos-e-esta-fora-da-decisao-contra-o-flamengo\/#primaryimage"},"thumbnailUrl":"https:\/\/www.gaveanews.com\/wp-content\/uploads\/2019\/03\/Taca-do-Campeonato-Brasileiro.webp","articleSection":["Destaques"],"inLanguage":"pt-BR","potentialAction":[{"@type":"CommentAction","name":"Comment","target":["https:\/\/www.gaveanews.com\/index.php\/2019\/09\/10\/de-olho-no-rival-lateral-rompe-seu-contrato-com-o-santos-e-esta-fora-da-decisao-contra-o-flamengo\/#respond"]}],"copyrightYear":"2019","copyrightHolder":{"@id":"https:\/\/www.gaveanews.com\/#organization"}},{"@type":"WebPage","@id":"https:\/\/www.gaveanews.com\/index.php\/2019\/09\/10\/de-olho-no-rival-lateral-rompe-seu-contrato-com-o-santos-e-esta-fora-da-decisao-contra-o-flamengo\/","url":"https:\/\/www.gaveanews.com\/index.php\/2019\/09\/10\/de-olho-no-rival-lateral-rompe-seu-contrato-com-o-santos-e-esta-fora-da-decisao-contra-o-flamengo\/","name":"De olho no rival: Lateral rompe seu contrato com o Santos e est\u00e1 fora da 'decis\u00e3o' contra o Flamengo","isPartOf":{"@id":"https:\/\/www.gaveanews.com\/#website"},"primaryImageOfPage":{"@id":"https:\/\/www.gaveanews.com\/index.php\/2019\/09\/10\/de-olho-no-rival-lateral-rompe-seu-contrato-com-o-santos-e-esta-fora-da-decisao-contra-o-flamengo\/#primaryimage"},"image":{"@id":"https:\/\/www.gaveanews.com\/index.php\/2019\/09\/10\/de-olho-no-rival-lateral-rompe-seu-contrato-com-o-santos-e-esta-fora-da-decisao-contra-o-flamengo\/#primaryimage"},"thumbnailUrl":"https:\/\/www.gaveanews.com\/wp-content\/uploads\/2019\/03\/Taca-do-Campeonato-Brasileiro.webp","datePublished":"2019-09-10T20:40:23+00:00","author":{"@id":"https:\/\/www.gaveanews.com\/#\/schema\/person\/2ec14f73fb96be2caf28f91afb14749d"},"breadcrumb":{"@id":"https:\/\/www.gaveanews.com\/index.php\/2019\/09\/10\/de-olho-no-rival-lateral-rompe-seu-contrato-com-o-santos-e-esta-fora-da-decisao-contra-o-flamengo\/#breadcrumb"},"inLanguage":"pt-BR","potentialAction":[{"@type":"ReadAction","target":["https:\/\/www.gaveanews.com\/index.php\/2019\/09\/10\/de-olho-no-rival-lateral-rompe-seu-contrato-com-o-santos-e-esta-fora-da-decisao-contra-o-flamengo\/"]}]},{"@type":"ImageObject","inLanguage":"pt-BR","@id":"https:\/\/www.gaveanews.com\/index.php\/2019\/09\/10\/de-olho-no-rival-lateral-rompe-seu-contrato-com-o-santos-e-esta-fora-da-decisao-contra-o-flamengo\/#primaryimage","url":"https:\/\/www.gaveanews.com\/wp-content\/uploads\/2019\/03\/Taca-do-Campeonato-Brasileiro.webp","contentUrl":"https:\/\/www.gaveanews.com\/wp-content\/uploads\/2019\/03\/Taca-do-Campeonato-Brasileiro.webp","caption":"Ta\u00e7a do Campeonato Brasileiro (Foto: Rafael Ribeiro\/CBF)"},{"@type":"BreadcrumbList","@id":"https:\/\/www.gaveanews.com\/index.php\/2019\/09\/10\/de-olho-no-rival-lateral-rompe-seu-contrato-com-o-santos-e-esta-fora-da-decisao-contra-o-flamengo\/#breadcrumb","itemListElement":[{"@type":"ListItem","position":1,"name":"Home","item":"https:\/\/www.gaveanews.com\/"},{"@type":"ListItem","position":2,"name":"De olho no rival: Lateral rompe seu contrato com o Santos e est\u00e1 fora da &#8216;decis\u00e3o&#8217; contra o Flamengo"}]},{"@type":"WebSite","@id":"https:\/\/www.gaveanews.com\/#website","url":"https:\/\/www.gaveanews.com\/","name":"G\u00e1vea News","description":"Veja todas as not\u00edcias sobre o Flamengo: Contrata\u00e7\u00f5es, categorias de base, resultados das partidas, tabela de classifica\u00e7\u00e3o, pr\u00f3ximos jogos!","potentialAction":[{"@type":"SearchAction","target":{"@type":"EntryPoint","urlTemplate":"https:\/\/www.gaveanews.com\/?s={search_term_string}"},"query-input":{"@type":"PropertyValueSpecification","valueRequired":true,"valueName":"search_term_string"}}],"inLanguage":"pt-BR"},{"@type":"Person","@id":"https:\/\/www.gaveanews.com\/#\/schema\/person\/2ec14f73fb96be2caf28f91afb14749d","name":"Equipe G\u00e1vea News","image":{"@type":"ImageObject","inLanguage":"pt-BR","@id":"https:\/\/www.gaveanews.com\/#\/schema\/person\/image\/","url":"https:\/\/secure.gravatar.com\/avatar\/1e1956f1facbffd3f8fa53a326721950116b3b9dc9bd44939c01180fd4a745a9?s=96&d=mm&r=g","contentUrl":"https:\/\/secure.gravatar.com\/avatar\/1e1956f1facbffd3f8fa53a326721950116b3b9dc9bd44939c01180fd4a745a9?s=96&d=mm&r=g","caption":"Equipe G\u00e1vea News"}}]}},"_links":{"self":[{"href":"https:\/\/www.gaveanews.com\/index.php\/wp-json\/wp\/v2\/posts\/27289","targetHints":{"allow":["GET"]}}],"collection":[{"href":"https:\/\/www.gaveanews.com\/index.php\/wp-json\/wp\/v2\/posts"}],"about":[{"href":"https:\/\/www.gaveanews.com\/index.php\/wp-json\/wp\/v2\/types\/post"}],"author":[{"embeddable":true,"href":"https:\/\/www.gaveanews.com\/index.php\/wp-json\/wp\/v2\/users\/1"}],"replies":[{"embeddable":true,"href":"https:\/\/www.gaveanews.com\/index.php\/wp-json\/wp\/v2\/comments?post=27289"}],"version-history":[{"count":0,"href":"https:\/\/www.gaveanews.com\/index.php\/wp-json\/wp\/v2\/posts\/27289\/revisions"}],"wp:featuredmedia":[{"embeddable":true,"href":"https:\/\/www.gaveanews.com\/index.php\/wp-json\/wp\/v2\/media\/15035"}],"wp:attachment":[{"href":"https:\/\/www.gaveanews.com\/index.php\/wp-json\/wp\/v2\/media?parent=27289"}],"wp:term":[{"taxonomy":"category","embeddable":true,"href":"https:\/\/www.gaveanews.com\/index.php\/wp-json\/wp\/v2\/categories?post=27289"},{"taxonomy":"post_tag","embeddable":true,"href":"https:\/\/www.gaveanews.com\/index.php\/wp-json\/wp\/v2\/tags?post=27289"}],"curies":[{"name":"wp","href":"https:\/\/api.w.org\/{rel}","templated":true}]}}