{"id":272904,"date":"2025-07-23T12:00:00","date_gmt":"2025-07-23T15:00:00","guid":{"rendered":"https:\/\/www.gaveanews.com\/?p=272904"},"modified":"2025-07-23T09:50:37","modified_gmt":"2025-07-23T12:50:37","slug":"veja-atualizacoes-sobre-a-saida-de-wesley-do-flamengo-para-a-roma","status":"publish","type":"post","link":"https:\/\/www.gaveanews.com\/index.php\/2025\/07\/23\/veja-atualizacoes-sobre-a-saida-de-wesley-do-flamengo-para-a-roma\/","title":{"rendered":"Veja atualiza\u00e7\u00f5es sobre a sa\u00edda de Wesley do Flamengo para a Roma"},"content":{"rendered":"\n<p>A janela de transfer\u00eancias est\u00e1 agitada no Flamengo, que se aproxima de uma movimenta\u00e7\u00e3o importante: a sa\u00edda do lateral-direito Wesley para a Roma. Com negocia\u00e7\u00f5es avan\u00e7adas e pressa por parte do clube italiano, o desfecho dessa transfer\u00eancia pode impactar diretamente a estrutura defensiva do time carioca.&nbsp;<\/p>\n\n\n\n<p>Al\u00e9m disso, o Flamengo busca refor\u00e7os para repor essa perda e manter o desempenho competitivo na temporada.<\/p>\n\n\n\n<h2 class=\"wp-block-heading\" id=\"h-negociacao-avancada-e-pressa-da-roma-para-fechar-negocio\">Negocia\u00e7\u00e3o avan\u00e7ada e pressa da Roma para fechar neg\u00f3cio<\/h2>\n\n\n\n<p>A Roma, motivada a garantir Wesley para a pr\u00e9-temporada, intensificou as conversas com o Flamengo e acertou os termos pessoais com o jogador. O contrato de cinco anos est\u00e1 praticamente fechado.&nbsp;<\/p>\n\n\n\n<p>Vale destacar que o t\u00e9cnico Gian Piero Gasperini ressaltou a urg\u00eancia: \u201cEstamos com pressa e queremos come\u00e7ar bem. O mercado de transfer\u00eancias precisa acelerar.\u201d , a informa\u00e7\u00e3o foi divulgada pelo One Football.<\/p>\n\n\n\n<figure class=\"wp-block-image size-large\"><img loading=\"lazy\" decoding=\"async\" width=\"1024\" height=\"683\" src=\"http:\/\/www.gaveanews.com\/wp-content\/uploads\/Flamengo-pronto-para-grande-reformulacao-1024x683.jpg\" alt=\"\" class=\"wp-image-272905\" srcset=\"https:\/\/www.gaveanews.com\/wp-content\/uploads\/Flamengo-pronto-para-grande-reformulacao-1024x683.jpg 1024w, https:\/\/www.gaveanews.com\/wp-content\/uploads\/Flamengo-pronto-para-grande-reformulacao-300x200.jpg 300w, https:\/\/www.gaveanews.com\/wp-content\/uploads\/Flamengo-pronto-para-grande-reformulacao-768x512.jpg 768w, https:\/\/www.gaveanews.com\/wp-content\/uploads\/Flamengo-pronto-para-grande-reformulacao-1536x1024.jpg 1536w, https:\/\/www.gaveanews.com\/wp-content\/uploads\/Flamengo-pronto-para-grande-reformulacao-630x420.jpg 630w, https:\/\/www.gaveanews.com\/wp-content\/uploads\/Flamengo-pronto-para-grande-reformulacao-1260x840.jpg 1260w, https:\/\/www.gaveanews.com\/wp-content\/uploads\/Flamengo-pronto-para-grande-reformulacao-640x427.jpg 640w, https:\/\/www.gaveanews.com\/wp-content\/uploads\/Flamengo-pronto-para-grande-reformulacao-1280x853.jpg 1280w, https:\/\/www.gaveanews.com\/wp-content\/uploads\/Flamengo-pronto-para-grande-reformulacao-681x454.jpg 681w, https:\/\/www.gaveanews.com\/wp-content\/uploads\/Flamengo-pronto-para-grande-reformulacao-1362x908.jpg 1362w, https:\/\/www.gaveanews.com\/wp-content\/uploads\/Flamengo-pronto-para-grande-reformulacao-100x67.jpg 100w, https:\/\/www.gaveanews.com\/wp-content\/uploads\/Flamengo-pronto-para-grande-reformulacao.jpg 2048w\" sizes=\"auto, (max-width: 1024px) 100vw, 1024px\" \/><figcaption class=\"wp-element-caption\">Flamengo pronto para grande reformula\u00e7\u00e3o (Foto: Reprodu\u00e7\u00e3o)<\/figcaption><\/figure>\n\n\n\n<h2 class=\"wp-block-heading\" id=\"h-resistencia-inicial-do-flamengo-e-pressao-para-saida-imediata\">Resist\u00eancia inicial do Flamengo e press\u00e3o para sa\u00edda imediata<\/h2>\n\n\n\n<p>Sendo assim, o Flamengo tentou inicialmente adiar a libera\u00e7\u00e3o do lateral at\u00e9 contratar um substituto, mas essa postura n\u00e3o agradou Wesley e seus agentes. Dessa maneira, o atleta pressiona para sair j\u00e1 nesta janela, tornando inevit\u00e1vel uma defini\u00e7\u00e3o r\u00e1pida.&nbsp;<\/p>\n\n\n\n<p>Com isso, espera-se que a papelada seja finalizada ainda nesta semana, oficializando a transfer\u00eancia.<\/p>\n\n\n\n<h2 class=\"wp-block-heading\" id=\"h-o-desafio-na-lateral-direita-do-flamengo\">O desafio na lateral direita do Flamengo<\/h2>\n\n\n\n<p>Com a sa\u00edda de Wesley, a lateral direita fica carente, restando Guillermo Varela como \u00fanica op\u00e7\u00e3o especialista. Al\u00e9m disso, o cen\u00e1rio geral das laterais \u00e9 preocupante: Alex Sandro e Ayrton Lucas seguem lesionados, enquanto Mat\u00edas Vi\u00f1a retorna ap\u00f3s longo per\u00edodo afastado.&nbsp;<\/p>\n\n\n\n<p>Cabe ressaltar que essas limita\u00e7\u00f5es podem comprometer a consist\u00eancia defensiva do Flamengo nas competi\u00e7\u00f5es que enfrenta.<\/p>\n\n\n\n<h2 class=\"wp-block-heading\" id=\"h-saul-niguez-a-resposta-rubro-negra-para-o-meio-campo\">Sa\u00fal \u00d1\u00edguez: a resposta rubro-negra para o meio-campo<\/h2>\n\n\n\n<p>Al\u00e9m disso, o Flamengo est\u00e1 pr\u00f3ximo de anunciar Sa\u00fal \u00d1\u00edguez, meio-campista espanhol que deve rescindir contrato com o Atl\u00e9tico de Madrid. Sa\u00fal traz experi\u00eancia internacional e conex\u00f5es importantes, tendo jogado ao lado do t\u00e9cnico Filipe Lu\u00eds e de Jorginho, atuais membros do elenco flamenguista. Isso porque o meio-campo rubro-negro precisa de refor\u00e7os devido \u00e0 sa\u00edda de Gerson e \u00e0s frequentes les\u00f5es no setor.<\/p>\n\n\n\n<p>Portanto, com a iminente sa\u00edda de Wesley e a chegada de refor\u00e7os pontuais, o Flamengo demonstra que est\u00e1 atento \u00e0s demandas do elenco para n\u00e3o perder for\u00e7a durante a temporada. Com isso, o clube busca equil\u00edbrio entre reformula\u00e7\u00e3o e manuten\u00e7\u00e3o do alto n\u00edvel competitivo.<\/p>\n","protected":false},"excerpt":{"rendered":"<p>A janela de transfer\u00eancias est\u00e1 agitada no Flamengo, que se aproxima de uma movimenta\u00e7\u00e3o importante: a sa\u00edda do lateral-direito Wesley para a Roma. Com negocia\u00e7\u00f5es avan\u00e7adas e pressa por parte do clube italiano, o desfecho dessa transfer\u00eancia pode impactar diretamente a estrutura defensiva do time carioca.&nbsp; Al\u00e9m disso, o Flamengo busca refor\u00e7os para repor essa [&hellip;]<\/p>\n","protected":false},"author":25,"featured_media":207524,"comment_status":"open","ping_status":"closed","sticky":false,"template":"","format":"standard","meta":{"footnotes":""},"categories":[1],"tags":[],"class_list":["post-272904","post","type-post","status-publish","format-standard","has-post-thumbnail","hentry","category-flamengo"],"yoast_head":"<!-- This site is optimized with the Yoast SEO Premium plugin v24.2 (Yoast SEO v26.9) - https:\/\/yoast.com\/product\/yoast-seo-premium-wordpress\/ -->\n<title>Veja atualiza\u00e7\u00f5es sobre a sa\u00edda de Wesley do Flamengo para a Roma<\/title>\n<meta name=\"robots\" content=\"index, follow, max-snippet:-1, max-image-preview:large, max-video-preview:-1\" \/>\n<link rel=\"canonical\" href=\"https:\/\/www.gaveanews.com\/index.php\/2025\/07\/23\/veja-atualizacoes-sobre-a-saida-de-wesley-do-flamengo-para-a-roma\/\" \/>\n<meta property=\"og:locale\" content=\"pt_BR\" \/>\n<meta property=\"og:type\" content=\"article\" \/>\n<meta property=\"og:title\" content=\"Veja atualiza\u00e7\u00f5es sobre a sa\u00edda de Wesley do Flamengo para a Roma\" \/>\n<meta property=\"og:description\" content=\"A janela de transfer\u00eancias est\u00e1 agitada no Flamengo, que se aproxima de uma movimenta\u00e7\u00e3o importante: a sa\u00edda do lateral-direito Wesley para a Roma. Com negocia\u00e7\u00f5es avan\u00e7adas e pressa por parte do clube italiano, o desfecho dessa transfer\u00eancia pode impactar diretamente a estrutura defensiva do time carioca.&nbsp; Al\u00e9m disso, o Flamengo busca refor\u00e7os para repor essa [&hellip;]\" \/>\n<meta property=\"og:url\" content=\"https:\/\/www.gaveanews.com\/index.php\/2025\/07\/23\/veja-atualizacoes-sobre-a-saida-de-wesley-do-flamengo-para-a-roma\/\" \/>\n<meta property=\"og:site_name\" content=\"G\u00e1vea News\" \/>\n<meta property=\"article:publisher\" content=\"https:\/\/facebook.com\/gaveaNews\/\" \/>\n<meta property=\"article:published_time\" content=\"2025-07-23T15:00:00+00:00\" \/>\n<meta property=\"og:image\" content=\"https:\/\/www.gaveanews.com\/wp-content\/uploads\/GgZnA0yXYAAykTp.webp\" \/>\n\t<meta property=\"og:image:width\" content=\"1920\" \/>\n\t<meta property=\"og:image:height\" content=\"1080\" \/>\n\t<meta property=\"og:image:type\" content=\"image\/jpeg\" \/>\n<meta name=\"author\" content=\"Rafaela Ladeira\" \/>\n<meta name=\"twitter:card\" content=\"summary_large_image\" \/>\n<meta name=\"twitter:label1\" content=\"Escrito por\" \/>\n\t<meta name=\"twitter:data1\" content=\"Rafaela Ladeira\" \/>\n\t<meta name=\"twitter:label2\" content=\"Est. tempo de leitura\" \/>\n\t<meta name=\"twitter:data2\" content=\"3 minutos\" \/>\n<script type=\"application\/ld+json\" class=\"yoast-schema-graph\">{\"@context\":\"https:\/\/schema.org\",\"@graph\":[{\"@type\":\"NewsArticle\",\"@id\":\"https:\/\/www.gaveanews.com\/index.php\/2025\/07\/23\/veja-atualizacoes-sobre-a-saida-de-wesley-do-flamengo-para-a-roma\/#article\",\"isPartOf\":{\"@id\":\"https:\/\/www.gaveanews.com\/index.php\/2025\/07\/23\/veja-atualizacoes-sobre-a-saida-de-wesley-do-flamengo-para-a-roma\/\"},\"author\":{\"name\":\"Rafaela Ladeira\",\"@id\":\"https:\/\/www.gaveanews.com\/#\/schema\/person\/0eb3e3fe1754f0205218538adbe8f5ed\"},\"headline\":\"Veja atualiza\u00e7\u00f5es sobre a sa\u00edda de Wesley do Flamengo para a Roma\",\"datePublished\":\"2025-07-23T15:00:00+00:00\",\"mainEntityOfPage\":{\"@id\":\"https:\/\/www.gaveanews.com\/index.php\/2025\/07\/23\/veja-atualizacoes-sobre-a-saida-de-wesley-do-flamengo-para-a-roma\/\"},\"wordCount\":458,\"commentCount\":0,\"image\":{\"@id\":\"https:\/\/www.gaveanews.com\/index.php\/2025\/07\/23\/veja-atualizacoes-sobre-a-saida-de-wesley-do-flamengo-para-a-roma\/#primaryimage\"},\"thumbnailUrl\":\"https:\/\/www.gaveanews.com\/wp-content\/uploads\/GgZnA0yXYAAykTp.webp\",\"articleSection\":[\"Flamengo\"],\"inLanguage\":\"pt-BR\",\"potentialAction\":[{\"@type\":\"CommentAction\",\"name\":\"Comment\",\"target\":[\"https:\/\/www.gaveanews.com\/index.php\/2025\/07\/23\/veja-atualizacoes-sobre-a-saida-de-wesley-do-flamengo-para-a-roma\/#respond\"]}],\"copyrightYear\":\"2025\",\"copyrightHolder\":{\"@id\":\"https:\/\/www.gaveanews.com\/#organization\"}},{\"@type\":\"WebPage\",\"@id\":\"https:\/\/www.gaveanews.com\/index.php\/2025\/07\/23\/veja-atualizacoes-sobre-a-saida-de-wesley-do-flamengo-para-a-roma\/\",\"url\":\"https:\/\/www.gaveanews.com\/index.php\/2025\/07\/23\/veja-atualizacoes-sobre-a-saida-de-wesley-do-flamengo-para-a-roma\/\",\"name\":\"Veja atualiza\u00e7\u00f5es sobre a sa\u00edda de Wesley do Flamengo para a Roma\",\"isPartOf\":{\"@id\":\"https:\/\/www.gaveanews.com\/#website\"},\"primaryImageOfPage\":{\"@id\":\"https:\/\/www.gaveanews.com\/index.php\/2025\/07\/23\/veja-atualizacoes-sobre-a-saida-de-wesley-do-flamengo-para-a-roma\/#primaryimage\"},\"image\":{\"@id\":\"https:\/\/www.gaveanews.com\/index.php\/2025\/07\/23\/veja-atualizacoes-sobre-a-saida-de-wesley-do-flamengo-para-a-roma\/#primaryimage\"},\"thumbnailUrl\":\"https:\/\/www.gaveanews.com\/wp-content\/uploads\/GgZnA0yXYAAykTp.webp\",\"datePublished\":\"2025-07-23T15:00:00+00:00\",\"author\":{\"@id\":\"https:\/\/www.gaveanews.com\/#\/schema\/person\/0eb3e3fe1754f0205218538adbe8f5ed\"},\"breadcrumb\":{\"@id\":\"https:\/\/www.gaveanews.com\/index.php\/2025\/07\/23\/veja-atualizacoes-sobre-a-saida-de-wesley-do-flamengo-para-a-roma\/#breadcrumb\"},\"inLanguage\":\"pt-BR\",\"potentialAction\":[{\"@type\":\"ReadAction\",\"target\":[\"https:\/\/www.gaveanews.com\/index.php\/2025\/07\/23\/veja-atualizacoes-sobre-a-saida-de-wesley-do-flamengo-para-a-roma\/\"]}]},{\"@type\":\"ImageObject\",\"inLanguage\":\"pt-BR\",\"@id\":\"https:\/\/www.gaveanews.com\/index.php\/2025\/07\/23\/veja-atualizacoes-sobre-a-saida-de-wesley-do-flamengo-para-a-roma\/#primaryimage\",\"url\":\"https:\/\/www.gaveanews.com\/wp-content\/uploads\/GgZnA0yXYAAykTp.webp\",\"contentUrl\":\"https:\/\/www.gaveanews.com\/wp-content\/uploads\/GgZnA0yXYAAykTp.webp\",\"width\":1920,\"height\":1080,\"caption\":\"Lateral Wesley, do Flamengo (Foto: Divulga\u00e7\u00e3o)\"},{\"@type\":\"BreadcrumbList\",\"@id\":\"https:\/\/www.gaveanews.com\/index.php\/2025\/07\/23\/veja-atualizacoes-sobre-a-saida-de-wesley-do-flamengo-para-a-roma\/#breadcrumb\",\"itemListElement\":[{\"@type\":\"ListItem\",\"position\":1,\"name\":\"Home\",\"item\":\"https:\/\/www.gaveanews.com\/\"},{\"@type\":\"ListItem\",\"position\":2,\"name\":\"Veja atualiza\u00e7\u00f5es sobre a sa\u00edda de Wesley do Flamengo para a Roma\"}]},{\"@type\":\"WebSite\",\"@id\":\"https:\/\/www.gaveanews.com\/#website\",\"url\":\"https:\/\/www.gaveanews.com\/\",\"name\":\"G\u00e1vea News\",\"description\":\"Veja todas as not\u00edcias sobre o Flamengo: Contrata\u00e7\u00f5es, categorias de base, resultados das partidas, tabela de classifica\u00e7\u00e3o, pr\u00f3ximos jogos!\",\"potentialAction\":[{\"@type\":\"SearchAction\",\"target\":{\"@type\":\"EntryPoint\",\"urlTemplate\":\"https:\/\/www.gaveanews.com\/?s={search_term_string}\"},\"query-input\":{\"@type\":\"PropertyValueSpecification\",\"valueRequired\":true,\"valueName\":\"search_term_string\"}}],\"inLanguage\":\"pt-BR\"},{\"@type\":\"Person\",\"@id\":\"https:\/\/www.gaveanews.com\/#\/schema\/person\/0eb3e3fe1754f0205218538adbe8f5ed\",\"name\":\"Rafaela Ladeira\",\"image\":{\"@type\":\"ImageObject\",\"inLanguage\":\"pt-BR\",\"@id\":\"https:\/\/www.gaveanews.com\/#\/schema\/person\/image\/\",\"url\":\"https:\/\/secure.gravatar.com\/avatar\/c31f513acffd85eacab5730cbdfdbbf59f21ba5aeada8cd890acea879fbb2455?s=96&d=mm&r=g\",\"contentUrl\":\"https:\/\/secure.gravatar.com\/avatar\/c31f513acffd85eacab5730cbdfdbbf59f21ba5aeada8cd890acea879fbb2455?s=96&d=mm&r=g\",\"caption\":\"Rafaela Ladeira\"}}]}<\/script>\n<!-- \/ Yoast SEO Premium plugin. -->","yoast_head_json":{"title":"Veja atualiza\u00e7\u00f5es sobre a sa\u00edda de Wesley do Flamengo para a Roma","robots":{"index":"index","follow":"follow","max-snippet":"max-snippet:-1","max-image-preview":"max-image-preview:large","max-video-preview":"max-video-preview:-1"},"canonical":"https:\/\/www.gaveanews.com\/index.php\/2025\/07\/23\/veja-atualizacoes-sobre-a-saida-de-wesley-do-flamengo-para-a-roma\/","og_locale":"pt_BR","og_type":"article","og_title":"Veja atualiza\u00e7\u00f5es sobre a sa\u00edda de Wesley do Flamengo para a Roma","og_description":"A janela de transfer\u00eancias est\u00e1 agitada no Flamengo, que se aproxima de uma movimenta\u00e7\u00e3o importante: a sa\u00edda do lateral-direito Wesley para a Roma. Com negocia\u00e7\u00f5es avan\u00e7adas e pressa por parte do clube italiano, o desfecho dessa transfer\u00eancia pode impactar diretamente a estrutura defensiva do time carioca.&nbsp; Al\u00e9m disso, o Flamengo busca refor\u00e7os para repor essa [&hellip;]","og_url":"https:\/\/www.gaveanews.com\/index.php\/2025\/07\/23\/veja-atualizacoes-sobre-a-saida-de-wesley-do-flamengo-para-a-roma\/","og_site_name":"G\u00e1vea News","article_publisher":"https:\/\/facebook.com\/gaveaNews\/","article_published_time":"2025-07-23T15:00:00+00:00","og_image":[{"width":1920,"height":1080,"url":"https:\/\/www.gaveanews.com\/wp-content\/uploads\/GgZnA0yXYAAykTp.webp","type":"image\/jpeg"}],"author":"Rafaela Ladeira","twitter_card":"summary_large_image","twitter_misc":{"Escrito por":"Rafaela Ladeira","Est. tempo de leitura":"3 minutos"},"schema":{"@context":"https:\/\/schema.org","@graph":[{"@type":"NewsArticle","@id":"https:\/\/www.gaveanews.com\/index.php\/2025\/07\/23\/veja-atualizacoes-sobre-a-saida-de-wesley-do-flamengo-para-a-roma\/#article","isPartOf":{"@id":"https:\/\/www.gaveanews.com\/index.php\/2025\/07\/23\/veja-atualizacoes-sobre-a-saida-de-wesley-do-flamengo-para-a-roma\/"},"author":{"name":"Rafaela Ladeira","@id":"https:\/\/www.gaveanews.com\/#\/schema\/person\/0eb3e3fe1754f0205218538adbe8f5ed"},"headline":"Veja atualiza\u00e7\u00f5es sobre a sa\u00edda de Wesley do Flamengo para a Roma","datePublished":"2025-07-23T15:00:00+00:00","mainEntityOfPage":{"@id":"https:\/\/www.gaveanews.com\/index.php\/2025\/07\/23\/veja-atualizacoes-sobre-a-saida-de-wesley-do-flamengo-para-a-roma\/"},"wordCount":458,"commentCount":0,"image":{"@id":"https:\/\/www.gaveanews.com\/index.php\/2025\/07\/23\/veja-atualizacoes-sobre-a-saida-de-wesley-do-flamengo-para-a-roma\/#primaryimage"},"thumbnailUrl":"https:\/\/www.gaveanews.com\/wp-content\/uploads\/GgZnA0yXYAAykTp.webp","articleSection":["Flamengo"],"inLanguage":"pt-BR","potentialAction":[{"@type":"CommentAction","name":"Comment","target":["https:\/\/www.gaveanews.com\/index.php\/2025\/07\/23\/veja-atualizacoes-sobre-a-saida-de-wesley-do-flamengo-para-a-roma\/#respond"]}],"copyrightYear":"2025","copyrightHolder":{"@id":"https:\/\/www.gaveanews.com\/#organization"}},{"@type":"WebPage","@id":"https:\/\/www.gaveanews.com\/index.php\/2025\/07\/23\/veja-atualizacoes-sobre-a-saida-de-wesley-do-flamengo-para-a-roma\/","url":"https:\/\/www.gaveanews.com\/index.php\/2025\/07\/23\/veja-atualizacoes-sobre-a-saida-de-wesley-do-flamengo-para-a-roma\/","name":"Veja atualiza\u00e7\u00f5es sobre a sa\u00edda de Wesley do Flamengo para a Roma","isPartOf":{"@id":"https:\/\/www.gaveanews.com\/#website"},"primaryImageOfPage":{"@id":"https:\/\/www.gaveanews.com\/index.php\/2025\/07\/23\/veja-atualizacoes-sobre-a-saida-de-wesley-do-flamengo-para-a-roma\/#primaryimage"},"image":{"@id":"https:\/\/www.gaveanews.com\/index.php\/2025\/07\/23\/veja-atualizacoes-sobre-a-saida-de-wesley-do-flamengo-para-a-roma\/#primaryimage"},"thumbnailUrl":"https:\/\/www.gaveanews.com\/wp-content\/uploads\/GgZnA0yXYAAykTp.webp","datePublished":"2025-07-23T15:00:00+00:00","author":{"@id":"https:\/\/www.gaveanews.com\/#\/schema\/person\/0eb3e3fe1754f0205218538adbe8f5ed"},"breadcrumb":{"@id":"https:\/\/www.gaveanews.com\/index.php\/2025\/07\/23\/veja-atualizacoes-sobre-a-saida-de-wesley-do-flamengo-para-a-roma\/#breadcrumb"},"inLanguage":"pt-BR","potentialAction":[{"@type":"ReadAction","target":["https:\/\/www.gaveanews.com\/index.php\/2025\/07\/23\/veja-atualizacoes-sobre-a-saida-de-wesley-do-flamengo-para-a-roma\/"]}]},{"@type":"ImageObject","inLanguage":"pt-BR","@id":"https:\/\/www.gaveanews.com\/index.php\/2025\/07\/23\/veja-atualizacoes-sobre-a-saida-de-wesley-do-flamengo-para-a-roma\/#primaryimage","url":"https:\/\/www.gaveanews.com\/wp-content\/uploads\/GgZnA0yXYAAykTp.webp","contentUrl":"https:\/\/www.gaveanews.com\/wp-content\/uploads\/GgZnA0yXYAAykTp.webp","width":1920,"height":1080,"caption":"Lateral Wesley, do Flamengo (Foto: Divulga\u00e7\u00e3o)"},{"@type":"BreadcrumbList","@id":"https:\/\/www.gaveanews.com\/index.php\/2025\/07\/23\/veja-atualizacoes-sobre-a-saida-de-wesley-do-flamengo-para-a-roma\/#breadcrumb","itemListElement":[{"@type":"ListItem","position":1,"name":"Home","item":"https:\/\/www.gaveanews.com\/"},{"@type":"ListItem","position":2,"name":"Veja atualiza\u00e7\u00f5es sobre a sa\u00edda de Wesley do Flamengo para a Roma"}]},{"@type":"WebSite","@id":"https:\/\/www.gaveanews.com\/#website","url":"https:\/\/www.gaveanews.com\/","name":"G\u00e1vea News","description":"Veja todas as not\u00edcias sobre o Flamengo: Contrata\u00e7\u00f5es, categorias de base, resultados das partidas, tabela de classifica\u00e7\u00e3o, pr\u00f3ximos jogos!","potentialAction":[{"@type":"SearchAction","target":{"@type":"EntryPoint","urlTemplate":"https:\/\/www.gaveanews.com\/?s={search_term_string}"},"query-input":{"@type":"PropertyValueSpecification","valueRequired":true,"valueName":"search_term_string"}}],"inLanguage":"pt-BR"},{"@type":"Person","@id":"https:\/\/www.gaveanews.com\/#\/schema\/person\/0eb3e3fe1754f0205218538adbe8f5ed","name":"Rafaela Ladeira","image":{"@type":"ImageObject","inLanguage":"pt-BR","@id":"https:\/\/www.gaveanews.com\/#\/schema\/person\/image\/","url":"https:\/\/secure.gravatar.com\/avatar\/c31f513acffd85eacab5730cbdfdbbf59f21ba5aeada8cd890acea879fbb2455?s=96&d=mm&r=g","contentUrl":"https:\/\/secure.gravatar.com\/avatar\/c31f513acffd85eacab5730cbdfdbbf59f21ba5aeada8cd890acea879fbb2455?s=96&d=mm&r=g","caption":"Rafaela Ladeira"}}]}},"_links":{"self":[{"href":"https:\/\/www.gaveanews.com\/index.php\/wp-json\/wp\/v2\/posts\/272904","targetHints":{"allow":["GET"]}}],"collection":[{"href":"https:\/\/www.gaveanews.com\/index.php\/wp-json\/wp\/v2\/posts"}],"about":[{"href":"https:\/\/www.gaveanews.com\/index.php\/wp-json\/wp\/v2\/types\/post"}],"author":[{"embeddable":true,"href":"https:\/\/www.gaveanews.com\/index.php\/wp-json\/wp\/v2\/users\/25"}],"replies":[{"embeddable":true,"href":"https:\/\/www.gaveanews.com\/index.php\/wp-json\/wp\/v2\/comments?post=272904"}],"version-history":[{"count":1,"href":"https:\/\/www.gaveanews.com\/index.php\/wp-json\/wp\/v2\/posts\/272904\/revisions"}],"predecessor-version":[{"id":272906,"href":"https:\/\/www.gaveanews.com\/index.php\/wp-json\/wp\/v2\/posts\/272904\/revisions\/272906"}],"wp:featuredmedia":[{"embeddable":true,"href":"https:\/\/www.gaveanews.com\/index.php\/wp-json\/wp\/v2\/media\/207524"}],"wp:attachment":[{"href":"https:\/\/www.gaveanews.com\/index.php\/wp-json\/wp\/v2\/media?parent=272904"}],"wp:term":[{"taxonomy":"category","embeddable":true,"href":"https:\/\/www.gaveanews.com\/index.php\/wp-json\/wp\/v2\/categories?post=272904"},{"taxonomy":"post_tag","embeddable":true,"href":"https:\/\/www.gaveanews.com\/index.php\/wp-json\/wp\/v2\/tags?post=272904"}],"curies":[{"name":"wp","href":"https:\/\/api.w.org\/{rel}","templated":true}]}}