{"id":272907,"date":"2025-07-23T12:30:00","date_gmt":"2025-07-23T15:30:00","guid":{"rendered":"https:\/\/www.gaveanews.com\/?p=272907"},"modified":"2025-07-23T11:31:23","modified_gmt":"2025-07-23T14:31:23","slug":"flamengo-acerta-a-chegada-de-3-novos-jogadores","status":"publish","type":"post","link":"https:\/\/www.gaveanews.com\/index.php\/2025\/07\/23\/flamengo-acerta-a-chegada-de-3-novos-jogadores\/","title":{"rendered":"Flamengo acerta a chegada de 3 novos jogadores"},"content":{"rendered":"\n<p>Em meio a uma janela de transfer\u00eancias sem an\u00fancios no time principal, o Flamengo oficializou a chegada de tr\u00eas refor\u00e7os para o elenco sub-16. Os atletas Carlos Henrique de Carvalho (ponta esquerda), Jhon Kennedy (lateral esquerdo) e Julio C\u00e9zar (centroavante) foram contratados ap\u00f3s se destacarem no Centro Esportivo Wilson Goiano.<\/p>\n\n\n\n<p>A contrata\u00e7\u00e3o do trio foi confirmada ap\u00f3s an\u00e1lise do departamento de scout do Rubro-Negro, que tem intensificado a busca por jovens talentos. Isso porque o clube adota uma pol\u00edtica de fortalecimento constante das categorias de base, enxergando nelas uma plataforma de sustenta\u00e7\u00e3o t\u00e9cnica e financeira para os pr\u00f3ximos anos.<\/p>\n\n\n\n<h2 class=\"wp-block-heading\" id=\"h-atletas-ja-iniciaram-integracao-com-elenco\">Atletas j\u00e1 iniciaram integra\u00e7\u00e3o com elenco<\/h2>\n\n\n\n<p>Os novos jogadores j\u00e1 est\u00e3o no Rio de Janeiro e come\u00e7aram o processo de adapta\u00e7\u00e3o nas depend\u00eancias do Ninho do Urubu. Com isso, passam a ser monitorados pela comiss\u00e3o t\u00e9cnica comandada por Diogo Calhau, t\u00e9cnico da equipe sub-16.<\/p>\n\n\n\n<p>Vale destacar que o clube tem priorizado a integra\u00e7\u00e3o r\u00e1pida de atletas rec\u00e9m-chegados, buscando acelerar o desenvolvimento t\u00e9cnico e t\u00e1tico dos jovens. Dessa maneira, o Flamengo mant\u00e9m sua tradi\u00e7\u00e3o de revelar jogadores de alto n\u00edvel.<\/p>\n\n\n\n<h2 class=\"wp-block-heading\" id=\"h-nenhum-reforco-no-time-profissional-ate-o-momento\">Nenhum refor\u00e7o no time profissional at\u00e9 o momento<\/h2>\n\n\n\n<p>Enquanto o elenco de base \u00e9 refor\u00e7ado, o time profissional segue sem novidades. A negocia\u00e7\u00e3o com Michael Johnston, atacante do West Bromwich, foi descartada pela diretoria, que vetou sua chegada na reta final das conversas.<\/p>\n\n\n\n<p>Por outro lado, houve uma sa\u00edda relevante: Gerson foi vendido ao Zenit, da R\u00fassia, por 25 milh\u00f5es de euros (aproximadamente R$ 160 milh\u00f5es). Portanto, o clube lucra com a venda, mas ainda n\u00e3o anunciou nenhuma reposi\u00e7\u00e3o.<\/p>\n\n\n\n<h2 class=\"wp-block-heading\" id=\"h-estrategia-focada-na-formacao\">Estrat\u00e9gia focada na forma\u00e7\u00e3o<\/h2>\n\n\n\n<p>Cabe ressaltar que o investimento na base n\u00e3o \u00e9 novo. O Flamengo tem refor\u00e7ado suas divis\u00f5es inferiores porque acredita que a forma\u00e7\u00e3o interna \u00e9 um caminho sustent\u00e1vel para alimentar o elenco principal.<\/p>\n\n\n\n<p>Sendo assim, mesmo sem contrata\u00e7\u00f5es de impacto imediato, o clube mant\u00e9m firme sua aposta no futuro. Por isso, as aten\u00e7\u00f5es tamb\u00e9m se voltam aos garotos, que podem ser protagonistas nas pr\u00f3ximas temporadas.<\/p>\n","protected":false},"excerpt":{"rendered":"<p>Em meio a uma janela de transfer\u00eancias sem an\u00fancios no time principal, o Flamengo oficializou a chegada de tr\u00eas refor\u00e7os para o elenco sub-16. Os atletas Carlos Henrique de Carvalho (ponta esquerda), Jhon Kennedy (lateral esquerdo) e Julio C\u00e9zar (centroavante) foram contratados ap\u00f3s se destacarem no Centro Esportivo Wilson Goiano. A contrata\u00e7\u00e3o do trio foi [&hellip;]<\/p>\n","protected":false},"author":25,"featured_media":256243,"comment_status":"open","ping_status":"closed","sticky":false,"template":"","format":"standard","meta":{"footnotes":""},"categories":[1],"tags":[],"class_list":["post-272907","post","type-post","status-publish","format-standard","has-post-thumbnail","hentry","category-flamengo"],"yoast_head":"<!-- This site is optimized with the Yoast SEO Premium plugin v24.2 (Yoast SEO v26.9) - https:\/\/yoast.com\/product\/yoast-seo-premium-wordpress\/ -->\n<title>Flamengo acerta a chegada de 3 novos jogadores<\/title>\n<meta name=\"robots\" content=\"index, follow, max-snippet:-1, max-image-preview:large, max-video-preview:-1\" \/>\n<link rel=\"canonical\" href=\"https:\/\/www.gaveanews.com\/index.php\/2025\/07\/23\/flamengo-acerta-a-chegada-de-3-novos-jogadores\/\" \/>\n<meta property=\"og:locale\" content=\"pt_BR\" \/>\n<meta property=\"og:type\" content=\"article\" \/>\n<meta property=\"og:title\" content=\"Flamengo acerta a chegada de 3 novos jogadores\" \/>\n<meta property=\"og:description\" content=\"Em meio a uma janela de transfer\u00eancias sem an\u00fancios no time principal, o Flamengo oficializou a chegada de tr\u00eas refor\u00e7os para o elenco sub-16. Os atletas Carlos Henrique de Carvalho (ponta esquerda), Jhon Kennedy (lateral esquerdo) e Julio C\u00e9zar (centroavante) foram contratados ap\u00f3s se destacarem no Centro Esportivo Wilson Goiano. A contrata\u00e7\u00e3o do trio foi [&hellip;]\" \/>\n<meta property=\"og:url\" content=\"https:\/\/www.gaveanews.com\/index.php\/2025\/07\/23\/flamengo-acerta-a-chegada-de-3-novos-jogadores\/\" \/>\n<meta property=\"og:site_name\" content=\"G\u00e1vea News\" \/>\n<meta property=\"article:publisher\" content=\"https:\/\/facebook.com\/gaveaNews\/\" \/>\n<meta property=\"article:published_time\" content=\"2025-07-23T15:30:00+00:00\" \/>\n<meta property=\"og:image\" content=\"https:\/\/www.gaveanews.com\/wp-content\/uploads\/Bandeira-do-Flamengo-no-estadio-do-Corinthians-antes-do-jogo-contra-o-Fluminense-pelo-Campeonato-Brasileiro-de-2021-640x426-1.webp\" \/>\n\t<meta property=\"og:image:width\" content=\"640\" \/>\n\t<meta property=\"og:image:height\" content=\"426\" \/>\n\t<meta property=\"og:image:type\" content=\"image\/webp\" \/>\n<meta name=\"author\" content=\"Rafaela Ladeira\" \/>\n<meta name=\"twitter:card\" content=\"summary_large_image\" \/>\n<meta name=\"twitter:label1\" content=\"Escrito por\" \/>\n\t<meta name=\"twitter:data1\" content=\"Rafaela Ladeira\" \/>\n\t<meta name=\"twitter:label2\" content=\"Est. tempo de leitura\" \/>\n\t<meta name=\"twitter:data2\" content=\"2 minutos\" \/>\n<script type=\"application\/ld+json\" class=\"yoast-schema-graph\">{\"@context\":\"https:\/\/schema.org\",\"@graph\":[{\"@type\":\"NewsArticle\",\"@id\":\"https:\/\/www.gaveanews.com\/index.php\/2025\/07\/23\/flamengo-acerta-a-chegada-de-3-novos-jogadores\/#article\",\"isPartOf\":{\"@id\":\"https:\/\/www.gaveanews.com\/index.php\/2025\/07\/23\/flamengo-acerta-a-chegada-de-3-novos-jogadores\/\"},\"author\":{\"name\":\"Rafaela Ladeira\",\"@id\":\"https:\/\/www.gaveanews.com\/#\/schema\/person\/0eb3e3fe1754f0205218538adbe8f5ed\"},\"headline\":\"Flamengo acerta a chegada de 3 novos jogadores\",\"datePublished\":\"2025-07-23T15:30:00+00:00\",\"mainEntityOfPage\":{\"@id\":\"https:\/\/www.gaveanews.com\/index.php\/2025\/07\/23\/flamengo-acerta-a-chegada-de-3-novos-jogadores\/\"},\"wordCount\":377,\"commentCount\":0,\"image\":{\"@id\":\"https:\/\/www.gaveanews.com\/index.php\/2025\/07\/23\/flamengo-acerta-a-chegada-de-3-novos-jogadores\/#primaryimage\"},\"thumbnailUrl\":\"https:\/\/www.gaveanews.com\/wp-content\/uploads\/Bandeira-do-Flamengo-no-estadio-do-Corinthians-antes-do-jogo-contra-o-Fluminense-pelo-Campeonato-Brasileiro-de-2021-640x426-1.webp\",\"articleSection\":[\"Flamengo\"],\"inLanguage\":\"pt-BR\",\"potentialAction\":[{\"@type\":\"CommentAction\",\"name\":\"Comment\",\"target\":[\"https:\/\/www.gaveanews.com\/index.php\/2025\/07\/23\/flamengo-acerta-a-chegada-de-3-novos-jogadores\/#respond\"]}],\"copyrightYear\":\"2025\",\"copyrightHolder\":{\"@id\":\"https:\/\/www.gaveanews.com\/#organization\"}},{\"@type\":\"WebPage\",\"@id\":\"https:\/\/www.gaveanews.com\/index.php\/2025\/07\/23\/flamengo-acerta-a-chegada-de-3-novos-jogadores\/\",\"url\":\"https:\/\/www.gaveanews.com\/index.php\/2025\/07\/23\/flamengo-acerta-a-chegada-de-3-novos-jogadores\/\",\"name\":\"Flamengo acerta a chegada de 3 novos jogadores\",\"isPartOf\":{\"@id\":\"https:\/\/www.gaveanews.com\/#website\"},\"primaryImageOfPage\":{\"@id\":\"https:\/\/www.gaveanews.com\/index.php\/2025\/07\/23\/flamengo-acerta-a-chegada-de-3-novos-jogadores\/#primaryimage\"},\"image\":{\"@id\":\"https:\/\/www.gaveanews.com\/index.php\/2025\/07\/23\/flamengo-acerta-a-chegada-de-3-novos-jogadores\/#primaryimage\"},\"thumbnailUrl\":\"https:\/\/www.gaveanews.com\/wp-content\/uploads\/Bandeira-do-Flamengo-no-estadio-do-Corinthians-antes-do-jogo-contra-o-Fluminense-pelo-Campeonato-Brasileiro-de-2021-640x426-1.webp\",\"datePublished\":\"2025-07-23T15:30:00+00:00\",\"author\":{\"@id\":\"https:\/\/www.gaveanews.com\/#\/schema\/person\/0eb3e3fe1754f0205218538adbe8f5ed\"},\"breadcrumb\":{\"@id\":\"https:\/\/www.gaveanews.com\/index.php\/2025\/07\/23\/flamengo-acerta-a-chegada-de-3-novos-jogadores\/#breadcrumb\"},\"inLanguage\":\"pt-BR\",\"potentialAction\":[{\"@type\":\"ReadAction\",\"target\":[\"https:\/\/www.gaveanews.com\/index.php\/2025\/07\/23\/flamengo-acerta-a-chegada-de-3-novos-jogadores\/\"]}]},{\"@type\":\"ImageObject\",\"inLanguage\":\"pt-BR\",\"@id\":\"https:\/\/www.gaveanews.com\/index.php\/2025\/07\/23\/flamengo-acerta-a-chegada-de-3-novos-jogadores\/#primaryimage\",\"url\":\"https:\/\/www.gaveanews.com\/wp-content\/uploads\/Bandeira-do-Flamengo-no-estadio-do-Corinthians-antes-do-jogo-contra-o-Fluminense-pelo-Campeonato-Brasileiro-de-2021-640x426-1.webp\",\"contentUrl\":\"https:\/\/www.gaveanews.com\/wp-content\/uploads\/Bandeira-do-Flamengo-no-estadio-do-Corinthians-antes-do-jogo-contra-o-Fluminense-pelo-Campeonato-Brasileiro-de-2021-640x426-1.webp\",\"width\":640,\"height\":426},{\"@type\":\"BreadcrumbList\",\"@id\":\"https:\/\/www.gaveanews.com\/index.php\/2025\/07\/23\/flamengo-acerta-a-chegada-de-3-novos-jogadores\/#breadcrumb\",\"itemListElement\":[{\"@type\":\"ListItem\",\"position\":1,\"name\":\"Home\",\"item\":\"https:\/\/www.gaveanews.com\/\"},{\"@type\":\"ListItem\",\"position\":2,\"name\":\"Flamengo acerta a chegada de 3 novos jogadores\"}]},{\"@type\":\"WebSite\",\"@id\":\"https:\/\/www.gaveanews.com\/#website\",\"url\":\"https:\/\/www.gaveanews.com\/\",\"name\":\"G\u00e1vea News\",\"description\":\"Veja todas as not\u00edcias sobre o Flamengo: Contrata\u00e7\u00f5es, categorias de base, resultados das partidas, tabela de classifica\u00e7\u00e3o, pr\u00f3ximos jogos!\",\"potentialAction\":[{\"@type\":\"SearchAction\",\"target\":{\"@type\":\"EntryPoint\",\"urlTemplate\":\"https:\/\/www.gaveanews.com\/?s={search_term_string}\"},\"query-input\":{\"@type\":\"PropertyValueSpecification\",\"valueRequired\":true,\"valueName\":\"search_term_string\"}}],\"inLanguage\":\"pt-BR\"},{\"@type\":\"Person\",\"@id\":\"https:\/\/www.gaveanews.com\/#\/schema\/person\/0eb3e3fe1754f0205218538adbe8f5ed\",\"name\":\"Rafaela Ladeira\",\"image\":{\"@type\":\"ImageObject\",\"inLanguage\":\"pt-BR\",\"@id\":\"https:\/\/www.gaveanews.com\/#\/schema\/person\/image\/\",\"url\":\"https:\/\/secure.gravatar.com\/avatar\/c31f513acffd85eacab5730cbdfdbbf59f21ba5aeada8cd890acea879fbb2455?s=96&d=mm&r=g\",\"contentUrl\":\"https:\/\/secure.gravatar.com\/avatar\/c31f513acffd85eacab5730cbdfdbbf59f21ba5aeada8cd890acea879fbb2455?s=96&d=mm&r=g\",\"caption\":\"Rafaela Ladeira\"}}]}<\/script>\n<!-- \/ Yoast SEO Premium plugin. -->","yoast_head_json":{"title":"Flamengo acerta a chegada de 3 novos jogadores","robots":{"index":"index","follow":"follow","max-snippet":"max-snippet:-1","max-image-preview":"max-image-preview:large","max-video-preview":"max-video-preview:-1"},"canonical":"https:\/\/www.gaveanews.com\/index.php\/2025\/07\/23\/flamengo-acerta-a-chegada-de-3-novos-jogadores\/","og_locale":"pt_BR","og_type":"article","og_title":"Flamengo acerta a chegada de 3 novos jogadores","og_description":"Em meio a uma janela de transfer\u00eancias sem an\u00fancios no time principal, o Flamengo oficializou a chegada de tr\u00eas refor\u00e7os para o elenco sub-16. Os atletas Carlos Henrique de Carvalho (ponta esquerda), Jhon Kennedy (lateral esquerdo) e Julio C\u00e9zar (centroavante) foram contratados ap\u00f3s se destacarem no Centro Esportivo Wilson Goiano. A contrata\u00e7\u00e3o do trio foi [&hellip;]","og_url":"https:\/\/www.gaveanews.com\/index.php\/2025\/07\/23\/flamengo-acerta-a-chegada-de-3-novos-jogadores\/","og_site_name":"G\u00e1vea News","article_publisher":"https:\/\/facebook.com\/gaveaNews\/","article_published_time":"2025-07-23T15:30:00+00:00","og_image":[{"width":640,"height":426,"url":"https:\/\/www.gaveanews.com\/wp-content\/uploads\/Bandeira-do-Flamengo-no-estadio-do-Corinthians-antes-do-jogo-contra-o-Fluminense-pelo-Campeonato-Brasileiro-de-2021-640x426-1.webp","type":"image\/webp"}],"author":"Rafaela Ladeira","twitter_card":"summary_large_image","twitter_misc":{"Escrito por":"Rafaela Ladeira","Est. tempo de leitura":"2 minutos"},"schema":{"@context":"https:\/\/schema.org","@graph":[{"@type":"NewsArticle","@id":"https:\/\/www.gaveanews.com\/index.php\/2025\/07\/23\/flamengo-acerta-a-chegada-de-3-novos-jogadores\/#article","isPartOf":{"@id":"https:\/\/www.gaveanews.com\/index.php\/2025\/07\/23\/flamengo-acerta-a-chegada-de-3-novos-jogadores\/"},"author":{"name":"Rafaela Ladeira","@id":"https:\/\/www.gaveanews.com\/#\/schema\/person\/0eb3e3fe1754f0205218538adbe8f5ed"},"headline":"Flamengo acerta a chegada de 3 novos jogadores","datePublished":"2025-07-23T15:30:00+00:00","mainEntityOfPage":{"@id":"https:\/\/www.gaveanews.com\/index.php\/2025\/07\/23\/flamengo-acerta-a-chegada-de-3-novos-jogadores\/"},"wordCount":377,"commentCount":0,"image":{"@id":"https:\/\/www.gaveanews.com\/index.php\/2025\/07\/23\/flamengo-acerta-a-chegada-de-3-novos-jogadores\/#primaryimage"},"thumbnailUrl":"https:\/\/www.gaveanews.com\/wp-content\/uploads\/Bandeira-do-Flamengo-no-estadio-do-Corinthians-antes-do-jogo-contra-o-Fluminense-pelo-Campeonato-Brasileiro-de-2021-640x426-1.webp","articleSection":["Flamengo"],"inLanguage":"pt-BR","potentialAction":[{"@type":"CommentAction","name":"Comment","target":["https:\/\/www.gaveanews.com\/index.php\/2025\/07\/23\/flamengo-acerta-a-chegada-de-3-novos-jogadores\/#respond"]}],"copyrightYear":"2025","copyrightHolder":{"@id":"https:\/\/www.gaveanews.com\/#organization"}},{"@type":"WebPage","@id":"https:\/\/www.gaveanews.com\/index.php\/2025\/07\/23\/flamengo-acerta-a-chegada-de-3-novos-jogadores\/","url":"https:\/\/www.gaveanews.com\/index.php\/2025\/07\/23\/flamengo-acerta-a-chegada-de-3-novos-jogadores\/","name":"Flamengo acerta a chegada de 3 novos jogadores","isPartOf":{"@id":"https:\/\/www.gaveanews.com\/#website"},"primaryImageOfPage":{"@id":"https:\/\/www.gaveanews.com\/index.php\/2025\/07\/23\/flamengo-acerta-a-chegada-de-3-novos-jogadores\/#primaryimage"},"image":{"@id":"https:\/\/www.gaveanews.com\/index.php\/2025\/07\/23\/flamengo-acerta-a-chegada-de-3-novos-jogadores\/#primaryimage"},"thumbnailUrl":"https:\/\/www.gaveanews.com\/wp-content\/uploads\/Bandeira-do-Flamengo-no-estadio-do-Corinthians-antes-do-jogo-contra-o-Fluminense-pelo-Campeonato-Brasileiro-de-2021-640x426-1.webp","datePublished":"2025-07-23T15:30:00+00:00","author":{"@id":"https:\/\/www.gaveanews.com\/#\/schema\/person\/0eb3e3fe1754f0205218538adbe8f5ed"},"breadcrumb":{"@id":"https:\/\/www.gaveanews.com\/index.php\/2025\/07\/23\/flamengo-acerta-a-chegada-de-3-novos-jogadores\/#breadcrumb"},"inLanguage":"pt-BR","potentialAction":[{"@type":"ReadAction","target":["https:\/\/www.gaveanews.com\/index.php\/2025\/07\/23\/flamengo-acerta-a-chegada-de-3-novos-jogadores\/"]}]},{"@type":"ImageObject","inLanguage":"pt-BR","@id":"https:\/\/www.gaveanews.com\/index.php\/2025\/07\/23\/flamengo-acerta-a-chegada-de-3-novos-jogadores\/#primaryimage","url":"https:\/\/www.gaveanews.com\/wp-content\/uploads\/Bandeira-do-Flamengo-no-estadio-do-Corinthians-antes-do-jogo-contra-o-Fluminense-pelo-Campeonato-Brasileiro-de-2021-640x426-1.webp","contentUrl":"https:\/\/www.gaveanews.com\/wp-content\/uploads\/Bandeira-do-Flamengo-no-estadio-do-Corinthians-antes-do-jogo-contra-o-Fluminense-pelo-Campeonato-Brasileiro-de-2021-640x426-1.webp","width":640,"height":426},{"@type":"BreadcrumbList","@id":"https:\/\/www.gaveanews.com\/index.php\/2025\/07\/23\/flamengo-acerta-a-chegada-de-3-novos-jogadores\/#breadcrumb","itemListElement":[{"@type":"ListItem","position":1,"name":"Home","item":"https:\/\/www.gaveanews.com\/"},{"@type":"ListItem","position":2,"name":"Flamengo acerta a chegada de 3 novos jogadores"}]},{"@type":"WebSite","@id":"https:\/\/www.gaveanews.com\/#website","url":"https:\/\/www.gaveanews.com\/","name":"G\u00e1vea News","description":"Veja todas as not\u00edcias sobre o Flamengo: Contrata\u00e7\u00f5es, categorias de base, resultados das partidas, tabela de classifica\u00e7\u00e3o, pr\u00f3ximos jogos!","potentialAction":[{"@type":"SearchAction","target":{"@type":"EntryPoint","urlTemplate":"https:\/\/www.gaveanews.com\/?s={search_term_string}"},"query-input":{"@type":"PropertyValueSpecification","valueRequired":true,"valueName":"search_term_string"}}],"inLanguage":"pt-BR"},{"@type":"Person","@id":"https:\/\/www.gaveanews.com\/#\/schema\/person\/0eb3e3fe1754f0205218538adbe8f5ed","name":"Rafaela Ladeira","image":{"@type":"ImageObject","inLanguage":"pt-BR","@id":"https:\/\/www.gaveanews.com\/#\/schema\/person\/image\/","url":"https:\/\/secure.gravatar.com\/avatar\/c31f513acffd85eacab5730cbdfdbbf59f21ba5aeada8cd890acea879fbb2455?s=96&d=mm&r=g","contentUrl":"https:\/\/secure.gravatar.com\/avatar\/c31f513acffd85eacab5730cbdfdbbf59f21ba5aeada8cd890acea879fbb2455?s=96&d=mm&r=g","caption":"Rafaela Ladeira"}}]}},"_links":{"self":[{"href":"https:\/\/www.gaveanews.com\/index.php\/wp-json\/wp\/v2\/posts\/272907","targetHints":{"allow":["GET"]}}],"collection":[{"href":"https:\/\/www.gaveanews.com\/index.php\/wp-json\/wp\/v2\/posts"}],"about":[{"href":"https:\/\/www.gaveanews.com\/index.php\/wp-json\/wp\/v2\/types\/post"}],"author":[{"embeddable":true,"href":"https:\/\/www.gaveanews.com\/index.php\/wp-json\/wp\/v2\/users\/25"}],"replies":[{"embeddable":true,"href":"https:\/\/www.gaveanews.com\/index.php\/wp-json\/wp\/v2\/comments?post=272907"}],"version-history":[{"count":1,"href":"https:\/\/www.gaveanews.com\/index.php\/wp-json\/wp\/v2\/posts\/272907\/revisions"}],"predecessor-version":[{"id":272908,"href":"https:\/\/www.gaveanews.com\/index.php\/wp-json\/wp\/v2\/posts\/272907\/revisions\/272908"}],"wp:featuredmedia":[{"embeddable":true,"href":"https:\/\/www.gaveanews.com\/index.php\/wp-json\/wp\/v2\/media\/256243"}],"wp:attachment":[{"href":"https:\/\/www.gaveanews.com\/index.php\/wp-json\/wp\/v2\/media?parent=272907"}],"wp:term":[{"taxonomy":"category","embeddable":true,"href":"https:\/\/www.gaveanews.com\/index.php\/wp-json\/wp\/v2\/categories?post=272907"},{"taxonomy":"post_tag","embeddable":true,"href":"https:\/\/www.gaveanews.com\/index.php\/wp-json\/wp\/v2\/tags?post=272907"}],"curies":[{"name":"wp","href":"https:\/\/api.w.org\/{rel}","templated":true}]}}