{"id":272909,"date":"2025-07-23T13:09:49","date_gmt":"2025-07-23T16:09:49","guid":{"rendered":"https:\/\/www.gaveanews.com\/?p=272909"},"modified":"2025-07-23T13:09:54","modified_gmt":"2025-07-23T16:09:54","slug":"flamengo-se-pronuncia-oficialmente-apos-vazamentos-nos-bastidores","status":"publish","type":"post","link":"https:\/\/www.gaveanews.com\/index.php\/2025\/07\/23\/flamengo-se-pronuncia-oficialmente-apos-vazamentos-nos-bastidores\/","title":{"rendered":"Flamengo se pronuncia oficialmente ap\u00f3s vazamentos nos bastidores"},"content":{"rendered":"\n<p>Em meio a mais uma pol\u00eamica que agitou os bastidores do Ninho do Urubu, o Flamengo veio a p\u00fablico nesta quarta-feira (23) para esclarecer o vazamento de uma mensagem cr\u00edtica \u00e0 condi\u00e7\u00e3o cl\u00ednica do meia uruguaio Nicol\u00e1s De La Cruz.&nbsp;<\/p>\n\n\n\n<p>O conte\u00fado, atribu\u00eddo ao m\u00e9dico Jos\u00e9 Luiz Runco, gerou grande repercuss\u00e3o nas redes sociais e entre os torcedores. Por isso, o clube decidiu emitir uma nota oficial a fim de conter a crise e reafirmar sua postura institucional.<\/p>\n\n\n\n<h2 class=\"wp-block-heading\" id=\"h-clube-desmente-autoria-e-reforca-foco-no-alto-desempenho\">Clube desmente autoria e refor\u00e7a foco no alto desempenho<\/h2>\n\n\n\n<p>Vale destacar que, no comunicado, o Flamengo deixa claro que nenhum dos cinco m\u00e9dicos do departamento de futebol profissional foi respons\u00e1vel pela mensagem. Segundo o clube, a equipe atual \u00e9 composta por Fernando Sassaki, Luiz Macedo, Dieno Portella, Vitor Pereira e Bruno Hassel, todos profissionais atuantes no cotidiano do elenco.<\/p>\n\n\n\n<p><strong>Confira a nota do clube:<\/strong><\/p>\n\n\n\n<p>\u201cA Diretoria de Futebol do Clube de Regatas do Flamengo esclarece que a mensagem vazada recentemente n\u00e3o foi escrita por nenhum dos cinco m\u00e9dicos que integram o departamento do futebol profissional: Fernando Sassaki (ortopedista e chefe do setor), Luiz Macedo (cardiologista), Dieno Portella (ortopedista), Vitor Pereira (ortopedista) e Bruno Hassel (radiologista). Como \u00e9 de conhecimento p\u00fablico, s\u00e3o esses profissionais os respons\u00e1veis pelo atendimento di\u00e1rio aos atletas em treinamentos, jogos e viagens, al\u00e9m de levarem de forma constante e transparente todas as informa\u00e7\u00f5es de interesse da imprensa e da torcida.<\/p>\n\n\n\n<p>A Diretoria de Futebol reitera que n\u00e3o comentar\u00e1 especula\u00e7\u00f5es e manter\u00e1 seu foco \u00fanica e exclusivamente em preservar o alto n\u00edvel de performance e concentra\u00e7\u00e3o que levaram o Clube, neste primeiro semestre, ao melhor desempenho entre todos no cen\u00e1rio nacional.<\/p>\n\n\n\n<p>O Flamengo seguir\u00e1 trabalhando com seriedade, buscando seus objetivos esportivos, cuidando tecnicamente da sa\u00fade de seus atletas, investindo em uma equipe de alto n\u00edvel e refor\u00e7ando seu elenco com jogadores do padr\u00e3o de Sele\u00e7\u00e3o.\u201d<\/p>\n\n\n\n<h2 class=\"wp-block-heading\" id=\"h-runco-critica-condicoes-fisicas-de-de-la-cruz\">Runco critica condi\u00e7\u00f5es f\u00edsicas de De La Cruz<\/h2>\n\n\n\n<p>Sendo assim, \u00e9 importante lembrar o teor da pol\u00eamica mensagem atribu\u00edda a Runco em um grupo de WhatsApp. No texto, o ex-coordenador m\u00e9dico do clube diz:<\/p>\n\n\n\n<p>\u201cJogador comprado em outra gest\u00e3o, sem a menor condi\u00e7\u00e3o pois apresenta uma les\u00e3o cr\u00f4nica e irrepar\u00e1vel no joelho direito, e uma les\u00e3o tamb\u00e9m no joelho esquerdo. Como somos b\u00edpedes, temos dificuldades de equil\u00edbrio e equil\u00edbrio muscular se algum membro j\u00e1 estiver afetado. Estamos tentando fazer o poss\u00edvel para que ele possa participar, mas \u00e9 muito complicado. E, quanto a venda, s\u00f3 se houver algum clube que tenha interesse por outro motivo e n\u00e3o para jogar futebol competitivo\u201d.<\/p>\n\n\n\n<p>Cabe ressaltar que De La Cruz \u00e9 considerado pe\u00e7a fundamental no atual elenco rubro-negro, isso porque sua t\u00e9cnica, intensidade e leitura de jogo o tornaram rapidamente um dos pilares da equipe.<\/p>\n\n\n\n<p>Dessa maneira, o Flamengo tenta blindar o ambiente interno. Com isso, reafirma sua confian\u00e7a no trabalho m\u00e9dico e evita novos desgastes com declara\u00e7\u00f5es p\u00fablicas.&nbsp;<\/p>\n\n\n\n<p>Al\u00e9m disso, o clube demonstra estar comprometido em seguir buscando resultados expressivos, porque entende que estabilidade e confian\u00e7a s\u00e3o fundamentais para a continuidade da temporada.<\/p>\n","protected":false},"excerpt":{"rendered":"<p>Em meio a mais uma pol\u00eamica que agitou os bastidores do Ninho do Urubu, o Flamengo veio a p\u00fablico nesta quarta-feira (23) para esclarecer o vazamento de uma mensagem cr\u00edtica \u00e0 condi\u00e7\u00e3o cl\u00ednica do meia uruguaio Nicol\u00e1s De La Cruz.&nbsp; O conte\u00fado, atribu\u00eddo ao m\u00e9dico Jos\u00e9 Luiz Runco, gerou grande repercuss\u00e3o nas redes sociais e [&hellip;]<\/p>\n","protected":false},"author":25,"featured_media":213513,"comment_status":"open","ping_status":"closed","sticky":false,"template":"","format":"standard","meta":{"footnotes":""},"categories":[1],"tags":[],"class_list":["post-272909","post","type-post","status-publish","format-standard","has-post-thumbnail","hentry","category-flamengo"],"yoast_head":"<!-- This site is optimized with the Yoast SEO Premium plugin v24.2 (Yoast SEO v26.9) - https:\/\/yoast.com\/product\/yoast-seo-premium-wordpress\/ -->\n<title>Flamengo se pronuncia oficialmente ap\u00f3s vazamentos nos bastidores<\/title>\n<meta name=\"robots\" content=\"index, follow, max-snippet:-1, max-image-preview:large, max-video-preview:-1\" \/>\n<link rel=\"canonical\" href=\"https:\/\/www.gaveanews.com\/index.php\/2025\/07\/23\/flamengo-se-pronuncia-oficialmente-apos-vazamentos-nos-bastidores\/\" \/>\n<meta property=\"og:locale\" content=\"pt_BR\" \/>\n<meta property=\"og:type\" content=\"article\" \/>\n<meta property=\"og:title\" content=\"Flamengo se pronuncia oficialmente ap\u00f3s vazamentos nos bastidores\" \/>\n<meta property=\"og:description\" content=\"Em meio a mais uma pol\u00eamica que agitou os bastidores do Ninho do Urubu, o Flamengo veio a p\u00fablico nesta quarta-feira (23) para esclarecer o vazamento de uma mensagem cr\u00edtica \u00e0 condi\u00e7\u00e3o cl\u00ednica do meia uruguaio Nicol\u00e1s De La Cruz.&nbsp; O conte\u00fado, atribu\u00eddo ao m\u00e9dico Jos\u00e9 Luiz Runco, gerou grande repercuss\u00e3o nas redes sociais e [&hellip;]\" \/>\n<meta property=\"og:url\" content=\"https:\/\/www.gaveanews.com\/index.php\/2025\/07\/23\/flamengo-se-pronuncia-oficialmente-apos-vazamentos-nos-bastidores\/\" \/>\n<meta property=\"og:site_name\" content=\"G\u00e1vea News\" \/>\n<meta property=\"article:publisher\" content=\"https:\/\/facebook.com\/gaveaNews\/\" \/>\n<meta property=\"article:published_time\" content=\"2025-07-23T16:09:49+00:00\" \/>\n<meta property=\"article:modified_time\" content=\"2025-07-23T16:09:54+00:00\" \/>\n<meta property=\"og:image\" content=\"http:\/\/www.gaveanews.com\/wp-content\/uploads\/fachada-do-modulo-profissional-do-ninho-do-urubu-centro-de-treinamento-do-flamengo-1642444901774_v2_1x1.webp\" \/>\n\t<meta property=\"og:image:width\" content=\"1361\" \/>\n\t<meta property=\"og:image:height\" content=\"1363\" \/>\n\t<meta property=\"og:image:type\" content=\"image\/jpeg\" \/>\n<meta name=\"author\" content=\"Rafaela Ladeira\" \/>\n<meta name=\"twitter:card\" content=\"summary_large_image\" \/>\n<meta name=\"twitter:label1\" content=\"Escrito por\" \/>\n\t<meta name=\"twitter:data1\" content=\"Rafaela Ladeira\" \/>\n\t<meta name=\"twitter:label2\" content=\"Est. tempo de leitura\" \/>\n\t<meta name=\"twitter:data2\" content=\"3 minutos\" \/>\n<script type=\"application\/ld+json\" class=\"yoast-schema-graph\">{\"@context\":\"https:\/\/schema.org\",\"@graph\":[{\"@type\":\"NewsArticle\",\"@id\":\"https:\/\/www.gaveanews.com\/index.php\/2025\/07\/23\/flamengo-se-pronuncia-oficialmente-apos-vazamentos-nos-bastidores\/#article\",\"isPartOf\":{\"@id\":\"https:\/\/www.gaveanews.com\/index.php\/2025\/07\/23\/flamengo-se-pronuncia-oficialmente-apos-vazamentos-nos-bastidores\/\"},\"author\":{\"name\":\"Rafaela Ladeira\",\"@id\":\"https:\/\/www.gaveanews.com\/#\/schema\/person\/0eb3e3fe1754f0205218538adbe8f5ed\"},\"headline\":\"Flamengo se pronuncia oficialmente ap\u00f3s vazamentos nos bastidores\",\"datePublished\":\"2025-07-23T16:09:49+00:00\",\"dateModified\":\"2025-07-23T16:09:54+00:00\",\"mainEntityOfPage\":{\"@id\":\"https:\/\/www.gaveanews.com\/index.php\/2025\/07\/23\/flamengo-se-pronuncia-oficialmente-apos-vazamentos-nos-bastidores\/\"},\"wordCount\":557,\"commentCount\":0,\"image\":{\"@id\":\"https:\/\/www.gaveanews.com\/index.php\/2025\/07\/23\/flamengo-se-pronuncia-oficialmente-apos-vazamentos-nos-bastidores\/#primaryimage\"},\"thumbnailUrl\":\"https:\/\/www.gaveanews.com\/wp-content\/uploads\/fachada-do-modulo-profissional-do-ninho-do-urubu-centro-de-treinamento-do-flamengo-1642444901774_v2_1x1.webp\",\"articleSection\":[\"Flamengo\"],\"inLanguage\":\"pt-BR\",\"potentialAction\":[{\"@type\":\"CommentAction\",\"name\":\"Comment\",\"target\":[\"https:\/\/www.gaveanews.com\/index.php\/2025\/07\/23\/flamengo-se-pronuncia-oficialmente-apos-vazamentos-nos-bastidores\/#respond\"]}],\"copyrightYear\":\"2025\",\"copyrightHolder\":{\"@id\":\"https:\/\/www.gaveanews.com\/#organization\"}},{\"@type\":\"WebPage\",\"@id\":\"https:\/\/www.gaveanews.com\/index.php\/2025\/07\/23\/flamengo-se-pronuncia-oficialmente-apos-vazamentos-nos-bastidores\/\",\"url\":\"https:\/\/www.gaveanews.com\/index.php\/2025\/07\/23\/flamengo-se-pronuncia-oficialmente-apos-vazamentos-nos-bastidores\/\",\"name\":\"Flamengo se pronuncia oficialmente ap\u00f3s vazamentos nos bastidores\",\"isPartOf\":{\"@id\":\"https:\/\/www.gaveanews.com\/#website\"},\"primaryImageOfPage\":{\"@id\":\"https:\/\/www.gaveanews.com\/index.php\/2025\/07\/23\/flamengo-se-pronuncia-oficialmente-apos-vazamentos-nos-bastidores\/#primaryimage\"},\"image\":{\"@id\":\"https:\/\/www.gaveanews.com\/index.php\/2025\/07\/23\/flamengo-se-pronuncia-oficialmente-apos-vazamentos-nos-bastidores\/#primaryimage\"},\"thumbnailUrl\":\"https:\/\/www.gaveanews.com\/wp-content\/uploads\/fachada-do-modulo-profissional-do-ninho-do-urubu-centro-de-treinamento-do-flamengo-1642444901774_v2_1x1.webp\",\"datePublished\":\"2025-07-23T16:09:49+00:00\",\"dateModified\":\"2025-07-23T16:09:54+00:00\",\"author\":{\"@id\":\"https:\/\/www.gaveanews.com\/#\/schema\/person\/0eb3e3fe1754f0205218538adbe8f5ed\"},\"breadcrumb\":{\"@id\":\"https:\/\/www.gaveanews.com\/index.php\/2025\/07\/23\/flamengo-se-pronuncia-oficialmente-apos-vazamentos-nos-bastidores\/#breadcrumb\"},\"inLanguage\":\"pt-BR\",\"potentialAction\":[{\"@type\":\"ReadAction\",\"target\":[\"https:\/\/www.gaveanews.com\/index.php\/2025\/07\/23\/flamengo-se-pronuncia-oficialmente-apos-vazamentos-nos-bastidores\/\"]}]},{\"@type\":\"ImageObject\",\"inLanguage\":\"pt-BR\",\"@id\":\"https:\/\/www.gaveanews.com\/index.php\/2025\/07\/23\/flamengo-se-pronuncia-oficialmente-apos-vazamentos-nos-bastidores\/#primaryimage\",\"url\":\"https:\/\/www.gaveanews.com\/wp-content\/uploads\/fachada-do-modulo-profissional-do-ninho-do-urubu-centro-de-treinamento-do-flamengo-1642444901774_v2_1x1.webp\",\"contentUrl\":\"https:\/\/www.gaveanews.com\/wp-content\/uploads\/fachada-do-modulo-profissional-do-ninho-do-urubu-centro-de-treinamento-do-flamengo-1642444901774_v2_1x1.webp\",\"width\":1361,\"height\":1363,\"caption\":\"CT Ninho do Urubu (Foto: Divulga\u00e7\u00e3o Flamengo)\"},{\"@type\":\"BreadcrumbList\",\"@id\":\"https:\/\/www.gaveanews.com\/index.php\/2025\/07\/23\/flamengo-se-pronuncia-oficialmente-apos-vazamentos-nos-bastidores\/#breadcrumb\",\"itemListElement\":[{\"@type\":\"ListItem\",\"position\":1,\"name\":\"Home\",\"item\":\"https:\/\/www.gaveanews.com\/\"},{\"@type\":\"ListItem\",\"position\":2,\"name\":\"Flamengo se pronuncia oficialmente ap\u00f3s vazamentos nos bastidores\"}]},{\"@type\":\"WebSite\",\"@id\":\"https:\/\/www.gaveanews.com\/#website\",\"url\":\"https:\/\/www.gaveanews.com\/\",\"name\":\"G\u00e1vea News\",\"description\":\"Veja todas as not\u00edcias sobre o Flamengo: Contrata\u00e7\u00f5es, categorias de base, resultados das partidas, tabela de classifica\u00e7\u00e3o, pr\u00f3ximos jogos!\",\"potentialAction\":[{\"@type\":\"SearchAction\",\"target\":{\"@type\":\"EntryPoint\",\"urlTemplate\":\"https:\/\/www.gaveanews.com\/?s={search_term_string}\"},\"query-input\":{\"@type\":\"PropertyValueSpecification\",\"valueRequired\":true,\"valueName\":\"search_term_string\"}}],\"inLanguage\":\"pt-BR\"},{\"@type\":\"Person\",\"@id\":\"https:\/\/www.gaveanews.com\/#\/schema\/person\/0eb3e3fe1754f0205218538adbe8f5ed\",\"name\":\"Rafaela Ladeira\",\"image\":{\"@type\":\"ImageObject\",\"inLanguage\":\"pt-BR\",\"@id\":\"https:\/\/www.gaveanews.com\/#\/schema\/person\/image\/\",\"url\":\"https:\/\/secure.gravatar.com\/avatar\/c31f513acffd85eacab5730cbdfdbbf59f21ba5aeada8cd890acea879fbb2455?s=96&d=mm&r=g\",\"contentUrl\":\"https:\/\/secure.gravatar.com\/avatar\/c31f513acffd85eacab5730cbdfdbbf59f21ba5aeada8cd890acea879fbb2455?s=96&d=mm&r=g\",\"caption\":\"Rafaela Ladeira\"}}]}<\/script>\n<!-- \/ Yoast SEO Premium plugin. -->","yoast_head_json":{"title":"Flamengo se pronuncia oficialmente ap\u00f3s vazamentos nos bastidores","robots":{"index":"index","follow":"follow","max-snippet":"max-snippet:-1","max-image-preview":"max-image-preview:large","max-video-preview":"max-video-preview:-1"},"canonical":"https:\/\/www.gaveanews.com\/index.php\/2025\/07\/23\/flamengo-se-pronuncia-oficialmente-apos-vazamentos-nos-bastidores\/","og_locale":"pt_BR","og_type":"article","og_title":"Flamengo se pronuncia oficialmente ap\u00f3s vazamentos nos bastidores","og_description":"Em meio a mais uma pol\u00eamica que agitou os bastidores do Ninho do Urubu, o Flamengo veio a p\u00fablico nesta quarta-feira (23) para esclarecer o vazamento de uma mensagem cr\u00edtica \u00e0 condi\u00e7\u00e3o cl\u00ednica do meia uruguaio Nicol\u00e1s De La Cruz.&nbsp; O conte\u00fado, atribu\u00eddo ao m\u00e9dico Jos\u00e9 Luiz Runco, gerou grande repercuss\u00e3o nas redes sociais e [&hellip;]","og_url":"https:\/\/www.gaveanews.com\/index.php\/2025\/07\/23\/flamengo-se-pronuncia-oficialmente-apos-vazamentos-nos-bastidores\/","og_site_name":"G\u00e1vea News","article_publisher":"https:\/\/facebook.com\/gaveaNews\/","article_published_time":"2025-07-23T16:09:49+00:00","article_modified_time":"2025-07-23T16:09:54+00:00","og_image":[{"width":1361,"height":1363,"url":"http:\/\/www.gaveanews.com\/wp-content\/uploads\/fachada-do-modulo-profissional-do-ninho-do-urubu-centro-de-treinamento-do-flamengo-1642444901774_v2_1x1.webp","type":"image\/jpeg"}],"author":"Rafaela Ladeira","twitter_card":"summary_large_image","twitter_misc":{"Escrito por":"Rafaela Ladeira","Est. tempo de leitura":"3 minutos"},"schema":{"@context":"https:\/\/schema.org","@graph":[{"@type":"NewsArticle","@id":"https:\/\/www.gaveanews.com\/index.php\/2025\/07\/23\/flamengo-se-pronuncia-oficialmente-apos-vazamentos-nos-bastidores\/#article","isPartOf":{"@id":"https:\/\/www.gaveanews.com\/index.php\/2025\/07\/23\/flamengo-se-pronuncia-oficialmente-apos-vazamentos-nos-bastidores\/"},"author":{"name":"Rafaela Ladeira","@id":"https:\/\/www.gaveanews.com\/#\/schema\/person\/0eb3e3fe1754f0205218538adbe8f5ed"},"headline":"Flamengo se pronuncia oficialmente ap\u00f3s vazamentos nos bastidores","datePublished":"2025-07-23T16:09:49+00:00","dateModified":"2025-07-23T16:09:54+00:00","mainEntityOfPage":{"@id":"https:\/\/www.gaveanews.com\/index.php\/2025\/07\/23\/flamengo-se-pronuncia-oficialmente-apos-vazamentos-nos-bastidores\/"},"wordCount":557,"commentCount":0,"image":{"@id":"https:\/\/www.gaveanews.com\/index.php\/2025\/07\/23\/flamengo-se-pronuncia-oficialmente-apos-vazamentos-nos-bastidores\/#primaryimage"},"thumbnailUrl":"https:\/\/www.gaveanews.com\/wp-content\/uploads\/fachada-do-modulo-profissional-do-ninho-do-urubu-centro-de-treinamento-do-flamengo-1642444901774_v2_1x1.webp","articleSection":["Flamengo"],"inLanguage":"pt-BR","potentialAction":[{"@type":"CommentAction","name":"Comment","target":["https:\/\/www.gaveanews.com\/index.php\/2025\/07\/23\/flamengo-se-pronuncia-oficialmente-apos-vazamentos-nos-bastidores\/#respond"]}],"copyrightYear":"2025","copyrightHolder":{"@id":"https:\/\/www.gaveanews.com\/#organization"}},{"@type":"WebPage","@id":"https:\/\/www.gaveanews.com\/index.php\/2025\/07\/23\/flamengo-se-pronuncia-oficialmente-apos-vazamentos-nos-bastidores\/","url":"https:\/\/www.gaveanews.com\/index.php\/2025\/07\/23\/flamengo-se-pronuncia-oficialmente-apos-vazamentos-nos-bastidores\/","name":"Flamengo se pronuncia oficialmente ap\u00f3s vazamentos nos bastidores","isPartOf":{"@id":"https:\/\/www.gaveanews.com\/#website"},"primaryImageOfPage":{"@id":"https:\/\/www.gaveanews.com\/index.php\/2025\/07\/23\/flamengo-se-pronuncia-oficialmente-apos-vazamentos-nos-bastidores\/#primaryimage"},"image":{"@id":"https:\/\/www.gaveanews.com\/index.php\/2025\/07\/23\/flamengo-se-pronuncia-oficialmente-apos-vazamentos-nos-bastidores\/#primaryimage"},"thumbnailUrl":"https:\/\/www.gaveanews.com\/wp-content\/uploads\/fachada-do-modulo-profissional-do-ninho-do-urubu-centro-de-treinamento-do-flamengo-1642444901774_v2_1x1.webp","datePublished":"2025-07-23T16:09:49+00:00","dateModified":"2025-07-23T16:09:54+00:00","author":{"@id":"https:\/\/www.gaveanews.com\/#\/schema\/person\/0eb3e3fe1754f0205218538adbe8f5ed"},"breadcrumb":{"@id":"https:\/\/www.gaveanews.com\/index.php\/2025\/07\/23\/flamengo-se-pronuncia-oficialmente-apos-vazamentos-nos-bastidores\/#breadcrumb"},"inLanguage":"pt-BR","potentialAction":[{"@type":"ReadAction","target":["https:\/\/www.gaveanews.com\/index.php\/2025\/07\/23\/flamengo-se-pronuncia-oficialmente-apos-vazamentos-nos-bastidores\/"]}]},{"@type":"ImageObject","inLanguage":"pt-BR","@id":"https:\/\/www.gaveanews.com\/index.php\/2025\/07\/23\/flamengo-se-pronuncia-oficialmente-apos-vazamentos-nos-bastidores\/#primaryimage","url":"https:\/\/www.gaveanews.com\/wp-content\/uploads\/fachada-do-modulo-profissional-do-ninho-do-urubu-centro-de-treinamento-do-flamengo-1642444901774_v2_1x1.webp","contentUrl":"https:\/\/www.gaveanews.com\/wp-content\/uploads\/fachada-do-modulo-profissional-do-ninho-do-urubu-centro-de-treinamento-do-flamengo-1642444901774_v2_1x1.webp","width":1361,"height":1363,"caption":"CT Ninho do Urubu (Foto: Divulga\u00e7\u00e3o Flamengo)"},{"@type":"BreadcrumbList","@id":"https:\/\/www.gaveanews.com\/index.php\/2025\/07\/23\/flamengo-se-pronuncia-oficialmente-apos-vazamentos-nos-bastidores\/#breadcrumb","itemListElement":[{"@type":"ListItem","position":1,"name":"Home","item":"https:\/\/www.gaveanews.com\/"},{"@type":"ListItem","position":2,"name":"Flamengo se pronuncia oficialmente ap\u00f3s vazamentos nos bastidores"}]},{"@type":"WebSite","@id":"https:\/\/www.gaveanews.com\/#website","url":"https:\/\/www.gaveanews.com\/","name":"G\u00e1vea News","description":"Veja todas as not\u00edcias sobre o Flamengo: Contrata\u00e7\u00f5es, categorias de base, resultados das partidas, tabela de classifica\u00e7\u00e3o, pr\u00f3ximos jogos!","potentialAction":[{"@type":"SearchAction","target":{"@type":"EntryPoint","urlTemplate":"https:\/\/www.gaveanews.com\/?s={search_term_string}"},"query-input":{"@type":"PropertyValueSpecification","valueRequired":true,"valueName":"search_term_string"}}],"inLanguage":"pt-BR"},{"@type":"Person","@id":"https:\/\/www.gaveanews.com\/#\/schema\/person\/0eb3e3fe1754f0205218538adbe8f5ed","name":"Rafaela Ladeira","image":{"@type":"ImageObject","inLanguage":"pt-BR","@id":"https:\/\/www.gaveanews.com\/#\/schema\/person\/image\/","url":"https:\/\/secure.gravatar.com\/avatar\/c31f513acffd85eacab5730cbdfdbbf59f21ba5aeada8cd890acea879fbb2455?s=96&d=mm&r=g","contentUrl":"https:\/\/secure.gravatar.com\/avatar\/c31f513acffd85eacab5730cbdfdbbf59f21ba5aeada8cd890acea879fbb2455?s=96&d=mm&r=g","caption":"Rafaela Ladeira"}}]}},"_links":{"self":[{"href":"https:\/\/www.gaveanews.com\/index.php\/wp-json\/wp\/v2\/posts\/272909","targetHints":{"allow":["GET"]}}],"collection":[{"href":"https:\/\/www.gaveanews.com\/index.php\/wp-json\/wp\/v2\/posts"}],"about":[{"href":"https:\/\/www.gaveanews.com\/index.php\/wp-json\/wp\/v2\/types\/post"}],"author":[{"embeddable":true,"href":"https:\/\/www.gaveanews.com\/index.php\/wp-json\/wp\/v2\/users\/25"}],"replies":[{"embeddable":true,"href":"https:\/\/www.gaveanews.com\/index.php\/wp-json\/wp\/v2\/comments?post=272909"}],"version-history":[{"count":1,"href":"https:\/\/www.gaveanews.com\/index.php\/wp-json\/wp\/v2\/posts\/272909\/revisions"}],"predecessor-version":[{"id":272910,"href":"https:\/\/www.gaveanews.com\/index.php\/wp-json\/wp\/v2\/posts\/272909\/revisions\/272910"}],"wp:featuredmedia":[{"embeddable":true,"href":"https:\/\/www.gaveanews.com\/index.php\/wp-json\/wp\/v2\/media\/213513"}],"wp:attachment":[{"href":"https:\/\/www.gaveanews.com\/index.php\/wp-json\/wp\/v2\/media?parent=272909"}],"wp:term":[{"taxonomy":"category","embeddable":true,"href":"https:\/\/www.gaveanews.com\/index.php\/wp-json\/wp\/v2\/categories?post=272909"},{"taxonomy":"post_tag","embeddable":true,"href":"https:\/\/www.gaveanews.com\/index.php\/wp-json\/wp\/v2\/tags?post=272909"}],"curies":[{"name":"wp","href":"https:\/\/api.w.org\/{rel}","templated":true}]}}