{"id":273009,"date":"2025-07-25T11:00:00","date_gmt":"2025-07-25T14:00:00","guid":{"rendered":"https:\/\/www.gaveanews.com\/?p=273009"},"modified":"2025-07-25T10:39:07","modified_gmt":"2025-07-25T13:39:07","slug":"alvo-do-flamengo-lucas-paqueta-sabera-resultado-do-julgamento-nesta-sexta-feira","status":"publish","type":"post","link":"https:\/\/www.gaveanews.com\/index.php\/2025\/07\/25\/alvo-do-flamengo-lucas-paqueta-sabera-resultado-do-julgamento-nesta-sexta-feira\/","title":{"rendered":"Alvo do Flamengo, Lucas Paquet\u00e1 saber\u00e1 resultado do julgamento nesta sexta-feira"},"content":{"rendered":"\n<p>O meia Lucas Paquet\u00e1 ser\u00e1 julgado em definitivo nesta sexta-feira (25) pela Football Association (FA), entidade m\u00e1xima do futebol ingl\u00eas. A decis\u00e3o \u00e9 aguardada desde mar\u00e7o, quando o processo disciplinar foi iniciado ap\u00f3s den\u00fancias de que o jogador teria manipulado a pr\u00f3pria atua\u00e7\u00e3o em quatro jogos da Premier League para favorecer o mercado de apostas. <\/p>\n\n\n\n<p>A depender do resultado, o atleta pode ser banido definitivamente do futebol no pa\u00eds.<\/p>\n\n\n\n<p>Revelado pelas categorias de base do Flamengo e atualmente no West Ham, Paquet\u00e1 \u00e9 acusado de provocar cart\u00f5es amarelos de maneira intencional, entre novembro de 2022 e agosto de 2023. A FA sustenta que as a\u00e7\u00f5es tinham como objetivo beneficiar terceiros em esquemas ligados a apostas esportivas. <\/p>\n\n\n\n<p>A defesa, por sua vez, nega qualquer envolvimento e refor\u00e7a que os lances ocorreram dentro da normalidade de jogo.<\/p>\n\n\n\n<hr class=\"wp-block-separator has-alpha-channel-opacity\"\/>\n\n\n\n<h3 class=\"wp-block-heading\" id=\"h-jogadas-sob-suspeita-ocorreram-em-quatro-confrontos-da-premier-league\">Jogadas sob suspeita ocorreram em quatro confrontos da Premier League<\/h3>\n\n\n\n<p>Os lances que embasaram as acusa\u00e7\u00f5es ocorreram nos duelos contra Leicester, Aston Villa, Leeds United e Bournemouth. Em todas essas ocasi\u00f5es, Paquet\u00e1 recebeu cart\u00e3o amarelo por faltas que, segundo a den\u00fancia, teriam sido cometidas com o prop\u00f3sito de alterar artificialmente os resultados em plataformas de apostas. <\/p>\n\n\n\n<p>As infra\u00e7\u00f5es est\u00e3o enquadradas na Regra E5.1 da FA, que trata de condutas que impactam o curso dos jogos para ganhos indevidos.<\/p>\n\n\n\n<p>Al\u00e9m das a\u00e7\u00f5es em campo, a entidade acrescentou dois agravantes ao processo. De acordo com o jornal brit\u00e2nico <em>The Sun<\/em>, o jogador teria utilizado um segundo celular enquanto seu aparelho principal estava sob an\u00e1lise da FA. <\/p>\n\n\n\n<p>Posteriormente, o telefone reserva teria sido descartado, o que, na vis\u00e3o dos investigadores, configura tentativa de dificultar o trabalho de apura\u00e7\u00e3o.<\/p>\n\n\n\n<hr class=\"wp-block-separator has-alpha-channel-opacity\"\/>\n\n\n\n<h3 class=\"wp-block-heading\" id=\"h-processo-se-arrastou-por-meses-e-gerou-incertezas-no-clube-e-no-mercado\">Processo se arrastou por meses e gerou incertezas no clube e no mercado<\/h3>\n\n\n\n<p>A investiga\u00e7\u00e3o come\u00e7ou em agosto de 2023, mas s\u00f3 ganhou contornos definitivos em maio deste ano, quando Paquet\u00e1 foi formalmente denunciado. <\/p>\n\n\n\n<p>A audi\u00eancia com o comit\u00ea disciplinar teve in\u00edcio em 17 de mar\u00e7o e, apesar da previs\u00e3o inicial de tr\u00eas semanas, o veredito foi adiado por diversos motivos, inclusive pela complexidade do caso e pela agenda dos advogados envolvidos.<\/p>\n\n\n\n<p>Durante o per\u00edodo, o West Ham acumulou preju\u00edzos t\u00e9cnicos e financeiros. A negocia\u00e7\u00e3o com o Manchester City, que j\u00e1 estava avan\u00e7ada antes da den\u00fancia, foi interrompida. O clube londrino estima que as perdas totais \u2014 entre o investimento de 51 milh\u00f5es de libras e a desvaloriza\u00e7\u00e3o do atleta \u2014 superam 80 milh\u00f5es. <\/p>\n\n\n\n<p>O t\u00e9cnico Graham Potter chegou a cobrar celeridade no julgamento, argumentando que o impasse atrapalhava o planejamento da equipe para a janela de transfer\u00eancias do meio do ano.<\/p>\n\n\n\n<hr class=\"wp-block-separator has-alpha-channel-opacity\"\/>\n\n\n\n<h3 class=\"wp-block-heading\" id=\"h-repercussao-emocional-apoio-familiar-e-manifestacoes-publicas\">Repercuss\u00e3o emocional, apoio familiar e manifesta\u00e7\u00f5es p\u00fablicas<\/h3>\n\n\n\n<p>No campo emocional, o caso tamb\u00e9m teve desdobramentos. Em um dos jogos recentes, ap\u00f3s nova advert\u00eancia, Paquet\u00e1 n\u00e3o conteve as l\u00e1grimas. Sua esposa, Duda Fournier, afirmou que o desgaste psicol\u00f3gico provocado pelo processo afetava diretamente o rendimento do marido. <\/p>\n\n\n\n<p>A companheira do jogador tamb\u00e9m criticou publicamente a postura da FA durante o tr\u00e2mite da investiga\u00e7\u00e3o.<\/p>\n\n\n\n<p>Apesar disso, fontes pr\u00f3ximas ao clube demonstraram otimismo em rela\u00e7\u00e3o ao resultado. O ex-diretor executivo do West Ham, Keith Wyness, revelou ao <em>Football Insider<\/em> que havia recebido informa\u00e7\u00f5es indicando a absolvi\u00e7\u00e3o do brasileiro. <\/p>\n\n\n\n<p>\u201cMinhas fontes me disseram que o caso j\u00e1 estava consumado. Ele inocentado. Por que a demora, a menos que haja nova evid\u00eancia de \u00faltima hora?\u201d, questionou. O jornalista Ben Jacobs, da <em>CBS Sports<\/em>, tamb\u00e9m apontou expectativa de um desfecho favor\u00e1vel, embora com possibilidade de apela\u00e7\u00f5es.<\/p>\n\n\n\n<hr class=\"wp-block-separator has-alpha-channel-opacity\"\/>\n\n\n\n<h3 class=\"wp-block-heading\" id=\"h-flamengo-acompanha-de-perto-e-torcida-manifesta-desejo-por-retorno\">Flamengo acompanha de perto e torcida manifesta desejo por retorno<\/h3>\n\n\n\n<p>O Flamengo acompanha atentamente o desdobramento. Caso a pena n\u00e3o interfira na atua\u00e7\u00e3o do jogador em solo sul-americano, a diretoria rubro-negra poder\u00e1 avaliar uma tentativa de repatria\u00e7\u00e3o. A ideia \u00e9 vista como uma rara possibilidade de mercado, dado o n\u00edvel t\u00e9cnico do atleta. <\/p>\n\n\n\n<p>Durante a semana, torcedores intensificaram postagens nas redes sociais com apelos como \u201ca casa \u00e9 sua\u201d e \u201cvolta pro Meng\u00e3o\u201d, pedindo o retorno do meia \u00e0 G\u00e1vea.<\/p>\n\n\n\n<p>Ao mesmo tempo, o Manchester City ainda mant\u00e9m interesse. Segundo ve\u00edculos brit\u00e2nicos, o clube segue com o nome de Paquet\u00e1 na lista de alvos e poder\u00e1 retomar a negocia\u00e7\u00e3o caso o jogador seja inocentado. <\/p>\n\n\n\n<p>A contrata\u00e7\u00e3o seria uma indica\u00e7\u00e3o direta da comiss\u00e3o t\u00e9cnica comandada por Pep Guardiola, que j\u00e1 havia aprovado o nome do brasileiro antes da paralisa\u00e7\u00e3o do processo.<\/p>\n\n\n\n<hr class=\"wp-block-separator has-alpha-channel-opacity\"\/>\n\n\n\n<h3 class=\"wp-block-heading\" id=\"h-cpi-no-brasil-menciona-nome-do-jogador-em-investigacoes-paralelas\">CPI no Brasil menciona nome do jogador em investiga\u00e7\u00f5es paralelas<\/h3>\n\n\n\n<p>No Brasil, o nome de Paquet\u00e1 tamb\u00e9m surgiu em relat\u00f3rios da Comiss\u00e3o Parlamentar de Inqu\u00e9rito da Manipula\u00e7\u00e3o de Jogos e Apostas Esportivas, instaurada no Senado. A CPI solicitou o indiciamento de Bruno Tolentino, tio do jogador, por suspeita de envolvimento em esquemas fraudulentos. <\/p>\n\n\n\n<p>Entre os ind\u00edcios apontados, est\u00e1 uma transfer\u00eancia de R$ 30 mil feita a Luiz Henrique, ex-jogador do Botafogo, em fevereiro de 2023.<\/p>\n","protected":false},"excerpt":{"rendered":"<p>O meia Lucas Paquet\u00e1 ser\u00e1 julgado em definitivo nesta sexta-feira (25) pela Football Association (FA), entidade m\u00e1xima do futebol ingl\u00eas. A decis\u00e3o \u00e9 aguardada desde mar\u00e7o, quando o processo disciplinar foi iniciado ap\u00f3s den\u00fancias de que o jogador teria manipulado a pr\u00f3pria atua\u00e7\u00e3o em quatro jogos da Premier League para favorecer o mercado de apostas. [&hellip;]<\/p>\n","protected":false},"author":30,"featured_media":146357,"comment_status":"open","ping_status":"closed","sticky":false,"template":"","format":"standard","meta":{"footnotes":""},"categories":[1,78,85,462],"tags":[],"class_list":["post-273009","post","type-post","status-publish","format-standard","has-post-thumbnail","hentry","category-flamengo","category-futebol-internacional","category-premier-league","category-west-ham"],"yoast_head":"<!-- This site is optimized with the Yoast SEO Premium plugin v24.2 (Yoast SEO v26.9) - https:\/\/yoast.com\/product\/yoast-seo-premium-wordpress\/ -->\n<title>Alvo do Flamengo, Lucas Paquet\u00e1 saber\u00e1 resultado do julgamento nesta sexta-feira<\/title>\n<meta name=\"robots\" content=\"index, follow, max-snippet:-1, max-image-preview:large, max-video-preview:-1\" \/>\n<link rel=\"canonical\" href=\"https:\/\/www.gaveanews.com\/index.php\/2025\/07\/25\/alvo-do-flamengo-lucas-paqueta-sabera-resultado-do-julgamento-nesta-sexta-feira\/\" \/>\n<meta property=\"og:locale\" content=\"pt_BR\" \/>\n<meta property=\"og:type\" content=\"article\" \/>\n<meta property=\"og:title\" content=\"Alvo do Flamengo, Lucas Paquet\u00e1 saber\u00e1 resultado do julgamento nesta sexta-feira\" \/>\n<meta property=\"og:description\" content=\"O meia Lucas Paquet\u00e1 ser\u00e1 julgado em definitivo nesta sexta-feira (25) pela Football Association (FA), entidade m\u00e1xima do futebol ingl\u00eas. A decis\u00e3o \u00e9 aguardada desde mar\u00e7o, quando o processo disciplinar foi iniciado ap\u00f3s den\u00fancias de que o jogador teria manipulado a pr\u00f3pria atua\u00e7\u00e3o em quatro jogos da Premier League para favorecer o mercado de apostas. [&hellip;]\" \/>\n<meta property=\"og:url\" content=\"https:\/\/www.gaveanews.com\/index.php\/2025\/07\/25\/alvo-do-flamengo-lucas-paqueta-sabera-resultado-do-julgamento-nesta-sexta-feira\/\" \/>\n<meta property=\"og:site_name\" content=\"G\u00e1vea News\" \/>\n<meta property=\"article:publisher\" content=\"https:\/\/facebook.com\/gaveaNews\/\" \/>\n<meta property=\"article:published_time\" content=\"2025-07-25T14:00:00+00:00\" \/>\n<meta property=\"og:image\" content=\"https:\/\/www.gaveanews.com\/wp-content\/uploads\/Paqueta-LucasPaqueta-futebolinternacional-westham-fa-apostas-1-645x362-1.webp\" \/>\n\t<meta property=\"og:image:width\" content=\"645\" \/>\n\t<meta property=\"og:image:height\" content=\"362\" \/>\n\t<meta property=\"og:image:type\" content=\"image\/png\" \/>\n<meta name=\"author\" content=\"Ana Teixeira\" \/>\n<meta name=\"twitter:card\" content=\"summary_large_image\" \/>\n<meta name=\"twitter:label1\" content=\"Escrito por\" \/>\n\t<meta name=\"twitter:data1\" content=\"Ana Teixeira\" \/>\n\t<meta name=\"twitter:label2\" content=\"Est. tempo de leitura\" \/>\n\t<meta name=\"twitter:data2\" content=\"5 minutos\" \/>\n<script type=\"application\/ld+json\" class=\"yoast-schema-graph\">{\"@context\":\"https:\/\/schema.org\",\"@graph\":[{\"@type\":\"NewsArticle\",\"@id\":\"https:\/\/www.gaveanews.com\/index.php\/2025\/07\/25\/alvo-do-flamengo-lucas-paqueta-sabera-resultado-do-julgamento-nesta-sexta-feira\/#article\",\"isPartOf\":{\"@id\":\"https:\/\/www.gaveanews.com\/index.php\/2025\/07\/25\/alvo-do-flamengo-lucas-paqueta-sabera-resultado-do-julgamento-nesta-sexta-feira\/\"},\"author\":{\"name\":\"Ana Teixeira\",\"@id\":\"https:\/\/www.gaveanews.com\/#\/schema\/person\/3b19f7288b0ce20372991275e4f2e6c2\"},\"headline\":\"Alvo do Flamengo, Lucas Paquet\u00e1 saber\u00e1 resultado do julgamento nesta sexta-feira\",\"datePublished\":\"2025-07-25T14:00:00+00:00\",\"mainEntityOfPage\":{\"@id\":\"https:\/\/www.gaveanews.com\/index.php\/2025\/07\/25\/alvo-do-flamengo-lucas-paqueta-sabera-resultado-do-julgamento-nesta-sexta-feira\/\"},\"wordCount\":859,\"commentCount\":0,\"image\":{\"@id\":\"https:\/\/www.gaveanews.com\/index.php\/2025\/07\/25\/alvo-do-flamengo-lucas-paqueta-sabera-resultado-do-julgamento-nesta-sexta-feira\/#primaryimage\"},\"thumbnailUrl\":\"https:\/\/www.gaveanews.com\/wp-content\/uploads\/Paqueta-LucasPaqueta-futebolinternacional-westham-fa-apostas-1-645x362-1.webp\",\"articleSection\":[\"Flamengo\",\"Futebol Internacional\",\"Premier League\",\"West Ham\"],\"inLanguage\":\"pt-BR\",\"potentialAction\":[{\"@type\":\"CommentAction\",\"name\":\"Comment\",\"target\":[\"https:\/\/www.gaveanews.com\/index.php\/2025\/07\/25\/alvo-do-flamengo-lucas-paqueta-sabera-resultado-do-julgamento-nesta-sexta-feira\/#respond\"]}],\"copyrightYear\":\"2025\",\"copyrightHolder\":{\"@id\":\"https:\/\/www.gaveanews.com\/#organization\"}},{\"@type\":\"WebPage\",\"@id\":\"https:\/\/www.gaveanews.com\/index.php\/2025\/07\/25\/alvo-do-flamengo-lucas-paqueta-sabera-resultado-do-julgamento-nesta-sexta-feira\/\",\"url\":\"https:\/\/www.gaveanews.com\/index.php\/2025\/07\/25\/alvo-do-flamengo-lucas-paqueta-sabera-resultado-do-julgamento-nesta-sexta-feira\/\",\"name\":\"Alvo do Flamengo, Lucas Paquet\u00e1 saber\u00e1 resultado do julgamento nesta sexta-feira\",\"isPartOf\":{\"@id\":\"https:\/\/www.gaveanews.com\/#website\"},\"primaryImageOfPage\":{\"@id\":\"https:\/\/www.gaveanews.com\/index.php\/2025\/07\/25\/alvo-do-flamengo-lucas-paqueta-sabera-resultado-do-julgamento-nesta-sexta-feira\/#primaryimage\"},\"image\":{\"@id\":\"https:\/\/www.gaveanews.com\/index.php\/2025\/07\/25\/alvo-do-flamengo-lucas-paqueta-sabera-resultado-do-julgamento-nesta-sexta-feira\/#primaryimage\"},\"thumbnailUrl\":\"https:\/\/www.gaveanews.com\/wp-content\/uploads\/Paqueta-LucasPaqueta-futebolinternacional-westham-fa-apostas-1-645x362-1.webp\",\"datePublished\":\"2025-07-25T14:00:00+00:00\",\"author\":{\"@id\":\"https:\/\/www.gaveanews.com\/#\/schema\/person\/3b19f7288b0ce20372991275e4f2e6c2\"},\"breadcrumb\":{\"@id\":\"https:\/\/www.gaveanews.com\/index.php\/2025\/07\/25\/alvo-do-flamengo-lucas-paqueta-sabera-resultado-do-julgamento-nesta-sexta-feira\/#breadcrumb\"},\"inLanguage\":\"pt-BR\",\"potentialAction\":[{\"@type\":\"ReadAction\",\"target\":[\"https:\/\/www.gaveanews.com\/index.php\/2025\/07\/25\/alvo-do-flamengo-lucas-paqueta-sabera-resultado-do-julgamento-nesta-sexta-feira\/\"]}]},{\"@type\":\"ImageObject\",\"inLanguage\":\"pt-BR\",\"@id\":\"https:\/\/www.gaveanews.com\/index.php\/2025\/07\/25\/alvo-do-flamengo-lucas-paqueta-sabera-resultado-do-julgamento-nesta-sexta-feira\/#primaryimage\",\"url\":\"https:\/\/www.gaveanews.com\/wp-content\/uploads\/Paqueta-LucasPaqueta-futebolinternacional-westham-fa-apostas-1-645x362-1.webp\",\"contentUrl\":\"https:\/\/www.gaveanews.com\/wp-content\/uploads\/Paqueta-LucasPaqueta-futebolinternacional-westham-fa-apostas-1-645x362-1.webp\",\"width\":645,\"height\":362,\"caption\":\"Foto: Reprodu\u00e7\u00e3o- Instagram\"},{\"@type\":\"BreadcrumbList\",\"@id\":\"https:\/\/www.gaveanews.com\/index.php\/2025\/07\/25\/alvo-do-flamengo-lucas-paqueta-sabera-resultado-do-julgamento-nesta-sexta-feira\/#breadcrumb\",\"itemListElement\":[{\"@type\":\"ListItem\",\"position\":1,\"name\":\"Home\",\"item\":\"https:\/\/www.gaveanews.com\/\"},{\"@type\":\"ListItem\",\"position\":2,\"name\":\"Alvo do Flamengo, Lucas Paquet\u00e1 saber\u00e1 resultado do julgamento nesta sexta-feira\"}]},{\"@type\":\"WebSite\",\"@id\":\"https:\/\/www.gaveanews.com\/#website\",\"url\":\"https:\/\/www.gaveanews.com\/\",\"name\":\"G\u00e1vea News\",\"description\":\"Veja todas as not\u00edcias sobre o Flamengo: Contrata\u00e7\u00f5es, categorias de base, resultados das partidas, tabela de classifica\u00e7\u00e3o, pr\u00f3ximos jogos!\",\"potentialAction\":[{\"@type\":\"SearchAction\",\"target\":{\"@type\":\"EntryPoint\",\"urlTemplate\":\"https:\/\/www.gaveanews.com\/?s={search_term_string}\"},\"query-input\":{\"@type\":\"PropertyValueSpecification\",\"valueRequired\":true,\"valueName\":\"search_term_string\"}}],\"inLanguage\":\"pt-BR\"},{\"@type\":\"Person\",\"@id\":\"https:\/\/www.gaveanews.com\/#\/schema\/person\/3b19f7288b0ce20372991275e4f2e6c2\",\"name\":\"Ana Teixeira\",\"image\":{\"@type\":\"ImageObject\",\"inLanguage\":\"pt-BR\",\"@id\":\"https:\/\/www.gaveanews.com\/#\/schema\/person\/image\/\",\"url\":\"https:\/\/secure.gravatar.com\/avatar\/0a73f5a5258f3fed37fc2fa641892f3f7a4748456d4d4792f9bc550e6c19e06c?s=96&d=mm&r=g\",\"contentUrl\":\"https:\/\/secure.gravatar.com\/avatar\/0a73f5a5258f3fed37fc2fa641892f3f7a4748456d4d4792f9bc550e6c19e06c?s=96&d=mm&r=g\",\"caption\":\"Ana Teixeira\"}}]}<\/script>\n<!-- \/ Yoast SEO Premium plugin. -->","yoast_head_json":{"title":"Alvo do Flamengo, Lucas Paquet\u00e1 saber\u00e1 resultado do julgamento nesta sexta-feira","robots":{"index":"index","follow":"follow","max-snippet":"max-snippet:-1","max-image-preview":"max-image-preview:large","max-video-preview":"max-video-preview:-1"},"canonical":"https:\/\/www.gaveanews.com\/index.php\/2025\/07\/25\/alvo-do-flamengo-lucas-paqueta-sabera-resultado-do-julgamento-nesta-sexta-feira\/","og_locale":"pt_BR","og_type":"article","og_title":"Alvo do Flamengo, Lucas Paquet\u00e1 saber\u00e1 resultado do julgamento nesta sexta-feira","og_description":"O meia Lucas Paquet\u00e1 ser\u00e1 julgado em definitivo nesta sexta-feira (25) pela Football Association (FA), entidade m\u00e1xima do futebol ingl\u00eas. A decis\u00e3o \u00e9 aguardada desde mar\u00e7o, quando o processo disciplinar foi iniciado ap\u00f3s den\u00fancias de que o jogador teria manipulado a pr\u00f3pria atua\u00e7\u00e3o em quatro jogos da Premier League para favorecer o mercado de apostas. [&hellip;]","og_url":"https:\/\/www.gaveanews.com\/index.php\/2025\/07\/25\/alvo-do-flamengo-lucas-paqueta-sabera-resultado-do-julgamento-nesta-sexta-feira\/","og_site_name":"G\u00e1vea News","article_publisher":"https:\/\/facebook.com\/gaveaNews\/","article_published_time":"2025-07-25T14:00:00+00:00","og_image":[{"width":645,"height":362,"url":"https:\/\/www.gaveanews.com\/wp-content\/uploads\/Paqueta-LucasPaqueta-futebolinternacional-westham-fa-apostas-1-645x362-1.webp","type":"image\/png"}],"author":"Ana Teixeira","twitter_card":"summary_large_image","twitter_misc":{"Escrito por":"Ana Teixeira","Est. tempo de leitura":"5 minutos"},"schema":{"@context":"https:\/\/schema.org","@graph":[{"@type":"NewsArticle","@id":"https:\/\/www.gaveanews.com\/index.php\/2025\/07\/25\/alvo-do-flamengo-lucas-paqueta-sabera-resultado-do-julgamento-nesta-sexta-feira\/#article","isPartOf":{"@id":"https:\/\/www.gaveanews.com\/index.php\/2025\/07\/25\/alvo-do-flamengo-lucas-paqueta-sabera-resultado-do-julgamento-nesta-sexta-feira\/"},"author":{"name":"Ana Teixeira","@id":"https:\/\/www.gaveanews.com\/#\/schema\/person\/3b19f7288b0ce20372991275e4f2e6c2"},"headline":"Alvo do Flamengo, Lucas Paquet\u00e1 saber\u00e1 resultado do julgamento nesta sexta-feira","datePublished":"2025-07-25T14:00:00+00:00","mainEntityOfPage":{"@id":"https:\/\/www.gaveanews.com\/index.php\/2025\/07\/25\/alvo-do-flamengo-lucas-paqueta-sabera-resultado-do-julgamento-nesta-sexta-feira\/"},"wordCount":859,"commentCount":0,"image":{"@id":"https:\/\/www.gaveanews.com\/index.php\/2025\/07\/25\/alvo-do-flamengo-lucas-paqueta-sabera-resultado-do-julgamento-nesta-sexta-feira\/#primaryimage"},"thumbnailUrl":"https:\/\/www.gaveanews.com\/wp-content\/uploads\/Paqueta-LucasPaqueta-futebolinternacional-westham-fa-apostas-1-645x362-1.webp","articleSection":["Flamengo","Futebol Internacional","Premier League","West Ham"],"inLanguage":"pt-BR","potentialAction":[{"@type":"CommentAction","name":"Comment","target":["https:\/\/www.gaveanews.com\/index.php\/2025\/07\/25\/alvo-do-flamengo-lucas-paqueta-sabera-resultado-do-julgamento-nesta-sexta-feira\/#respond"]}],"copyrightYear":"2025","copyrightHolder":{"@id":"https:\/\/www.gaveanews.com\/#organization"}},{"@type":"WebPage","@id":"https:\/\/www.gaveanews.com\/index.php\/2025\/07\/25\/alvo-do-flamengo-lucas-paqueta-sabera-resultado-do-julgamento-nesta-sexta-feira\/","url":"https:\/\/www.gaveanews.com\/index.php\/2025\/07\/25\/alvo-do-flamengo-lucas-paqueta-sabera-resultado-do-julgamento-nesta-sexta-feira\/","name":"Alvo do Flamengo, Lucas Paquet\u00e1 saber\u00e1 resultado do julgamento nesta sexta-feira","isPartOf":{"@id":"https:\/\/www.gaveanews.com\/#website"},"primaryImageOfPage":{"@id":"https:\/\/www.gaveanews.com\/index.php\/2025\/07\/25\/alvo-do-flamengo-lucas-paqueta-sabera-resultado-do-julgamento-nesta-sexta-feira\/#primaryimage"},"image":{"@id":"https:\/\/www.gaveanews.com\/index.php\/2025\/07\/25\/alvo-do-flamengo-lucas-paqueta-sabera-resultado-do-julgamento-nesta-sexta-feira\/#primaryimage"},"thumbnailUrl":"https:\/\/www.gaveanews.com\/wp-content\/uploads\/Paqueta-LucasPaqueta-futebolinternacional-westham-fa-apostas-1-645x362-1.webp","datePublished":"2025-07-25T14:00:00+00:00","author":{"@id":"https:\/\/www.gaveanews.com\/#\/schema\/person\/3b19f7288b0ce20372991275e4f2e6c2"},"breadcrumb":{"@id":"https:\/\/www.gaveanews.com\/index.php\/2025\/07\/25\/alvo-do-flamengo-lucas-paqueta-sabera-resultado-do-julgamento-nesta-sexta-feira\/#breadcrumb"},"inLanguage":"pt-BR","potentialAction":[{"@type":"ReadAction","target":["https:\/\/www.gaveanews.com\/index.php\/2025\/07\/25\/alvo-do-flamengo-lucas-paqueta-sabera-resultado-do-julgamento-nesta-sexta-feira\/"]}]},{"@type":"ImageObject","inLanguage":"pt-BR","@id":"https:\/\/www.gaveanews.com\/index.php\/2025\/07\/25\/alvo-do-flamengo-lucas-paqueta-sabera-resultado-do-julgamento-nesta-sexta-feira\/#primaryimage","url":"https:\/\/www.gaveanews.com\/wp-content\/uploads\/Paqueta-LucasPaqueta-futebolinternacional-westham-fa-apostas-1-645x362-1.webp","contentUrl":"https:\/\/www.gaveanews.com\/wp-content\/uploads\/Paqueta-LucasPaqueta-futebolinternacional-westham-fa-apostas-1-645x362-1.webp","width":645,"height":362,"caption":"Foto: Reprodu\u00e7\u00e3o- Instagram"},{"@type":"BreadcrumbList","@id":"https:\/\/www.gaveanews.com\/index.php\/2025\/07\/25\/alvo-do-flamengo-lucas-paqueta-sabera-resultado-do-julgamento-nesta-sexta-feira\/#breadcrumb","itemListElement":[{"@type":"ListItem","position":1,"name":"Home","item":"https:\/\/www.gaveanews.com\/"},{"@type":"ListItem","position":2,"name":"Alvo do Flamengo, Lucas Paquet\u00e1 saber\u00e1 resultado do julgamento nesta sexta-feira"}]},{"@type":"WebSite","@id":"https:\/\/www.gaveanews.com\/#website","url":"https:\/\/www.gaveanews.com\/","name":"G\u00e1vea News","description":"Veja todas as not\u00edcias sobre o Flamengo: Contrata\u00e7\u00f5es, categorias de base, resultados das partidas, tabela de classifica\u00e7\u00e3o, pr\u00f3ximos jogos!","potentialAction":[{"@type":"SearchAction","target":{"@type":"EntryPoint","urlTemplate":"https:\/\/www.gaveanews.com\/?s={search_term_string}"},"query-input":{"@type":"PropertyValueSpecification","valueRequired":true,"valueName":"search_term_string"}}],"inLanguage":"pt-BR"},{"@type":"Person","@id":"https:\/\/www.gaveanews.com\/#\/schema\/person\/3b19f7288b0ce20372991275e4f2e6c2","name":"Ana Teixeira","image":{"@type":"ImageObject","inLanguage":"pt-BR","@id":"https:\/\/www.gaveanews.com\/#\/schema\/person\/image\/","url":"https:\/\/secure.gravatar.com\/avatar\/0a73f5a5258f3fed37fc2fa641892f3f7a4748456d4d4792f9bc550e6c19e06c?s=96&d=mm&r=g","contentUrl":"https:\/\/secure.gravatar.com\/avatar\/0a73f5a5258f3fed37fc2fa641892f3f7a4748456d4d4792f9bc550e6c19e06c?s=96&d=mm&r=g","caption":"Ana Teixeira"}}]}},"_links":{"self":[{"href":"https:\/\/www.gaveanews.com\/index.php\/wp-json\/wp\/v2\/posts\/273009","targetHints":{"allow":["GET"]}}],"collection":[{"href":"https:\/\/www.gaveanews.com\/index.php\/wp-json\/wp\/v2\/posts"}],"about":[{"href":"https:\/\/www.gaveanews.com\/index.php\/wp-json\/wp\/v2\/types\/post"}],"author":[{"embeddable":true,"href":"https:\/\/www.gaveanews.com\/index.php\/wp-json\/wp\/v2\/users\/30"}],"replies":[{"embeddable":true,"href":"https:\/\/www.gaveanews.com\/index.php\/wp-json\/wp\/v2\/comments?post=273009"}],"version-history":[{"count":1,"href":"https:\/\/www.gaveanews.com\/index.php\/wp-json\/wp\/v2\/posts\/273009\/revisions"}],"predecessor-version":[{"id":273010,"href":"https:\/\/www.gaveanews.com\/index.php\/wp-json\/wp\/v2\/posts\/273009\/revisions\/273010"}],"wp:featuredmedia":[{"embeddable":true,"href":"https:\/\/www.gaveanews.com\/index.php\/wp-json\/wp\/v2\/media\/146357"}],"wp:attachment":[{"href":"https:\/\/www.gaveanews.com\/index.php\/wp-json\/wp\/v2\/media?parent=273009"}],"wp:term":[{"taxonomy":"category","embeddable":true,"href":"https:\/\/www.gaveanews.com\/index.php\/wp-json\/wp\/v2\/categories?post=273009"},{"taxonomy":"post_tag","embeddable":true,"href":"https:\/\/www.gaveanews.com\/index.php\/wp-json\/wp\/v2\/tags?post=273009"}],"curies":[{"name":"wp","href":"https:\/\/api.w.org\/{rel}","templated":true}]}}