{"id":273013,"date":"2025-07-25T12:00:00","date_gmt":"2025-07-25T15:00:00","guid":{"rendered":"https:\/\/www.gaveanews.com\/?p=273013"},"modified":"2025-07-25T11:15:37","modified_gmt":"2025-07-25T14:15:37","slug":"alem-do-flamengo-clube-europeu-demonstra-interesse-em-samuel-lino","status":"publish","type":"post","link":"https:\/\/www.gaveanews.com\/index.php\/2025\/07\/25\/alem-do-flamengo-clube-europeu-demonstra-interesse-em-samuel-lino\/","title":{"rendered":"Al\u00e9m do Flamengo, clube europeu demonstra interesse em Samuel Lino"},"content":{"rendered":"\n<p>O Flamengo est\u00e1 muito pr\u00f3ximo de anunciar mais um refor\u00e7o de peso vindo da Europa. Trata-se de Samuel Lino, ponta-esquerda de 25 anos, que pertence ao Atl\u00e9tico de Madrid. O acerto entre os clubes foi concretizado na \u00faltima quinta-feira (24), com o jogador aguardado no Brasil nos pr\u00f3ximos dias.&nbsp;<\/p>\n\n\n\n<p>No entanto, uma nova reviravolta movimentou os bastidores: um gigante europeu entrou na disputa para tentar atravessar a contrata\u00e7\u00e3o rubro-negra.<\/p>\n\n\n\n<h2 class=\"wp-block-heading\" id=\"h-clube-europeu-tenta-atravessar-negociacao-e-agita-bastidores\">Clube europeu tenta atravessar negocia\u00e7\u00e3o e agita bastidores<\/h2>\n\n\n\n<p>A informa\u00e7\u00e3o foi revelada pelo jornalista Marco Giordano, que apontou o contato direto de uma equipe da elite europeia com Samuel Lino. O objetivo seria convenc\u00ea-lo a desistir do acerto com o Flamengo. Isso porque o atacante ganhou destaque nas \u00faltimas temporadas atuando sob o comando de Diego Simeone e \u00e9 visto como uma pe\u00e7a vers\u00e1til e valiosa no mercado internacional.<\/p>\n\n\n\n<p>Vale destacar que, mesmo com a investida estrangeira, o acordo com o Flamengo segue de p\u00e9. Por isso, o departamento de futebol rubro-negro mant\u00e9m o otimismo e conta com o cumprimento da palavra tanto do jogador quanto do Atl\u00e9tico de Madrid.<\/p>\n\n\n\n<h2 class=\"wp-block-heading\" id=\"h-reforco-importante-para-filipe-luis-e-possivel-adeus-de-ayrton-lucas\">Refor\u00e7o importante para Filipe Lu\u00eds e poss\u00edvel adeus de Ayrton Lucas<\/h2>\n\n\n\n<p>Samuel Lino chega ao elenco comandado por Filipe Lu\u00eds em um momento estrat\u00e9gico. Com isso, o Flamengo ganha um atleta que alia vigor f\u00edsico \u00e0 intelig\u00eancia t\u00e1tica. Lino pode atuar tanto como ponta quanto como ala ou lateral, abrindo possibilidades para novas forma\u00e7\u00f5es no setor esquerdo.<\/p>\n\n\n\n<p>Dessa maneira, sua chegada pode abrir caminho para a sa\u00edda de Ayrton Lucas, alvo do Al-Nassr. Sendo assim, a diretoria carioca se antecipa e se fortalece para a reta final da temporada.<\/p>\n\n\n\n<h2 class=\"wp-block-heading\" id=\"h-atletico-ja-pensa-em-reposicao-e-mira-antony-ex-sao-paulo\">Atl\u00e9tico j\u00e1 pensa em reposi\u00e7\u00e3o e mira Antony, ex-S\u00e3o Paulo<\/h2>\n\n\n\n<p>Enquanto isso, o Atl\u00e9tico de Madrid j\u00e1 se movimenta no mercado para substituir Lino. O nome mais cotado \u00e9 Antony, que pertence ao Manchester United e foi emprestado ao Betis na \u00faltima temporada. Desse jeito, os espanh\u00f3is mant\u00eam o foco em jogadores brasileiros para as pontas, algo caracter\u00edstico nas equipes de Simeone.<\/p>\n\n\n\n<p>Cabe ressaltar que, mesmo com o ass\u00e9dio europeu, o Flamengo demonstra for\u00e7a nos bastidores e capacidade de competir em alto n\u00edvel no mercado da bola. Portanto, a concretiza\u00e7\u00e3o da chegada de Lino representaria mais um passo importante no projeto ambicioso da diretoria rubro-negra.<\/p>\n","protected":false},"excerpt":{"rendered":"<p>O Flamengo est\u00e1 muito pr\u00f3ximo de anunciar mais um refor\u00e7o de peso vindo da Europa. Trata-se de Samuel Lino, ponta-esquerda de 25 anos, que pertence ao Atl\u00e9tico de Madrid. O acerto entre os clubes foi concretizado na \u00faltima quinta-feira (24), com o jogador aguardado no Brasil nos pr\u00f3ximos dias.&nbsp; No entanto, uma nova reviravolta movimentou [&hellip;]<\/p>\n","protected":false},"author":25,"featured_media":220981,"comment_status":"open","ping_status":"closed","sticky":false,"template":"","format":"standard","meta":{"footnotes":""},"categories":[1],"tags":[],"class_list":["post-273013","post","type-post","status-publish","format-standard","has-post-thumbnail","hentry","category-flamengo"],"yoast_head":"<!-- This site is optimized with the Yoast SEO Premium plugin v24.2 (Yoast SEO v26.9) - https:\/\/yoast.com\/product\/yoast-seo-premium-wordpress\/ -->\n<title>Al\u00e9m do Flamengo, clube europeu demonstra interesse em Samuel Lino<\/title>\n<meta name=\"robots\" content=\"index, follow, max-snippet:-1, max-image-preview:large, max-video-preview:-1\" \/>\n<link rel=\"canonical\" href=\"https:\/\/www.gaveanews.com\/index.php\/2025\/07\/25\/alem-do-flamengo-clube-europeu-demonstra-interesse-em-samuel-lino\/\" \/>\n<meta property=\"og:locale\" content=\"pt_BR\" \/>\n<meta property=\"og:type\" content=\"article\" \/>\n<meta property=\"og:title\" content=\"Al\u00e9m do Flamengo, clube europeu demonstra interesse em Samuel Lino\" \/>\n<meta property=\"og:description\" content=\"O Flamengo est\u00e1 muito pr\u00f3ximo de anunciar mais um refor\u00e7o de peso vindo da Europa. Trata-se de Samuel Lino, ponta-esquerda de 25 anos, que pertence ao Atl\u00e9tico de Madrid. O acerto entre os clubes foi concretizado na \u00faltima quinta-feira (24), com o jogador aguardado no Brasil nos pr\u00f3ximos dias.&nbsp; No entanto, uma nova reviravolta movimentou [&hellip;]\" \/>\n<meta property=\"og:url\" content=\"https:\/\/www.gaveanews.com\/index.php\/2025\/07\/25\/alem-do-flamengo-clube-europeu-demonstra-interesse-em-samuel-lino\/\" \/>\n<meta property=\"og:site_name\" content=\"G\u00e1vea News\" \/>\n<meta property=\"article:publisher\" content=\"https:\/\/facebook.com\/gaveaNews\/\" \/>\n<meta property=\"article:published_time\" content=\"2025-07-25T15:00:00+00:00\" \/>\n<meta property=\"og:image\" content=\"https:\/\/www.gaveanews.com\/wp-content\/uploads\/Jose-Boto-Flamengo-1.webp\" \/>\n\t<meta property=\"og:image:width\" content=\"1920\" \/>\n\t<meta property=\"og:image:height\" content=\"1281\" \/>\n\t<meta property=\"og:image:type\" content=\"image\/jpeg\" \/>\n<meta name=\"author\" content=\"Rafaela Ladeira\" \/>\n<meta name=\"twitter:card\" content=\"summary_large_image\" \/>\n<meta name=\"twitter:label1\" content=\"Escrito por\" \/>\n\t<meta name=\"twitter:data1\" content=\"Rafaela Ladeira\" \/>\n\t<meta name=\"twitter:label2\" content=\"Est. tempo de leitura\" \/>\n\t<meta name=\"twitter:data2\" content=\"3 minutos\" \/>\n<script type=\"application\/ld+json\" class=\"yoast-schema-graph\">{\"@context\":\"https:\/\/schema.org\",\"@graph\":[{\"@type\":\"NewsArticle\",\"@id\":\"https:\/\/www.gaveanews.com\/index.php\/2025\/07\/25\/alem-do-flamengo-clube-europeu-demonstra-interesse-em-samuel-lino\/#article\",\"isPartOf\":{\"@id\":\"https:\/\/www.gaveanews.com\/index.php\/2025\/07\/25\/alem-do-flamengo-clube-europeu-demonstra-interesse-em-samuel-lino\/\"},\"author\":{\"name\":\"Rafaela Ladeira\",\"@id\":\"https:\/\/www.gaveanews.com\/#\/schema\/person\/0eb3e3fe1754f0205218538adbe8f5ed\"},\"headline\":\"Al\u00e9m do Flamengo, clube europeu demonstra interesse em Samuel Lino\",\"datePublished\":\"2025-07-25T15:00:00+00:00\",\"mainEntityOfPage\":{\"@id\":\"https:\/\/www.gaveanews.com\/index.php\/2025\/07\/25\/alem-do-flamengo-clube-europeu-demonstra-interesse-em-samuel-lino\/\"},\"wordCount\":413,\"commentCount\":0,\"image\":{\"@id\":\"https:\/\/www.gaveanews.com\/index.php\/2025\/07\/25\/alem-do-flamengo-clube-europeu-demonstra-interesse-em-samuel-lino\/#primaryimage\"},\"thumbnailUrl\":\"https:\/\/www.gaveanews.com\/wp-content\/uploads\/Jose-Boto-Flamengo-1.webp\",\"articleSection\":[\"Flamengo\"],\"inLanguage\":\"pt-BR\",\"potentialAction\":[{\"@type\":\"CommentAction\",\"name\":\"Comment\",\"target\":[\"https:\/\/www.gaveanews.com\/index.php\/2025\/07\/25\/alem-do-flamengo-clube-europeu-demonstra-interesse-em-samuel-lino\/#respond\"]}],\"copyrightYear\":\"2025\",\"copyrightHolder\":{\"@id\":\"https:\/\/www.gaveanews.com\/#organization\"}},{\"@type\":\"WebPage\",\"@id\":\"https:\/\/www.gaveanews.com\/index.php\/2025\/07\/25\/alem-do-flamengo-clube-europeu-demonstra-interesse-em-samuel-lino\/\",\"url\":\"https:\/\/www.gaveanews.com\/index.php\/2025\/07\/25\/alem-do-flamengo-clube-europeu-demonstra-interesse-em-samuel-lino\/\",\"name\":\"Al\u00e9m do Flamengo, clube europeu demonstra interesse em Samuel Lino\",\"isPartOf\":{\"@id\":\"https:\/\/www.gaveanews.com\/#website\"},\"primaryImageOfPage\":{\"@id\":\"https:\/\/www.gaveanews.com\/index.php\/2025\/07\/25\/alem-do-flamengo-clube-europeu-demonstra-interesse-em-samuel-lino\/#primaryimage\"},\"image\":{\"@id\":\"https:\/\/www.gaveanews.com\/index.php\/2025\/07\/25\/alem-do-flamengo-clube-europeu-demonstra-interesse-em-samuel-lino\/#primaryimage\"},\"thumbnailUrl\":\"https:\/\/www.gaveanews.com\/wp-content\/uploads\/Jose-Boto-Flamengo-1.webp\",\"datePublished\":\"2025-07-25T15:00:00+00:00\",\"author\":{\"@id\":\"https:\/\/www.gaveanews.com\/#\/schema\/person\/0eb3e3fe1754f0205218538adbe8f5ed\"},\"breadcrumb\":{\"@id\":\"https:\/\/www.gaveanews.com\/index.php\/2025\/07\/25\/alem-do-flamengo-clube-europeu-demonstra-interesse-em-samuel-lino\/#breadcrumb\"},\"inLanguage\":\"pt-BR\",\"potentialAction\":[{\"@type\":\"ReadAction\",\"target\":[\"https:\/\/www.gaveanews.com\/index.php\/2025\/07\/25\/alem-do-flamengo-clube-europeu-demonstra-interesse-em-samuel-lino\/\"]}]},{\"@type\":\"ImageObject\",\"inLanguage\":\"pt-BR\",\"@id\":\"https:\/\/www.gaveanews.com\/index.php\/2025\/07\/25\/alem-do-flamengo-clube-europeu-demonstra-interesse-em-samuel-lino\/#primaryimage\",\"url\":\"https:\/\/www.gaveanews.com\/wp-content\/uploads\/Jose-Boto-Flamengo-1.webp\",\"contentUrl\":\"https:\/\/www.gaveanews.com\/wp-content\/uploads\/Jose-Boto-Flamengo-1.webp\",\"width\":1920,\"height\":1281,\"caption\":\"Diretor Jos\u00e9 Boto em coletiva (Foto: Paula Reis\/Flamengo)\"},{\"@type\":\"BreadcrumbList\",\"@id\":\"https:\/\/www.gaveanews.com\/index.php\/2025\/07\/25\/alem-do-flamengo-clube-europeu-demonstra-interesse-em-samuel-lino\/#breadcrumb\",\"itemListElement\":[{\"@type\":\"ListItem\",\"position\":1,\"name\":\"Home\",\"item\":\"https:\/\/www.gaveanews.com\/\"},{\"@type\":\"ListItem\",\"position\":2,\"name\":\"Al\u00e9m do Flamengo, clube europeu demonstra interesse em Samuel Lino\"}]},{\"@type\":\"WebSite\",\"@id\":\"https:\/\/www.gaveanews.com\/#website\",\"url\":\"https:\/\/www.gaveanews.com\/\",\"name\":\"G\u00e1vea News\",\"description\":\"Veja todas as not\u00edcias sobre o Flamengo: Contrata\u00e7\u00f5es, categorias de base, resultados das partidas, tabela de classifica\u00e7\u00e3o, pr\u00f3ximos jogos!\",\"potentialAction\":[{\"@type\":\"SearchAction\",\"target\":{\"@type\":\"EntryPoint\",\"urlTemplate\":\"https:\/\/www.gaveanews.com\/?s={search_term_string}\"},\"query-input\":{\"@type\":\"PropertyValueSpecification\",\"valueRequired\":true,\"valueName\":\"search_term_string\"}}],\"inLanguage\":\"pt-BR\"},{\"@type\":\"Person\",\"@id\":\"https:\/\/www.gaveanews.com\/#\/schema\/person\/0eb3e3fe1754f0205218538adbe8f5ed\",\"name\":\"Rafaela Ladeira\",\"image\":{\"@type\":\"ImageObject\",\"inLanguage\":\"pt-BR\",\"@id\":\"https:\/\/www.gaveanews.com\/#\/schema\/person\/image\/\",\"url\":\"https:\/\/secure.gravatar.com\/avatar\/c31f513acffd85eacab5730cbdfdbbf59f21ba5aeada8cd890acea879fbb2455?s=96&d=mm&r=g\",\"contentUrl\":\"https:\/\/secure.gravatar.com\/avatar\/c31f513acffd85eacab5730cbdfdbbf59f21ba5aeada8cd890acea879fbb2455?s=96&d=mm&r=g\",\"caption\":\"Rafaela Ladeira\"}}]}<\/script>\n<!-- \/ Yoast SEO Premium plugin. -->","yoast_head_json":{"title":"Al\u00e9m do Flamengo, clube europeu demonstra interesse em Samuel Lino","robots":{"index":"index","follow":"follow","max-snippet":"max-snippet:-1","max-image-preview":"max-image-preview:large","max-video-preview":"max-video-preview:-1"},"canonical":"https:\/\/www.gaveanews.com\/index.php\/2025\/07\/25\/alem-do-flamengo-clube-europeu-demonstra-interesse-em-samuel-lino\/","og_locale":"pt_BR","og_type":"article","og_title":"Al\u00e9m do Flamengo, clube europeu demonstra interesse em Samuel Lino","og_description":"O Flamengo est\u00e1 muito pr\u00f3ximo de anunciar mais um refor\u00e7o de peso vindo da Europa. Trata-se de Samuel Lino, ponta-esquerda de 25 anos, que pertence ao Atl\u00e9tico de Madrid. O acerto entre os clubes foi concretizado na \u00faltima quinta-feira (24), com o jogador aguardado no Brasil nos pr\u00f3ximos dias.&nbsp; No entanto, uma nova reviravolta movimentou [&hellip;]","og_url":"https:\/\/www.gaveanews.com\/index.php\/2025\/07\/25\/alem-do-flamengo-clube-europeu-demonstra-interesse-em-samuel-lino\/","og_site_name":"G\u00e1vea News","article_publisher":"https:\/\/facebook.com\/gaveaNews\/","article_published_time":"2025-07-25T15:00:00+00:00","og_image":[{"width":1920,"height":1281,"url":"https:\/\/www.gaveanews.com\/wp-content\/uploads\/Jose-Boto-Flamengo-1.webp","type":"image\/jpeg"}],"author":"Rafaela Ladeira","twitter_card":"summary_large_image","twitter_misc":{"Escrito por":"Rafaela Ladeira","Est. tempo de leitura":"3 minutos"},"schema":{"@context":"https:\/\/schema.org","@graph":[{"@type":"NewsArticle","@id":"https:\/\/www.gaveanews.com\/index.php\/2025\/07\/25\/alem-do-flamengo-clube-europeu-demonstra-interesse-em-samuel-lino\/#article","isPartOf":{"@id":"https:\/\/www.gaveanews.com\/index.php\/2025\/07\/25\/alem-do-flamengo-clube-europeu-demonstra-interesse-em-samuel-lino\/"},"author":{"name":"Rafaela Ladeira","@id":"https:\/\/www.gaveanews.com\/#\/schema\/person\/0eb3e3fe1754f0205218538adbe8f5ed"},"headline":"Al\u00e9m do Flamengo, clube europeu demonstra interesse em Samuel Lino","datePublished":"2025-07-25T15:00:00+00:00","mainEntityOfPage":{"@id":"https:\/\/www.gaveanews.com\/index.php\/2025\/07\/25\/alem-do-flamengo-clube-europeu-demonstra-interesse-em-samuel-lino\/"},"wordCount":413,"commentCount":0,"image":{"@id":"https:\/\/www.gaveanews.com\/index.php\/2025\/07\/25\/alem-do-flamengo-clube-europeu-demonstra-interesse-em-samuel-lino\/#primaryimage"},"thumbnailUrl":"https:\/\/www.gaveanews.com\/wp-content\/uploads\/Jose-Boto-Flamengo-1.webp","articleSection":["Flamengo"],"inLanguage":"pt-BR","potentialAction":[{"@type":"CommentAction","name":"Comment","target":["https:\/\/www.gaveanews.com\/index.php\/2025\/07\/25\/alem-do-flamengo-clube-europeu-demonstra-interesse-em-samuel-lino\/#respond"]}],"copyrightYear":"2025","copyrightHolder":{"@id":"https:\/\/www.gaveanews.com\/#organization"}},{"@type":"WebPage","@id":"https:\/\/www.gaveanews.com\/index.php\/2025\/07\/25\/alem-do-flamengo-clube-europeu-demonstra-interesse-em-samuel-lino\/","url":"https:\/\/www.gaveanews.com\/index.php\/2025\/07\/25\/alem-do-flamengo-clube-europeu-demonstra-interesse-em-samuel-lino\/","name":"Al\u00e9m do Flamengo, clube europeu demonstra interesse em Samuel Lino","isPartOf":{"@id":"https:\/\/www.gaveanews.com\/#website"},"primaryImageOfPage":{"@id":"https:\/\/www.gaveanews.com\/index.php\/2025\/07\/25\/alem-do-flamengo-clube-europeu-demonstra-interesse-em-samuel-lino\/#primaryimage"},"image":{"@id":"https:\/\/www.gaveanews.com\/index.php\/2025\/07\/25\/alem-do-flamengo-clube-europeu-demonstra-interesse-em-samuel-lino\/#primaryimage"},"thumbnailUrl":"https:\/\/www.gaveanews.com\/wp-content\/uploads\/Jose-Boto-Flamengo-1.webp","datePublished":"2025-07-25T15:00:00+00:00","author":{"@id":"https:\/\/www.gaveanews.com\/#\/schema\/person\/0eb3e3fe1754f0205218538adbe8f5ed"},"breadcrumb":{"@id":"https:\/\/www.gaveanews.com\/index.php\/2025\/07\/25\/alem-do-flamengo-clube-europeu-demonstra-interesse-em-samuel-lino\/#breadcrumb"},"inLanguage":"pt-BR","potentialAction":[{"@type":"ReadAction","target":["https:\/\/www.gaveanews.com\/index.php\/2025\/07\/25\/alem-do-flamengo-clube-europeu-demonstra-interesse-em-samuel-lino\/"]}]},{"@type":"ImageObject","inLanguage":"pt-BR","@id":"https:\/\/www.gaveanews.com\/index.php\/2025\/07\/25\/alem-do-flamengo-clube-europeu-demonstra-interesse-em-samuel-lino\/#primaryimage","url":"https:\/\/www.gaveanews.com\/wp-content\/uploads\/Jose-Boto-Flamengo-1.webp","contentUrl":"https:\/\/www.gaveanews.com\/wp-content\/uploads\/Jose-Boto-Flamengo-1.webp","width":1920,"height":1281,"caption":"Diretor Jos\u00e9 Boto em coletiva (Foto: Paula Reis\/Flamengo)"},{"@type":"BreadcrumbList","@id":"https:\/\/www.gaveanews.com\/index.php\/2025\/07\/25\/alem-do-flamengo-clube-europeu-demonstra-interesse-em-samuel-lino\/#breadcrumb","itemListElement":[{"@type":"ListItem","position":1,"name":"Home","item":"https:\/\/www.gaveanews.com\/"},{"@type":"ListItem","position":2,"name":"Al\u00e9m do Flamengo, clube europeu demonstra interesse em Samuel Lino"}]},{"@type":"WebSite","@id":"https:\/\/www.gaveanews.com\/#website","url":"https:\/\/www.gaveanews.com\/","name":"G\u00e1vea News","description":"Veja todas as not\u00edcias sobre o Flamengo: Contrata\u00e7\u00f5es, categorias de base, resultados das partidas, tabela de classifica\u00e7\u00e3o, pr\u00f3ximos jogos!","potentialAction":[{"@type":"SearchAction","target":{"@type":"EntryPoint","urlTemplate":"https:\/\/www.gaveanews.com\/?s={search_term_string}"},"query-input":{"@type":"PropertyValueSpecification","valueRequired":true,"valueName":"search_term_string"}}],"inLanguage":"pt-BR"},{"@type":"Person","@id":"https:\/\/www.gaveanews.com\/#\/schema\/person\/0eb3e3fe1754f0205218538adbe8f5ed","name":"Rafaela Ladeira","image":{"@type":"ImageObject","inLanguage":"pt-BR","@id":"https:\/\/www.gaveanews.com\/#\/schema\/person\/image\/","url":"https:\/\/secure.gravatar.com\/avatar\/c31f513acffd85eacab5730cbdfdbbf59f21ba5aeada8cd890acea879fbb2455?s=96&d=mm&r=g","contentUrl":"https:\/\/secure.gravatar.com\/avatar\/c31f513acffd85eacab5730cbdfdbbf59f21ba5aeada8cd890acea879fbb2455?s=96&d=mm&r=g","caption":"Rafaela Ladeira"}}]}},"_links":{"self":[{"href":"https:\/\/www.gaveanews.com\/index.php\/wp-json\/wp\/v2\/posts\/273013","targetHints":{"allow":["GET"]}}],"collection":[{"href":"https:\/\/www.gaveanews.com\/index.php\/wp-json\/wp\/v2\/posts"}],"about":[{"href":"https:\/\/www.gaveanews.com\/index.php\/wp-json\/wp\/v2\/types\/post"}],"author":[{"embeddable":true,"href":"https:\/\/www.gaveanews.com\/index.php\/wp-json\/wp\/v2\/users\/25"}],"replies":[{"embeddable":true,"href":"https:\/\/www.gaveanews.com\/index.php\/wp-json\/wp\/v2\/comments?post=273013"}],"version-history":[{"count":2,"href":"https:\/\/www.gaveanews.com\/index.php\/wp-json\/wp\/v2\/posts\/273013\/revisions"}],"predecessor-version":[{"id":273015,"href":"https:\/\/www.gaveanews.com\/index.php\/wp-json\/wp\/v2\/posts\/273013\/revisions\/273015"}],"wp:featuredmedia":[{"embeddable":true,"href":"https:\/\/www.gaveanews.com\/index.php\/wp-json\/wp\/v2\/media\/220981"}],"wp:attachment":[{"href":"https:\/\/www.gaveanews.com\/index.php\/wp-json\/wp\/v2\/media?parent=273013"}],"wp:term":[{"taxonomy":"category","embeddable":true,"href":"https:\/\/www.gaveanews.com\/index.php\/wp-json\/wp\/v2\/categories?post=273013"},{"taxonomy":"post_tag","embeddable":true,"href":"https:\/\/www.gaveanews.com\/index.php\/wp-json\/wp\/v2\/tags?post=273013"}],"curies":[{"name":"wp","href":"https:\/\/api.w.org\/{rel}","templated":true}]}}