{"id":273018,"date":"2025-07-25T13:00:00","date_gmt":"2025-07-25T16:00:00","guid":{"rendered":"https:\/\/www.gaveanews.com\/?p=273018"},"modified":"2025-07-25T11:45:19","modified_gmt":"2025-07-25T14:45:19","slug":"a-declaracao-de-cuca-antes-de-flamengo-x-atletico-mg","status":"publish","type":"post","link":"https:\/\/www.gaveanews.com\/index.php\/2025\/07\/25\/a-declaracao-de-cuca-antes-de-flamengo-x-atletico-mg\/","title":{"rendered":"A declara\u00e7\u00e3o de Cuca antes de Flamengo x Atl\u00e9tico-MG"},"content":{"rendered":"\n<p>O t\u00e9cnico Cuca enfrenta um momento de reorganiza\u00e7\u00e3o no Atl\u00e9tico, marcado tanto por desafios t\u00e1ticos quanto por turbul\u00eancias nos bastidores. Ap\u00f3s a classifica\u00e7\u00e3o na Copa Sul-Americana diante do Bucaramanga, o comandante alvinegro n\u00e3o apenas analisou o desempenho da equipe, como tamb\u00e9m abordou quest\u00f5es extracampo que influenciam diretamente o ambiente do grupo.<\/p>\n\n\n\n<p>Na parte t\u00e1tica, Cuca revelou que estuda a utiliza\u00e7\u00e3o de uma forma\u00e7\u00e3o com tr\u00eas zagueiros, embora reconhe\u00e7a limita\u00e7\u00f5es nas caracter\u00edsticas dos atletas dispon\u00edveis. A aus\u00eancia de Lyanco para o pr\u00f3ximo compromisso, contra o Flamengo, por suspens\u00e3o, inviabiliza testes imediatos com o esquema. Ainda assim, o treinador destacou a versatilidade de Fausto Vera, utilizado como alternativa na sa\u00edda de bola durante o confronto mais recente. Conforme explicou, \u201c\u00e0s vezes voc\u00ea n\u00e3o precisa ter tr\u00eas zagueiros espec\u00edficos para isso\u201d, justificando o uso de um volante na fun\u00e7\u00e3o de terceiro homem de defesa.<\/p>\n\n\n\n<figure class=\"wp-block-image size-large\"><img loading=\"lazy\" decoding=\"async\" width=\"1024\" height=\"576\" src=\"http:\/\/www.gaveanews.com\/wp-content\/uploads\/Cuca-durante-um-programa-do-SporTV-1024x576.webp\" alt=\"\" class=\"wp-image-28603\" srcset=\"https:\/\/www.gaveanews.com\/wp-content\/uploads\/Cuca-durante-um-programa-do-SporTV-1024x576.webp 1024w, https:\/\/www.gaveanews.com\/wp-content\/uploads\/Cuca-durante-um-programa-do-SporTV-300x169.webp 300w, https:\/\/www.gaveanews.com\/wp-content\/uploads\/Cuca-durante-um-programa-do-SporTV-768x432.webp 768w, https:\/\/www.gaveanews.com\/wp-content\/uploads\/Cuca-durante-um-programa-do-SporTV-747x420.webp 747w, https:\/\/www.gaveanews.com\/wp-content\/uploads\/Cuca-durante-um-programa-do-SporTV-640x360.webp 640w, https:\/\/www.gaveanews.com\/wp-content\/uploads\/Cuca-durante-um-programa-do-SporTV.webp 1280w, https:\/\/www.gaveanews.com\/wp-content\/uploads\/Cuca-durante-um-programa-do-SporTV-681x383.webp 681w, https:\/\/www.gaveanews.com\/wp-content\/uploads\/Cuca-durante-um-programa-do-SporTV-100x56.webp 100w\" sizes=\"auto, (max-width: 1024px) 100vw, 1024px\" \/><figcaption class=\"wp-element-caption\">Cuca durante um programa do SporTV (Foto: Reprodu\u00e7\u00e3o\/SporTV)<\/figcaption><\/figure>\n\n\n\n<p>O time mineiro vive uma fase de transi\u00e7\u00e3o tamb\u00e9m no meio-campo. Sem Alan Franco, suspenso, e Patrick Silva, lesionado, Cuca apostou no retorno de Fausto Vera, que n\u00e3o atuava h\u00e1 quase dois meses. A diretoria, inclusive, trata como prioridade a chegada de um primeiro volante com caracter\u00edsticas defensivas. Para o duelo diante do Flamengo, Franco volta a estar dispon\u00edvel, o que pode oferecer novas possibilidades \u00e0 equipe.<\/p>\n\n\n\n<p>Al\u00e9m das aus\u00eancias t\u00e9cnicas, o Atl\u00e9tico tamb\u00e9m convive com uma crise institucional. Parte do elenco, incluindo Rony, Scarpa e Igor Gomes, recorreu \u00e0 Justi\u00e7a por conta de atrasos salariais. Em resposta, Cuca adotou postura conciliadora: \u201cEu consigo entender todos os lados. Entendo o lado do torcedor&#8230; mas tamb\u00e9m o do profissional. Eles acionaram um bot\u00e3o de alerta\u201d.<\/p>\n\n\n\n<p>Com a promessa de quita\u00e7\u00e3o das d\u00edvidas at\u00e9 o fim da pr\u00f3xima semana, o treinador espera que a instabilidade extracampo n\u00e3o interfira mais no desempenho. Ainda assim, reconheceu que a press\u00e3o vivida nos \u00faltimos dias afetou o rendimento coletivo. \u201cN\u00f3s n\u00e3o temos feito bons jogos&#8230; Todos esses fatos que aconteceram de dois dias pra c\u00e1 mexem com a cabe\u00e7a de todo mundo\u201d.<\/p>\n\n\n\n<p>Em tom de mobiliza\u00e7\u00e3o, Cuca refor\u00e7ou a necessidade de concentra\u00e7\u00e3o total nas partidas que se aproximam. O Atl\u00e9tico encara o Flamengo em sequ\u00eancia, tanto pelo Campeonato Brasileiro quanto pela Copa do Brasil. \u201cTemos que nos mobilizar nesses jogos duros contra o Flamengo, fora de casa. Temos que nos mobilizar para fazer bons jogos\u201d.<\/p>\n\n\n\n<p>Por fim, a sa\u00edda de Rubens, negociado com o D\u00ednamo Moscou, foi sentida pelo t\u00e9cnico. \u201cVoc\u00eas v\u00e3o ver a falta que o Rubens faz quando ele n\u00e3o estiver mais&#8230; \u00c9 um menino que corria por todo mundo no meio-campo\u201d, lamentou, ao comentar a polival\u00eancia do atleta.<\/p>\n","protected":false},"excerpt":{"rendered":"<p>O t\u00e9cnico Cuca enfrenta um momento de reorganiza\u00e7\u00e3o no Atl\u00e9tico, marcado tanto por desafios t\u00e1ticos quanto por turbul\u00eancias nos bastidores. Ap\u00f3s a classifica\u00e7\u00e3o na Copa Sul-Americana diante do Bucaramanga, o comandante alvinegro n\u00e3o apenas analisou o desempenho da equipe, como tamb\u00e9m abordou quest\u00f5es extracampo que influenciam diretamente o ambiente do grupo. Na parte t\u00e1tica, Cuca [&hellip;]<\/p>\n","protected":false},"author":27,"featured_media":68026,"comment_status":"open","ping_status":"closed","sticky":false,"template":"","format":"standard","meta":{"footnotes":""},"categories":[136,1],"tags":[],"class_list":["post-273018","post","type-post","status-publish","format-standard","has-post-thumbnail","hentry","category-atletico-mg","category-flamengo"],"yoast_head":"<!-- This site is optimized with the Yoast SEO Premium plugin v24.2 (Yoast SEO v26.9) - https:\/\/yoast.com\/product\/yoast-seo-premium-wordpress\/ -->\n<title>A declara\u00e7\u00e3o de Cuca antes de Flamengo x Atl\u00e9tico-MG<\/title>\n<meta name=\"robots\" content=\"index, follow, max-snippet:-1, max-image-preview:large, max-video-preview:-1\" \/>\n<link rel=\"canonical\" href=\"https:\/\/www.gaveanews.com\/index.php\/2025\/07\/25\/a-declaracao-de-cuca-antes-de-flamengo-x-atletico-mg\/\" \/>\n<meta property=\"og:locale\" content=\"pt_BR\" \/>\n<meta property=\"og:type\" content=\"article\" \/>\n<meta property=\"og:title\" content=\"A declara\u00e7\u00e3o de Cuca antes de Flamengo x Atl\u00e9tico-MG\" \/>\n<meta property=\"og:description\" content=\"O t\u00e9cnico Cuca enfrenta um momento de reorganiza\u00e7\u00e3o no Atl\u00e9tico, marcado tanto por desafios t\u00e1ticos quanto por turbul\u00eancias nos bastidores. Ap\u00f3s a classifica\u00e7\u00e3o na Copa Sul-Americana diante do Bucaramanga, o comandante alvinegro n\u00e3o apenas analisou o desempenho da equipe, como tamb\u00e9m abordou quest\u00f5es extracampo que influenciam diretamente o ambiente do grupo. Na parte t\u00e1tica, Cuca [&hellip;]\" \/>\n<meta property=\"og:url\" content=\"https:\/\/www.gaveanews.com\/index.php\/2025\/07\/25\/a-declaracao-de-cuca-antes-de-flamengo-x-atletico-mg\/\" \/>\n<meta property=\"og:site_name\" content=\"G\u00e1vea News\" \/>\n<meta property=\"article:publisher\" content=\"https:\/\/facebook.com\/gaveaNews\/\" \/>\n<meta property=\"article:published_time\" content=\"2025-07-25T16:00:00+00:00\" \/>\n<meta property=\"og:image\" content=\"https:\/\/www.gaveanews.com\/wp-content\/uploads\/Cuca-tecnico-do-Atletico-MG.webp\" \/>\n\t<meta property=\"og:image:width\" content=\"1024\" \/>\n\t<meta property=\"og:image:height\" content=\"683\" \/>\n\t<meta property=\"og:image:type\" content=\"image\/jpeg\" \/>\n<meta name=\"author\" content=\"Matheus Felipe\" \/>\n<meta name=\"twitter:card\" content=\"summary_large_image\" \/>\n<meta name=\"twitter:label1\" content=\"Escrito por\" \/>\n\t<meta name=\"twitter:data1\" content=\"Matheus Felipe\" \/>\n\t<meta name=\"twitter:label2\" content=\"Est. tempo de leitura\" \/>\n\t<meta name=\"twitter:data2\" content=\"3 minutos\" \/>\n<script type=\"application\/ld+json\" class=\"yoast-schema-graph\">{\"@context\":\"https:\/\/schema.org\",\"@graph\":[{\"@type\":\"NewsArticle\",\"@id\":\"https:\/\/www.gaveanews.com\/index.php\/2025\/07\/25\/a-declaracao-de-cuca-antes-de-flamengo-x-atletico-mg\/#article\",\"isPartOf\":{\"@id\":\"https:\/\/www.gaveanews.com\/index.php\/2025\/07\/25\/a-declaracao-de-cuca-antes-de-flamengo-x-atletico-mg\/\"},\"author\":{\"name\":\"Matheus Felipe\",\"@id\":\"https:\/\/www.gaveanews.com\/#\/schema\/person\/8207cd4627f56151707418bfc835b2fb\"},\"headline\":\"A declara\u00e7\u00e3o de Cuca antes de Flamengo x Atl\u00e9tico-MG\",\"datePublished\":\"2025-07-25T16:00:00+00:00\",\"mainEntityOfPage\":{\"@id\":\"https:\/\/www.gaveanews.com\/index.php\/2025\/07\/25\/a-declaracao-de-cuca-antes-de-flamengo-x-atletico-mg\/\"},\"wordCount\":503,\"commentCount\":0,\"image\":{\"@id\":\"https:\/\/www.gaveanews.com\/index.php\/2025\/07\/25\/a-declaracao-de-cuca-antes-de-flamengo-x-atletico-mg\/#primaryimage\"},\"thumbnailUrl\":\"https:\/\/www.gaveanews.com\/wp-content\/uploads\/Cuca-tecnico-do-Atletico-MG.webp\",\"articleSection\":[\"Atl\u00e9tico-MG\",\"Flamengo\"],\"inLanguage\":\"pt-BR\",\"potentialAction\":[{\"@type\":\"CommentAction\",\"name\":\"Comment\",\"target\":[\"https:\/\/www.gaveanews.com\/index.php\/2025\/07\/25\/a-declaracao-de-cuca-antes-de-flamengo-x-atletico-mg\/#respond\"]}],\"copyrightYear\":\"2025\",\"copyrightHolder\":{\"@id\":\"https:\/\/www.gaveanews.com\/#organization\"}},{\"@type\":\"WebPage\",\"@id\":\"https:\/\/www.gaveanews.com\/index.php\/2025\/07\/25\/a-declaracao-de-cuca-antes-de-flamengo-x-atletico-mg\/\",\"url\":\"https:\/\/www.gaveanews.com\/index.php\/2025\/07\/25\/a-declaracao-de-cuca-antes-de-flamengo-x-atletico-mg\/\",\"name\":\"A declara\u00e7\u00e3o de Cuca antes de Flamengo x Atl\u00e9tico-MG\",\"isPartOf\":{\"@id\":\"https:\/\/www.gaveanews.com\/#website\"},\"primaryImageOfPage\":{\"@id\":\"https:\/\/www.gaveanews.com\/index.php\/2025\/07\/25\/a-declaracao-de-cuca-antes-de-flamengo-x-atletico-mg\/#primaryimage\"},\"image\":{\"@id\":\"https:\/\/www.gaveanews.com\/index.php\/2025\/07\/25\/a-declaracao-de-cuca-antes-de-flamengo-x-atletico-mg\/#primaryimage\"},\"thumbnailUrl\":\"https:\/\/www.gaveanews.com\/wp-content\/uploads\/Cuca-tecnico-do-Atletico-MG.webp\",\"datePublished\":\"2025-07-25T16:00:00+00:00\",\"author\":{\"@id\":\"https:\/\/www.gaveanews.com\/#\/schema\/person\/8207cd4627f56151707418bfc835b2fb\"},\"breadcrumb\":{\"@id\":\"https:\/\/www.gaveanews.com\/index.php\/2025\/07\/25\/a-declaracao-de-cuca-antes-de-flamengo-x-atletico-mg\/#breadcrumb\"},\"inLanguage\":\"pt-BR\",\"potentialAction\":[{\"@type\":\"ReadAction\",\"target\":[\"https:\/\/www.gaveanews.com\/index.php\/2025\/07\/25\/a-declaracao-de-cuca-antes-de-flamengo-x-atletico-mg\/\"]}]},{\"@type\":\"ImageObject\",\"inLanguage\":\"pt-BR\",\"@id\":\"https:\/\/www.gaveanews.com\/index.php\/2025\/07\/25\/a-declaracao-de-cuca-antes-de-flamengo-x-atletico-mg\/#primaryimage\",\"url\":\"https:\/\/www.gaveanews.com\/wp-content\/uploads\/Cuca-tecnico-do-Atletico-MG.webp\",\"contentUrl\":\"https:\/\/www.gaveanews.com\/wp-content\/uploads\/Cuca-tecnico-do-Atletico-MG.webp\",\"width\":1024,\"height\":683,\"caption\":\"Cuca como treinador do Atl\u00e9tico-MG (Foto: Bruno Cantini\/Atl\u00e9tico-MG)\"},{\"@type\":\"BreadcrumbList\",\"@id\":\"https:\/\/www.gaveanews.com\/index.php\/2025\/07\/25\/a-declaracao-de-cuca-antes-de-flamengo-x-atletico-mg\/#breadcrumb\",\"itemListElement\":[{\"@type\":\"ListItem\",\"position\":1,\"name\":\"Home\",\"item\":\"https:\/\/www.gaveanews.com\/\"},{\"@type\":\"ListItem\",\"position\":2,\"name\":\"A declara\u00e7\u00e3o de Cuca antes de Flamengo x Atl\u00e9tico-MG\"}]},{\"@type\":\"WebSite\",\"@id\":\"https:\/\/www.gaveanews.com\/#website\",\"url\":\"https:\/\/www.gaveanews.com\/\",\"name\":\"G\u00e1vea News\",\"description\":\"Veja todas as not\u00edcias sobre o Flamengo: Contrata\u00e7\u00f5es, categorias de base, resultados das partidas, tabela de classifica\u00e7\u00e3o, pr\u00f3ximos jogos!\",\"potentialAction\":[{\"@type\":\"SearchAction\",\"target\":{\"@type\":\"EntryPoint\",\"urlTemplate\":\"https:\/\/www.gaveanews.com\/?s={search_term_string}\"},\"query-input\":{\"@type\":\"PropertyValueSpecification\",\"valueRequired\":true,\"valueName\":\"search_term_string\"}}],\"inLanguage\":\"pt-BR\"},{\"@type\":\"Person\",\"@id\":\"https:\/\/www.gaveanews.com\/#\/schema\/person\/8207cd4627f56151707418bfc835b2fb\",\"name\":\"Matheus Felipe\",\"image\":{\"@type\":\"ImageObject\",\"inLanguage\":\"pt-BR\",\"@id\":\"https:\/\/www.gaveanews.com\/#\/schema\/person\/image\/\",\"url\":\"https:\/\/secure.gravatar.com\/avatar\/a452ffbed9130f726358b298bb3a99ce4bd3c5338411f8440e87e14d74c7c087?s=96&d=mm&r=g\",\"contentUrl\":\"https:\/\/secure.gravatar.com\/avatar\/a452ffbed9130f726358b298bb3a99ce4bd3c5338411f8440e87e14d74c7c087?s=96&d=mm&r=g\",\"caption\":\"Matheus Felipe\"}}]}<\/script>\n<!-- \/ Yoast SEO Premium plugin. -->","yoast_head_json":{"title":"A declara\u00e7\u00e3o de Cuca antes de Flamengo x Atl\u00e9tico-MG","robots":{"index":"index","follow":"follow","max-snippet":"max-snippet:-1","max-image-preview":"max-image-preview:large","max-video-preview":"max-video-preview:-1"},"canonical":"https:\/\/www.gaveanews.com\/index.php\/2025\/07\/25\/a-declaracao-de-cuca-antes-de-flamengo-x-atletico-mg\/","og_locale":"pt_BR","og_type":"article","og_title":"A declara\u00e7\u00e3o de Cuca antes de Flamengo x Atl\u00e9tico-MG","og_description":"O t\u00e9cnico Cuca enfrenta um momento de reorganiza\u00e7\u00e3o no Atl\u00e9tico, marcado tanto por desafios t\u00e1ticos quanto por turbul\u00eancias nos bastidores. Ap\u00f3s a classifica\u00e7\u00e3o na Copa Sul-Americana diante do Bucaramanga, o comandante alvinegro n\u00e3o apenas analisou o desempenho da equipe, como tamb\u00e9m abordou quest\u00f5es extracampo que influenciam diretamente o ambiente do grupo. Na parte t\u00e1tica, Cuca [&hellip;]","og_url":"https:\/\/www.gaveanews.com\/index.php\/2025\/07\/25\/a-declaracao-de-cuca-antes-de-flamengo-x-atletico-mg\/","og_site_name":"G\u00e1vea News","article_publisher":"https:\/\/facebook.com\/gaveaNews\/","article_published_time":"2025-07-25T16:00:00+00:00","og_image":[{"width":1024,"height":683,"url":"https:\/\/www.gaveanews.com\/wp-content\/uploads\/Cuca-tecnico-do-Atletico-MG.webp","type":"image\/jpeg"}],"author":"Matheus Felipe","twitter_card":"summary_large_image","twitter_misc":{"Escrito por":"Matheus Felipe","Est. tempo de leitura":"3 minutos"},"schema":{"@context":"https:\/\/schema.org","@graph":[{"@type":"NewsArticle","@id":"https:\/\/www.gaveanews.com\/index.php\/2025\/07\/25\/a-declaracao-de-cuca-antes-de-flamengo-x-atletico-mg\/#article","isPartOf":{"@id":"https:\/\/www.gaveanews.com\/index.php\/2025\/07\/25\/a-declaracao-de-cuca-antes-de-flamengo-x-atletico-mg\/"},"author":{"name":"Matheus Felipe","@id":"https:\/\/www.gaveanews.com\/#\/schema\/person\/8207cd4627f56151707418bfc835b2fb"},"headline":"A declara\u00e7\u00e3o de Cuca antes de Flamengo x Atl\u00e9tico-MG","datePublished":"2025-07-25T16:00:00+00:00","mainEntityOfPage":{"@id":"https:\/\/www.gaveanews.com\/index.php\/2025\/07\/25\/a-declaracao-de-cuca-antes-de-flamengo-x-atletico-mg\/"},"wordCount":503,"commentCount":0,"image":{"@id":"https:\/\/www.gaveanews.com\/index.php\/2025\/07\/25\/a-declaracao-de-cuca-antes-de-flamengo-x-atletico-mg\/#primaryimage"},"thumbnailUrl":"https:\/\/www.gaveanews.com\/wp-content\/uploads\/Cuca-tecnico-do-Atletico-MG.webp","articleSection":["Atl\u00e9tico-MG","Flamengo"],"inLanguage":"pt-BR","potentialAction":[{"@type":"CommentAction","name":"Comment","target":["https:\/\/www.gaveanews.com\/index.php\/2025\/07\/25\/a-declaracao-de-cuca-antes-de-flamengo-x-atletico-mg\/#respond"]}],"copyrightYear":"2025","copyrightHolder":{"@id":"https:\/\/www.gaveanews.com\/#organization"}},{"@type":"WebPage","@id":"https:\/\/www.gaveanews.com\/index.php\/2025\/07\/25\/a-declaracao-de-cuca-antes-de-flamengo-x-atletico-mg\/","url":"https:\/\/www.gaveanews.com\/index.php\/2025\/07\/25\/a-declaracao-de-cuca-antes-de-flamengo-x-atletico-mg\/","name":"A declara\u00e7\u00e3o de Cuca antes de Flamengo x Atl\u00e9tico-MG","isPartOf":{"@id":"https:\/\/www.gaveanews.com\/#website"},"primaryImageOfPage":{"@id":"https:\/\/www.gaveanews.com\/index.php\/2025\/07\/25\/a-declaracao-de-cuca-antes-de-flamengo-x-atletico-mg\/#primaryimage"},"image":{"@id":"https:\/\/www.gaveanews.com\/index.php\/2025\/07\/25\/a-declaracao-de-cuca-antes-de-flamengo-x-atletico-mg\/#primaryimage"},"thumbnailUrl":"https:\/\/www.gaveanews.com\/wp-content\/uploads\/Cuca-tecnico-do-Atletico-MG.webp","datePublished":"2025-07-25T16:00:00+00:00","author":{"@id":"https:\/\/www.gaveanews.com\/#\/schema\/person\/8207cd4627f56151707418bfc835b2fb"},"breadcrumb":{"@id":"https:\/\/www.gaveanews.com\/index.php\/2025\/07\/25\/a-declaracao-de-cuca-antes-de-flamengo-x-atletico-mg\/#breadcrumb"},"inLanguage":"pt-BR","potentialAction":[{"@type":"ReadAction","target":["https:\/\/www.gaveanews.com\/index.php\/2025\/07\/25\/a-declaracao-de-cuca-antes-de-flamengo-x-atletico-mg\/"]}]},{"@type":"ImageObject","inLanguage":"pt-BR","@id":"https:\/\/www.gaveanews.com\/index.php\/2025\/07\/25\/a-declaracao-de-cuca-antes-de-flamengo-x-atletico-mg\/#primaryimage","url":"https:\/\/www.gaveanews.com\/wp-content\/uploads\/Cuca-tecnico-do-Atletico-MG.webp","contentUrl":"https:\/\/www.gaveanews.com\/wp-content\/uploads\/Cuca-tecnico-do-Atletico-MG.webp","width":1024,"height":683,"caption":"Cuca como treinador do Atl\u00e9tico-MG (Foto: Bruno Cantini\/Atl\u00e9tico-MG)"},{"@type":"BreadcrumbList","@id":"https:\/\/www.gaveanews.com\/index.php\/2025\/07\/25\/a-declaracao-de-cuca-antes-de-flamengo-x-atletico-mg\/#breadcrumb","itemListElement":[{"@type":"ListItem","position":1,"name":"Home","item":"https:\/\/www.gaveanews.com\/"},{"@type":"ListItem","position":2,"name":"A declara\u00e7\u00e3o de Cuca antes de Flamengo x Atl\u00e9tico-MG"}]},{"@type":"WebSite","@id":"https:\/\/www.gaveanews.com\/#website","url":"https:\/\/www.gaveanews.com\/","name":"G\u00e1vea News","description":"Veja todas as not\u00edcias sobre o Flamengo: Contrata\u00e7\u00f5es, categorias de base, resultados das partidas, tabela de classifica\u00e7\u00e3o, pr\u00f3ximos jogos!","potentialAction":[{"@type":"SearchAction","target":{"@type":"EntryPoint","urlTemplate":"https:\/\/www.gaveanews.com\/?s={search_term_string}"},"query-input":{"@type":"PropertyValueSpecification","valueRequired":true,"valueName":"search_term_string"}}],"inLanguage":"pt-BR"},{"@type":"Person","@id":"https:\/\/www.gaveanews.com\/#\/schema\/person\/8207cd4627f56151707418bfc835b2fb","name":"Matheus Felipe","image":{"@type":"ImageObject","inLanguage":"pt-BR","@id":"https:\/\/www.gaveanews.com\/#\/schema\/person\/image\/","url":"https:\/\/secure.gravatar.com\/avatar\/a452ffbed9130f726358b298bb3a99ce4bd3c5338411f8440e87e14d74c7c087?s=96&d=mm&r=g","contentUrl":"https:\/\/secure.gravatar.com\/avatar\/a452ffbed9130f726358b298bb3a99ce4bd3c5338411f8440e87e14d74c7c087?s=96&d=mm&r=g","caption":"Matheus Felipe"}}]}},"_links":{"self":[{"href":"https:\/\/www.gaveanews.com\/index.php\/wp-json\/wp\/v2\/posts\/273018","targetHints":{"allow":["GET"]}}],"collection":[{"href":"https:\/\/www.gaveanews.com\/index.php\/wp-json\/wp\/v2\/posts"}],"about":[{"href":"https:\/\/www.gaveanews.com\/index.php\/wp-json\/wp\/v2\/types\/post"}],"author":[{"embeddable":true,"href":"https:\/\/www.gaveanews.com\/index.php\/wp-json\/wp\/v2\/users\/27"}],"replies":[{"embeddable":true,"href":"https:\/\/www.gaveanews.com\/index.php\/wp-json\/wp\/v2\/comments?post=273018"}],"version-history":[{"count":1,"href":"https:\/\/www.gaveanews.com\/index.php\/wp-json\/wp\/v2\/posts\/273018\/revisions"}],"predecessor-version":[{"id":273023,"href":"https:\/\/www.gaveanews.com\/index.php\/wp-json\/wp\/v2\/posts\/273018\/revisions\/273023"}],"wp:featuredmedia":[{"embeddable":true,"href":"https:\/\/www.gaveanews.com\/index.php\/wp-json\/wp\/v2\/media\/68026"}],"wp:attachment":[{"href":"https:\/\/www.gaveanews.com\/index.php\/wp-json\/wp\/v2\/media?parent=273018"}],"wp:term":[{"taxonomy":"category","embeddable":true,"href":"https:\/\/www.gaveanews.com\/index.php\/wp-json\/wp\/v2\/categories?post=273018"},{"taxonomy":"post_tag","embeddable":true,"href":"https:\/\/www.gaveanews.com\/index.php\/wp-json\/wp\/v2\/tags?post=273018"}],"curies":[{"name":"wp","href":"https:\/\/api.w.org\/{rel}","templated":true}]}}