{"id":273020,"date":"2025-07-25T13:30:00","date_gmt":"2025-07-25T16:30:00","guid":{"rendered":"https:\/\/www.gaveanews.com\/?p=273020"},"modified":"2025-07-25T11:44:35","modified_gmt":"2025-07-25T14:44:35","slug":"flamengo-libera-e-de-la-cruz-vai-viajar-para-o-exterior","status":"publish","type":"post","link":"https:\/\/www.gaveanews.com\/index.php\/2025\/07\/25\/flamengo-libera-e-de-la-cruz-vai-viajar-para-o-exterior\/","title":{"rendered":"Flamengo libera e De La Cruz vai viajar para o exterior"},"content":{"rendered":"\n<p>A recente movimenta\u00e7\u00e3o nos bastidores do Flamengo chamou a aten\u00e7\u00e3o dos torcedores e da imprensa esportiva. O meio-campista Nicol\u00e1s De La Cruz, destaque do elenco rubro-negro, foi liberado para viajar ao Uruguai ap\u00f3s se sentir exposto por cr\u00edticas vindas do ex-diretor m\u00e9dico do clube, Jos\u00e9 Luiz Runco.&nbsp;<\/p>\n\n\n\n<p>O jogador, incomodado com declara\u00e7\u00f5es p\u00fablicas sobre sua condi\u00e7\u00e3o f\u00edsica, solicitou alguns dias de afastamento, e teve o pedido atendido pela diretoria.<\/p>\n\n\n\n<h2 class=\"wp-block-heading\" id=\"h-runco-causa-desconforto-ao-expor-situacao-medica-do-jogador\">Runco causa desconforto ao expor situa\u00e7\u00e3o m\u00e9dica do jogador<\/h2>\n\n\n\n<p>A pol\u00eamica teve in\u00edcio quando Jos\u00e9 Luiz Runco enviou mensagens em um grupo de WhatsApp composto por membros da pol\u00edtica do Flamengo. Na conversa, o ent\u00e3o diretor m\u00e9dico afirmou:<\/p>\n\n\n\n<p>\u201cVou tentar passar a situa\u00e7\u00e3o do De La Cruz. Jogador comprado em outra gest\u00e3o, sem a menor condi\u00e7\u00e3o, pois apresenta uma les\u00e3o cr\u00f4nica e irrepar\u00e1vel no joelho direito, e uma les\u00e3o tamb\u00e9m no joelho esquerdo. Como somos b\u00edpedes, temos dificuldades de equil\u00edbrio e equil\u00edbrio muscular se algum membro j\u00e1 estiver afetado.\u201d<\/p>\n\n\n\n<p>A fala, que rapidamente repercutiu, caiu como uma bomba nos bastidores. Isso porque De La Cruz sentiu-se exposto de maneira indevida. Com isso, pediu para se ausentar do clube entre sexta-feira (25) e domingo (27), retornando aos treinos na segunda-feira (28).&nbsp;<\/p>\n\n\n\n<p>Dessa maneira, o camisa 18 ser\u00e1 desfalque no pr\u00f3ximo confronto do Flamengo pelo Brasileir\u00e3o, contra o Atl\u00e9tico-MG.<\/p>\n\n\n\n<h2 class=\"wp-block-heading\" id=\"h-clube-reage-demissao-imediata-e-silencio-sobre-substituicao\">Clube reage: demiss\u00e3o imediata e sil\u00eancio sobre substitui\u00e7\u00e3o<\/h2>\n\n\n\n<p>Vale destacar que, diante da repercuss\u00e3o negativa e da insatisfa\u00e7\u00e3o gerada internamente, o Flamengo optou por desligar Jos\u00e9 Luiz Runco do cargo de diretor m\u00e9dico. Por isso, o clube ainda n\u00e3o anunciou um novo nome para assumir a fun\u00e7\u00e3o, que segue sob responsabilidade da gest\u00e3o de Luiz Eduardo Baptista.&nbsp;<\/p>\n\n\n\n<p>Cabe ressaltar que Runco era um dos profissionais mais experientes do departamento m\u00e9dico, o que torna a troca ainda mais significativa.<\/p>\n\n\n\n<h2 class=\"wp-block-heading\" id=\"h-jogador-busca-paz-ao-lado-da-familia\">Jogador busca paz ao lado da fam\u00edlia<\/h2>\n\n\n\n<p>Al\u00e9m disso, a ida de De La Cruz ao Uruguai \u00e9 vista como uma maneira de preservar seu bem-estar emocional em um momento de press\u00e3o e exposi\u00e7\u00e3o p\u00fablica. Sendo assim, o Flamengo busca minimizar os danos e preservar o ambiente no elenco. Desse jeito, a diretoria tenta manter a harmonia interna para seguir na briga pelos t\u00edtulos da temporada.<\/p>\n\n\n\n<p>Portanto, resta agora acompanhar como o clube vai administrar os impactos da crise e garantir o retorno de De La Cruz em plena forma, f\u00edsica e emocional.<\/p>\n\n\n\n<blockquote class=\"twitter-tweet\" data-media-max-width=\"560\"><p lang=\"pt\" dir=\"ltr\">Nico De La Cruz foi liberado pelo Flamengo para passar o final de semana com a fam\u00edlia, no Uruguai. <br><br>\ud83d\udcf8 Gilvan de Souza \/ Flamengo <a href=\"https:\/\/t.co\/AZYPsvaFwd\">pic.twitter.com\/AZYPsvaFwd<\/a><\/p>&mdash; Raisa Simplicio (@simpraisa) <a href=\"https:\/\/twitter.com\/simpraisa\/status\/1948738998660211029?ref_src=twsrc%5Etfw\">July 25, 2025<\/a><\/blockquote> <script async src=\"https:\/\/platform.twitter.com\/widgets.js\" charset=\"utf-8\"><\/script>\n","protected":false},"excerpt":{"rendered":"<p>A recente movimenta\u00e7\u00e3o nos bastidores do Flamengo chamou a aten\u00e7\u00e3o dos torcedores e da imprensa esportiva. O meio-campista Nicol\u00e1s De La Cruz, destaque do elenco rubro-negro, foi liberado para viajar ao Uruguai ap\u00f3s se sentir exposto por cr\u00edticas vindas do ex-diretor m\u00e9dico do clube, Jos\u00e9 Luiz Runco.&nbsp; O jogador, incomodado com declara\u00e7\u00f5es p\u00fablicas sobre sua [&hellip;]<\/p>\n","protected":false},"author":25,"featured_media":121169,"comment_status":"open","ping_status":"closed","sticky":false,"template":"","format":"standard","meta":{"footnotes":""},"categories":[1],"tags":[],"class_list":["post-273020","post","type-post","status-publish","format-standard","has-post-thumbnail","hentry","category-flamengo"],"yoast_head":"<!-- This site is optimized with the Yoast SEO Premium plugin v24.2 (Yoast SEO v26.9) - https:\/\/yoast.com\/product\/yoast-seo-premium-wordpress\/ -->\n<title>Flamengo libera e De La Cruz vai viajar para o exterior<\/title>\n<meta name=\"robots\" content=\"index, follow, max-snippet:-1, max-image-preview:large, max-video-preview:-1\" \/>\n<link rel=\"canonical\" href=\"https:\/\/www.gaveanews.com\/index.php\/2025\/07\/25\/flamengo-libera-e-de-la-cruz-vai-viajar-para-o-exterior\/\" \/>\n<meta property=\"og:locale\" content=\"pt_BR\" \/>\n<meta property=\"og:type\" content=\"article\" \/>\n<meta property=\"og:title\" content=\"Flamengo libera e De La Cruz vai viajar para o exterior\" \/>\n<meta property=\"og:description\" content=\"A recente movimenta\u00e7\u00e3o nos bastidores do Flamengo chamou a aten\u00e7\u00e3o dos torcedores e da imprensa esportiva. O meio-campista Nicol\u00e1s De La Cruz, destaque do elenco rubro-negro, foi liberado para viajar ao Uruguai ap\u00f3s se sentir exposto por cr\u00edticas vindas do ex-diretor m\u00e9dico do clube, Jos\u00e9 Luiz Runco.&nbsp; O jogador, incomodado com declara\u00e7\u00f5es p\u00fablicas sobre sua [&hellip;]\" \/>\n<meta property=\"og:url\" content=\"https:\/\/www.gaveanews.com\/index.php\/2025\/07\/25\/flamengo-libera-e-de-la-cruz-vai-viajar-para-o-exterior\/\" \/>\n<meta property=\"og:site_name\" content=\"G\u00e1vea News\" \/>\n<meta property=\"article:publisher\" content=\"https:\/\/facebook.com\/gaveaNews\/\" \/>\n<meta property=\"article:published_time\" content=\"2025-07-25T16:30:00+00:00\" \/>\n<meta property=\"og:image\" content=\"https:\/\/www.gaveanews.com\/wp-content\/uploads\/de-la-cruz-1.webp\" \/>\n\t<meta property=\"og:image:width\" content=\"1000\" \/>\n\t<meta property=\"og:image:height\" content=\"666\" \/>\n\t<meta property=\"og:image:type\" content=\"image\/webp\" \/>\n<meta name=\"author\" content=\"Rafaela Ladeira\" \/>\n<meta name=\"twitter:card\" content=\"summary_large_image\" \/>\n<meta name=\"twitter:label1\" content=\"Escrito por\" \/>\n\t<meta name=\"twitter:data1\" content=\"Rafaela Ladeira\" \/>\n\t<meta name=\"twitter:label2\" content=\"Est. tempo de leitura\" \/>\n\t<meta name=\"twitter:data2\" content=\"3 minutos\" \/>\n<script type=\"application\/ld+json\" class=\"yoast-schema-graph\">{\"@context\":\"https:\/\/schema.org\",\"@graph\":[{\"@type\":\"NewsArticle\",\"@id\":\"https:\/\/www.gaveanews.com\/index.php\/2025\/07\/25\/flamengo-libera-e-de-la-cruz-vai-viajar-para-o-exterior\/#article\",\"isPartOf\":{\"@id\":\"https:\/\/www.gaveanews.com\/index.php\/2025\/07\/25\/flamengo-libera-e-de-la-cruz-vai-viajar-para-o-exterior\/\"},\"author\":{\"name\":\"Rafaela Ladeira\",\"@id\":\"https:\/\/www.gaveanews.com\/#\/schema\/person\/0eb3e3fe1754f0205218538adbe8f5ed\"},\"headline\":\"Flamengo libera e De La Cruz vai viajar para o exterior\",\"datePublished\":\"2025-07-25T16:30:00+00:00\",\"mainEntityOfPage\":{\"@id\":\"https:\/\/www.gaveanews.com\/index.php\/2025\/07\/25\/flamengo-libera-e-de-la-cruz-vai-viajar-para-o-exterior\/\"},\"wordCount\":477,\"commentCount\":0,\"image\":{\"@id\":\"https:\/\/www.gaveanews.com\/index.php\/2025\/07\/25\/flamengo-libera-e-de-la-cruz-vai-viajar-para-o-exterior\/#primaryimage\"},\"thumbnailUrl\":\"https:\/\/www.gaveanews.com\/wp-content\/uploads\/de-la-cruz-1.webp\",\"articleSection\":[\"Flamengo\"],\"inLanguage\":\"pt-BR\",\"potentialAction\":[{\"@type\":\"CommentAction\",\"name\":\"Comment\",\"target\":[\"https:\/\/www.gaveanews.com\/index.php\/2025\/07\/25\/flamengo-libera-e-de-la-cruz-vai-viajar-para-o-exterior\/#respond\"]}],\"copyrightYear\":\"2025\",\"copyrightHolder\":{\"@id\":\"https:\/\/www.gaveanews.com\/#organization\"}},{\"@type\":\"WebPage\",\"@id\":\"https:\/\/www.gaveanews.com\/index.php\/2025\/07\/25\/flamengo-libera-e-de-la-cruz-vai-viajar-para-o-exterior\/\",\"url\":\"https:\/\/www.gaveanews.com\/index.php\/2025\/07\/25\/flamengo-libera-e-de-la-cruz-vai-viajar-para-o-exterior\/\",\"name\":\"Flamengo libera e De La Cruz vai viajar para o exterior\",\"isPartOf\":{\"@id\":\"https:\/\/www.gaveanews.com\/#website\"},\"primaryImageOfPage\":{\"@id\":\"https:\/\/www.gaveanews.com\/index.php\/2025\/07\/25\/flamengo-libera-e-de-la-cruz-vai-viajar-para-o-exterior\/#primaryimage\"},\"image\":{\"@id\":\"https:\/\/www.gaveanews.com\/index.php\/2025\/07\/25\/flamengo-libera-e-de-la-cruz-vai-viajar-para-o-exterior\/#primaryimage\"},\"thumbnailUrl\":\"https:\/\/www.gaveanews.com\/wp-content\/uploads\/de-la-cruz-1.webp\",\"datePublished\":\"2025-07-25T16:30:00+00:00\",\"author\":{\"@id\":\"https:\/\/www.gaveanews.com\/#\/schema\/person\/0eb3e3fe1754f0205218538adbe8f5ed\"},\"breadcrumb\":{\"@id\":\"https:\/\/www.gaveanews.com\/index.php\/2025\/07\/25\/flamengo-libera-e-de-la-cruz-vai-viajar-para-o-exterior\/#breadcrumb\"},\"inLanguage\":\"pt-BR\",\"potentialAction\":[{\"@type\":\"ReadAction\",\"target\":[\"https:\/\/www.gaveanews.com\/index.php\/2025\/07\/25\/flamengo-libera-e-de-la-cruz-vai-viajar-para-o-exterior\/\"]}]},{\"@type\":\"ImageObject\",\"inLanguage\":\"pt-BR\",\"@id\":\"https:\/\/www.gaveanews.com\/index.php\/2025\/07\/25\/flamengo-libera-e-de-la-cruz-vai-viajar-para-o-exterior\/#primaryimage\",\"url\":\"https:\/\/www.gaveanews.com\/wp-content\/uploads\/de-la-cruz-1.webp\",\"contentUrl\":\"https:\/\/www.gaveanews.com\/wp-content\/uploads\/de-la-cruz-1.webp\",\"width\":1000,\"height\":666,\"caption\":\"Nicol\u00e1s de la Cruz em apresenta\u00e7\u00e3o pelo Flamengo (Foto: Marcelo Cortes \/CRF)\"},{\"@type\":\"BreadcrumbList\",\"@id\":\"https:\/\/www.gaveanews.com\/index.php\/2025\/07\/25\/flamengo-libera-e-de-la-cruz-vai-viajar-para-o-exterior\/#breadcrumb\",\"itemListElement\":[{\"@type\":\"ListItem\",\"position\":1,\"name\":\"Home\",\"item\":\"https:\/\/www.gaveanews.com\/\"},{\"@type\":\"ListItem\",\"position\":2,\"name\":\"Flamengo libera e De La Cruz vai viajar para o exterior\"}]},{\"@type\":\"WebSite\",\"@id\":\"https:\/\/www.gaveanews.com\/#website\",\"url\":\"https:\/\/www.gaveanews.com\/\",\"name\":\"G\u00e1vea News\",\"description\":\"Veja todas as not\u00edcias sobre o Flamengo: Contrata\u00e7\u00f5es, categorias de base, resultados das partidas, tabela de classifica\u00e7\u00e3o, pr\u00f3ximos jogos!\",\"potentialAction\":[{\"@type\":\"SearchAction\",\"target\":{\"@type\":\"EntryPoint\",\"urlTemplate\":\"https:\/\/www.gaveanews.com\/?s={search_term_string}\"},\"query-input\":{\"@type\":\"PropertyValueSpecification\",\"valueRequired\":true,\"valueName\":\"search_term_string\"}}],\"inLanguage\":\"pt-BR\"},{\"@type\":\"Person\",\"@id\":\"https:\/\/www.gaveanews.com\/#\/schema\/person\/0eb3e3fe1754f0205218538adbe8f5ed\",\"name\":\"Rafaela Ladeira\",\"image\":{\"@type\":\"ImageObject\",\"inLanguage\":\"pt-BR\",\"@id\":\"https:\/\/www.gaveanews.com\/#\/schema\/person\/image\/\",\"url\":\"https:\/\/secure.gravatar.com\/avatar\/c31f513acffd85eacab5730cbdfdbbf59f21ba5aeada8cd890acea879fbb2455?s=96&d=mm&r=g\",\"contentUrl\":\"https:\/\/secure.gravatar.com\/avatar\/c31f513acffd85eacab5730cbdfdbbf59f21ba5aeada8cd890acea879fbb2455?s=96&d=mm&r=g\",\"caption\":\"Rafaela Ladeira\"}}]}<\/script>\n<!-- \/ Yoast SEO Premium plugin. -->","yoast_head_json":{"title":"Flamengo libera e De La Cruz vai viajar para o exterior","robots":{"index":"index","follow":"follow","max-snippet":"max-snippet:-1","max-image-preview":"max-image-preview:large","max-video-preview":"max-video-preview:-1"},"canonical":"https:\/\/www.gaveanews.com\/index.php\/2025\/07\/25\/flamengo-libera-e-de-la-cruz-vai-viajar-para-o-exterior\/","og_locale":"pt_BR","og_type":"article","og_title":"Flamengo libera e De La Cruz vai viajar para o exterior","og_description":"A recente movimenta\u00e7\u00e3o nos bastidores do Flamengo chamou a aten\u00e7\u00e3o dos torcedores e da imprensa esportiva. O meio-campista Nicol\u00e1s De La Cruz, destaque do elenco rubro-negro, foi liberado para viajar ao Uruguai ap\u00f3s se sentir exposto por cr\u00edticas vindas do ex-diretor m\u00e9dico do clube, Jos\u00e9 Luiz Runco.&nbsp; O jogador, incomodado com declara\u00e7\u00f5es p\u00fablicas sobre sua [&hellip;]","og_url":"https:\/\/www.gaveanews.com\/index.php\/2025\/07\/25\/flamengo-libera-e-de-la-cruz-vai-viajar-para-o-exterior\/","og_site_name":"G\u00e1vea News","article_publisher":"https:\/\/facebook.com\/gaveaNews\/","article_published_time":"2025-07-25T16:30:00+00:00","og_image":[{"width":1000,"height":666,"url":"https:\/\/www.gaveanews.com\/wp-content\/uploads\/de-la-cruz-1.webp","type":"image\/webp"}],"author":"Rafaela Ladeira","twitter_card":"summary_large_image","twitter_misc":{"Escrito por":"Rafaela Ladeira","Est. tempo de leitura":"3 minutos"},"schema":{"@context":"https:\/\/schema.org","@graph":[{"@type":"NewsArticle","@id":"https:\/\/www.gaveanews.com\/index.php\/2025\/07\/25\/flamengo-libera-e-de-la-cruz-vai-viajar-para-o-exterior\/#article","isPartOf":{"@id":"https:\/\/www.gaveanews.com\/index.php\/2025\/07\/25\/flamengo-libera-e-de-la-cruz-vai-viajar-para-o-exterior\/"},"author":{"name":"Rafaela Ladeira","@id":"https:\/\/www.gaveanews.com\/#\/schema\/person\/0eb3e3fe1754f0205218538adbe8f5ed"},"headline":"Flamengo libera e De La Cruz vai viajar para o exterior","datePublished":"2025-07-25T16:30:00+00:00","mainEntityOfPage":{"@id":"https:\/\/www.gaveanews.com\/index.php\/2025\/07\/25\/flamengo-libera-e-de-la-cruz-vai-viajar-para-o-exterior\/"},"wordCount":477,"commentCount":0,"image":{"@id":"https:\/\/www.gaveanews.com\/index.php\/2025\/07\/25\/flamengo-libera-e-de-la-cruz-vai-viajar-para-o-exterior\/#primaryimage"},"thumbnailUrl":"https:\/\/www.gaveanews.com\/wp-content\/uploads\/de-la-cruz-1.webp","articleSection":["Flamengo"],"inLanguage":"pt-BR","potentialAction":[{"@type":"CommentAction","name":"Comment","target":["https:\/\/www.gaveanews.com\/index.php\/2025\/07\/25\/flamengo-libera-e-de-la-cruz-vai-viajar-para-o-exterior\/#respond"]}],"copyrightYear":"2025","copyrightHolder":{"@id":"https:\/\/www.gaveanews.com\/#organization"}},{"@type":"WebPage","@id":"https:\/\/www.gaveanews.com\/index.php\/2025\/07\/25\/flamengo-libera-e-de-la-cruz-vai-viajar-para-o-exterior\/","url":"https:\/\/www.gaveanews.com\/index.php\/2025\/07\/25\/flamengo-libera-e-de-la-cruz-vai-viajar-para-o-exterior\/","name":"Flamengo libera e De La Cruz vai viajar para o exterior","isPartOf":{"@id":"https:\/\/www.gaveanews.com\/#website"},"primaryImageOfPage":{"@id":"https:\/\/www.gaveanews.com\/index.php\/2025\/07\/25\/flamengo-libera-e-de-la-cruz-vai-viajar-para-o-exterior\/#primaryimage"},"image":{"@id":"https:\/\/www.gaveanews.com\/index.php\/2025\/07\/25\/flamengo-libera-e-de-la-cruz-vai-viajar-para-o-exterior\/#primaryimage"},"thumbnailUrl":"https:\/\/www.gaveanews.com\/wp-content\/uploads\/de-la-cruz-1.webp","datePublished":"2025-07-25T16:30:00+00:00","author":{"@id":"https:\/\/www.gaveanews.com\/#\/schema\/person\/0eb3e3fe1754f0205218538adbe8f5ed"},"breadcrumb":{"@id":"https:\/\/www.gaveanews.com\/index.php\/2025\/07\/25\/flamengo-libera-e-de-la-cruz-vai-viajar-para-o-exterior\/#breadcrumb"},"inLanguage":"pt-BR","potentialAction":[{"@type":"ReadAction","target":["https:\/\/www.gaveanews.com\/index.php\/2025\/07\/25\/flamengo-libera-e-de-la-cruz-vai-viajar-para-o-exterior\/"]}]},{"@type":"ImageObject","inLanguage":"pt-BR","@id":"https:\/\/www.gaveanews.com\/index.php\/2025\/07\/25\/flamengo-libera-e-de-la-cruz-vai-viajar-para-o-exterior\/#primaryimage","url":"https:\/\/www.gaveanews.com\/wp-content\/uploads\/de-la-cruz-1.webp","contentUrl":"https:\/\/www.gaveanews.com\/wp-content\/uploads\/de-la-cruz-1.webp","width":1000,"height":666,"caption":"Nicol\u00e1s de la Cruz em apresenta\u00e7\u00e3o pelo Flamengo (Foto: Marcelo Cortes \/CRF)"},{"@type":"BreadcrumbList","@id":"https:\/\/www.gaveanews.com\/index.php\/2025\/07\/25\/flamengo-libera-e-de-la-cruz-vai-viajar-para-o-exterior\/#breadcrumb","itemListElement":[{"@type":"ListItem","position":1,"name":"Home","item":"https:\/\/www.gaveanews.com\/"},{"@type":"ListItem","position":2,"name":"Flamengo libera e De La Cruz vai viajar para o exterior"}]},{"@type":"WebSite","@id":"https:\/\/www.gaveanews.com\/#website","url":"https:\/\/www.gaveanews.com\/","name":"G\u00e1vea News","description":"Veja todas as not\u00edcias sobre o Flamengo: Contrata\u00e7\u00f5es, categorias de base, resultados das partidas, tabela de classifica\u00e7\u00e3o, pr\u00f3ximos jogos!","potentialAction":[{"@type":"SearchAction","target":{"@type":"EntryPoint","urlTemplate":"https:\/\/www.gaveanews.com\/?s={search_term_string}"},"query-input":{"@type":"PropertyValueSpecification","valueRequired":true,"valueName":"search_term_string"}}],"inLanguage":"pt-BR"},{"@type":"Person","@id":"https:\/\/www.gaveanews.com\/#\/schema\/person\/0eb3e3fe1754f0205218538adbe8f5ed","name":"Rafaela Ladeira","image":{"@type":"ImageObject","inLanguage":"pt-BR","@id":"https:\/\/www.gaveanews.com\/#\/schema\/person\/image\/","url":"https:\/\/secure.gravatar.com\/avatar\/c31f513acffd85eacab5730cbdfdbbf59f21ba5aeada8cd890acea879fbb2455?s=96&d=mm&r=g","contentUrl":"https:\/\/secure.gravatar.com\/avatar\/c31f513acffd85eacab5730cbdfdbbf59f21ba5aeada8cd890acea879fbb2455?s=96&d=mm&r=g","caption":"Rafaela Ladeira"}}]}},"_links":{"self":[{"href":"https:\/\/www.gaveanews.com\/index.php\/wp-json\/wp\/v2\/posts\/273020","targetHints":{"allow":["GET"]}}],"collection":[{"href":"https:\/\/www.gaveanews.com\/index.php\/wp-json\/wp\/v2\/posts"}],"about":[{"href":"https:\/\/www.gaveanews.com\/index.php\/wp-json\/wp\/v2\/types\/post"}],"author":[{"embeddable":true,"href":"https:\/\/www.gaveanews.com\/index.php\/wp-json\/wp\/v2\/users\/25"}],"replies":[{"embeddable":true,"href":"https:\/\/www.gaveanews.com\/index.php\/wp-json\/wp\/v2\/comments?post=273020"}],"version-history":[{"count":2,"href":"https:\/\/www.gaveanews.com\/index.php\/wp-json\/wp\/v2\/posts\/273020\/revisions"}],"predecessor-version":[{"id":273022,"href":"https:\/\/www.gaveanews.com\/index.php\/wp-json\/wp\/v2\/posts\/273020\/revisions\/273022"}],"wp:featuredmedia":[{"embeddable":true,"href":"https:\/\/www.gaveanews.com\/index.php\/wp-json\/wp\/v2\/media\/121169"}],"wp:attachment":[{"href":"https:\/\/www.gaveanews.com\/index.php\/wp-json\/wp\/v2\/media?parent=273020"}],"wp:term":[{"taxonomy":"category","embeddable":true,"href":"https:\/\/www.gaveanews.com\/index.php\/wp-json\/wp\/v2\/categories?post=273020"},{"taxonomy":"post_tag","embeddable":true,"href":"https:\/\/www.gaveanews.com\/index.php\/wp-json\/wp\/v2\/tags?post=273020"}],"curies":[{"name":"wp","href":"https:\/\/api.w.org\/{rel}","templated":true}]}}