{"id":273026,"date":"2025-07-25T15:30:00","date_gmt":"2025-07-25T18:30:00","guid":{"rendered":"https:\/\/www.gaveanews.com\/?p=273026"},"modified":"2025-07-25T15:02:32","modified_gmt":"2025-07-25T18:02:32","slug":"saul-diz-que-recusou-proposta-da-europa-para-jogar-no-flamengo","status":"publish","type":"post","link":"https:\/\/www.gaveanews.com\/index.php\/2025\/07\/25\/saul-diz-que-recusou-proposta-da-europa-para-jogar-no-flamengo\/","title":{"rendered":"Sa\u00fal diz que recusou proposta da Europa para jogar no Flamengo"},"content":{"rendered":"\n<p>Na coletiva de apresenta\u00e7\u00e3o ao Flamengo, o meio-campista espanhol Sa\u00fal \u00d1\u00edguez deu declara\u00e7\u00f5es contundentes sobre sua decis\u00e3o de aceitar o convite para defender o Rubro-Negro, mesmo diante de propostas financeiras mais vantajosas da Europa.&nbsp;<\/p>\n\n\n\n<p>\u201cEstou aqui porque quis estar aqui, n\u00e3o por outra coisa. Recebi v\u00e1rias propostas, inclusive da Europa, financeiramente muito melhores, mas quis estar aqui. Me identifico com o clube e com o Filipe Lu\u00eds\u201d, afirmou o jogador com convic\u00e7\u00e3o.<\/p>\n\n\n\n<p>Al\u00e9m disso, Sa\u00fal destacou que a decis\u00e3o de sair do futebol europeu n\u00e3o foi simples. \u201cA decis\u00e3o de sair da Europa n\u00e3o \u00e9 f\u00e1cil, mas quando um clube como o Flamengo te chama, voc\u00ea s\u00f3 pode dizer \u2018sim\u2019, pois \u00e9 um clube gigante.\u201d, disse o jogador.&nbsp;<\/p>\n\n\n\n<p>Essa fala evidencia a for\u00e7a do projeto rubro-negro e a relev\u00e2ncia que o clube tem para atletas do mais alto n\u00edvel.<\/p>\n\n\n\n<h2 class=\"wp-block-heading\" id=\"h-a-importancia-do-projeto-esportivo-e-da-identificacao-pessoal\">A import\u00e2ncia do projeto esportivo e da identifica\u00e7\u00e3o pessoal<\/h2>\n\n\n\n<p>Cabe ressaltar que, no futebol atual, a escolha de um atleta n\u00e3o est\u00e1 ligada somente \u00e0 quest\u00e3o financeira, mas tamb\u00e9m a fatores como ambiente, projeto esportivo e identifica\u00e7\u00e3o com o clube. Sa\u00fal, dessa maneira, optou pelo Flamengo justamente porque v\u00ea no clube uma oportunidade \u00fanica para sua carreira, seja pelo elenco qualificado, pela torcida apaixonada ou pela conviv\u00eancia com profissionais como Filipe Lu\u00eds, ex-companheiro de clube e atual treinador do Flamengo.<\/p>\n\n\n\n<p>Portanto, o espanhol chega com a miss\u00e3o de somar qualidade t\u00e9cnica e experi\u00eancia, al\u00e9m de contribuir para a constru\u00e7\u00e3o do ambiente vencedor que o clube busca. Isso porque, segundo ele, \u201cme identifico com o clube e com o Filipe Lu\u00eds\u201d, fator que ter\u00e1 papel fundamental em sua adapta\u00e7\u00e3o e rendimento.<\/p>\n\n\n\n<blockquote class=\"twitter-tweet\"><p lang=\"pt\" dir=\"ltr\">\u201cEstou aqui porque quis estar aqui, n\u00e3o por outra coisa. Recebi v\u00e1rias propostas, inclusive da Europa, financeiramente muito melhores, mas quis estar aqui. Me identifico com o clube e com o Filipe Lu\u00eds.\u201d<br><br>\u201cA decis\u00e3o de sair da Europa n\u00e3o \u00e9 f\u00e1cil, mas quando um clube como o\u2026 <a href=\"https:\/\/t.co\/g8eNfDxl3n\">pic.twitter.com\/g8eNfDxl3n<\/a><\/p>&mdash; Planeta do Futebol \ud83c\udf0e (@futebol_info) <a href=\"https:\/\/twitter.com\/futebol_info\/status\/1948778339067441328?ref_src=twsrc%5Etfw\">July 25, 2025<\/a><\/blockquote> <script async src=\"https:\/\/platform.twitter.com\/widgets.js\" charset=\"utf-8\"><\/script>\n\n\n\n<h2 class=\"wp-block-heading\" id=\"h-flamengo-reforca-seu-elenco-com-jogador-experiente-e-comprometido\">Flamengo refor\u00e7a seu elenco com jogador experiente e comprometido<\/h2>\n\n\n\n<p>Vale destacar que essa contrata\u00e7\u00e3o refor\u00e7a a estrat\u00e9gia do Flamengo de buscar atletas que, al\u00e9m da t\u00e9cnica, tragam comprometimento e afinidade com a cultura do clube. Sendo assim, Sa\u00fal \u00d1\u00edguez n\u00e3o apenas chega como refor\u00e7o em campo, mas como um elemento importante para o equil\u00edbrio do grupo.<\/p>\n\n\n\n<p>Com isso, o Flamengo sinaliza ao mercado e \u00e0 torcida que quer manter a excel\u00eancia dentro e fora das quatro linhas, agregando jogadores que escolheram o clube por convic\u00e7\u00e3o.<\/p>\n","protected":false},"excerpt":{"rendered":"<p>Na coletiva de apresenta\u00e7\u00e3o ao Flamengo, o meio-campista espanhol Sa\u00fal \u00d1\u00edguez deu declara\u00e7\u00f5es contundentes sobre sua decis\u00e3o de aceitar o convite para defender o Rubro-Negro, mesmo diante de propostas financeiras mais vantajosas da Europa.&nbsp; \u201cEstou aqui porque quis estar aqui, n\u00e3o por outra coisa. Recebi v\u00e1rias propostas, inclusive da Europa, financeiramente muito melhores, mas quis [&hellip;]<\/p>\n","protected":false},"author":25,"featured_media":272987,"comment_status":"open","ping_status":"closed","sticky":false,"template":"","format":"standard","meta":{"footnotes":""},"categories":[1],"tags":[],"class_list":["post-273026","post","type-post","status-publish","format-standard","has-post-thumbnail","hentry","category-flamengo"],"yoast_head":"<!-- This site is optimized with the Yoast SEO Premium plugin v24.2 (Yoast SEO v26.9) - https:\/\/yoast.com\/product\/yoast-seo-premium-wordpress\/ -->\n<title>Sa\u00fal diz que recusou proposta da Europa para jogar no Flamengo<\/title>\n<meta name=\"robots\" content=\"index, follow, max-snippet:-1, max-image-preview:large, max-video-preview:-1\" \/>\n<link rel=\"canonical\" href=\"https:\/\/www.gaveanews.com\/index.php\/2025\/07\/25\/saul-diz-que-recusou-proposta-da-europa-para-jogar-no-flamengo\/\" \/>\n<meta property=\"og:locale\" content=\"pt_BR\" \/>\n<meta property=\"og:type\" content=\"article\" \/>\n<meta property=\"og:title\" content=\"Sa\u00fal diz que recusou proposta da Europa para jogar no Flamengo\" \/>\n<meta property=\"og:description\" content=\"Na coletiva de apresenta\u00e7\u00e3o ao Flamengo, o meio-campista espanhol Sa\u00fal \u00d1\u00edguez deu declara\u00e7\u00f5es contundentes sobre sua decis\u00e3o de aceitar o convite para defender o Rubro-Negro, mesmo diante de propostas financeiras mais vantajosas da Europa.&nbsp; \u201cEstou aqui porque quis estar aqui, n\u00e3o por outra coisa. Recebi v\u00e1rias propostas, inclusive da Europa, financeiramente muito melhores, mas quis [&hellip;]\" \/>\n<meta property=\"og:url\" content=\"https:\/\/www.gaveanews.com\/index.php\/2025\/07\/25\/saul-diz-que-recusou-proposta-da-europa-para-jogar-no-flamengo\/\" \/>\n<meta property=\"og:site_name\" content=\"G\u00e1vea News\" \/>\n<meta property=\"article:publisher\" content=\"https:\/\/facebook.com\/gaveaNews\/\" \/>\n<meta property=\"article:published_time\" content=\"2025-07-25T18:30:00+00:00\" \/>\n<meta property=\"og:image\" content=\"https:\/\/www.gaveanews.com\/wp-content\/uploads\/Saul-Niguez-novo-reforco-do-Flamengo.jpg\" \/>\n\t<meta property=\"og:image:width\" content=\"1280\" \/>\n\t<meta property=\"og:image:height\" content=\"960\" \/>\n\t<meta property=\"og:image:type\" content=\"image\/jpeg\" \/>\n<meta name=\"author\" content=\"Rafaela Ladeira\" \/>\n<meta name=\"twitter:card\" content=\"summary_large_image\" \/>\n<meta name=\"twitter:label1\" content=\"Escrito por\" \/>\n\t<meta name=\"twitter:data1\" content=\"Rafaela Ladeira\" \/>\n\t<meta name=\"twitter:label2\" content=\"Est. tempo de leitura\" \/>\n\t<meta name=\"twitter:data2\" content=\"3 minutos\" \/>\n<script type=\"application\/ld+json\" class=\"yoast-schema-graph\">{\"@context\":\"https:\/\/schema.org\",\"@graph\":[{\"@type\":\"NewsArticle\",\"@id\":\"https:\/\/www.gaveanews.com\/index.php\/2025\/07\/25\/saul-diz-que-recusou-proposta-da-europa-para-jogar-no-flamengo\/#article\",\"isPartOf\":{\"@id\":\"https:\/\/www.gaveanews.com\/index.php\/2025\/07\/25\/saul-diz-que-recusou-proposta-da-europa-para-jogar-no-flamengo\/\"},\"author\":{\"name\":\"Rafaela Ladeira\",\"@id\":\"https:\/\/www.gaveanews.com\/#\/schema\/person\/0eb3e3fe1754f0205218538adbe8f5ed\"},\"headline\":\"Sa\u00fal diz que recusou proposta da Europa para jogar no Flamengo\",\"datePublished\":\"2025-07-25T18:30:00+00:00\",\"mainEntityOfPage\":{\"@id\":\"https:\/\/www.gaveanews.com\/index.php\/2025\/07\/25\/saul-diz-que-recusou-proposta-da-europa-para-jogar-no-flamengo\/\"},\"wordCount\":476,\"commentCount\":0,\"image\":{\"@id\":\"https:\/\/www.gaveanews.com\/index.php\/2025\/07\/25\/saul-diz-que-recusou-proposta-da-europa-para-jogar-no-flamengo\/#primaryimage\"},\"thumbnailUrl\":\"https:\/\/www.gaveanews.com\/wp-content\/uploads\/Saul-Niguez-novo-reforco-do-Flamengo.jpg\",\"articleSection\":[\"Flamengo\"],\"inLanguage\":\"pt-BR\",\"potentialAction\":[{\"@type\":\"CommentAction\",\"name\":\"Comment\",\"target\":[\"https:\/\/www.gaveanews.com\/index.php\/2025\/07\/25\/saul-diz-que-recusou-proposta-da-europa-para-jogar-no-flamengo\/#respond\"]}],\"copyrightYear\":\"2025\",\"copyrightHolder\":{\"@id\":\"https:\/\/www.gaveanews.com\/#organization\"}},{\"@type\":\"WebPage\",\"@id\":\"https:\/\/www.gaveanews.com\/index.php\/2025\/07\/25\/saul-diz-que-recusou-proposta-da-europa-para-jogar-no-flamengo\/\",\"url\":\"https:\/\/www.gaveanews.com\/index.php\/2025\/07\/25\/saul-diz-que-recusou-proposta-da-europa-para-jogar-no-flamengo\/\",\"name\":\"Sa\u00fal diz que recusou proposta da Europa para jogar no Flamengo\",\"isPartOf\":{\"@id\":\"https:\/\/www.gaveanews.com\/#website\"},\"primaryImageOfPage\":{\"@id\":\"https:\/\/www.gaveanews.com\/index.php\/2025\/07\/25\/saul-diz-que-recusou-proposta-da-europa-para-jogar-no-flamengo\/#primaryimage\"},\"image\":{\"@id\":\"https:\/\/www.gaveanews.com\/index.php\/2025\/07\/25\/saul-diz-que-recusou-proposta-da-europa-para-jogar-no-flamengo\/#primaryimage\"},\"thumbnailUrl\":\"https:\/\/www.gaveanews.com\/wp-content\/uploads\/Saul-Niguez-novo-reforco-do-Flamengo.jpg\",\"datePublished\":\"2025-07-25T18:30:00+00:00\",\"author\":{\"@id\":\"https:\/\/www.gaveanews.com\/#\/schema\/person\/0eb3e3fe1754f0205218538adbe8f5ed\"},\"breadcrumb\":{\"@id\":\"https:\/\/www.gaveanews.com\/index.php\/2025\/07\/25\/saul-diz-que-recusou-proposta-da-europa-para-jogar-no-flamengo\/#breadcrumb\"},\"inLanguage\":\"pt-BR\",\"potentialAction\":[{\"@type\":\"ReadAction\",\"target\":[\"https:\/\/www.gaveanews.com\/index.php\/2025\/07\/25\/saul-diz-que-recusou-proposta-da-europa-para-jogar-no-flamengo\/\"]}]},{\"@type\":\"ImageObject\",\"inLanguage\":\"pt-BR\",\"@id\":\"https:\/\/www.gaveanews.com\/index.php\/2025\/07\/25\/saul-diz-que-recusou-proposta-da-europa-para-jogar-no-flamengo\/#primaryimage\",\"url\":\"https:\/\/www.gaveanews.com\/wp-content\/uploads\/Saul-Niguez-novo-reforco-do-Flamengo.jpg\",\"contentUrl\":\"https:\/\/www.gaveanews.com\/wp-content\/uploads\/Saul-Niguez-novo-reforco-do-Flamengo.jpg\",\"width\":1280,\"height\":960,\"caption\":\"Saul Niguez, novo refor\u00e7o do Flamengo (Foto: Reprodu\u00e7\u00e3o)\"},{\"@type\":\"BreadcrumbList\",\"@id\":\"https:\/\/www.gaveanews.com\/index.php\/2025\/07\/25\/saul-diz-que-recusou-proposta-da-europa-para-jogar-no-flamengo\/#breadcrumb\",\"itemListElement\":[{\"@type\":\"ListItem\",\"position\":1,\"name\":\"Home\",\"item\":\"https:\/\/www.gaveanews.com\/\"},{\"@type\":\"ListItem\",\"position\":2,\"name\":\"Sa\u00fal diz que recusou proposta da Europa para jogar no Flamengo\"}]},{\"@type\":\"WebSite\",\"@id\":\"https:\/\/www.gaveanews.com\/#website\",\"url\":\"https:\/\/www.gaveanews.com\/\",\"name\":\"G\u00e1vea News\",\"description\":\"Veja todas as not\u00edcias sobre o Flamengo: Contrata\u00e7\u00f5es, categorias de base, resultados das partidas, tabela de classifica\u00e7\u00e3o, pr\u00f3ximos jogos!\",\"potentialAction\":[{\"@type\":\"SearchAction\",\"target\":{\"@type\":\"EntryPoint\",\"urlTemplate\":\"https:\/\/www.gaveanews.com\/?s={search_term_string}\"},\"query-input\":{\"@type\":\"PropertyValueSpecification\",\"valueRequired\":true,\"valueName\":\"search_term_string\"}}],\"inLanguage\":\"pt-BR\"},{\"@type\":\"Person\",\"@id\":\"https:\/\/www.gaveanews.com\/#\/schema\/person\/0eb3e3fe1754f0205218538adbe8f5ed\",\"name\":\"Rafaela Ladeira\",\"image\":{\"@type\":\"ImageObject\",\"inLanguage\":\"pt-BR\",\"@id\":\"https:\/\/www.gaveanews.com\/#\/schema\/person\/image\/\",\"url\":\"https:\/\/secure.gravatar.com\/avatar\/c31f513acffd85eacab5730cbdfdbbf59f21ba5aeada8cd890acea879fbb2455?s=96&d=mm&r=g\",\"contentUrl\":\"https:\/\/secure.gravatar.com\/avatar\/c31f513acffd85eacab5730cbdfdbbf59f21ba5aeada8cd890acea879fbb2455?s=96&d=mm&r=g\",\"caption\":\"Rafaela Ladeira\"}}]}<\/script>\n<!-- \/ Yoast SEO Premium plugin. -->","yoast_head_json":{"title":"Sa\u00fal diz que recusou proposta da Europa para jogar no Flamengo","robots":{"index":"index","follow":"follow","max-snippet":"max-snippet:-1","max-image-preview":"max-image-preview:large","max-video-preview":"max-video-preview:-1"},"canonical":"https:\/\/www.gaveanews.com\/index.php\/2025\/07\/25\/saul-diz-que-recusou-proposta-da-europa-para-jogar-no-flamengo\/","og_locale":"pt_BR","og_type":"article","og_title":"Sa\u00fal diz que recusou proposta da Europa para jogar no Flamengo","og_description":"Na coletiva de apresenta\u00e7\u00e3o ao Flamengo, o meio-campista espanhol Sa\u00fal \u00d1\u00edguez deu declara\u00e7\u00f5es contundentes sobre sua decis\u00e3o de aceitar o convite para defender o Rubro-Negro, mesmo diante de propostas financeiras mais vantajosas da Europa.&nbsp; \u201cEstou aqui porque quis estar aqui, n\u00e3o por outra coisa. Recebi v\u00e1rias propostas, inclusive da Europa, financeiramente muito melhores, mas quis [&hellip;]","og_url":"https:\/\/www.gaveanews.com\/index.php\/2025\/07\/25\/saul-diz-que-recusou-proposta-da-europa-para-jogar-no-flamengo\/","og_site_name":"G\u00e1vea News","article_publisher":"https:\/\/facebook.com\/gaveaNews\/","article_published_time":"2025-07-25T18:30:00+00:00","og_image":[{"width":1280,"height":960,"url":"https:\/\/www.gaveanews.com\/wp-content\/uploads\/Saul-Niguez-novo-reforco-do-Flamengo.jpg","type":"image\/jpeg"}],"author":"Rafaela Ladeira","twitter_card":"summary_large_image","twitter_misc":{"Escrito por":"Rafaela Ladeira","Est. tempo de leitura":"3 minutos"},"schema":{"@context":"https:\/\/schema.org","@graph":[{"@type":"NewsArticle","@id":"https:\/\/www.gaveanews.com\/index.php\/2025\/07\/25\/saul-diz-que-recusou-proposta-da-europa-para-jogar-no-flamengo\/#article","isPartOf":{"@id":"https:\/\/www.gaveanews.com\/index.php\/2025\/07\/25\/saul-diz-que-recusou-proposta-da-europa-para-jogar-no-flamengo\/"},"author":{"name":"Rafaela Ladeira","@id":"https:\/\/www.gaveanews.com\/#\/schema\/person\/0eb3e3fe1754f0205218538adbe8f5ed"},"headline":"Sa\u00fal diz que recusou proposta da Europa para jogar no Flamengo","datePublished":"2025-07-25T18:30:00+00:00","mainEntityOfPage":{"@id":"https:\/\/www.gaveanews.com\/index.php\/2025\/07\/25\/saul-diz-que-recusou-proposta-da-europa-para-jogar-no-flamengo\/"},"wordCount":476,"commentCount":0,"image":{"@id":"https:\/\/www.gaveanews.com\/index.php\/2025\/07\/25\/saul-diz-que-recusou-proposta-da-europa-para-jogar-no-flamengo\/#primaryimage"},"thumbnailUrl":"https:\/\/www.gaveanews.com\/wp-content\/uploads\/Saul-Niguez-novo-reforco-do-Flamengo.jpg","articleSection":["Flamengo"],"inLanguage":"pt-BR","potentialAction":[{"@type":"CommentAction","name":"Comment","target":["https:\/\/www.gaveanews.com\/index.php\/2025\/07\/25\/saul-diz-que-recusou-proposta-da-europa-para-jogar-no-flamengo\/#respond"]}],"copyrightYear":"2025","copyrightHolder":{"@id":"https:\/\/www.gaveanews.com\/#organization"}},{"@type":"WebPage","@id":"https:\/\/www.gaveanews.com\/index.php\/2025\/07\/25\/saul-diz-que-recusou-proposta-da-europa-para-jogar-no-flamengo\/","url":"https:\/\/www.gaveanews.com\/index.php\/2025\/07\/25\/saul-diz-que-recusou-proposta-da-europa-para-jogar-no-flamengo\/","name":"Sa\u00fal diz que recusou proposta da Europa para jogar no Flamengo","isPartOf":{"@id":"https:\/\/www.gaveanews.com\/#website"},"primaryImageOfPage":{"@id":"https:\/\/www.gaveanews.com\/index.php\/2025\/07\/25\/saul-diz-que-recusou-proposta-da-europa-para-jogar-no-flamengo\/#primaryimage"},"image":{"@id":"https:\/\/www.gaveanews.com\/index.php\/2025\/07\/25\/saul-diz-que-recusou-proposta-da-europa-para-jogar-no-flamengo\/#primaryimage"},"thumbnailUrl":"https:\/\/www.gaveanews.com\/wp-content\/uploads\/Saul-Niguez-novo-reforco-do-Flamengo.jpg","datePublished":"2025-07-25T18:30:00+00:00","author":{"@id":"https:\/\/www.gaveanews.com\/#\/schema\/person\/0eb3e3fe1754f0205218538adbe8f5ed"},"breadcrumb":{"@id":"https:\/\/www.gaveanews.com\/index.php\/2025\/07\/25\/saul-diz-que-recusou-proposta-da-europa-para-jogar-no-flamengo\/#breadcrumb"},"inLanguage":"pt-BR","potentialAction":[{"@type":"ReadAction","target":["https:\/\/www.gaveanews.com\/index.php\/2025\/07\/25\/saul-diz-que-recusou-proposta-da-europa-para-jogar-no-flamengo\/"]}]},{"@type":"ImageObject","inLanguage":"pt-BR","@id":"https:\/\/www.gaveanews.com\/index.php\/2025\/07\/25\/saul-diz-que-recusou-proposta-da-europa-para-jogar-no-flamengo\/#primaryimage","url":"https:\/\/www.gaveanews.com\/wp-content\/uploads\/Saul-Niguez-novo-reforco-do-Flamengo.jpg","contentUrl":"https:\/\/www.gaveanews.com\/wp-content\/uploads\/Saul-Niguez-novo-reforco-do-Flamengo.jpg","width":1280,"height":960,"caption":"Saul Niguez, novo refor\u00e7o do Flamengo (Foto: Reprodu\u00e7\u00e3o)"},{"@type":"BreadcrumbList","@id":"https:\/\/www.gaveanews.com\/index.php\/2025\/07\/25\/saul-diz-que-recusou-proposta-da-europa-para-jogar-no-flamengo\/#breadcrumb","itemListElement":[{"@type":"ListItem","position":1,"name":"Home","item":"https:\/\/www.gaveanews.com\/"},{"@type":"ListItem","position":2,"name":"Sa\u00fal diz que recusou proposta da Europa para jogar no Flamengo"}]},{"@type":"WebSite","@id":"https:\/\/www.gaveanews.com\/#website","url":"https:\/\/www.gaveanews.com\/","name":"G\u00e1vea News","description":"Veja todas as not\u00edcias sobre o Flamengo: Contrata\u00e7\u00f5es, categorias de base, resultados das partidas, tabela de classifica\u00e7\u00e3o, pr\u00f3ximos jogos!","potentialAction":[{"@type":"SearchAction","target":{"@type":"EntryPoint","urlTemplate":"https:\/\/www.gaveanews.com\/?s={search_term_string}"},"query-input":{"@type":"PropertyValueSpecification","valueRequired":true,"valueName":"search_term_string"}}],"inLanguage":"pt-BR"},{"@type":"Person","@id":"https:\/\/www.gaveanews.com\/#\/schema\/person\/0eb3e3fe1754f0205218538adbe8f5ed","name":"Rafaela Ladeira","image":{"@type":"ImageObject","inLanguage":"pt-BR","@id":"https:\/\/www.gaveanews.com\/#\/schema\/person\/image\/","url":"https:\/\/secure.gravatar.com\/avatar\/c31f513acffd85eacab5730cbdfdbbf59f21ba5aeada8cd890acea879fbb2455?s=96&d=mm&r=g","contentUrl":"https:\/\/secure.gravatar.com\/avatar\/c31f513acffd85eacab5730cbdfdbbf59f21ba5aeada8cd890acea879fbb2455?s=96&d=mm&r=g","caption":"Rafaela Ladeira"}}]}},"_links":{"self":[{"href":"https:\/\/www.gaveanews.com\/index.php\/wp-json\/wp\/v2\/posts\/273026","targetHints":{"allow":["GET"]}}],"collection":[{"href":"https:\/\/www.gaveanews.com\/index.php\/wp-json\/wp\/v2\/posts"}],"about":[{"href":"https:\/\/www.gaveanews.com\/index.php\/wp-json\/wp\/v2\/types\/post"}],"author":[{"embeddable":true,"href":"https:\/\/www.gaveanews.com\/index.php\/wp-json\/wp\/v2\/users\/25"}],"replies":[{"embeddable":true,"href":"https:\/\/www.gaveanews.com\/index.php\/wp-json\/wp\/v2\/comments?post=273026"}],"version-history":[{"count":2,"href":"https:\/\/www.gaveanews.com\/index.php\/wp-json\/wp\/v2\/posts\/273026\/revisions"}],"predecessor-version":[{"id":273028,"href":"https:\/\/www.gaveanews.com\/index.php\/wp-json\/wp\/v2\/posts\/273026\/revisions\/273028"}],"wp:featuredmedia":[{"embeddable":true,"href":"https:\/\/www.gaveanews.com\/index.php\/wp-json\/wp\/v2\/media\/272987"}],"wp:attachment":[{"href":"https:\/\/www.gaveanews.com\/index.php\/wp-json\/wp\/v2\/media?parent=273026"}],"wp:term":[{"taxonomy":"category","embeddable":true,"href":"https:\/\/www.gaveanews.com\/index.php\/wp-json\/wp\/v2\/categories?post=273026"},{"taxonomy":"post_tag","embeddable":true,"href":"https:\/\/www.gaveanews.com\/index.php\/wp-json\/wp\/v2\/tags?post=273026"}],"curies":[{"name":"wp","href":"https:\/\/api.w.org\/{rel}","templated":true}]}}