{"id":273029,"date":"2025-07-25T16:00:00","date_gmt":"2025-07-25T19:00:00","guid":{"rendered":"https:\/\/www.gaveanews.com\/?p=273029"},"modified":"2025-07-25T15:08:09","modified_gmt":"2025-07-25T18:08:09","slug":"flamengo-perde-de-la-cruz-por-tempo-consideravel-por-problema-no-joelho","status":"publish","type":"post","link":"https:\/\/www.gaveanews.com\/index.php\/2025\/07\/25\/flamengo-perde-de-la-cruz-por-tempo-consideravel-por-problema-no-joelho\/","title":{"rendered":"Flamengo perde De La Cruz por tempo consider\u00e1vel por problema no joelho"},"content":{"rendered":"\n<p>A torcida do Flamengo recebeu uma not\u00edcia nada animadora: o meia Nicol\u00e1s De La Cruz vai desfalcar a equipe por aproximadamente tr\u00eas semanas. O motivo \u00e9 um processo inflamat\u00f3rio no joelho esquerdo, que vem sendo tratado com cautela pelo departamento m\u00e9dico rubro-negro. O clube optou por \u201cesfriar\u201d a inflama\u00e7\u00e3o antes de qualquer tentativa de retorno do jogador \u00e0s atividades intensas.<\/p>\n\n\n\n<p>Cabe ressaltar que essa abordagem conservadora faz parte de uma estrat\u00e9gia para preservar a integridade f\u00edsica do atleta e evitar uma piora do quadro. Isso porque a inflama\u00e7\u00e3o, se n\u00e3o for devidamente controlada, pode evoluir para les\u00f5es mais graves, exigindo um tempo ainda maior de recupera\u00e7\u00e3o.<\/p>\n\n\n\n<h2 class=\"wp-block-heading\" id=\"h-flamengo-age-com-prudencia-para-garantir-recuperacao-total-do-atleta\">Flamengo age com prud\u00eancia para garantir recupera\u00e7\u00e3o total do atleta<\/h2>\n\n\n\n<p>Segundo informa\u00e7\u00f5es internas, o tratamento atual \u00e9 focado no controle da dor e na redu\u00e7\u00e3o da inflama\u00e7\u00e3o. Sendo assim, a equipe m\u00e9dica decidiu afastar o jogador das atividades por cerca de tr\u00eas semanas, priorizando a sua plena recupera\u00e7\u00e3o.<\/p>\n\n\n\n<p>Vale destacar que, sabendo previamente que n\u00e3o seria relacionado para o duelo contra o Atl\u00e9tico-MG neste domingo, De La Cruz solicitou uma libera\u00e7\u00e3o especial para visitar a fam\u00edlia no Uruguai. O pedido foi prontamente atendido pela dire\u00e7\u00e3o do clube.<\/p>\n\n\n\n<p>Al\u00e9m disso, o Flamengo entende que o contato com os familiares pode contribuir positivamente para o bem-estar emocional do atleta, o que tamb\u00e9m impacta em sua recupera\u00e7\u00e3o f\u00edsica.<\/p>\n\n\n\n<blockquote class=\"twitter-tweet\"><p lang=\"pt\" dir=\"ltr\">\u26a0\ufe0f De La Cruz vai passar cerca de 3 semanas sem atuar pelo Flamengo.<br><br>O departamento m\u00e9dico do clube est\u00e1 esfriando o processo de inflama\u00e7\u00e3o no joelho esquerdo e vai segurar o meia por esse per\u00edodo.<br><br>O joelho esquerdo apresenta sinais de inflama\u00e7\u00e3o, e agora o DM trabalha com um\u2026 <a href=\"https:\/\/t.co\/EqCnqEzpbW\">pic.twitter.com\/EqCnqEzpbW<\/a><\/p>&mdash; Planeta do Futebol \ud83c\udf0e (@futebol_info) <a href=\"https:\/\/twitter.com\/futebol_info\/status\/1948752759617896621?ref_src=twsrc%5Etfw\">July 25, 2025<\/a><\/blockquote> <script async src=\"https:\/\/platform.twitter.com\/widgets.js\" charset=\"utf-8\"><\/script>\n\n\n\n<h2 class=\"wp-block-heading\" id=\"h-ausencia-sera-sentida-em-momento-decisivo-da-temporada\">Aus\u00eancia ser\u00e1 sentida em momento decisivo da temporada<\/h2>\n\n\n\n<p>O t\u00e9cnico Filipe Lu\u00eds ter\u00e1 o desafio de reorganizar o meio-campo sem uma das principais pe\u00e7as de cria\u00e7\u00e3o da equipe. Com isso, jogadores como Allan, Gerson e Pulgar devem ganhar mais minutos e responsabilidades em campo.<\/p>\n\n\n\n<p>Dessa maneira, o Flamengo tenta manter o equil\u00edbrio e o desempenho competitivo, mesmo diante da aus\u00eancia de um de seus jogadores mais regulares. Desse jeito, a expectativa \u00e9 que De La Cruz volte 100% para a reta final da temporada.<\/p>\n\n\n\n<p>Portanto, os pr\u00f3ximos dias ser\u00e3o de foco total na recupera\u00e7\u00e3o do uruguaio, enquanto o clube segue sua caminhada nas principais competi\u00e7\u00f5es nacionais.<\/p>\n","protected":false},"excerpt":{"rendered":"<p>A torcida do Flamengo recebeu uma not\u00edcia nada animadora: o meia Nicol\u00e1s De La Cruz vai desfalcar a equipe por aproximadamente tr\u00eas semanas. O motivo \u00e9 um processo inflamat\u00f3rio no joelho esquerdo, que vem sendo tratado com cautela pelo departamento m\u00e9dico rubro-negro. O clube optou por \u201cesfriar\u201d a inflama\u00e7\u00e3o antes de qualquer tentativa de retorno [&hellip;]<\/p>\n","protected":false},"author":25,"featured_media":121106,"comment_status":"open","ping_status":"closed","sticky":false,"template":"","format":"standard","meta":{"footnotes":""},"categories":[1],"tags":[],"class_list":["post-273029","post","type-post","status-publish","format-standard","has-post-thumbnail","hentry","category-flamengo"],"yoast_head":"<!-- This site is optimized with the Yoast SEO Premium plugin v24.2 (Yoast SEO v26.9) - https:\/\/yoast.com\/product\/yoast-seo-premium-wordpress\/ -->\n<title>Flamengo perde De La Cruz por tempo consider\u00e1vel por problema no joelho<\/title>\n<meta name=\"robots\" content=\"index, follow, max-snippet:-1, max-image-preview:large, max-video-preview:-1\" \/>\n<link rel=\"canonical\" href=\"https:\/\/www.gaveanews.com\/index.php\/2025\/07\/25\/flamengo-perde-de-la-cruz-por-tempo-consideravel-por-problema-no-joelho\/\" \/>\n<meta property=\"og:locale\" content=\"pt_BR\" \/>\n<meta property=\"og:type\" content=\"article\" \/>\n<meta property=\"og:title\" content=\"Flamengo perde De La Cruz por tempo consider\u00e1vel por problema no joelho\" \/>\n<meta property=\"og:description\" content=\"A torcida do Flamengo recebeu uma not\u00edcia nada animadora: o meia Nicol\u00e1s De La Cruz vai desfalcar a equipe por aproximadamente tr\u00eas semanas. O motivo \u00e9 um processo inflamat\u00f3rio no joelho esquerdo, que vem sendo tratado com cautela pelo departamento m\u00e9dico rubro-negro. O clube optou por \u201cesfriar\u201d a inflama\u00e7\u00e3o antes de qualquer tentativa de retorno [&hellip;]\" \/>\n<meta property=\"og:url\" content=\"https:\/\/www.gaveanews.com\/index.php\/2025\/07\/25\/flamengo-perde-de-la-cruz-por-tempo-consideravel-por-problema-no-joelho\/\" \/>\n<meta property=\"og:site_name\" content=\"G\u00e1vea News\" \/>\n<meta property=\"article:publisher\" content=\"https:\/\/facebook.com\/gaveaNews\/\" \/>\n<meta property=\"article:published_time\" content=\"2025-07-25T19:00:00+00:00\" \/>\n<meta property=\"og:image\" content=\"https:\/\/www.gaveanews.com\/wp-content\/uploads\/chrome_WyNUPff5rM.webp\" \/>\n\t<meta property=\"og:image:width\" content=\"1920\" \/>\n\t<meta property=\"og:image:height\" content=\"1080\" \/>\n\t<meta property=\"og:image:type\" content=\"image\/jpeg\" \/>\n<meta name=\"author\" content=\"Rafaela Ladeira\" \/>\n<meta name=\"twitter:card\" content=\"summary_large_image\" \/>\n<meta name=\"twitter:label1\" content=\"Escrito por\" \/>\n\t<meta name=\"twitter:data1\" content=\"Rafaela Ladeira\" \/>\n\t<meta name=\"twitter:label2\" content=\"Est. tempo de leitura\" \/>\n\t<meta name=\"twitter:data2\" content=\"3 minutos\" \/>\n<script type=\"application\/ld+json\" class=\"yoast-schema-graph\">{\"@context\":\"https:\/\/schema.org\",\"@graph\":[{\"@type\":\"NewsArticle\",\"@id\":\"https:\/\/www.gaveanews.com\/index.php\/2025\/07\/25\/flamengo-perde-de-la-cruz-por-tempo-consideravel-por-problema-no-joelho\/#article\",\"isPartOf\":{\"@id\":\"https:\/\/www.gaveanews.com\/index.php\/2025\/07\/25\/flamengo-perde-de-la-cruz-por-tempo-consideravel-por-problema-no-joelho\/\"},\"author\":{\"name\":\"Rafaela Ladeira\",\"@id\":\"https:\/\/www.gaveanews.com\/#\/schema\/person\/0eb3e3fe1754f0205218538adbe8f5ed\"},\"headline\":\"Flamengo perde De La Cruz por tempo consider\u00e1vel por problema no joelho\",\"datePublished\":\"2025-07-25T19:00:00+00:00\",\"mainEntityOfPage\":{\"@id\":\"https:\/\/www.gaveanews.com\/index.php\/2025\/07\/25\/flamengo-perde-de-la-cruz-por-tempo-consideravel-por-problema-no-joelho\/\"},\"wordCount\":439,\"commentCount\":0,\"image\":{\"@id\":\"https:\/\/www.gaveanews.com\/index.php\/2025\/07\/25\/flamengo-perde-de-la-cruz-por-tempo-consideravel-por-problema-no-joelho\/#primaryimage\"},\"thumbnailUrl\":\"https:\/\/www.gaveanews.com\/wp-content\/uploads\/chrome_WyNUPff5rM.webp\",\"articleSection\":[\"Flamengo\"],\"inLanguage\":\"pt-BR\",\"potentialAction\":[{\"@type\":\"CommentAction\",\"name\":\"Comment\",\"target\":[\"https:\/\/www.gaveanews.com\/index.php\/2025\/07\/25\/flamengo-perde-de-la-cruz-por-tempo-consideravel-por-problema-no-joelho\/#respond\"]}],\"copyrightYear\":\"2025\",\"copyrightHolder\":{\"@id\":\"https:\/\/www.gaveanews.com\/#organization\"}},{\"@type\":\"WebPage\",\"@id\":\"https:\/\/www.gaveanews.com\/index.php\/2025\/07\/25\/flamengo-perde-de-la-cruz-por-tempo-consideravel-por-problema-no-joelho\/\",\"url\":\"https:\/\/www.gaveanews.com\/index.php\/2025\/07\/25\/flamengo-perde-de-la-cruz-por-tempo-consideravel-por-problema-no-joelho\/\",\"name\":\"Flamengo perde De La Cruz por tempo consider\u00e1vel por problema no joelho\",\"isPartOf\":{\"@id\":\"https:\/\/www.gaveanews.com\/#website\"},\"primaryImageOfPage\":{\"@id\":\"https:\/\/www.gaveanews.com\/index.php\/2025\/07\/25\/flamengo-perde-de-la-cruz-por-tempo-consideravel-por-problema-no-joelho\/#primaryimage\"},\"image\":{\"@id\":\"https:\/\/www.gaveanews.com\/index.php\/2025\/07\/25\/flamengo-perde-de-la-cruz-por-tempo-consideravel-por-problema-no-joelho\/#primaryimage\"},\"thumbnailUrl\":\"https:\/\/www.gaveanews.com\/wp-content\/uploads\/chrome_WyNUPff5rM.webp\",\"datePublished\":\"2025-07-25T19:00:00+00:00\",\"author\":{\"@id\":\"https:\/\/www.gaveanews.com\/#\/schema\/person\/0eb3e3fe1754f0205218538adbe8f5ed\"},\"breadcrumb\":{\"@id\":\"https:\/\/www.gaveanews.com\/index.php\/2025\/07\/25\/flamengo-perde-de-la-cruz-por-tempo-consideravel-por-problema-no-joelho\/#breadcrumb\"},\"inLanguage\":\"pt-BR\",\"potentialAction\":[{\"@type\":\"ReadAction\",\"target\":[\"https:\/\/www.gaveanews.com\/index.php\/2025\/07\/25\/flamengo-perde-de-la-cruz-por-tempo-consideravel-por-problema-no-joelho\/\"]}]},{\"@type\":\"ImageObject\",\"inLanguage\":\"pt-BR\",\"@id\":\"https:\/\/www.gaveanews.com\/index.php\/2025\/07\/25\/flamengo-perde-de-la-cruz-por-tempo-consideravel-por-problema-no-joelho\/#primaryimage\",\"url\":\"https:\/\/www.gaveanews.com\/wp-content\/uploads\/chrome_WyNUPff5rM.webp\",\"contentUrl\":\"https:\/\/www.gaveanews.com\/wp-content\/uploads\/chrome_WyNUPff5rM.webp\",\"width\":1920,\"height\":1080,\"caption\":\"Nicol\u00e1s de la Cruz em apresenta\u00e7\u00e3o pelo Flamengo - Foto: reprodu\u00e7\u00e3o FlaTV\"},{\"@type\":\"BreadcrumbList\",\"@id\":\"https:\/\/www.gaveanews.com\/index.php\/2025\/07\/25\/flamengo-perde-de-la-cruz-por-tempo-consideravel-por-problema-no-joelho\/#breadcrumb\",\"itemListElement\":[{\"@type\":\"ListItem\",\"position\":1,\"name\":\"Home\",\"item\":\"https:\/\/www.gaveanews.com\/\"},{\"@type\":\"ListItem\",\"position\":2,\"name\":\"Flamengo perde De La Cruz por tempo consider\u00e1vel por problema no joelho\"}]},{\"@type\":\"WebSite\",\"@id\":\"https:\/\/www.gaveanews.com\/#website\",\"url\":\"https:\/\/www.gaveanews.com\/\",\"name\":\"G\u00e1vea News\",\"description\":\"Veja todas as not\u00edcias sobre o Flamengo: Contrata\u00e7\u00f5es, categorias de base, resultados das partidas, tabela de classifica\u00e7\u00e3o, pr\u00f3ximos jogos!\",\"potentialAction\":[{\"@type\":\"SearchAction\",\"target\":{\"@type\":\"EntryPoint\",\"urlTemplate\":\"https:\/\/www.gaveanews.com\/?s={search_term_string}\"},\"query-input\":{\"@type\":\"PropertyValueSpecification\",\"valueRequired\":true,\"valueName\":\"search_term_string\"}}],\"inLanguage\":\"pt-BR\"},{\"@type\":\"Person\",\"@id\":\"https:\/\/www.gaveanews.com\/#\/schema\/person\/0eb3e3fe1754f0205218538adbe8f5ed\",\"name\":\"Rafaela Ladeira\",\"image\":{\"@type\":\"ImageObject\",\"inLanguage\":\"pt-BR\",\"@id\":\"https:\/\/www.gaveanews.com\/#\/schema\/person\/image\/\",\"url\":\"https:\/\/secure.gravatar.com\/avatar\/c31f513acffd85eacab5730cbdfdbbf59f21ba5aeada8cd890acea879fbb2455?s=96&d=mm&r=g\",\"contentUrl\":\"https:\/\/secure.gravatar.com\/avatar\/c31f513acffd85eacab5730cbdfdbbf59f21ba5aeada8cd890acea879fbb2455?s=96&d=mm&r=g\",\"caption\":\"Rafaela Ladeira\"}}]}<\/script>\n<!-- \/ Yoast SEO Premium plugin. -->","yoast_head_json":{"title":"Flamengo perde De La Cruz por tempo consider\u00e1vel por problema no joelho","robots":{"index":"index","follow":"follow","max-snippet":"max-snippet:-1","max-image-preview":"max-image-preview:large","max-video-preview":"max-video-preview:-1"},"canonical":"https:\/\/www.gaveanews.com\/index.php\/2025\/07\/25\/flamengo-perde-de-la-cruz-por-tempo-consideravel-por-problema-no-joelho\/","og_locale":"pt_BR","og_type":"article","og_title":"Flamengo perde De La Cruz por tempo consider\u00e1vel por problema no joelho","og_description":"A torcida do Flamengo recebeu uma not\u00edcia nada animadora: o meia Nicol\u00e1s De La Cruz vai desfalcar a equipe por aproximadamente tr\u00eas semanas. O motivo \u00e9 um processo inflamat\u00f3rio no joelho esquerdo, que vem sendo tratado com cautela pelo departamento m\u00e9dico rubro-negro. O clube optou por \u201cesfriar\u201d a inflama\u00e7\u00e3o antes de qualquer tentativa de retorno [&hellip;]","og_url":"https:\/\/www.gaveanews.com\/index.php\/2025\/07\/25\/flamengo-perde-de-la-cruz-por-tempo-consideravel-por-problema-no-joelho\/","og_site_name":"G\u00e1vea News","article_publisher":"https:\/\/facebook.com\/gaveaNews\/","article_published_time":"2025-07-25T19:00:00+00:00","og_image":[{"width":1920,"height":1080,"url":"https:\/\/www.gaveanews.com\/wp-content\/uploads\/chrome_WyNUPff5rM.webp","type":"image\/jpeg"}],"author":"Rafaela Ladeira","twitter_card":"summary_large_image","twitter_misc":{"Escrito por":"Rafaela Ladeira","Est. tempo de leitura":"3 minutos"},"schema":{"@context":"https:\/\/schema.org","@graph":[{"@type":"NewsArticle","@id":"https:\/\/www.gaveanews.com\/index.php\/2025\/07\/25\/flamengo-perde-de-la-cruz-por-tempo-consideravel-por-problema-no-joelho\/#article","isPartOf":{"@id":"https:\/\/www.gaveanews.com\/index.php\/2025\/07\/25\/flamengo-perde-de-la-cruz-por-tempo-consideravel-por-problema-no-joelho\/"},"author":{"name":"Rafaela Ladeira","@id":"https:\/\/www.gaveanews.com\/#\/schema\/person\/0eb3e3fe1754f0205218538adbe8f5ed"},"headline":"Flamengo perde De La Cruz por tempo consider\u00e1vel por problema no joelho","datePublished":"2025-07-25T19:00:00+00:00","mainEntityOfPage":{"@id":"https:\/\/www.gaveanews.com\/index.php\/2025\/07\/25\/flamengo-perde-de-la-cruz-por-tempo-consideravel-por-problema-no-joelho\/"},"wordCount":439,"commentCount":0,"image":{"@id":"https:\/\/www.gaveanews.com\/index.php\/2025\/07\/25\/flamengo-perde-de-la-cruz-por-tempo-consideravel-por-problema-no-joelho\/#primaryimage"},"thumbnailUrl":"https:\/\/www.gaveanews.com\/wp-content\/uploads\/chrome_WyNUPff5rM.webp","articleSection":["Flamengo"],"inLanguage":"pt-BR","potentialAction":[{"@type":"CommentAction","name":"Comment","target":["https:\/\/www.gaveanews.com\/index.php\/2025\/07\/25\/flamengo-perde-de-la-cruz-por-tempo-consideravel-por-problema-no-joelho\/#respond"]}],"copyrightYear":"2025","copyrightHolder":{"@id":"https:\/\/www.gaveanews.com\/#organization"}},{"@type":"WebPage","@id":"https:\/\/www.gaveanews.com\/index.php\/2025\/07\/25\/flamengo-perde-de-la-cruz-por-tempo-consideravel-por-problema-no-joelho\/","url":"https:\/\/www.gaveanews.com\/index.php\/2025\/07\/25\/flamengo-perde-de-la-cruz-por-tempo-consideravel-por-problema-no-joelho\/","name":"Flamengo perde De La Cruz por tempo consider\u00e1vel por problema no joelho","isPartOf":{"@id":"https:\/\/www.gaveanews.com\/#website"},"primaryImageOfPage":{"@id":"https:\/\/www.gaveanews.com\/index.php\/2025\/07\/25\/flamengo-perde-de-la-cruz-por-tempo-consideravel-por-problema-no-joelho\/#primaryimage"},"image":{"@id":"https:\/\/www.gaveanews.com\/index.php\/2025\/07\/25\/flamengo-perde-de-la-cruz-por-tempo-consideravel-por-problema-no-joelho\/#primaryimage"},"thumbnailUrl":"https:\/\/www.gaveanews.com\/wp-content\/uploads\/chrome_WyNUPff5rM.webp","datePublished":"2025-07-25T19:00:00+00:00","author":{"@id":"https:\/\/www.gaveanews.com\/#\/schema\/person\/0eb3e3fe1754f0205218538adbe8f5ed"},"breadcrumb":{"@id":"https:\/\/www.gaveanews.com\/index.php\/2025\/07\/25\/flamengo-perde-de-la-cruz-por-tempo-consideravel-por-problema-no-joelho\/#breadcrumb"},"inLanguage":"pt-BR","potentialAction":[{"@type":"ReadAction","target":["https:\/\/www.gaveanews.com\/index.php\/2025\/07\/25\/flamengo-perde-de-la-cruz-por-tempo-consideravel-por-problema-no-joelho\/"]}]},{"@type":"ImageObject","inLanguage":"pt-BR","@id":"https:\/\/www.gaveanews.com\/index.php\/2025\/07\/25\/flamengo-perde-de-la-cruz-por-tempo-consideravel-por-problema-no-joelho\/#primaryimage","url":"https:\/\/www.gaveanews.com\/wp-content\/uploads\/chrome_WyNUPff5rM.webp","contentUrl":"https:\/\/www.gaveanews.com\/wp-content\/uploads\/chrome_WyNUPff5rM.webp","width":1920,"height":1080,"caption":"Nicol\u00e1s de la Cruz em apresenta\u00e7\u00e3o pelo Flamengo - Foto: reprodu\u00e7\u00e3o FlaTV"},{"@type":"BreadcrumbList","@id":"https:\/\/www.gaveanews.com\/index.php\/2025\/07\/25\/flamengo-perde-de-la-cruz-por-tempo-consideravel-por-problema-no-joelho\/#breadcrumb","itemListElement":[{"@type":"ListItem","position":1,"name":"Home","item":"https:\/\/www.gaveanews.com\/"},{"@type":"ListItem","position":2,"name":"Flamengo perde De La Cruz por tempo consider\u00e1vel por problema no joelho"}]},{"@type":"WebSite","@id":"https:\/\/www.gaveanews.com\/#website","url":"https:\/\/www.gaveanews.com\/","name":"G\u00e1vea News","description":"Veja todas as not\u00edcias sobre o Flamengo: Contrata\u00e7\u00f5es, categorias de base, resultados das partidas, tabela de classifica\u00e7\u00e3o, pr\u00f3ximos jogos!","potentialAction":[{"@type":"SearchAction","target":{"@type":"EntryPoint","urlTemplate":"https:\/\/www.gaveanews.com\/?s={search_term_string}"},"query-input":{"@type":"PropertyValueSpecification","valueRequired":true,"valueName":"search_term_string"}}],"inLanguage":"pt-BR"},{"@type":"Person","@id":"https:\/\/www.gaveanews.com\/#\/schema\/person\/0eb3e3fe1754f0205218538adbe8f5ed","name":"Rafaela Ladeira","image":{"@type":"ImageObject","inLanguage":"pt-BR","@id":"https:\/\/www.gaveanews.com\/#\/schema\/person\/image\/","url":"https:\/\/secure.gravatar.com\/avatar\/c31f513acffd85eacab5730cbdfdbbf59f21ba5aeada8cd890acea879fbb2455?s=96&d=mm&r=g","contentUrl":"https:\/\/secure.gravatar.com\/avatar\/c31f513acffd85eacab5730cbdfdbbf59f21ba5aeada8cd890acea879fbb2455?s=96&d=mm&r=g","caption":"Rafaela Ladeira"}}]}},"_links":{"self":[{"href":"https:\/\/www.gaveanews.com\/index.php\/wp-json\/wp\/v2\/posts\/273029","targetHints":{"allow":["GET"]}}],"collection":[{"href":"https:\/\/www.gaveanews.com\/index.php\/wp-json\/wp\/v2\/posts"}],"about":[{"href":"https:\/\/www.gaveanews.com\/index.php\/wp-json\/wp\/v2\/types\/post"}],"author":[{"embeddable":true,"href":"https:\/\/www.gaveanews.com\/index.php\/wp-json\/wp\/v2\/users\/25"}],"replies":[{"embeddable":true,"href":"https:\/\/www.gaveanews.com\/index.php\/wp-json\/wp\/v2\/comments?post=273029"}],"version-history":[{"count":2,"href":"https:\/\/www.gaveanews.com\/index.php\/wp-json\/wp\/v2\/posts\/273029\/revisions"}],"predecessor-version":[{"id":273031,"href":"https:\/\/www.gaveanews.com\/index.php\/wp-json\/wp\/v2\/posts\/273029\/revisions\/273031"}],"wp:featuredmedia":[{"embeddable":true,"href":"https:\/\/www.gaveanews.com\/index.php\/wp-json\/wp\/v2\/media\/121106"}],"wp:attachment":[{"href":"https:\/\/www.gaveanews.com\/index.php\/wp-json\/wp\/v2\/media?parent=273029"}],"wp:term":[{"taxonomy":"category","embeddable":true,"href":"https:\/\/www.gaveanews.com\/index.php\/wp-json\/wp\/v2\/categories?post=273029"},{"taxonomy":"post_tag","embeddable":true,"href":"https:\/\/www.gaveanews.com\/index.php\/wp-json\/wp\/v2\/tags?post=273029"}],"curies":[{"name":"wp","href":"https:\/\/api.w.org\/{rel}","templated":true}]}}