{"id":273034,"date":"2025-07-25T17:00:00","date_gmt":"2025-07-25T20:00:00","guid":{"rendered":"https:\/\/www.gaveanews.com\/?p=273034"},"modified":"2025-07-25T15:58:19","modified_gmt":"2025-07-25T18:58:19","slug":"ex-botafogo-diz-que-recebeu-mala-branca-por-jogo-com-o-flamengo-o-palmeiras-deu-um-agrado","status":"publish","type":"post","link":"https:\/\/www.gaveanews.com\/index.php\/2025\/07\/25\/ex-botafogo-diz-que-recebeu-mala-branca-por-jogo-com-o-flamengo-o-palmeiras-deu-um-agrado\/","title":{"rendered":"Ex-Botafogo diz que recebeu mala branca por jogo com o Flamengo: \u201cO Palmeiras deu um agrado\u2026\u201c"},"content":{"rendered":"\n<p>Voc\u00ea j\u00e1 viu aquela foto famosa do ex-jogador Sass\u00e1 com uma pilha de dinheiro? Ela ganhou repercuss\u00e3o nacional e, agora, o ex-meio-campista Bruno Silva, que atuava pelo Botafogo na \u00e9poca, revelou os bastidores daquela cena emblem\u00e1tica.&nbsp;<\/p>\n\n\n\n<p>\u201cEu estava nesse bicho. Palmeiras e Flamengo estavam disputando o t\u00edtulo do Brasileir\u00e3o 2016, e o Palmeiras foi campe\u00e3o. Vou falar (risos). O Palmeiras deu um agrado para a gente empatar ou ganhar do Flamengo no Maracan\u00e3\u201d, confessou Bruno.<\/p>\n\n\n\n<p>\u201cO seguran\u00e7a falou: \u2018traz o cara aqui, bota o cara num camarote, fica vendo o jogo\u2019. Acabou 0 a 0.\u201d, completou.<\/p>\n\n\n\n<p>Dessa maneira, o pagamento visava influenciar o resultado da partida decisiva, que poderia beneficiar diretamente o Palmeiras na disputa do campeonato.<\/p>\n\n\n\n<blockquote class=\"twitter-tweet\"><p lang=\"pt\" dir=\"ltr\">A famosa foto de Sass\u00e1! Bruno Silva revela que recebeu &#39;mala branca&#39; do Palmeiras para empatar ou ganhar do Flamengo em 2016, quando atuava pelo Botafogo:<br><br>\u201cEu estava nesse bicho. Palmeiras e Flamengo estavam disputando o t\u00edtulo do Brasileir\u00e3o 2016, e o Palmeiras foi campe\u00e3o. Vou\u2026 <a href=\"https:\/\/t.co\/beJXw4j7ZE\">pic.twitter.com\/beJXw4j7ZE<\/a><\/p>&mdash; Planeta do Futebol \ud83c\udf0e (@futebol_info) <a href=\"https:\/\/twitter.com\/futebol_info\/status\/1948768014322565373?ref_src=twsrc%5Etfw\">July 25, 2025<\/a><\/blockquote> <script async src=\"https:\/\/platform.twitter.com\/widgets.js\" charset=\"utf-8\"><\/script>\n\n\n\n<h2 class=\"wp-block-heading\" id=\"h-o-momento-da-foto-e-a-repercussao-que-marcou-o-futebol-brasileiro\">O momento da foto e a repercuss\u00e3o que marcou o futebol brasileiro<\/h2>\n\n\n\n<p>Portanto, o epis\u00f3dio ganhou destaque porque Sass\u00e1, de maneira inusitada, decidiu eternizar o momento.&nbsp;<\/p>\n\n\n\n<p>\u201cQuando chegamos no vesti\u00e1rio, o Sass\u00e1 pega e tira aquela foto. Era todo o dinheiro. Ele disse que ia guardar a foto. Tanto que ele posta a foto muito tempo depois, acho que no final do ano.\u201d, declarou.&nbsp;<\/p>\n\n\n\n<p>Cabe ressaltar que, segundo Bruno, a atitude de Sass\u00e1 era caracter\u00edstica: \u201cDepois fizemos uma bagun\u00e7a, ele sempre puxando a bagun\u00e7a\u2026 Essa foto deu muita repercuss\u00e3o.\u201d, completou.&nbsp;<\/p>\n\n\n\n<p>Desse jeito, o incidente n\u00e3o s\u00f3 exp\u00f4s uma pr\u00e1tica controversa, mas tamb\u00e9m revela a press\u00e3o e os bastidores de jogos decisivos, mostrando como os jogadores vivenciam situa\u00e7\u00f5es de enorme tens\u00e3o e influ\u00eancia externa.<\/p>\n\n\n\n<p>Com isso, o relato de Bruno Silva acrescenta uma nova camada \u00e0 hist\u00f3ria da famosa foto de Sass\u00e1, reafirmando o impacto de a\u00e7\u00f5es que v\u00e3o muito al\u00e9m do campo de jogo, influenciando n\u00e3o apenas resultados, mas tamb\u00e9m a rivalidade no futebol brasileiro.<\/p>\n\n\n\n<p>Vale destacar que momentos como esses provocam debates importantes sobre transpar\u00eancia e responsabilidade, elementos essenciais para que o futebol recupere a confian\u00e7a do p\u00fablico e mantenha sua integridade diante dos desafios atuais.<\/p>\n","protected":false},"excerpt":{"rendered":"<p>Voc\u00ea j\u00e1 viu aquela foto famosa do ex-jogador Sass\u00e1 com uma pilha de dinheiro? Ela ganhou repercuss\u00e3o nacional e, agora, o ex-meio-campista Bruno Silva, que atuava pelo Botafogo na \u00e9poca, revelou os bastidores daquela cena emblem\u00e1tica.&nbsp; \u201cEu estava nesse bicho. Palmeiras e Flamengo estavam disputando o t\u00edtulo do Brasileir\u00e3o 2016, e o Palmeiras foi campe\u00e3o. [&hellip;]<\/p>\n","protected":false},"author":25,"featured_media":182060,"comment_status":"open","ping_status":"closed","sticky":false,"template":"","format":"standard","meta":{"footnotes":""},"categories":[138,1,150],"tags":[],"class_list":["post-273034","post","type-post","status-publish","format-standard","has-post-thumbnail","hentry","category-botafogo","category-flamengo","category-palmeiras"],"yoast_head":"<!-- This site is optimized with the Yoast SEO Premium plugin v24.2 (Yoast SEO v26.9) - https:\/\/yoast.com\/product\/yoast-seo-premium-wordpress\/ -->\n<title>Ex-Botafogo diz que recebeu mala branca por jogo com o Flamengo: \u201cO Palmeiras deu um agrado\u2026\u201c<\/title>\n<meta name=\"robots\" content=\"index, follow, max-snippet:-1, max-image-preview:large, max-video-preview:-1\" \/>\n<link rel=\"canonical\" href=\"https:\/\/www.gaveanews.com\/index.php\/2025\/07\/25\/ex-botafogo-diz-que-recebeu-mala-branca-por-jogo-com-o-flamengo-o-palmeiras-deu-um-agrado\/\" \/>\n<meta property=\"og:locale\" content=\"pt_BR\" \/>\n<meta property=\"og:type\" content=\"article\" \/>\n<meta property=\"og:title\" content=\"Ex-Botafogo diz que recebeu mala branca por jogo com o Flamengo: \u201cO Palmeiras deu um agrado\u2026\u201c\" \/>\n<meta property=\"og:description\" content=\"Voc\u00ea j\u00e1 viu aquela foto famosa do ex-jogador Sass\u00e1 com uma pilha de dinheiro? Ela ganhou repercuss\u00e3o nacional e, agora, o ex-meio-campista Bruno Silva, que atuava pelo Botafogo na \u00e9poca, revelou os bastidores daquela cena emblem\u00e1tica.&nbsp; \u201cEu estava nesse bicho. Palmeiras e Flamengo estavam disputando o t\u00edtulo do Brasileir\u00e3o 2016, e o Palmeiras foi campe\u00e3o. [&hellip;]\" \/>\n<meta property=\"og:url\" content=\"https:\/\/www.gaveanews.com\/index.php\/2025\/07\/25\/ex-botafogo-diz-que-recebeu-mala-branca-por-jogo-com-o-flamengo-o-palmeiras-deu-um-agrado\/\" \/>\n<meta property=\"og:site_name\" content=\"G\u00e1vea News\" \/>\n<meta property=\"article:publisher\" content=\"https:\/\/facebook.com\/gaveaNews\/\" \/>\n<meta property=\"article:published_time\" content=\"2025-07-25T20:00:00+00:00\" \/>\n<meta property=\"og:image\" content=\"https:\/\/www.gaveanews.com\/wp-content\/uploads\/Escudo-do-Botafogo-1.webp\" \/>\n\t<meta property=\"og:image:width\" content=\"787\" \/>\n\t<meta property=\"og:image:height\" content=\"525\" \/>\n\t<meta property=\"og:image:type\" content=\"image\/webp\" \/>\n<meta name=\"author\" content=\"Rafaela Ladeira\" \/>\n<meta name=\"twitter:card\" content=\"summary_large_image\" \/>\n<meta name=\"twitter:label1\" content=\"Escrito por\" \/>\n\t<meta name=\"twitter:data1\" content=\"Rafaela Ladeira\" \/>\n\t<meta name=\"twitter:label2\" content=\"Est. tempo de leitura\" \/>\n\t<meta name=\"twitter:data2\" content=\"2 minutos\" \/>\n<script type=\"application\/ld+json\" class=\"yoast-schema-graph\">{\"@context\":\"https:\/\/schema.org\",\"@graph\":[{\"@type\":\"NewsArticle\",\"@id\":\"https:\/\/www.gaveanews.com\/index.php\/2025\/07\/25\/ex-botafogo-diz-que-recebeu-mala-branca-por-jogo-com-o-flamengo-o-palmeiras-deu-um-agrado\/#article\",\"isPartOf\":{\"@id\":\"https:\/\/www.gaveanews.com\/index.php\/2025\/07\/25\/ex-botafogo-diz-que-recebeu-mala-branca-por-jogo-com-o-flamengo-o-palmeiras-deu-um-agrado\/\"},\"author\":{\"name\":\"Rafaela Ladeira\",\"@id\":\"https:\/\/www.gaveanews.com\/#\/schema\/person\/0eb3e3fe1754f0205218538adbe8f5ed\"},\"headline\":\"Ex-Botafogo diz que recebeu mala branca por jogo com o Flamengo: \u201cO Palmeiras deu um agrado\u2026\u201c\",\"datePublished\":\"2025-07-25T20:00:00+00:00\",\"mainEntityOfPage\":{\"@id\":\"https:\/\/www.gaveanews.com\/index.php\/2025\/07\/25\/ex-botafogo-diz-que-recebeu-mala-branca-por-jogo-com-o-flamengo-o-palmeiras-deu-um-agrado\/\"},\"wordCount\":420,\"commentCount\":0,\"image\":{\"@id\":\"https:\/\/www.gaveanews.com\/index.php\/2025\/07\/25\/ex-botafogo-diz-que-recebeu-mala-branca-por-jogo-com-o-flamengo-o-palmeiras-deu-um-agrado\/#primaryimage\"},\"thumbnailUrl\":\"https:\/\/www.gaveanews.com\/wp-content\/uploads\/Escudo-do-Botafogo-1.webp\",\"articleSection\":[\"Botafogo\",\"Flamengo\",\"Palmeiras\"],\"inLanguage\":\"pt-BR\",\"potentialAction\":[{\"@type\":\"CommentAction\",\"name\":\"Comment\",\"target\":[\"https:\/\/www.gaveanews.com\/index.php\/2025\/07\/25\/ex-botafogo-diz-que-recebeu-mala-branca-por-jogo-com-o-flamengo-o-palmeiras-deu-um-agrado\/#respond\"]}],\"copyrightYear\":\"2025\",\"copyrightHolder\":{\"@id\":\"https:\/\/www.gaveanews.com\/#organization\"}},{\"@type\":\"WebPage\",\"@id\":\"https:\/\/www.gaveanews.com\/index.php\/2025\/07\/25\/ex-botafogo-diz-que-recebeu-mala-branca-por-jogo-com-o-flamengo-o-palmeiras-deu-um-agrado\/\",\"url\":\"https:\/\/www.gaveanews.com\/index.php\/2025\/07\/25\/ex-botafogo-diz-que-recebeu-mala-branca-por-jogo-com-o-flamengo-o-palmeiras-deu-um-agrado\/\",\"name\":\"Ex-Botafogo diz que recebeu mala branca por jogo com o Flamengo: \u201cO Palmeiras deu um agrado\u2026\u201c\",\"isPartOf\":{\"@id\":\"https:\/\/www.gaveanews.com\/#website\"},\"primaryImageOfPage\":{\"@id\":\"https:\/\/www.gaveanews.com\/index.php\/2025\/07\/25\/ex-botafogo-diz-que-recebeu-mala-branca-por-jogo-com-o-flamengo-o-palmeiras-deu-um-agrado\/#primaryimage\"},\"image\":{\"@id\":\"https:\/\/www.gaveanews.com\/index.php\/2025\/07\/25\/ex-botafogo-diz-que-recebeu-mala-branca-por-jogo-com-o-flamengo-o-palmeiras-deu-um-agrado\/#primaryimage\"},\"thumbnailUrl\":\"https:\/\/www.gaveanews.com\/wp-content\/uploads\/Escudo-do-Botafogo-1.webp\",\"datePublished\":\"2025-07-25T20:00:00+00:00\",\"author\":{\"@id\":\"https:\/\/www.gaveanews.com\/#\/schema\/person\/0eb3e3fe1754f0205218538adbe8f5ed\"},\"breadcrumb\":{\"@id\":\"https:\/\/www.gaveanews.com\/index.php\/2025\/07\/25\/ex-botafogo-diz-que-recebeu-mala-branca-por-jogo-com-o-flamengo-o-palmeiras-deu-um-agrado\/#breadcrumb\"},\"inLanguage\":\"pt-BR\",\"potentialAction\":[{\"@type\":\"ReadAction\",\"target\":[\"https:\/\/www.gaveanews.com\/index.php\/2025\/07\/25\/ex-botafogo-diz-que-recebeu-mala-branca-por-jogo-com-o-flamengo-o-palmeiras-deu-um-agrado\/\"]}]},{\"@type\":\"ImageObject\",\"inLanguage\":\"pt-BR\",\"@id\":\"https:\/\/www.gaveanews.com\/index.php\/2025\/07\/25\/ex-botafogo-diz-que-recebeu-mala-branca-por-jogo-com-o-flamengo-o-palmeiras-deu-um-agrado\/#primaryimage\",\"url\":\"https:\/\/www.gaveanews.com\/wp-content\/uploads\/Escudo-do-Botafogo-1.webp\",\"contentUrl\":\"https:\/\/www.gaveanews.com\/wp-content\/uploads\/Escudo-do-Botafogo-1.webp\",\"width\":787,\"height\":525,\"caption\":\"Escudo do Botafogo (Foto: Reprodu\u00e7\u00e3o\/Botafogo)\"},{\"@type\":\"BreadcrumbList\",\"@id\":\"https:\/\/www.gaveanews.com\/index.php\/2025\/07\/25\/ex-botafogo-diz-que-recebeu-mala-branca-por-jogo-com-o-flamengo-o-palmeiras-deu-um-agrado\/#breadcrumb\",\"itemListElement\":[{\"@type\":\"ListItem\",\"position\":1,\"name\":\"Home\",\"item\":\"https:\/\/www.gaveanews.com\/\"},{\"@type\":\"ListItem\",\"position\":2,\"name\":\"Ex-Botafogo diz que recebeu mala branca por jogo com o Flamengo: \u201cO Palmeiras deu um agrado\u2026\u201c\"}]},{\"@type\":\"WebSite\",\"@id\":\"https:\/\/www.gaveanews.com\/#website\",\"url\":\"https:\/\/www.gaveanews.com\/\",\"name\":\"G\u00e1vea News\",\"description\":\"Veja todas as not\u00edcias sobre o Flamengo: Contrata\u00e7\u00f5es, categorias de base, resultados das partidas, tabela de classifica\u00e7\u00e3o, pr\u00f3ximos jogos!\",\"potentialAction\":[{\"@type\":\"SearchAction\",\"target\":{\"@type\":\"EntryPoint\",\"urlTemplate\":\"https:\/\/www.gaveanews.com\/?s={search_term_string}\"},\"query-input\":{\"@type\":\"PropertyValueSpecification\",\"valueRequired\":true,\"valueName\":\"search_term_string\"}}],\"inLanguage\":\"pt-BR\"},{\"@type\":\"Person\",\"@id\":\"https:\/\/www.gaveanews.com\/#\/schema\/person\/0eb3e3fe1754f0205218538adbe8f5ed\",\"name\":\"Rafaela Ladeira\",\"image\":{\"@type\":\"ImageObject\",\"inLanguage\":\"pt-BR\",\"@id\":\"https:\/\/www.gaveanews.com\/#\/schema\/person\/image\/\",\"url\":\"https:\/\/secure.gravatar.com\/avatar\/c31f513acffd85eacab5730cbdfdbbf59f21ba5aeada8cd890acea879fbb2455?s=96&d=mm&r=g\",\"contentUrl\":\"https:\/\/secure.gravatar.com\/avatar\/c31f513acffd85eacab5730cbdfdbbf59f21ba5aeada8cd890acea879fbb2455?s=96&d=mm&r=g\",\"caption\":\"Rafaela Ladeira\"}}]}<\/script>\n<!-- \/ Yoast SEO Premium plugin. -->","yoast_head_json":{"title":"Ex-Botafogo diz que recebeu mala branca por jogo com o Flamengo: \u201cO Palmeiras deu um agrado\u2026\u201c","robots":{"index":"index","follow":"follow","max-snippet":"max-snippet:-1","max-image-preview":"max-image-preview:large","max-video-preview":"max-video-preview:-1"},"canonical":"https:\/\/www.gaveanews.com\/index.php\/2025\/07\/25\/ex-botafogo-diz-que-recebeu-mala-branca-por-jogo-com-o-flamengo-o-palmeiras-deu-um-agrado\/","og_locale":"pt_BR","og_type":"article","og_title":"Ex-Botafogo diz que recebeu mala branca por jogo com o Flamengo: \u201cO Palmeiras deu um agrado\u2026\u201c","og_description":"Voc\u00ea j\u00e1 viu aquela foto famosa do ex-jogador Sass\u00e1 com uma pilha de dinheiro? Ela ganhou repercuss\u00e3o nacional e, agora, o ex-meio-campista Bruno Silva, que atuava pelo Botafogo na \u00e9poca, revelou os bastidores daquela cena emblem\u00e1tica.&nbsp; \u201cEu estava nesse bicho. Palmeiras e Flamengo estavam disputando o t\u00edtulo do Brasileir\u00e3o 2016, e o Palmeiras foi campe\u00e3o. [&hellip;]","og_url":"https:\/\/www.gaveanews.com\/index.php\/2025\/07\/25\/ex-botafogo-diz-que-recebeu-mala-branca-por-jogo-com-o-flamengo-o-palmeiras-deu-um-agrado\/","og_site_name":"G\u00e1vea News","article_publisher":"https:\/\/facebook.com\/gaveaNews\/","article_published_time":"2025-07-25T20:00:00+00:00","og_image":[{"width":787,"height":525,"url":"https:\/\/www.gaveanews.com\/wp-content\/uploads\/Escudo-do-Botafogo-1.webp","type":"image\/webp"}],"author":"Rafaela Ladeira","twitter_card":"summary_large_image","twitter_misc":{"Escrito por":"Rafaela Ladeira","Est. tempo de leitura":"2 minutos"},"schema":{"@context":"https:\/\/schema.org","@graph":[{"@type":"NewsArticle","@id":"https:\/\/www.gaveanews.com\/index.php\/2025\/07\/25\/ex-botafogo-diz-que-recebeu-mala-branca-por-jogo-com-o-flamengo-o-palmeiras-deu-um-agrado\/#article","isPartOf":{"@id":"https:\/\/www.gaveanews.com\/index.php\/2025\/07\/25\/ex-botafogo-diz-que-recebeu-mala-branca-por-jogo-com-o-flamengo-o-palmeiras-deu-um-agrado\/"},"author":{"name":"Rafaela Ladeira","@id":"https:\/\/www.gaveanews.com\/#\/schema\/person\/0eb3e3fe1754f0205218538adbe8f5ed"},"headline":"Ex-Botafogo diz que recebeu mala branca por jogo com o Flamengo: \u201cO Palmeiras deu um agrado\u2026\u201c","datePublished":"2025-07-25T20:00:00+00:00","mainEntityOfPage":{"@id":"https:\/\/www.gaveanews.com\/index.php\/2025\/07\/25\/ex-botafogo-diz-que-recebeu-mala-branca-por-jogo-com-o-flamengo-o-palmeiras-deu-um-agrado\/"},"wordCount":420,"commentCount":0,"image":{"@id":"https:\/\/www.gaveanews.com\/index.php\/2025\/07\/25\/ex-botafogo-diz-que-recebeu-mala-branca-por-jogo-com-o-flamengo-o-palmeiras-deu-um-agrado\/#primaryimage"},"thumbnailUrl":"https:\/\/www.gaveanews.com\/wp-content\/uploads\/Escudo-do-Botafogo-1.webp","articleSection":["Botafogo","Flamengo","Palmeiras"],"inLanguage":"pt-BR","potentialAction":[{"@type":"CommentAction","name":"Comment","target":["https:\/\/www.gaveanews.com\/index.php\/2025\/07\/25\/ex-botafogo-diz-que-recebeu-mala-branca-por-jogo-com-o-flamengo-o-palmeiras-deu-um-agrado\/#respond"]}],"copyrightYear":"2025","copyrightHolder":{"@id":"https:\/\/www.gaveanews.com\/#organization"}},{"@type":"WebPage","@id":"https:\/\/www.gaveanews.com\/index.php\/2025\/07\/25\/ex-botafogo-diz-que-recebeu-mala-branca-por-jogo-com-o-flamengo-o-palmeiras-deu-um-agrado\/","url":"https:\/\/www.gaveanews.com\/index.php\/2025\/07\/25\/ex-botafogo-diz-que-recebeu-mala-branca-por-jogo-com-o-flamengo-o-palmeiras-deu-um-agrado\/","name":"Ex-Botafogo diz que recebeu mala branca por jogo com o Flamengo: \u201cO Palmeiras deu um agrado\u2026\u201c","isPartOf":{"@id":"https:\/\/www.gaveanews.com\/#website"},"primaryImageOfPage":{"@id":"https:\/\/www.gaveanews.com\/index.php\/2025\/07\/25\/ex-botafogo-diz-que-recebeu-mala-branca-por-jogo-com-o-flamengo-o-palmeiras-deu-um-agrado\/#primaryimage"},"image":{"@id":"https:\/\/www.gaveanews.com\/index.php\/2025\/07\/25\/ex-botafogo-diz-que-recebeu-mala-branca-por-jogo-com-o-flamengo-o-palmeiras-deu-um-agrado\/#primaryimage"},"thumbnailUrl":"https:\/\/www.gaveanews.com\/wp-content\/uploads\/Escudo-do-Botafogo-1.webp","datePublished":"2025-07-25T20:00:00+00:00","author":{"@id":"https:\/\/www.gaveanews.com\/#\/schema\/person\/0eb3e3fe1754f0205218538adbe8f5ed"},"breadcrumb":{"@id":"https:\/\/www.gaveanews.com\/index.php\/2025\/07\/25\/ex-botafogo-diz-que-recebeu-mala-branca-por-jogo-com-o-flamengo-o-palmeiras-deu-um-agrado\/#breadcrumb"},"inLanguage":"pt-BR","potentialAction":[{"@type":"ReadAction","target":["https:\/\/www.gaveanews.com\/index.php\/2025\/07\/25\/ex-botafogo-diz-que-recebeu-mala-branca-por-jogo-com-o-flamengo-o-palmeiras-deu-um-agrado\/"]}]},{"@type":"ImageObject","inLanguage":"pt-BR","@id":"https:\/\/www.gaveanews.com\/index.php\/2025\/07\/25\/ex-botafogo-diz-que-recebeu-mala-branca-por-jogo-com-o-flamengo-o-palmeiras-deu-um-agrado\/#primaryimage","url":"https:\/\/www.gaveanews.com\/wp-content\/uploads\/Escudo-do-Botafogo-1.webp","contentUrl":"https:\/\/www.gaveanews.com\/wp-content\/uploads\/Escudo-do-Botafogo-1.webp","width":787,"height":525,"caption":"Escudo do Botafogo (Foto: Reprodu\u00e7\u00e3o\/Botafogo)"},{"@type":"BreadcrumbList","@id":"https:\/\/www.gaveanews.com\/index.php\/2025\/07\/25\/ex-botafogo-diz-que-recebeu-mala-branca-por-jogo-com-o-flamengo-o-palmeiras-deu-um-agrado\/#breadcrumb","itemListElement":[{"@type":"ListItem","position":1,"name":"Home","item":"https:\/\/www.gaveanews.com\/"},{"@type":"ListItem","position":2,"name":"Ex-Botafogo diz que recebeu mala branca por jogo com o Flamengo: \u201cO Palmeiras deu um agrado\u2026\u201c"}]},{"@type":"WebSite","@id":"https:\/\/www.gaveanews.com\/#website","url":"https:\/\/www.gaveanews.com\/","name":"G\u00e1vea News","description":"Veja todas as not\u00edcias sobre o Flamengo: Contrata\u00e7\u00f5es, categorias de base, resultados das partidas, tabela de classifica\u00e7\u00e3o, pr\u00f3ximos jogos!","potentialAction":[{"@type":"SearchAction","target":{"@type":"EntryPoint","urlTemplate":"https:\/\/www.gaveanews.com\/?s={search_term_string}"},"query-input":{"@type":"PropertyValueSpecification","valueRequired":true,"valueName":"search_term_string"}}],"inLanguage":"pt-BR"},{"@type":"Person","@id":"https:\/\/www.gaveanews.com\/#\/schema\/person\/0eb3e3fe1754f0205218538adbe8f5ed","name":"Rafaela Ladeira","image":{"@type":"ImageObject","inLanguage":"pt-BR","@id":"https:\/\/www.gaveanews.com\/#\/schema\/person\/image\/","url":"https:\/\/secure.gravatar.com\/avatar\/c31f513acffd85eacab5730cbdfdbbf59f21ba5aeada8cd890acea879fbb2455?s=96&d=mm&r=g","contentUrl":"https:\/\/secure.gravatar.com\/avatar\/c31f513acffd85eacab5730cbdfdbbf59f21ba5aeada8cd890acea879fbb2455?s=96&d=mm&r=g","caption":"Rafaela Ladeira"}}]}},"_links":{"self":[{"href":"https:\/\/www.gaveanews.com\/index.php\/wp-json\/wp\/v2\/posts\/273034","targetHints":{"allow":["GET"]}}],"collection":[{"href":"https:\/\/www.gaveanews.com\/index.php\/wp-json\/wp\/v2\/posts"}],"about":[{"href":"https:\/\/www.gaveanews.com\/index.php\/wp-json\/wp\/v2\/types\/post"}],"author":[{"embeddable":true,"href":"https:\/\/www.gaveanews.com\/index.php\/wp-json\/wp\/v2\/users\/25"}],"replies":[{"embeddable":true,"href":"https:\/\/www.gaveanews.com\/index.php\/wp-json\/wp\/v2\/comments?post=273034"}],"version-history":[{"count":1,"href":"https:\/\/www.gaveanews.com\/index.php\/wp-json\/wp\/v2\/posts\/273034\/revisions"}],"predecessor-version":[{"id":273035,"href":"https:\/\/www.gaveanews.com\/index.php\/wp-json\/wp\/v2\/posts\/273034\/revisions\/273035"}],"wp:featuredmedia":[{"embeddable":true,"href":"https:\/\/www.gaveanews.com\/index.php\/wp-json\/wp\/v2\/media\/182060"}],"wp:attachment":[{"href":"https:\/\/www.gaveanews.com\/index.php\/wp-json\/wp\/v2\/media?parent=273034"}],"wp:term":[{"taxonomy":"category","embeddable":true,"href":"https:\/\/www.gaveanews.com\/index.php\/wp-json\/wp\/v2\/categories?post=273034"},{"taxonomy":"post_tag","embeddable":true,"href":"https:\/\/www.gaveanews.com\/index.php\/wp-json\/wp\/v2\/tags?post=273034"}],"curies":[{"name":"wp","href":"https:\/\/api.w.org\/{rel}","templated":true}]}}