{"id":273036,"date":"2025-07-25T17:30:00","date_gmt":"2025-07-25T20:30:00","guid":{"rendered":"https:\/\/www.gaveanews.com\/?p=273036"},"modified":"2025-07-25T16:03:11","modified_gmt":"2025-07-25T19:03:11","slug":"wesley-publica-video-se-despedindo-do-flamengo","status":"publish","type":"post","link":"https:\/\/www.gaveanews.com\/index.php\/2025\/07\/25\/wesley-publica-video-se-despedindo-do-flamengo\/","title":{"rendered":"Wesley publica v\u00eddeo se despedindo do Flamengo"},"content":{"rendered":"\n<p>Nesta sexta-feira (26), o lateral-direito Wesley oficializou sua despedida do Flamengo por meio de uma publica\u00e7\u00e3o nas redes sociais, emocionando a torcida rubro-negra. Com apenas 21 anos, o atleta, revelado nas categorias de base do clube, foi negociado com a Roma, da It\u00e1lia, por cerca de R$ 161,4 milh\u00f5es, valor que pode ser acrescido de bonifica\u00e7\u00f5es por metas alcan\u00e7adas.&nbsp;<\/p>\n\n\n\n<p>Dessa maneira, Wesley encerra uma etapa importante de sua carreira no Brasil, iniciando um novo ciclo na Europa.<\/p>\n\n\n\n<p>Al\u00e9m disso, o jogador esteve no Ninho do Urubu para se despedir dos companheiros e, em v\u00eddeo, expressou sua gratid\u00e3o:&nbsp;<\/p>\n\n\n\n<p>\u201cForam anos intensos. O Flamengo me deu a chance de viver o sonho de milh\u00f5es. Saio cheio de gratid\u00e3o e com a certeza que dei meu m\u00e1ximo. Obrigado, Na\u00e7\u00e3o. Uh terer\u00ea, sou Flamengo at\u00e9 morrer. SRN.\u201d<\/p>\n\n\n\n<blockquote class=\"twitter-tweet\" data-media-max-width=\"560\"><p lang=\"pt\" dir=\"ltr\">Wesley posta v\u00eddeo de despedida do Flamengo:<br><br>\u201cForam anos intensos. O Flamengo me deu a chance de viver o sonho de milh\u00f5es. Saio cheio de gratid\u00e3o e com a certeza que dei meu m\u00e1ximo. Obrigado, Na\u00e7\u00e3o. Uh terer\u00ea, sou Flamengo at\u00e9 morrer. SRN.\u201d<br><br>\ud83c\udfa5 Divulga\u00e7\u00e3o <a href=\"https:\/\/t.co\/ktLp0rTrGH\">pic.twitter.com\/ktLp0rTrGH<\/a><\/p>&mdash; Planeta do Futebol \ud83c\udf0e (@futebol_info) <a href=\"https:\/\/twitter.com\/futebol_info\/status\/1948813946145964531?ref_src=twsrc%5Etfw\">July 25, 2025<\/a><\/blockquote> <script async src=\"https:\/\/platform.twitter.com\/widgets.js\" charset=\"utf-8\"><\/script>\n\n\n\n<h2 class=\"wp-block-heading\" id=\"h-trajetoria-marcada-por-conquistas-e-evolucao\">Trajet\u00f3ria marcada por conquistas e evolu\u00e7\u00e3o<\/h2>\n\n\n\n<p>Vale destacar que Wesley acumula 139 partidas pelo Flamengo, com quatro gols e seis assist\u00eancias. Isso porque foi titular nas conquistas da Copa do Brasil de 2024, dos Campeonatos Cariocas de 2024 e 2025, al\u00e9m da Supercopa do Brasil. Al\u00e9m disso, participou do elenco campe\u00e3o da Libertadores e da Copa do Brasil em 2022.&nbsp;<\/p>\n\n\n\n<p>Cabe ressaltar que sua qualidade t\u00e9cnica tamb\u00e9m lhe rendeu convoca\u00e7\u00f5es para a Sele\u00e7\u00e3o Brasileira durante sua passagem pelo clube.<\/p>\n\n\n\n<p>Portanto, a sa\u00edda de Wesley representa um desafio para o Flamengo, que busca repor a posi\u00e7\u00e3o com a negocia\u00e7\u00e3o em andamento do lateral Emerson Royal, avaliado em R$ 58 milh\u00f5es. Sendo assim, o clube trabalha para manter seu alto padr\u00e3o competitivo, mesmo diante da perda de um talento formado internamente.<\/p>\n\n\n\n<h2 class=\"wp-block-heading\" id=\"h-o-que-vem-pela-frente-para-wesley-e-flamengo\">O que vem pela frente para Wesley e Flamengo<\/h2>\n\n\n\n<p>Com isso, Wesley inicia uma nova fase longe do Brasil, em uma liga europeia exigente, buscando ampliar seu potencial e consolidar sua carreira internacional.&nbsp;<\/p>\n\n\n\n<p>Dessa maneira, o Flamengo, por sua vez, enfrenta o desafio de recompor o elenco com jogadores \u00e0 altura das expectativas da torcida e do mercado.<\/p>\n\n\n\n<p>Por isso, essa transfer\u00eancia n\u00e3o s\u00f3 marca o fim de um ciclo para o jovem lateral, mas tamb\u00e9m refor\u00e7a a import\u00e2ncia da forma\u00e7\u00e3o de atletas nas categorias de base do futebol brasileiro.<\/p>\n","protected":false},"excerpt":{"rendered":"<p>Nesta sexta-feira (26), o lateral-direito Wesley oficializou sua despedida do Flamengo por meio de uma publica\u00e7\u00e3o nas redes sociais, emocionando a torcida rubro-negra. Com apenas 21 anos, o atleta, revelado nas categorias de base do clube, foi negociado com a Roma, da It\u00e1lia, por cerca de R$ 161,4 milh\u00f5es, valor que pode ser acrescido de [&hellip;]<\/p>\n","protected":false},"author":25,"featured_media":159864,"comment_status":"open","ping_status":"closed","sticky":false,"template":"","format":"standard","meta":{"footnotes":""},"categories":[1],"tags":[],"class_list":["post-273036","post","type-post","status-publish","format-standard","has-post-thumbnail","hentry","category-flamengo"],"yoast_head":"<!-- This site is optimized with the Yoast SEO Premium plugin v24.2 (Yoast SEO v26.9) - https:\/\/yoast.com\/product\/yoast-seo-premium-wordpress\/ -->\n<title>Wesley publica v\u00eddeo se despedindo do Flamengo<\/title>\n<meta name=\"robots\" content=\"index, follow, max-snippet:-1, max-image-preview:large, max-video-preview:-1\" \/>\n<link rel=\"canonical\" href=\"https:\/\/www.gaveanews.com\/index.php\/2025\/07\/25\/wesley-publica-video-se-despedindo-do-flamengo\/\" \/>\n<meta property=\"og:locale\" content=\"pt_BR\" \/>\n<meta property=\"og:type\" content=\"article\" \/>\n<meta property=\"og:title\" content=\"Wesley publica v\u00eddeo se despedindo do Flamengo\" \/>\n<meta property=\"og:description\" content=\"Nesta sexta-feira (26), o lateral-direito Wesley oficializou sua despedida do Flamengo por meio de uma publica\u00e7\u00e3o nas redes sociais, emocionando a torcida rubro-negra. Com apenas 21 anos, o atleta, revelado nas categorias de base do clube, foi negociado com a Roma, da It\u00e1lia, por cerca de R$ 161,4 milh\u00f5es, valor que pode ser acrescido de [&hellip;]\" \/>\n<meta property=\"og:url\" content=\"https:\/\/www.gaveanews.com\/index.php\/2025\/07\/25\/wesley-publica-video-se-despedindo-do-flamengo\/\" \/>\n<meta property=\"og:site_name\" content=\"G\u00e1vea News\" \/>\n<meta property=\"article:publisher\" content=\"https:\/\/facebook.com\/gaveaNews\/\" \/>\n<meta property=\"article:published_time\" content=\"2025-07-25T20:30:00+00:00\" \/>\n<meta property=\"og:image\" content=\"https:\/\/www.gaveanews.com\/wp-content\/uploads\/Wesley-em-acao-pelo-Flamengo.webp\" \/>\n\t<meta property=\"og:image:width\" content=\"860\" \/>\n\t<meta property=\"og:image:height\" content=\"484\" \/>\n\t<meta property=\"og:image:type\" content=\"image\/jpeg\" \/>\n<meta name=\"author\" content=\"Rafaela Ladeira\" \/>\n<meta name=\"twitter:card\" content=\"summary_large_image\" \/>\n<meta name=\"twitter:label1\" content=\"Escrito por\" \/>\n\t<meta name=\"twitter:data1\" content=\"Rafaela Ladeira\" \/>\n\t<meta name=\"twitter:label2\" content=\"Est. tempo de leitura\" \/>\n\t<meta name=\"twitter:data2\" content=\"3 minutos\" \/>\n<script type=\"application\/ld+json\" class=\"yoast-schema-graph\">{\"@context\":\"https:\/\/schema.org\",\"@graph\":[{\"@type\":\"NewsArticle\",\"@id\":\"https:\/\/www.gaveanews.com\/index.php\/2025\/07\/25\/wesley-publica-video-se-despedindo-do-flamengo\/#article\",\"isPartOf\":{\"@id\":\"https:\/\/www.gaveanews.com\/index.php\/2025\/07\/25\/wesley-publica-video-se-despedindo-do-flamengo\/\"},\"author\":{\"name\":\"Rafaela Ladeira\",\"@id\":\"https:\/\/www.gaveanews.com\/#\/schema\/person\/0eb3e3fe1754f0205218538adbe8f5ed\"},\"headline\":\"Wesley publica v\u00eddeo se despedindo do Flamengo\",\"datePublished\":\"2025-07-25T20:30:00+00:00\",\"mainEntityOfPage\":{\"@id\":\"https:\/\/www.gaveanews.com\/index.php\/2025\/07\/25\/wesley-publica-video-se-despedindo-do-flamengo\/\"},\"wordCount\":449,\"commentCount\":0,\"image\":{\"@id\":\"https:\/\/www.gaveanews.com\/index.php\/2025\/07\/25\/wesley-publica-video-se-despedindo-do-flamengo\/#primaryimage\"},\"thumbnailUrl\":\"https:\/\/www.gaveanews.com\/wp-content\/uploads\/Wesley-em-acao-pelo-Flamengo.webp\",\"articleSection\":[\"Flamengo\"],\"inLanguage\":\"pt-BR\",\"potentialAction\":[{\"@type\":\"CommentAction\",\"name\":\"Comment\",\"target\":[\"https:\/\/www.gaveanews.com\/index.php\/2025\/07\/25\/wesley-publica-video-se-despedindo-do-flamengo\/#respond\"]}],\"copyrightYear\":\"2025\",\"copyrightHolder\":{\"@id\":\"https:\/\/www.gaveanews.com\/#organization\"}},{\"@type\":\"WebPage\",\"@id\":\"https:\/\/www.gaveanews.com\/index.php\/2025\/07\/25\/wesley-publica-video-se-despedindo-do-flamengo\/\",\"url\":\"https:\/\/www.gaveanews.com\/index.php\/2025\/07\/25\/wesley-publica-video-se-despedindo-do-flamengo\/\",\"name\":\"Wesley publica v\u00eddeo se despedindo do Flamengo\",\"isPartOf\":{\"@id\":\"https:\/\/www.gaveanews.com\/#website\"},\"primaryImageOfPage\":{\"@id\":\"https:\/\/www.gaveanews.com\/index.php\/2025\/07\/25\/wesley-publica-video-se-despedindo-do-flamengo\/#primaryimage\"},\"image\":{\"@id\":\"https:\/\/www.gaveanews.com\/index.php\/2025\/07\/25\/wesley-publica-video-se-despedindo-do-flamengo\/#primaryimage\"},\"thumbnailUrl\":\"https:\/\/www.gaveanews.com\/wp-content\/uploads\/Wesley-em-acao-pelo-Flamengo.webp\",\"datePublished\":\"2025-07-25T20:30:00+00:00\",\"author\":{\"@id\":\"https:\/\/www.gaveanews.com\/#\/schema\/person\/0eb3e3fe1754f0205218538adbe8f5ed\"},\"breadcrumb\":{\"@id\":\"https:\/\/www.gaveanews.com\/index.php\/2025\/07\/25\/wesley-publica-video-se-despedindo-do-flamengo\/#breadcrumb\"},\"inLanguage\":\"pt-BR\",\"potentialAction\":[{\"@type\":\"ReadAction\",\"target\":[\"https:\/\/www.gaveanews.com\/index.php\/2025\/07\/25\/wesley-publica-video-se-despedindo-do-flamengo\/\"]}]},{\"@type\":\"ImageObject\",\"inLanguage\":\"pt-BR\",\"@id\":\"https:\/\/www.gaveanews.com\/index.php\/2025\/07\/25\/wesley-publica-video-se-despedindo-do-flamengo\/#primaryimage\",\"url\":\"https:\/\/www.gaveanews.com\/wp-content\/uploads\/Wesley-em-acao-pelo-Flamengo.webp\",\"contentUrl\":\"https:\/\/www.gaveanews.com\/wp-content\/uploads\/Wesley-em-acao-pelo-Flamengo.webp\",\"width\":860,\"height\":484,\"caption\":\"Wesley em a\u00e7\u00e3o pelo Flamengo (Foto: Reprodu\u00e7\u00e3o\/Instagram Wesley)\"},{\"@type\":\"BreadcrumbList\",\"@id\":\"https:\/\/www.gaveanews.com\/index.php\/2025\/07\/25\/wesley-publica-video-se-despedindo-do-flamengo\/#breadcrumb\",\"itemListElement\":[{\"@type\":\"ListItem\",\"position\":1,\"name\":\"Home\",\"item\":\"https:\/\/www.gaveanews.com\/\"},{\"@type\":\"ListItem\",\"position\":2,\"name\":\"Wesley publica v\u00eddeo se despedindo do Flamengo\"}]},{\"@type\":\"WebSite\",\"@id\":\"https:\/\/www.gaveanews.com\/#website\",\"url\":\"https:\/\/www.gaveanews.com\/\",\"name\":\"G\u00e1vea News\",\"description\":\"Veja todas as not\u00edcias sobre o Flamengo: Contrata\u00e7\u00f5es, categorias de base, resultados das partidas, tabela de classifica\u00e7\u00e3o, pr\u00f3ximos jogos!\",\"potentialAction\":[{\"@type\":\"SearchAction\",\"target\":{\"@type\":\"EntryPoint\",\"urlTemplate\":\"https:\/\/www.gaveanews.com\/?s={search_term_string}\"},\"query-input\":{\"@type\":\"PropertyValueSpecification\",\"valueRequired\":true,\"valueName\":\"search_term_string\"}}],\"inLanguage\":\"pt-BR\"},{\"@type\":\"Person\",\"@id\":\"https:\/\/www.gaveanews.com\/#\/schema\/person\/0eb3e3fe1754f0205218538adbe8f5ed\",\"name\":\"Rafaela Ladeira\",\"image\":{\"@type\":\"ImageObject\",\"inLanguage\":\"pt-BR\",\"@id\":\"https:\/\/www.gaveanews.com\/#\/schema\/person\/image\/\",\"url\":\"https:\/\/secure.gravatar.com\/avatar\/c31f513acffd85eacab5730cbdfdbbf59f21ba5aeada8cd890acea879fbb2455?s=96&d=mm&r=g\",\"contentUrl\":\"https:\/\/secure.gravatar.com\/avatar\/c31f513acffd85eacab5730cbdfdbbf59f21ba5aeada8cd890acea879fbb2455?s=96&d=mm&r=g\",\"caption\":\"Rafaela Ladeira\"}}]}<\/script>\n<!-- \/ Yoast SEO Premium plugin. -->","yoast_head_json":{"title":"Wesley publica v\u00eddeo se despedindo do Flamengo","robots":{"index":"index","follow":"follow","max-snippet":"max-snippet:-1","max-image-preview":"max-image-preview:large","max-video-preview":"max-video-preview:-1"},"canonical":"https:\/\/www.gaveanews.com\/index.php\/2025\/07\/25\/wesley-publica-video-se-despedindo-do-flamengo\/","og_locale":"pt_BR","og_type":"article","og_title":"Wesley publica v\u00eddeo se despedindo do Flamengo","og_description":"Nesta sexta-feira (26), o lateral-direito Wesley oficializou sua despedida do Flamengo por meio de uma publica\u00e7\u00e3o nas redes sociais, emocionando a torcida rubro-negra. Com apenas 21 anos, o atleta, revelado nas categorias de base do clube, foi negociado com a Roma, da It\u00e1lia, por cerca de R$ 161,4 milh\u00f5es, valor que pode ser acrescido de [&hellip;]","og_url":"https:\/\/www.gaveanews.com\/index.php\/2025\/07\/25\/wesley-publica-video-se-despedindo-do-flamengo\/","og_site_name":"G\u00e1vea News","article_publisher":"https:\/\/facebook.com\/gaveaNews\/","article_published_time":"2025-07-25T20:30:00+00:00","og_image":[{"width":860,"height":484,"url":"https:\/\/www.gaveanews.com\/wp-content\/uploads\/Wesley-em-acao-pelo-Flamengo.webp","type":"image\/jpeg"}],"author":"Rafaela Ladeira","twitter_card":"summary_large_image","twitter_misc":{"Escrito por":"Rafaela Ladeira","Est. tempo de leitura":"3 minutos"},"schema":{"@context":"https:\/\/schema.org","@graph":[{"@type":"NewsArticle","@id":"https:\/\/www.gaveanews.com\/index.php\/2025\/07\/25\/wesley-publica-video-se-despedindo-do-flamengo\/#article","isPartOf":{"@id":"https:\/\/www.gaveanews.com\/index.php\/2025\/07\/25\/wesley-publica-video-se-despedindo-do-flamengo\/"},"author":{"name":"Rafaela Ladeira","@id":"https:\/\/www.gaveanews.com\/#\/schema\/person\/0eb3e3fe1754f0205218538adbe8f5ed"},"headline":"Wesley publica v\u00eddeo se despedindo do Flamengo","datePublished":"2025-07-25T20:30:00+00:00","mainEntityOfPage":{"@id":"https:\/\/www.gaveanews.com\/index.php\/2025\/07\/25\/wesley-publica-video-se-despedindo-do-flamengo\/"},"wordCount":449,"commentCount":0,"image":{"@id":"https:\/\/www.gaveanews.com\/index.php\/2025\/07\/25\/wesley-publica-video-se-despedindo-do-flamengo\/#primaryimage"},"thumbnailUrl":"https:\/\/www.gaveanews.com\/wp-content\/uploads\/Wesley-em-acao-pelo-Flamengo.webp","articleSection":["Flamengo"],"inLanguage":"pt-BR","potentialAction":[{"@type":"CommentAction","name":"Comment","target":["https:\/\/www.gaveanews.com\/index.php\/2025\/07\/25\/wesley-publica-video-se-despedindo-do-flamengo\/#respond"]}],"copyrightYear":"2025","copyrightHolder":{"@id":"https:\/\/www.gaveanews.com\/#organization"}},{"@type":"WebPage","@id":"https:\/\/www.gaveanews.com\/index.php\/2025\/07\/25\/wesley-publica-video-se-despedindo-do-flamengo\/","url":"https:\/\/www.gaveanews.com\/index.php\/2025\/07\/25\/wesley-publica-video-se-despedindo-do-flamengo\/","name":"Wesley publica v\u00eddeo se despedindo do Flamengo","isPartOf":{"@id":"https:\/\/www.gaveanews.com\/#website"},"primaryImageOfPage":{"@id":"https:\/\/www.gaveanews.com\/index.php\/2025\/07\/25\/wesley-publica-video-se-despedindo-do-flamengo\/#primaryimage"},"image":{"@id":"https:\/\/www.gaveanews.com\/index.php\/2025\/07\/25\/wesley-publica-video-se-despedindo-do-flamengo\/#primaryimage"},"thumbnailUrl":"https:\/\/www.gaveanews.com\/wp-content\/uploads\/Wesley-em-acao-pelo-Flamengo.webp","datePublished":"2025-07-25T20:30:00+00:00","author":{"@id":"https:\/\/www.gaveanews.com\/#\/schema\/person\/0eb3e3fe1754f0205218538adbe8f5ed"},"breadcrumb":{"@id":"https:\/\/www.gaveanews.com\/index.php\/2025\/07\/25\/wesley-publica-video-se-despedindo-do-flamengo\/#breadcrumb"},"inLanguage":"pt-BR","potentialAction":[{"@type":"ReadAction","target":["https:\/\/www.gaveanews.com\/index.php\/2025\/07\/25\/wesley-publica-video-se-despedindo-do-flamengo\/"]}]},{"@type":"ImageObject","inLanguage":"pt-BR","@id":"https:\/\/www.gaveanews.com\/index.php\/2025\/07\/25\/wesley-publica-video-se-despedindo-do-flamengo\/#primaryimage","url":"https:\/\/www.gaveanews.com\/wp-content\/uploads\/Wesley-em-acao-pelo-Flamengo.webp","contentUrl":"https:\/\/www.gaveanews.com\/wp-content\/uploads\/Wesley-em-acao-pelo-Flamengo.webp","width":860,"height":484,"caption":"Wesley em a\u00e7\u00e3o pelo Flamengo (Foto: Reprodu\u00e7\u00e3o\/Instagram Wesley)"},{"@type":"BreadcrumbList","@id":"https:\/\/www.gaveanews.com\/index.php\/2025\/07\/25\/wesley-publica-video-se-despedindo-do-flamengo\/#breadcrumb","itemListElement":[{"@type":"ListItem","position":1,"name":"Home","item":"https:\/\/www.gaveanews.com\/"},{"@type":"ListItem","position":2,"name":"Wesley publica v\u00eddeo se despedindo do Flamengo"}]},{"@type":"WebSite","@id":"https:\/\/www.gaveanews.com\/#website","url":"https:\/\/www.gaveanews.com\/","name":"G\u00e1vea News","description":"Veja todas as not\u00edcias sobre o Flamengo: Contrata\u00e7\u00f5es, categorias de base, resultados das partidas, tabela de classifica\u00e7\u00e3o, pr\u00f3ximos jogos!","potentialAction":[{"@type":"SearchAction","target":{"@type":"EntryPoint","urlTemplate":"https:\/\/www.gaveanews.com\/?s={search_term_string}"},"query-input":{"@type":"PropertyValueSpecification","valueRequired":true,"valueName":"search_term_string"}}],"inLanguage":"pt-BR"},{"@type":"Person","@id":"https:\/\/www.gaveanews.com\/#\/schema\/person\/0eb3e3fe1754f0205218538adbe8f5ed","name":"Rafaela Ladeira","image":{"@type":"ImageObject","inLanguage":"pt-BR","@id":"https:\/\/www.gaveanews.com\/#\/schema\/person\/image\/","url":"https:\/\/secure.gravatar.com\/avatar\/c31f513acffd85eacab5730cbdfdbbf59f21ba5aeada8cd890acea879fbb2455?s=96&d=mm&r=g","contentUrl":"https:\/\/secure.gravatar.com\/avatar\/c31f513acffd85eacab5730cbdfdbbf59f21ba5aeada8cd890acea879fbb2455?s=96&d=mm&r=g","caption":"Rafaela Ladeira"}}]}},"_links":{"self":[{"href":"https:\/\/www.gaveanews.com\/index.php\/wp-json\/wp\/v2\/posts\/273036","targetHints":{"allow":["GET"]}}],"collection":[{"href":"https:\/\/www.gaveanews.com\/index.php\/wp-json\/wp\/v2\/posts"}],"about":[{"href":"https:\/\/www.gaveanews.com\/index.php\/wp-json\/wp\/v2\/types\/post"}],"author":[{"embeddable":true,"href":"https:\/\/www.gaveanews.com\/index.php\/wp-json\/wp\/v2\/users\/25"}],"replies":[{"embeddable":true,"href":"https:\/\/www.gaveanews.com\/index.php\/wp-json\/wp\/v2\/comments?post=273036"}],"version-history":[{"count":1,"href":"https:\/\/www.gaveanews.com\/index.php\/wp-json\/wp\/v2\/posts\/273036\/revisions"}],"predecessor-version":[{"id":273037,"href":"https:\/\/www.gaveanews.com\/index.php\/wp-json\/wp\/v2\/posts\/273036\/revisions\/273037"}],"wp:featuredmedia":[{"embeddable":true,"href":"https:\/\/www.gaveanews.com\/index.php\/wp-json\/wp\/v2\/media\/159864"}],"wp:attachment":[{"href":"https:\/\/www.gaveanews.com\/index.php\/wp-json\/wp\/v2\/media?parent=273036"}],"wp:term":[{"taxonomy":"category","embeddable":true,"href":"https:\/\/www.gaveanews.com\/index.php\/wp-json\/wp\/v2\/categories?post=273036"},{"taxonomy":"post_tag","embeddable":true,"href":"https:\/\/www.gaveanews.com\/index.php\/wp-json\/wp\/v2\/tags?post=273036"}],"curies":[{"name":"wp","href":"https:\/\/api.w.org\/{rel}","templated":true}]}}