{"id":27304,"date":"2019-09-10T18:46:09","date_gmt":"2019-09-10T21:46:09","guid":{"rendered":"http:\/\/www.gaveanews.com\/?p=27304"},"modified":"2019-09-10T18:46:29","modified_gmt":"2019-09-10T21:46:29","slug":"venda-de-ingressos-para-flamengo-e-gremio-comeca-nesta-quarta-feira-veja-os-valores-e-o-cronograma-das-vendas","status":"publish","type":"post","link":"https:\/\/www.gaveanews.com\/index.php\/2019\/09\/10\/venda-de-ingressos-para-flamengo-e-gremio-comeca-nesta-quarta-feira-veja-os-valores-e-o-cronograma-das-vendas\/","title":{"rendered":"Venda de ingressos para Flamengo e Gr\u00eamio come\u00e7a nesta quarta-feira; veja os valores e o cronograma das vendas"},"content":{"rendered":"\n<p>Ap\u00f3s a vit\u00f3ria sobre o Ava\u00ed por 3 a 0, o Flamengo se prepara para enfrentar o Santos, neste s\u00e1bado (14), \u00e0s 17h, hor\u00e1rio de Bras\u00edlia, pela 19\u00aa rodada do Campeonato Brasileiro, no Maracan\u00e3. <\/p>\n\n\n\n<p>Al\u00e9m do torneio de pontos corridos, o time Rubro-Negro tamb\u00e9m entra em campo contra o Gr\u00eamio no dia 2 de outubro, pela primeira partida da semifinal da Copa Libertadores. A venda dos ingressos para o segundo confronto, que acontecer\u00e1 no dia 23 de outubro, no Maracan\u00e3, ter\u00e1 in\u00edcio nesta quarta-feira (11).<\/p>\n\n\n\n<p>O Flamengo e Gr\u00eamio entram em campo pela primeira vez no dia 2 de outubro, quarta-feira, \u00e0s 21h30, hor\u00e1rio de Bras\u00edlia, na Arena do Gr\u00eamio, em Porto Alegre. Ap\u00f3s o primeiro confronto, as duas equipes voltam a se enfrentar no dia 23 de outubro, quarta-feira, \u00e0s 21h30, hor\u00e1rio de Bras\u00edlia, no Maracan\u00e3.<\/p>\n\n\n\n<h3 class=\"wp-block-heading\"><strong>Confira o cronograma de vendas:<\/strong><\/h3>\n\n\n\n<ul class=\"wp-block-list\"><li><strong>Dia 11\/09<\/strong> <ul><li>16h00 &#8211; Sempre Contigo*\/ +Paix\u00e3o Hexa, Penta e Tetra.<\/li><li>*Se voc\u00ea comprou o Pacote do Brasileir\u00e3o (15 jogos), voc\u00ea faz parte do n\u00edvel Sempre Contigo e agora tem prioridade 1 na compra de ingresso.<\/li><\/ul><\/li><li><strong>Dia 13\/09<\/strong><ul><li>10h00 &#8211; Paix\u00e3o Hexa<\/li><li>14h00 &#8211; Paix\u00e3o Penta<\/li><li>18h00 &#8211; Paix\u00e3o Tetra<\/li><\/ul><\/li><li><strong>Dia 16\/09<\/strong><ul><li>10h00 &#8211; +Amor Hexa<\/li><li>14h00 &#8211; +Amor Penta<\/li><li>18h00 &#8211; +Amor Tetra<\/li><\/ul><\/li><li><strong>Dia 18\/09<\/strong><ul><li>10h00 &#8211; Amor Hexa<\/li><li>14h00 &#8211; Amor Penta<\/li><li>18h00 &#8211; Amor Tetra<\/li><\/ul><\/li><li><strong>Dia 20\/09<\/strong><ul><li>10h00 &#8211; +Ra\u00e7a Hexa<\/li><li>14h00 &#8211; +Ra\u00e7a Penta<\/li><li>18h00 &#8211; +Ra\u00e7a Tetra<\/li><\/ul><\/li><li><strong>Dia 23\/09<\/strong><ul><li>10h00 &#8211; Ra\u00e7a Hexa<\/li><\/ul><\/li><li><strong>Dia 24\/09<\/strong><ul><li>10h00 &#8211; Ra\u00e7a Penta<\/li><\/ul><\/li><li><strong>Dia 25\/09<\/strong><ul><li>10h00 &#8211; Ra\u00e7a Tetra<\/li><\/ul><\/li><li><strong>Dia 27\/09<\/strong><ul><li>10h00 &#8211; Onde Estiver Hexa<\/li><li>14h00 &#8211; Onde Estiver Penta<\/li><li>18h00 &#8211; Onde Estiver Tetra <\/li><\/ul><\/li><li><strong>Dia 20\/10<\/strong><ul><li>*10h00 &#8211; Na\u00e7\u00e3o JR \/P\u00fablico Geral Online \/PDV<\/li><li>*Sujeito a altera\u00e7\u00e3o<\/li><\/ul><\/li><\/ul>\n\n\n\n\n\n<h3 class=\"wp-block-heading\"><strong>Valores:<\/strong><\/h3>\n\n\n\n<ul class=\"wp-block-list\"><li><strong>Norte<\/strong><ul><li>S\u00f3cio-torcedor dos planos Ra\u00e7a e superiores: R$70,00<\/li><li>S\u00f3cio-torcedor do plano Onde Estiver: R$70,00<\/li><li>S\u00f3cio-torcedor do plano Na\u00e7\u00e3o Jr. e P\u00fablico Geral: R$140,00 (meia R$70,00)<\/li><\/ul><\/li><li><strong>Sul<\/strong><ul><li>S\u00f3cio-torcedor dos planos Ra\u00e7a e superiores: R$80,00<\/li><li>S\u00f3cio-torcedor do plano Onde Estiver: R$80,00<\/li><li>S\u00f3cio-torcedor do plano Na\u00e7\u00e3o Jr. e P\u00fablico Geral: R$160,00 (meia R$80,00)<\/li><\/ul><\/li><li><strong>Leste Inferior<\/strong><ul><li>S\u00f3cio-torcedor dos planos Ra\u00e7a e superiores: R$110,00<\/li><li>S\u00f3cio-torcedor do plano Onde Estiver: R$110,00<\/li><li>S\u00f3cio-torcedor do plano Na\u00e7\u00e3o Jr. e P\u00fablico Geral: R$220,00 (meia R$110,00)<\/li><\/ul><\/li><li><strong>Leste Superior<\/strong><ul><li>S\u00f3cio-torcedor dos planos Ra\u00e7a e superiores: R$90,00<\/li><li>S\u00f3cio-torcedor do plano Onde Estiver: R$90,00<\/li><li>S\u00f3cio-torcedor do plano Na\u00e7\u00e3o Jr. e P\u00fablico Geral: R$180,00 (meia R$90,00)<\/li><\/ul><\/li><li><strong>Oeste Inferior<\/strong><ul><li>S\u00f3cio-torcedor dos planos Ra\u00e7a e superiores: R$150,00<\/li><li>S\u00f3cio-torcedor do plano Onde Estiver: R$150,00<\/li><li>S\u00f3cio-torcedor do plano Na\u00e7\u00e3o Jr. e P\u00fablico Geral: R$300,00 (meia R$150,00)<\/li><\/ul><\/li><li><strong>Maracan\u00e3 Mais<\/strong><ul><li>S\u00f3cio-torcedor dos planos Ra\u00e7a e superiores: R$632,50<\/li><li>S\u00f3cio-torcedor do plano Onde Estiver: R$632,50<\/li><li>S\u00f3cio-torcedor do plano Na\u00e7\u00e3o Jr. e P\u00fablico Geral: R$1200,00 (meia R$632,50)<\/li><\/ul><\/li><li><strong>Leste Mais<\/strong><ul><li>S\u00f3cio-torcedor dos planos Ra\u00e7a e superiores: R$ 407,50<\/li><li>S\u00f3cio-torcedor do plano Onde Estiver: Rs 407,50<\/li><li>S\u00f3cio-torcedor do plano Na\u00e7\u00e3o Jr. e P\u00fablico Geral: R$750,00 (meia R$407,50)<\/li><\/ul><\/li><\/ul>\n\n\n\n<p>Adaptado de: Coluna do Fla<\/p>\n\n\n","protected":false},"excerpt":{"rendered":"<p>Ap\u00f3s a vit\u00f3ria sobre o Ava\u00ed por 3 a 0, o Flamengo se prepara para enfrentar o Santos, neste s\u00e1bado (14), \u00e0s 17h, hor\u00e1rio de Bras\u00edlia, pela 19\u00aa rodada do Campeonato Brasileiro, no Maracan\u00e3. Al\u00e9m do torneio de pontos corridos, o time Rubro-Negro tamb\u00e9m entra em campo contra o Gr\u00eamio no dia 2 de outubro, [&hellip;]<\/p>\n","protected":false},"author":1,"featured_media":14851,"comment_status":"open","ping_status":"open","sticky":false,"template":"","format":"standard","meta":{"footnotes":""},"categories":[1],"tags":[],"class_list":["post-27304","post","type-post","status-publish","format-standard","has-post-thumbnail","hentry","category-flamengo"],"yoast_head":"<!-- This site is optimized with the Yoast SEO Premium plugin v24.2 (Yoast SEO v26.9) - https:\/\/yoast.com\/product\/yoast-seo-premium-wordpress\/ -->\n<title>Venda de ingressos para Flamengo e Gr\u00eamio come\u00e7a nesta quarta-feira; veja os valores e o cronograma das vendas<\/title>\n<meta name=\"robots\" content=\"index, follow, max-snippet:-1, max-image-preview:large, max-video-preview:-1\" \/>\n<link rel=\"canonical\" href=\"https:\/\/www.gaveanews.com\/index.php\/2019\/09\/10\/venda-de-ingressos-para-flamengo-e-gremio-comeca-nesta-quarta-feira-veja-os-valores-e-o-cronograma-das-vendas\/\" \/>\n<meta property=\"og:locale\" content=\"pt_BR\" \/>\n<meta property=\"og:type\" content=\"article\" \/>\n<meta property=\"og:title\" content=\"Venda de ingressos para Flamengo e Gr\u00eamio come\u00e7a nesta quarta-feira; veja os valores e o cronograma das vendas\" \/>\n<meta property=\"og:description\" content=\"Ap\u00f3s a vit\u00f3ria sobre o Ava\u00ed por 3 a 0, o Flamengo se prepara para enfrentar o Santos, neste s\u00e1bado (14), \u00e0s 17h, hor\u00e1rio de Bras\u00edlia, pela 19\u00aa rodada do Campeonato Brasileiro, no Maracan\u00e3. Al\u00e9m do torneio de pontos corridos, o time Rubro-Negro tamb\u00e9m entra em campo contra o Gr\u00eamio no dia 2 de outubro, [&hellip;]\" \/>\n<meta property=\"og:url\" content=\"https:\/\/www.gaveanews.com\/index.php\/2019\/09\/10\/venda-de-ingressos-para-flamengo-e-gremio-comeca-nesta-quarta-feira-veja-os-valores-e-o-cronograma-das-vendas\/\" \/>\n<meta property=\"og:site_name\" content=\"G\u00e1vea News\" \/>\n<meta property=\"article:publisher\" content=\"https:\/\/facebook.com\/gaveaNews\/\" \/>\n<meta property=\"article:published_time\" content=\"2019-09-10T21:46:09+00:00\" \/>\n<meta property=\"article:modified_time\" content=\"2019-09-10T21:46:29+00:00\" \/>\n<meta property=\"og:image\" content=\"https:\/\/www.gaveanews.com\/wp-content\/uploads\/2019\/03\/Taca-da-Copa-Libertadores-da-America.webp\" \/>\n\t<meta property=\"og:image:width\" content=\"1\" \/>\n\t<meta property=\"og:image:height\" content=\"1\" \/>\n\t<meta property=\"og:image:type\" content=\"image\/jpeg\" \/>\n<meta name=\"author\" content=\"Equipe G\u00e1vea News\" \/>\n<meta name=\"twitter:card\" content=\"summary_large_image\" \/>\n<meta name=\"twitter:label1\" content=\"Escrito por\" \/>\n\t<meta name=\"twitter:data1\" content=\"Equipe G\u00e1vea News\" \/>\n\t<meta name=\"twitter:label2\" content=\"Est. tempo de leitura\" \/>\n\t<meta name=\"twitter:data2\" content=\"3 minutos\" \/>\n<script type=\"application\/ld+json\" class=\"yoast-schema-graph\">{\"@context\":\"https:\/\/schema.org\",\"@graph\":[{\"@type\":\"NewsArticle\",\"@id\":\"https:\/\/www.gaveanews.com\/index.php\/2019\/09\/10\/venda-de-ingressos-para-flamengo-e-gremio-comeca-nesta-quarta-feira-veja-os-valores-e-o-cronograma-das-vendas\/#article\",\"isPartOf\":{\"@id\":\"https:\/\/www.gaveanews.com\/index.php\/2019\/09\/10\/venda-de-ingressos-para-flamengo-e-gremio-comeca-nesta-quarta-feira-veja-os-valores-e-o-cronograma-das-vendas\/\"},\"author\":{\"name\":\"Equipe G\u00e1vea News\",\"@id\":\"https:\/\/www.gaveanews.com\/#\/schema\/person\/2ec14f73fb96be2caf28f91afb14749d\"},\"headline\":\"Venda de ingressos para Flamengo e Gr\u00eamio come\u00e7a nesta quarta-feira; veja os valores e o cronograma das vendas\",\"datePublished\":\"2019-09-10T21:46:09+00:00\",\"dateModified\":\"2019-09-10T21:46:29+00:00\",\"mainEntityOfPage\":{\"@id\":\"https:\/\/www.gaveanews.com\/index.php\/2019\/09\/10\/venda-de-ingressos-para-flamengo-e-gremio-comeca-nesta-quarta-feira-veja-os-valores-e-o-cronograma-das-vendas\/\"},\"wordCount\":540,\"commentCount\":0,\"image\":{\"@id\":\"https:\/\/www.gaveanews.com\/index.php\/2019\/09\/10\/venda-de-ingressos-para-flamengo-e-gremio-comeca-nesta-quarta-feira-veja-os-valores-e-o-cronograma-das-vendas\/#primaryimage\"},\"thumbnailUrl\":\"https:\/\/www.gaveanews.com\/wp-content\/uploads\/2019\/03\/Taca-da-Copa-Libertadores-da-America.webp\",\"articleSection\":[\"Flamengo\"],\"inLanguage\":\"pt-BR\",\"potentialAction\":[{\"@type\":\"CommentAction\",\"name\":\"Comment\",\"target\":[\"https:\/\/www.gaveanews.com\/index.php\/2019\/09\/10\/venda-de-ingressos-para-flamengo-e-gremio-comeca-nesta-quarta-feira-veja-os-valores-e-o-cronograma-das-vendas\/#respond\"]}],\"copyrightYear\":\"2019\",\"copyrightHolder\":{\"@id\":\"https:\/\/www.gaveanews.com\/#organization\"}},{\"@type\":\"WebPage\",\"@id\":\"https:\/\/www.gaveanews.com\/index.php\/2019\/09\/10\/venda-de-ingressos-para-flamengo-e-gremio-comeca-nesta-quarta-feira-veja-os-valores-e-o-cronograma-das-vendas\/\",\"url\":\"https:\/\/www.gaveanews.com\/index.php\/2019\/09\/10\/venda-de-ingressos-para-flamengo-e-gremio-comeca-nesta-quarta-feira-veja-os-valores-e-o-cronograma-das-vendas\/\",\"name\":\"Venda de ingressos para Flamengo e Gr\u00eamio come\u00e7a nesta quarta-feira; veja os valores e o cronograma das vendas\",\"isPartOf\":{\"@id\":\"https:\/\/www.gaveanews.com\/#website\"},\"primaryImageOfPage\":{\"@id\":\"https:\/\/www.gaveanews.com\/index.php\/2019\/09\/10\/venda-de-ingressos-para-flamengo-e-gremio-comeca-nesta-quarta-feira-veja-os-valores-e-o-cronograma-das-vendas\/#primaryimage\"},\"image\":{\"@id\":\"https:\/\/www.gaveanews.com\/index.php\/2019\/09\/10\/venda-de-ingressos-para-flamengo-e-gremio-comeca-nesta-quarta-feira-veja-os-valores-e-o-cronograma-das-vendas\/#primaryimage\"},\"thumbnailUrl\":\"https:\/\/www.gaveanews.com\/wp-content\/uploads\/2019\/03\/Taca-da-Copa-Libertadores-da-America.webp\",\"datePublished\":\"2019-09-10T21:46:09+00:00\",\"dateModified\":\"2019-09-10T21:46:29+00:00\",\"author\":{\"@id\":\"https:\/\/www.gaveanews.com\/#\/schema\/person\/2ec14f73fb96be2caf28f91afb14749d\"},\"breadcrumb\":{\"@id\":\"https:\/\/www.gaveanews.com\/index.php\/2019\/09\/10\/venda-de-ingressos-para-flamengo-e-gremio-comeca-nesta-quarta-feira-veja-os-valores-e-o-cronograma-das-vendas\/#breadcrumb\"},\"inLanguage\":\"pt-BR\",\"potentialAction\":[{\"@type\":\"ReadAction\",\"target\":[\"https:\/\/www.gaveanews.com\/index.php\/2019\/09\/10\/venda-de-ingressos-para-flamengo-e-gremio-comeca-nesta-quarta-feira-veja-os-valores-e-o-cronograma-das-vendas\/\"]}]},{\"@type\":\"ImageObject\",\"inLanguage\":\"pt-BR\",\"@id\":\"https:\/\/www.gaveanews.com\/index.php\/2019\/09\/10\/venda-de-ingressos-para-flamengo-e-gremio-comeca-nesta-quarta-feira-veja-os-valores-e-o-cronograma-das-vendas\/#primaryimage\",\"url\":\"https:\/\/www.gaveanews.com\/wp-content\/uploads\/2019\/03\/Taca-da-Copa-Libertadores-da-America.webp\",\"contentUrl\":\"https:\/\/www.gaveanews.com\/wp-content\/uploads\/2019\/03\/Taca-da-Copa-Libertadores-da-America.webp\",\"caption\":\"Ta\u00e7a da Copa Libertadores da Am\u00e9rica (Foto: Divulga\u00e7\u00e3o\/Conmebol)\"},{\"@type\":\"BreadcrumbList\",\"@id\":\"https:\/\/www.gaveanews.com\/index.php\/2019\/09\/10\/venda-de-ingressos-para-flamengo-e-gremio-comeca-nesta-quarta-feira-veja-os-valores-e-o-cronograma-das-vendas\/#breadcrumb\",\"itemListElement\":[{\"@type\":\"ListItem\",\"position\":1,\"name\":\"Home\",\"item\":\"https:\/\/www.gaveanews.com\/\"},{\"@type\":\"ListItem\",\"position\":2,\"name\":\"Venda de ingressos para Flamengo e Gr\u00eamio come\u00e7a nesta quarta-feira; veja os valores e o cronograma das vendas\"}]},{\"@type\":\"WebSite\",\"@id\":\"https:\/\/www.gaveanews.com\/#website\",\"url\":\"https:\/\/www.gaveanews.com\/\",\"name\":\"G\u00e1vea News\",\"description\":\"Veja todas as not\u00edcias sobre o Flamengo: Contrata\u00e7\u00f5es, categorias de base, resultados das partidas, tabela de classifica\u00e7\u00e3o, pr\u00f3ximos jogos!\",\"potentialAction\":[{\"@type\":\"SearchAction\",\"target\":{\"@type\":\"EntryPoint\",\"urlTemplate\":\"https:\/\/www.gaveanews.com\/?s={search_term_string}\"},\"query-input\":{\"@type\":\"PropertyValueSpecification\",\"valueRequired\":true,\"valueName\":\"search_term_string\"}}],\"inLanguage\":\"pt-BR\"},{\"@type\":\"Person\",\"@id\":\"https:\/\/www.gaveanews.com\/#\/schema\/person\/2ec14f73fb96be2caf28f91afb14749d\",\"name\":\"Equipe G\u00e1vea News\",\"image\":{\"@type\":\"ImageObject\",\"inLanguage\":\"pt-BR\",\"@id\":\"https:\/\/www.gaveanews.com\/#\/schema\/person\/image\/\",\"url\":\"https:\/\/secure.gravatar.com\/avatar\/1e1956f1facbffd3f8fa53a326721950116b3b9dc9bd44939c01180fd4a745a9?s=96&d=mm&r=g\",\"contentUrl\":\"https:\/\/secure.gravatar.com\/avatar\/1e1956f1facbffd3f8fa53a326721950116b3b9dc9bd44939c01180fd4a745a9?s=96&d=mm&r=g\",\"caption\":\"Equipe G\u00e1vea News\"}}]}<\/script>\n<!-- \/ Yoast SEO Premium plugin. -->","yoast_head_json":{"title":"Venda de ingressos para Flamengo e Gr\u00eamio come\u00e7a nesta quarta-feira; veja os valores e o cronograma das vendas","robots":{"index":"index","follow":"follow","max-snippet":"max-snippet:-1","max-image-preview":"max-image-preview:large","max-video-preview":"max-video-preview:-1"},"canonical":"https:\/\/www.gaveanews.com\/index.php\/2019\/09\/10\/venda-de-ingressos-para-flamengo-e-gremio-comeca-nesta-quarta-feira-veja-os-valores-e-o-cronograma-das-vendas\/","og_locale":"pt_BR","og_type":"article","og_title":"Venda de ingressos para Flamengo e Gr\u00eamio come\u00e7a nesta quarta-feira; veja os valores e o cronograma das vendas","og_description":"Ap\u00f3s a vit\u00f3ria sobre o Ava\u00ed por 3 a 0, o Flamengo se prepara para enfrentar o Santos, neste s\u00e1bado (14), \u00e0s 17h, hor\u00e1rio de Bras\u00edlia, pela 19\u00aa rodada do Campeonato Brasileiro, no Maracan\u00e3. Al\u00e9m do torneio de pontos corridos, o time Rubro-Negro tamb\u00e9m entra em campo contra o Gr\u00eamio no dia 2 de outubro, [&hellip;]","og_url":"https:\/\/www.gaveanews.com\/index.php\/2019\/09\/10\/venda-de-ingressos-para-flamengo-e-gremio-comeca-nesta-quarta-feira-veja-os-valores-e-o-cronograma-das-vendas\/","og_site_name":"G\u00e1vea News","article_publisher":"https:\/\/facebook.com\/gaveaNews\/","article_published_time":"2019-09-10T21:46:09+00:00","article_modified_time":"2019-09-10T21:46:29+00:00","og_image":[{"url":"https:\/\/www.gaveanews.com\/wp-content\/uploads\/2019\/03\/Taca-da-Copa-Libertadores-da-America.webp","width":1,"height":1,"type":"image\/jpeg"}],"author":"Equipe G\u00e1vea News","twitter_card":"summary_large_image","twitter_misc":{"Escrito por":"Equipe G\u00e1vea News","Est. tempo de leitura":"3 minutos"},"schema":{"@context":"https:\/\/schema.org","@graph":[{"@type":"NewsArticle","@id":"https:\/\/www.gaveanews.com\/index.php\/2019\/09\/10\/venda-de-ingressos-para-flamengo-e-gremio-comeca-nesta-quarta-feira-veja-os-valores-e-o-cronograma-das-vendas\/#article","isPartOf":{"@id":"https:\/\/www.gaveanews.com\/index.php\/2019\/09\/10\/venda-de-ingressos-para-flamengo-e-gremio-comeca-nesta-quarta-feira-veja-os-valores-e-o-cronograma-das-vendas\/"},"author":{"name":"Equipe G\u00e1vea News","@id":"https:\/\/www.gaveanews.com\/#\/schema\/person\/2ec14f73fb96be2caf28f91afb14749d"},"headline":"Venda de ingressos para Flamengo e Gr\u00eamio come\u00e7a nesta quarta-feira; veja os valores e o cronograma das vendas","datePublished":"2019-09-10T21:46:09+00:00","dateModified":"2019-09-10T21:46:29+00:00","mainEntityOfPage":{"@id":"https:\/\/www.gaveanews.com\/index.php\/2019\/09\/10\/venda-de-ingressos-para-flamengo-e-gremio-comeca-nesta-quarta-feira-veja-os-valores-e-o-cronograma-das-vendas\/"},"wordCount":540,"commentCount":0,"image":{"@id":"https:\/\/www.gaveanews.com\/index.php\/2019\/09\/10\/venda-de-ingressos-para-flamengo-e-gremio-comeca-nesta-quarta-feira-veja-os-valores-e-o-cronograma-das-vendas\/#primaryimage"},"thumbnailUrl":"https:\/\/www.gaveanews.com\/wp-content\/uploads\/2019\/03\/Taca-da-Copa-Libertadores-da-America.webp","articleSection":["Flamengo"],"inLanguage":"pt-BR","potentialAction":[{"@type":"CommentAction","name":"Comment","target":["https:\/\/www.gaveanews.com\/index.php\/2019\/09\/10\/venda-de-ingressos-para-flamengo-e-gremio-comeca-nesta-quarta-feira-veja-os-valores-e-o-cronograma-das-vendas\/#respond"]}],"copyrightYear":"2019","copyrightHolder":{"@id":"https:\/\/www.gaveanews.com\/#organization"}},{"@type":"WebPage","@id":"https:\/\/www.gaveanews.com\/index.php\/2019\/09\/10\/venda-de-ingressos-para-flamengo-e-gremio-comeca-nesta-quarta-feira-veja-os-valores-e-o-cronograma-das-vendas\/","url":"https:\/\/www.gaveanews.com\/index.php\/2019\/09\/10\/venda-de-ingressos-para-flamengo-e-gremio-comeca-nesta-quarta-feira-veja-os-valores-e-o-cronograma-das-vendas\/","name":"Venda de ingressos para Flamengo e Gr\u00eamio come\u00e7a nesta quarta-feira; veja os valores e o cronograma das vendas","isPartOf":{"@id":"https:\/\/www.gaveanews.com\/#website"},"primaryImageOfPage":{"@id":"https:\/\/www.gaveanews.com\/index.php\/2019\/09\/10\/venda-de-ingressos-para-flamengo-e-gremio-comeca-nesta-quarta-feira-veja-os-valores-e-o-cronograma-das-vendas\/#primaryimage"},"image":{"@id":"https:\/\/www.gaveanews.com\/index.php\/2019\/09\/10\/venda-de-ingressos-para-flamengo-e-gremio-comeca-nesta-quarta-feira-veja-os-valores-e-o-cronograma-das-vendas\/#primaryimage"},"thumbnailUrl":"https:\/\/www.gaveanews.com\/wp-content\/uploads\/2019\/03\/Taca-da-Copa-Libertadores-da-America.webp","datePublished":"2019-09-10T21:46:09+00:00","dateModified":"2019-09-10T21:46:29+00:00","author":{"@id":"https:\/\/www.gaveanews.com\/#\/schema\/person\/2ec14f73fb96be2caf28f91afb14749d"},"breadcrumb":{"@id":"https:\/\/www.gaveanews.com\/index.php\/2019\/09\/10\/venda-de-ingressos-para-flamengo-e-gremio-comeca-nesta-quarta-feira-veja-os-valores-e-o-cronograma-das-vendas\/#breadcrumb"},"inLanguage":"pt-BR","potentialAction":[{"@type":"ReadAction","target":["https:\/\/www.gaveanews.com\/index.php\/2019\/09\/10\/venda-de-ingressos-para-flamengo-e-gremio-comeca-nesta-quarta-feira-veja-os-valores-e-o-cronograma-das-vendas\/"]}]},{"@type":"ImageObject","inLanguage":"pt-BR","@id":"https:\/\/www.gaveanews.com\/index.php\/2019\/09\/10\/venda-de-ingressos-para-flamengo-e-gremio-comeca-nesta-quarta-feira-veja-os-valores-e-o-cronograma-das-vendas\/#primaryimage","url":"https:\/\/www.gaveanews.com\/wp-content\/uploads\/2019\/03\/Taca-da-Copa-Libertadores-da-America.webp","contentUrl":"https:\/\/www.gaveanews.com\/wp-content\/uploads\/2019\/03\/Taca-da-Copa-Libertadores-da-America.webp","caption":"Ta\u00e7a da Copa Libertadores da Am\u00e9rica (Foto: Divulga\u00e7\u00e3o\/Conmebol)"},{"@type":"BreadcrumbList","@id":"https:\/\/www.gaveanews.com\/index.php\/2019\/09\/10\/venda-de-ingressos-para-flamengo-e-gremio-comeca-nesta-quarta-feira-veja-os-valores-e-o-cronograma-das-vendas\/#breadcrumb","itemListElement":[{"@type":"ListItem","position":1,"name":"Home","item":"https:\/\/www.gaveanews.com\/"},{"@type":"ListItem","position":2,"name":"Venda de ingressos para Flamengo e Gr\u00eamio come\u00e7a nesta quarta-feira; veja os valores e o cronograma das vendas"}]},{"@type":"WebSite","@id":"https:\/\/www.gaveanews.com\/#website","url":"https:\/\/www.gaveanews.com\/","name":"G\u00e1vea News","description":"Veja todas as not\u00edcias sobre o Flamengo: Contrata\u00e7\u00f5es, categorias de base, resultados das partidas, tabela de classifica\u00e7\u00e3o, pr\u00f3ximos jogos!","potentialAction":[{"@type":"SearchAction","target":{"@type":"EntryPoint","urlTemplate":"https:\/\/www.gaveanews.com\/?s={search_term_string}"},"query-input":{"@type":"PropertyValueSpecification","valueRequired":true,"valueName":"search_term_string"}}],"inLanguage":"pt-BR"},{"@type":"Person","@id":"https:\/\/www.gaveanews.com\/#\/schema\/person\/2ec14f73fb96be2caf28f91afb14749d","name":"Equipe G\u00e1vea News","image":{"@type":"ImageObject","inLanguage":"pt-BR","@id":"https:\/\/www.gaveanews.com\/#\/schema\/person\/image\/","url":"https:\/\/secure.gravatar.com\/avatar\/1e1956f1facbffd3f8fa53a326721950116b3b9dc9bd44939c01180fd4a745a9?s=96&d=mm&r=g","contentUrl":"https:\/\/secure.gravatar.com\/avatar\/1e1956f1facbffd3f8fa53a326721950116b3b9dc9bd44939c01180fd4a745a9?s=96&d=mm&r=g","caption":"Equipe G\u00e1vea News"}}]}},"_links":{"self":[{"href":"https:\/\/www.gaveanews.com\/index.php\/wp-json\/wp\/v2\/posts\/27304","targetHints":{"allow":["GET"]}}],"collection":[{"href":"https:\/\/www.gaveanews.com\/index.php\/wp-json\/wp\/v2\/posts"}],"about":[{"href":"https:\/\/www.gaveanews.com\/index.php\/wp-json\/wp\/v2\/types\/post"}],"author":[{"embeddable":true,"href":"https:\/\/www.gaveanews.com\/index.php\/wp-json\/wp\/v2\/users\/1"}],"replies":[{"embeddable":true,"href":"https:\/\/www.gaveanews.com\/index.php\/wp-json\/wp\/v2\/comments?post=27304"}],"version-history":[{"count":0,"href":"https:\/\/www.gaveanews.com\/index.php\/wp-json\/wp\/v2\/posts\/27304\/revisions"}],"wp:featuredmedia":[{"embeddable":true,"href":"https:\/\/www.gaveanews.com\/index.php\/wp-json\/wp\/v2\/media\/14851"}],"wp:attachment":[{"href":"https:\/\/www.gaveanews.com\/index.php\/wp-json\/wp\/v2\/media?parent=27304"}],"wp:term":[{"taxonomy":"category","embeddable":true,"href":"https:\/\/www.gaveanews.com\/index.php\/wp-json\/wp\/v2\/categories?post=27304"},{"taxonomy":"post_tag","embeddable":true,"href":"https:\/\/www.gaveanews.com\/index.php\/wp-json\/wp\/v2\/tags?post=27304"}],"curies":[{"name":"wp","href":"https:\/\/api.w.org\/{rel}","templated":true}]}}