{"id":273044,"date":"2025-07-25T16:28:11","date_gmt":"2025-07-25T19:28:11","guid":{"rendered":"https:\/\/www.gaveanews.com\/?p=273044"},"modified":"2025-07-25T16:28:16","modified_gmt":"2025-07-25T19:28:16","slug":"flamengo-divulga-nota-oficial-sobre-chegada-emerson-royal","status":"publish","type":"post","link":"https:\/\/www.gaveanews.com\/index.php\/2025\/07\/25\/flamengo-divulga-nota-oficial-sobre-chegada-emerson-royal\/","title":{"rendered":"Flamengo divulga nota oficial sobre chegada Emerson Royal"},"content":{"rendered":"\n<p>O Flamengo confirmou oficialmente a chegada do lateral-direito Emerson Royal, que desembarcar\u00e1 no Rio de Janeiro neste s\u00e1bado (26), em voo vindo de Londres, com previs\u00e3o de chegada \u00e0s 5h45 (hor\u00e1rio de Bras\u00edlia). O clube informou que, por motivos log\u00edsticos, o desembarque ser\u00e1 realizado por uma \u00e1rea alternativa do Aeroporto Internacional Tom Jobim, sem contato com a imprensa no local.<\/p>\n\n\n\n<p>O jogador de 26 anos realizar\u00e1 exames m\u00e9dicos ainda no s\u00e1bado e, na sequ\u00eancia, se encontrar\u00e1 com o diretor t\u00e9cnico Jos\u00e9 Boto no CT George Helal. A assinatura do contrato ser\u00e1 feita logo ap\u00f3s a conclus\u00e3o dos exames. Caso o processo seja finalizado at\u00e9 domingo (27), Emerson poder\u00e1 ser apresentado \u00e0 torcida rubro-negra no Maracan\u00e3, antes da partida contra o Atl\u00e9tico-MG, ao lado do meia Sa\u00fal \u00d1\u00edguez, rec\u00e9m-contratado.<\/p>\n\n\n\n<h2 class=\"wp-block-heading\" id=\"h-veja-nota-do-flamengo\">Veja nota do Flamengo<\/h2>\n\n\n\n<p>&#8220;O lateral-direito Emerson Royal chegar\u00e1 ao Rio de Janeiro neste s\u00e1bado (26), em voo proveniente de Londres (BA0249), com previs\u00e3o de pouso \u00e0s 5h45 no Aeroporto Internacional Tom Jobim.<\/p>\n\n\n\n<p>Por quest\u00f5es log\u00edsticas e para n\u00e3o interferir na rotina dos demais passageiros, o desembarque ser\u00e1 realizado em \u00e1rea alternativa, sem atendimento \u00e0 imprensa no local.<\/p>\n\n\n\n<p>O jogador realizar\u00e1 exames m\u00e9dicos e, em seguida, se reunir\u00e1 com o Diretor T\u00e9cnico de Futebol do Flamengo, Jos\u00e9 Boto, no CT George Helal.<\/p>\n\n\n\n<p>Ap\u00f3s assinatura de contrato, a cobertura completa da chegada estar\u00e1 dispon\u00edvel nas redes sociais oficiais do clube e na FlamengoTV.<\/p>\n\n\n\n<p>Caso o contrato seja assinado antes da partida de domingo (27), contra o Atl\u00e9tico-MG, Emerson Royal ser\u00e1 apresentado \u00e0 torcida juntamente com Sa\u00fal \u00d1iguez no gramado do Maracan\u00e3.&#8221;<\/p>\n\n\n\n<h2 class=\"wp-block-heading\" id=\"h-carreira-de-emerson\">Carreira de Emerson<\/h2>\n\n\n\n<p>Emerson Royal foi contratado junto ao Milan, clube que, inicialmente, pretendia emprest\u00e1-lo ao Besiktas. Contudo, o Flamengo optou por adquirir parte dos direitos econ\u00f4micos do atleta por aproximadamente 9 milh\u00f5es de euros (cerca de R$ 58 milh\u00f5es), em negocia\u00e7\u00e3o que agradou tanto ao jogador quanto ao clube italiano.<\/p>\n\n\n\n<p>Revelado pelo Atl\u00e9tico-MG, Emerson teve passagem destacada no futebol europeu. Atuou por Betis, Barcelona, Tottenham e, mais recentemente, Milan. No clube ingl\u00eas, participou de 101 partidas, com quatro gols e duas assist\u00eancias. J\u00e1 na \u00faltima temporada italiana, disputou 26 jogos, sendo titular em 22 deles.<\/p>\n\n\n\n<p>A contrata\u00e7\u00e3o de Emerson ocorre em um momento estrat\u00e9gico, visto que o Flamengo liberou o lateral Wesley para a Roma. A negocia\u00e7\u00e3o pelo jovem de 21 anos foi conclu\u00edda ap\u00f3s semanas de tratativas, sendo condicionada \u00e0 chegada de um substituto. Wesley j\u00e1 se despediu dos companheiros no Ninho do Urubu e assinar\u00e1 v\u00ednculo de cinco anos com o clube italiano.<\/p>\n","protected":false},"excerpt":{"rendered":"<p>O Flamengo confirmou oficialmente a chegada do lateral-direito Emerson Royal, que desembarcar\u00e1 no Rio de Janeiro neste s\u00e1bado (26), em voo vindo de Londres, com previs\u00e3o de chegada \u00e0s 5h45 (hor\u00e1rio de Bras\u00edlia). O clube informou que, por motivos log\u00edsticos, o desembarque ser\u00e1 realizado por uma \u00e1rea alternativa do Aeroporto Internacional Tom Jobim, sem contato [&hellip;]<\/p>\n","protected":false},"author":18,"featured_media":114437,"comment_status":"open","ping_status":"closed","sticky":false,"template":"","format":"standard","meta":{"footnotes":""},"categories":[1],"tags":[],"class_list":["post-273044","post","type-post","status-publish","format-standard","has-post-thumbnail","hentry","category-flamengo"],"yoast_head":"<!-- This site is optimized with the Yoast SEO Premium plugin v24.2 (Yoast SEO v26.9) - https:\/\/yoast.com\/product\/yoast-seo-premium-wordpress\/ -->\n<title>Flamengo divulga nota oficial sobre chegada Emerson Royal<\/title>\n<meta name=\"robots\" content=\"index, follow, max-snippet:-1, max-image-preview:large, max-video-preview:-1\" \/>\n<link rel=\"canonical\" href=\"https:\/\/www.gaveanews.com\/index.php\/2025\/07\/25\/flamengo-divulga-nota-oficial-sobre-chegada-emerson-royal\/\" \/>\n<meta property=\"og:locale\" content=\"pt_BR\" \/>\n<meta property=\"og:type\" content=\"article\" \/>\n<meta property=\"og:title\" content=\"Flamengo divulga nota oficial sobre chegada Emerson Royal\" \/>\n<meta property=\"og:description\" content=\"O Flamengo confirmou oficialmente a chegada do lateral-direito Emerson Royal, que desembarcar\u00e1 no Rio de Janeiro neste s\u00e1bado (26), em voo vindo de Londres, com previs\u00e3o de chegada \u00e0s 5h45 (hor\u00e1rio de Bras\u00edlia). O clube informou que, por motivos log\u00edsticos, o desembarque ser\u00e1 realizado por uma \u00e1rea alternativa do Aeroporto Internacional Tom Jobim, sem contato [&hellip;]\" \/>\n<meta property=\"og:url\" content=\"https:\/\/www.gaveanews.com\/index.php\/2025\/07\/25\/flamengo-divulga-nota-oficial-sobre-chegada-emerson-royal\/\" \/>\n<meta property=\"og:site_name\" content=\"G\u00e1vea News\" \/>\n<meta property=\"article:publisher\" content=\"https:\/\/facebook.com\/gaveaNews\/\" \/>\n<meta property=\"article:published_time\" content=\"2025-07-25T19:28:11+00:00\" \/>\n<meta property=\"article:modified_time\" content=\"2025-07-25T19:28:16+00:00\" \/>\n<meta property=\"og:image\" content=\"http:\/\/www.gaveanews.com\/wp-content\/uploads\/Emerson-Royal-durante-treino-do-Brasil.webp\" \/>\n\t<meta property=\"og:image:width\" content=\"1080\" \/>\n\t<meta property=\"og:image:height\" content=\"1080\" \/>\n\t<meta property=\"og:image:type\" content=\"image\/jpeg\" \/>\n<meta name=\"author\" content=\"Paula Silva\" \/>\n<meta name=\"twitter:card\" content=\"summary_large_image\" \/>\n<meta name=\"twitter:label1\" content=\"Escrito por\" \/>\n\t<meta name=\"twitter:data1\" content=\"Paula Silva\" \/>\n\t<meta name=\"twitter:label2\" content=\"Est. tempo de leitura\" \/>\n\t<meta name=\"twitter:data2\" content=\"3 minutos\" \/>\n<script type=\"application\/ld+json\" class=\"yoast-schema-graph\">{\"@context\":\"https:\/\/schema.org\",\"@graph\":[{\"@type\":\"NewsArticle\",\"@id\":\"https:\/\/www.gaveanews.com\/index.php\/2025\/07\/25\/flamengo-divulga-nota-oficial-sobre-chegada-emerson-royal\/#article\",\"isPartOf\":{\"@id\":\"https:\/\/www.gaveanews.com\/index.php\/2025\/07\/25\/flamengo-divulga-nota-oficial-sobre-chegada-emerson-royal\/\"},\"author\":{\"name\":\"Paula Silva\",\"@id\":\"https:\/\/www.gaveanews.com\/#\/schema\/person\/daf63eec72e1164eb13dc35096c2b8da\"},\"headline\":\"Flamengo divulga nota oficial sobre chegada Emerson Royal\",\"datePublished\":\"2025-07-25T19:28:11+00:00\",\"dateModified\":\"2025-07-25T19:28:16+00:00\",\"mainEntityOfPage\":{\"@id\":\"https:\/\/www.gaveanews.com\/index.php\/2025\/07\/25\/flamengo-divulga-nota-oficial-sobre-chegada-emerson-royal\/\"},\"wordCount\":446,\"commentCount\":0,\"image\":{\"@id\":\"https:\/\/www.gaveanews.com\/index.php\/2025\/07\/25\/flamengo-divulga-nota-oficial-sobre-chegada-emerson-royal\/#primaryimage\"},\"thumbnailUrl\":\"https:\/\/www.gaveanews.com\/wp-content\/uploads\/Emerson-Royal-durante-treino-do-Brasil.webp\",\"articleSection\":[\"Flamengo\"],\"inLanguage\":\"pt-BR\",\"potentialAction\":[{\"@type\":\"CommentAction\",\"name\":\"Comment\",\"target\":[\"https:\/\/www.gaveanews.com\/index.php\/2025\/07\/25\/flamengo-divulga-nota-oficial-sobre-chegada-emerson-royal\/#respond\"]}],\"copyrightYear\":\"2025\",\"copyrightHolder\":{\"@id\":\"https:\/\/www.gaveanews.com\/#organization\"}},{\"@type\":\"WebPage\",\"@id\":\"https:\/\/www.gaveanews.com\/index.php\/2025\/07\/25\/flamengo-divulga-nota-oficial-sobre-chegada-emerson-royal\/\",\"url\":\"https:\/\/www.gaveanews.com\/index.php\/2025\/07\/25\/flamengo-divulga-nota-oficial-sobre-chegada-emerson-royal\/\",\"name\":\"Flamengo divulga nota oficial sobre chegada Emerson Royal\",\"isPartOf\":{\"@id\":\"https:\/\/www.gaveanews.com\/#website\"},\"primaryImageOfPage\":{\"@id\":\"https:\/\/www.gaveanews.com\/index.php\/2025\/07\/25\/flamengo-divulga-nota-oficial-sobre-chegada-emerson-royal\/#primaryimage\"},\"image\":{\"@id\":\"https:\/\/www.gaveanews.com\/index.php\/2025\/07\/25\/flamengo-divulga-nota-oficial-sobre-chegada-emerson-royal\/#primaryimage\"},\"thumbnailUrl\":\"https:\/\/www.gaveanews.com\/wp-content\/uploads\/Emerson-Royal-durante-treino-do-Brasil.webp\",\"datePublished\":\"2025-07-25T19:28:11+00:00\",\"dateModified\":\"2025-07-25T19:28:16+00:00\",\"author\":{\"@id\":\"https:\/\/www.gaveanews.com\/#\/schema\/person\/daf63eec72e1164eb13dc35096c2b8da\"},\"breadcrumb\":{\"@id\":\"https:\/\/www.gaveanews.com\/index.php\/2025\/07\/25\/flamengo-divulga-nota-oficial-sobre-chegada-emerson-royal\/#breadcrumb\"},\"inLanguage\":\"pt-BR\",\"potentialAction\":[{\"@type\":\"ReadAction\",\"target\":[\"https:\/\/www.gaveanews.com\/index.php\/2025\/07\/25\/flamengo-divulga-nota-oficial-sobre-chegada-emerson-royal\/\"]}]},{\"@type\":\"ImageObject\",\"inLanguage\":\"pt-BR\",\"@id\":\"https:\/\/www.gaveanews.com\/index.php\/2025\/07\/25\/flamengo-divulga-nota-oficial-sobre-chegada-emerson-royal\/#primaryimage\",\"url\":\"https:\/\/www.gaveanews.com\/wp-content\/uploads\/Emerson-Royal-durante-treino-do-Brasil.webp\",\"contentUrl\":\"https:\/\/www.gaveanews.com\/wp-content\/uploads\/Emerson-Royal-durante-treino-do-Brasil.webp\",\"width\":1080,\"height\":1080,\"caption\":\"Emerson Royal durante treino do Brasil (Foto: Reprodu\u00e7\u00e3o\/Instagram)\"},{\"@type\":\"BreadcrumbList\",\"@id\":\"https:\/\/www.gaveanews.com\/index.php\/2025\/07\/25\/flamengo-divulga-nota-oficial-sobre-chegada-emerson-royal\/#breadcrumb\",\"itemListElement\":[{\"@type\":\"ListItem\",\"position\":1,\"name\":\"Home\",\"item\":\"https:\/\/www.gaveanews.com\/\"},{\"@type\":\"ListItem\",\"position\":2,\"name\":\"Flamengo divulga nota oficial sobre chegada Emerson Royal\"}]},{\"@type\":\"WebSite\",\"@id\":\"https:\/\/www.gaveanews.com\/#website\",\"url\":\"https:\/\/www.gaveanews.com\/\",\"name\":\"G\u00e1vea News\",\"description\":\"Veja todas as not\u00edcias sobre o Flamengo: Contrata\u00e7\u00f5es, categorias de base, resultados das partidas, tabela de classifica\u00e7\u00e3o, pr\u00f3ximos jogos!\",\"potentialAction\":[{\"@type\":\"SearchAction\",\"target\":{\"@type\":\"EntryPoint\",\"urlTemplate\":\"https:\/\/www.gaveanews.com\/?s={search_term_string}\"},\"query-input\":{\"@type\":\"PropertyValueSpecification\",\"valueRequired\":true,\"valueName\":\"search_term_string\"}}],\"inLanguage\":\"pt-BR\"},{\"@type\":\"Person\",\"@id\":\"https:\/\/www.gaveanews.com\/#\/schema\/person\/daf63eec72e1164eb13dc35096c2b8da\",\"name\":\"Paula Silva\",\"image\":{\"@type\":\"ImageObject\",\"inLanguage\":\"pt-BR\",\"@id\":\"https:\/\/www.gaveanews.com\/#\/schema\/person\/image\/\",\"url\":\"https:\/\/secure.gravatar.com\/avatar\/eda381c845527cc5d64c13b901833cda29d97500ba040d3e6461f76f51d163bb?s=96&d=mm&r=g\",\"contentUrl\":\"https:\/\/secure.gravatar.com\/avatar\/eda381c845527cc5d64c13b901833cda29d97500ba040d3e6461f76f51d163bb?s=96&d=mm&r=g\",\"caption\":\"Paula Silva\"}}]}<\/script>\n<!-- \/ Yoast SEO Premium plugin. -->","yoast_head_json":{"title":"Flamengo divulga nota oficial sobre chegada Emerson Royal","robots":{"index":"index","follow":"follow","max-snippet":"max-snippet:-1","max-image-preview":"max-image-preview:large","max-video-preview":"max-video-preview:-1"},"canonical":"https:\/\/www.gaveanews.com\/index.php\/2025\/07\/25\/flamengo-divulga-nota-oficial-sobre-chegada-emerson-royal\/","og_locale":"pt_BR","og_type":"article","og_title":"Flamengo divulga nota oficial sobre chegada Emerson Royal","og_description":"O Flamengo confirmou oficialmente a chegada do lateral-direito Emerson Royal, que desembarcar\u00e1 no Rio de Janeiro neste s\u00e1bado (26), em voo vindo de Londres, com previs\u00e3o de chegada \u00e0s 5h45 (hor\u00e1rio de Bras\u00edlia). O clube informou que, por motivos log\u00edsticos, o desembarque ser\u00e1 realizado por uma \u00e1rea alternativa do Aeroporto Internacional Tom Jobim, sem contato [&hellip;]","og_url":"https:\/\/www.gaveanews.com\/index.php\/2025\/07\/25\/flamengo-divulga-nota-oficial-sobre-chegada-emerson-royal\/","og_site_name":"G\u00e1vea News","article_publisher":"https:\/\/facebook.com\/gaveaNews\/","article_published_time":"2025-07-25T19:28:11+00:00","article_modified_time":"2025-07-25T19:28:16+00:00","og_image":[{"width":1080,"height":1080,"url":"http:\/\/www.gaveanews.com\/wp-content\/uploads\/Emerson-Royal-durante-treino-do-Brasil.webp","type":"image\/jpeg"}],"author":"Paula Silva","twitter_card":"summary_large_image","twitter_misc":{"Escrito por":"Paula Silva","Est. tempo de leitura":"3 minutos"},"schema":{"@context":"https:\/\/schema.org","@graph":[{"@type":"NewsArticle","@id":"https:\/\/www.gaveanews.com\/index.php\/2025\/07\/25\/flamengo-divulga-nota-oficial-sobre-chegada-emerson-royal\/#article","isPartOf":{"@id":"https:\/\/www.gaveanews.com\/index.php\/2025\/07\/25\/flamengo-divulga-nota-oficial-sobre-chegada-emerson-royal\/"},"author":{"name":"Paula Silva","@id":"https:\/\/www.gaveanews.com\/#\/schema\/person\/daf63eec72e1164eb13dc35096c2b8da"},"headline":"Flamengo divulga nota oficial sobre chegada Emerson Royal","datePublished":"2025-07-25T19:28:11+00:00","dateModified":"2025-07-25T19:28:16+00:00","mainEntityOfPage":{"@id":"https:\/\/www.gaveanews.com\/index.php\/2025\/07\/25\/flamengo-divulga-nota-oficial-sobre-chegada-emerson-royal\/"},"wordCount":446,"commentCount":0,"image":{"@id":"https:\/\/www.gaveanews.com\/index.php\/2025\/07\/25\/flamengo-divulga-nota-oficial-sobre-chegada-emerson-royal\/#primaryimage"},"thumbnailUrl":"https:\/\/www.gaveanews.com\/wp-content\/uploads\/Emerson-Royal-durante-treino-do-Brasil.webp","articleSection":["Flamengo"],"inLanguage":"pt-BR","potentialAction":[{"@type":"CommentAction","name":"Comment","target":["https:\/\/www.gaveanews.com\/index.php\/2025\/07\/25\/flamengo-divulga-nota-oficial-sobre-chegada-emerson-royal\/#respond"]}],"copyrightYear":"2025","copyrightHolder":{"@id":"https:\/\/www.gaveanews.com\/#organization"}},{"@type":"WebPage","@id":"https:\/\/www.gaveanews.com\/index.php\/2025\/07\/25\/flamengo-divulga-nota-oficial-sobre-chegada-emerson-royal\/","url":"https:\/\/www.gaveanews.com\/index.php\/2025\/07\/25\/flamengo-divulga-nota-oficial-sobre-chegada-emerson-royal\/","name":"Flamengo divulga nota oficial sobre chegada Emerson Royal","isPartOf":{"@id":"https:\/\/www.gaveanews.com\/#website"},"primaryImageOfPage":{"@id":"https:\/\/www.gaveanews.com\/index.php\/2025\/07\/25\/flamengo-divulga-nota-oficial-sobre-chegada-emerson-royal\/#primaryimage"},"image":{"@id":"https:\/\/www.gaveanews.com\/index.php\/2025\/07\/25\/flamengo-divulga-nota-oficial-sobre-chegada-emerson-royal\/#primaryimage"},"thumbnailUrl":"https:\/\/www.gaveanews.com\/wp-content\/uploads\/Emerson-Royal-durante-treino-do-Brasil.webp","datePublished":"2025-07-25T19:28:11+00:00","dateModified":"2025-07-25T19:28:16+00:00","author":{"@id":"https:\/\/www.gaveanews.com\/#\/schema\/person\/daf63eec72e1164eb13dc35096c2b8da"},"breadcrumb":{"@id":"https:\/\/www.gaveanews.com\/index.php\/2025\/07\/25\/flamengo-divulga-nota-oficial-sobre-chegada-emerson-royal\/#breadcrumb"},"inLanguage":"pt-BR","potentialAction":[{"@type":"ReadAction","target":["https:\/\/www.gaveanews.com\/index.php\/2025\/07\/25\/flamengo-divulga-nota-oficial-sobre-chegada-emerson-royal\/"]}]},{"@type":"ImageObject","inLanguage":"pt-BR","@id":"https:\/\/www.gaveanews.com\/index.php\/2025\/07\/25\/flamengo-divulga-nota-oficial-sobre-chegada-emerson-royal\/#primaryimage","url":"https:\/\/www.gaveanews.com\/wp-content\/uploads\/Emerson-Royal-durante-treino-do-Brasil.webp","contentUrl":"https:\/\/www.gaveanews.com\/wp-content\/uploads\/Emerson-Royal-durante-treino-do-Brasil.webp","width":1080,"height":1080,"caption":"Emerson Royal durante treino do Brasil (Foto: Reprodu\u00e7\u00e3o\/Instagram)"},{"@type":"BreadcrumbList","@id":"https:\/\/www.gaveanews.com\/index.php\/2025\/07\/25\/flamengo-divulga-nota-oficial-sobre-chegada-emerson-royal\/#breadcrumb","itemListElement":[{"@type":"ListItem","position":1,"name":"Home","item":"https:\/\/www.gaveanews.com\/"},{"@type":"ListItem","position":2,"name":"Flamengo divulga nota oficial sobre chegada Emerson Royal"}]},{"@type":"WebSite","@id":"https:\/\/www.gaveanews.com\/#website","url":"https:\/\/www.gaveanews.com\/","name":"G\u00e1vea News","description":"Veja todas as not\u00edcias sobre o Flamengo: Contrata\u00e7\u00f5es, categorias de base, resultados das partidas, tabela de classifica\u00e7\u00e3o, pr\u00f3ximos jogos!","potentialAction":[{"@type":"SearchAction","target":{"@type":"EntryPoint","urlTemplate":"https:\/\/www.gaveanews.com\/?s={search_term_string}"},"query-input":{"@type":"PropertyValueSpecification","valueRequired":true,"valueName":"search_term_string"}}],"inLanguage":"pt-BR"},{"@type":"Person","@id":"https:\/\/www.gaveanews.com\/#\/schema\/person\/daf63eec72e1164eb13dc35096c2b8da","name":"Paula Silva","image":{"@type":"ImageObject","inLanguage":"pt-BR","@id":"https:\/\/www.gaveanews.com\/#\/schema\/person\/image\/","url":"https:\/\/secure.gravatar.com\/avatar\/eda381c845527cc5d64c13b901833cda29d97500ba040d3e6461f76f51d163bb?s=96&d=mm&r=g","contentUrl":"https:\/\/secure.gravatar.com\/avatar\/eda381c845527cc5d64c13b901833cda29d97500ba040d3e6461f76f51d163bb?s=96&d=mm&r=g","caption":"Paula Silva"}}]}},"_links":{"self":[{"href":"https:\/\/www.gaveanews.com\/index.php\/wp-json\/wp\/v2\/posts\/273044","targetHints":{"allow":["GET"]}}],"collection":[{"href":"https:\/\/www.gaveanews.com\/index.php\/wp-json\/wp\/v2\/posts"}],"about":[{"href":"https:\/\/www.gaveanews.com\/index.php\/wp-json\/wp\/v2\/types\/post"}],"author":[{"embeddable":true,"href":"https:\/\/www.gaveanews.com\/index.php\/wp-json\/wp\/v2\/users\/18"}],"replies":[{"embeddable":true,"href":"https:\/\/www.gaveanews.com\/index.php\/wp-json\/wp\/v2\/comments?post=273044"}],"version-history":[{"count":1,"href":"https:\/\/www.gaveanews.com\/index.php\/wp-json\/wp\/v2\/posts\/273044\/revisions"}],"predecessor-version":[{"id":273045,"href":"https:\/\/www.gaveanews.com\/index.php\/wp-json\/wp\/v2\/posts\/273044\/revisions\/273045"}],"wp:featuredmedia":[{"embeddable":true,"href":"https:\/\/www.gaveanews.com\/index.php\/wp-json\/wp\/v2\/media\/114437"}],"wp:attachment":[{"href":"https:\/\/www.gaveanews.com\/index.php\/wp-json\/wp\/v2\/media?parent=273044"}],"wp:term":[{"taxonomy":"category","embeddable":true,"href":"https:\/\/www.gaveanews.com\/index.php\/wp-json\/wp\/v2\/categories?post=273044"},{"taxonomy":"post_tag","embeddable":true,"href":"https:\/\/www.gaveanews.com\/index.php\/wp-json\/wp\/v2\/tags?post=273044"}],"curies":[{"name":"wp","href":"https:\/\/api.w.org\/{rel}","templated":true}]}}