{"id":273049,"date":"2025-07-25T19:00:00","date_gmt":"2025-07-25T22:00:00","guid":{"rendered":"https:\/\/www.gaveanews.com\/?p=273049"},"modified":"2025-07-25T19:06:24","modified_gmt":"2025-07-25T22:06:24","slug":"jornalista-critica-possivel-chegada-de-samuel-lino-ao-flamengo","status":"publish","type":"post","link":"https:\/\/www.gaveanews.com\/index.php\/2025\/07\/25\/jornalista-critica-possivel-chegada-de-samuel-lino-ao-flamengo\/","title":{"rendered":"Jornalista critica poss\u00edvel chegada de Samuel Lino ao Flamengo"},"content":{"rendered":"\n<p>A negocia\u00e7\u00e3o que transformou Samuel Lino no refor\u00e7o mais caro da hist\u00f3ria do Flamengo provocou forte rea\u00e7\u00e3o do jornalista Arnaldo Ribeiro. Durante o programa \u201cPosse de Bola\u201d, do UOL, o comentarista se posicionou contr\u00e1rio aos valores envolvidos na contrata\u00e7\u00e3o do atacante junto ao Atl\u00e9tico de Madrid. Arnaldo utilizou um argumento de ordem social para justificar sua cr\u00edtica.<\/p>\n\n\n\n<p>\u201cEu n\u00e3o vejo como respons\u00e1vel ou admir\u00e1vel um clube brasileiro contratar um jogador por 25 milh\u00f5es de euros (cerca de R$ 162,5 milh\u00f5es na cota\u00e7\u00e3o atual) na atual circunst\u00e2ncia do pa\u00eds. Eu n\u00e3o acho isso um gola\u00e7o\u201d, declarou.<\/p>\n\n\n\n<h4 class=\"wp-block-heading\" id=\"h-comparacoes-e-analise-de-mercado\">Compara\u00e7\u00f5es e an\u00e1lise de mercado<\/h4>\n\n\n\n<p>Na sequ\u00eancia de sua an\u00e1lise, Arnaldo comparou o investimento feito pelo Flamengo com a proposta recente do Palmeiras por Vitor Roque, tamb\u00e9m no valor de 25 milh\u00f5es de euros. Para o jornalista, nenhum dos dois jogadores oferece retorno garantido.<\/p>\n\n\n\n<p>\u201cAssim como discutimos os 25 milh\u00f5es de euros do Palmeiras ao Vitor Roque, tamb\u00e9m podemos discutir o mesmo valor do Flamengo ao Lino. Que j\u00e1 passou pelo clube, como disse o Mauro (C\u00e9sar), e hoje ele tem mercado europeu. \u00c9 um dinheiro em jogadores que n\u00e3o s\u00e3o garantia de retorno\u201d, argumentou.<\/p>\n\n\n\n<p>Ainda sobre os riscos da opera\u00e7\u00e3o, completou: \u201cO Vitor Roque n\u00e3o vale sozinho ou por 25 milh\u00f5es de euros ganhar as tr\u00eas competi\u00e7\u00f5es e nem o Lino. Eu acho uma loucura, por mais que os clubes tenham condi\u00e7\u00e3o de faz\u00ea-lo hoje sem quebrar o or\u00e7amento\u201d.<\/p>\n\n\n\n<blockquote class=\"twitter-tweet\" data-media-max-width=\"560\"><p lang=\"pt\" dir=\"ltr\">Arnaldo Ribeiro, sobre Samuel Lino no Flamengo:<br><br>\u201cEu n\u00e3o acho respons\u00e1vel ou admir\u00e1vel um clube brasileiro contratar um jogador por 25 milh\u00f5es de euros (R$ 162,5 milh\u00f5es) na atual situa\u00e7\u00e3o do pa\u00eds. N\u00e3o acho um gola\u00e7o.\u201d<br><br>\ud83c\udf99\ufe0f Arnaldo Ribeiro.<br>\ud83c\udfa5 <a href=\"https:\/\/twitter.com\/UOLEsporte?ref_src=twsrc%5Etfw\">@UOLEsporte<\/a> <a href=\"https:\/\/t.co\/bd9V1aC6Mh\">pic.twitter.com\/bd9V1aC6Mh<\/a><\/p>&mdash; Planeta do Futebol \ud83c\udf0e (@futebol_info) <a href=\"https:\/\/twitter.com\/futebol_info\/status\/1948732081594663156?ref_src=twsrc%5Etfw\">July 25, 2025<\/a><\/blockquote> <script async src=\"https:\/\/platform.twitter.com\/widgets.js\" charset=\"utf-8\"><\/script>\n\n\n\n<h4 class=\"wp-block-heading\" id=\"h-detalhes-da-negociacao\">Detalhes da negocia\u00e7\u00e3o<\/h4>\n\n\n\n<p>O Flamengo formalizou acordo com o Atl\u00e9tico de Madrid para adquirir os direitos econ\u00f4micos de Samuel Lino por 22 milh\u00f5es de euros (aproximadamente R$ 143 milh\u00f5es), com possibilidade de acr\u00e9scimo de mais 3 milh\u00f5es de euros (R$ 19,5 milh\u00f5es) em b\u00f4nus por metas. O contrato assinado ser\u00e1 v\u00e1lido por quatro temporadas.<\/p>\n\n\n\n<p>A opera\u00e7\u00e3o representa a maior contrata\u00e7\u00e3o da hist\u00f3ria do clube carioca, superando o investimento realizado no meia Carlos Alcaraz em 2024, que custou 20 milh\u00f5es de d\u00f3lares (R$ 110,6 milh\u00f5es). Na ocasi\u00e3o, Alcaraz veio do Southampton e foi posteriormente negociado com o Everton.<\/p>\n\n\n\n<h4 class=\"wp-block-heading\" id=\"h-historico-do-jogador\">Hist\u00f3rico do jogador<\/h4>\n\n\n\n<p>Samuel tem 25 anos, nasceu em Santo Andr\u00e9 e atua preferencialmente como ponta-esquerda, embora tamb\u00e9m desempenhe fun\u00e7\u00f5es pelos dois lados do campo. Revelado pelo S\u00e3o Bernardo, teve passagem pelas categorias de base do Flamengo e conquistou a Copa S\u00e3o Paulo de Futebol J\u00fanior em 2018. Posteriormente, se transferiu para o Gil Vicente, de Portugal, onde disputou 101 partidas.<\/p>\n\n\n\n<p>Em 2022, o Atl\u00e9tico de Madrid investiu 6,5 milh\u00f5es de euros (cerca de R$ 34,7 milh\u00f5es na \u00e9poca) para contrat\u00e1-lo. No clube espanhol, somou 93 jogos, 12 gols e 16 assist\u00eancias. Na temporada 2023\/2024, foi eleito o melhor jogador do elenco em vota\u00e7\u00e3o popular.<\/p>\n\n\n\n<h4 class=\"wp-block-heading\" id=\"h-escolha-pelo-flamengo\">Escolha pelo Flamengo<\/h4>\n\n\n\n<p>Apesar do desejo inicial de permanecer na Europa, onde foi sondado por Napoli, Sporting e Nottingham Forest, Samuel Lino aceitou a proposta do Flamengo ap\u00f3s avaliar o projeto esportivo apresentado e a possibilidade de se aproximar da sele\u00e7\u00e3o brasileira. <\/p>\n\n\n\n<p>A forma de pagamento da transfer\u00eancia envolveu uma parcela inicial e outras duas programadas para janeiro e julho de 2026.<\/p>\n\n\n\n<h4 class=\"wp-block-heading\" id=\"h-preferencia-da-comissao-tecnica\">Prefer\u00eancia da comiss\u00e3o t\u00e9cnica<\/h4>\n\n\n\n<p>A contrata\u00e7\u00e3o contou com o aval da comiss\u00e3o liderada por Filipe Lu\u00eds, que demonstrou prefer\u00eancia por um atleta com perfil de drible e capacidade de finaliza\u00e7\u00e3o. O nome de Samuel Lino se encaixou no planejamento do clube, principalmente ap\u00f3s a desist\u00eancia da diretoria em investir em Taty Castellanos, da Lazio.<\/p>\n","protected":false},"excerpt":{"rendered":"<p>A negocia\u00e7\u00e3o que transformou Samuel Lino no refor\u00e7o mais caro da hist\u00f3ria do Flamengo provocou forte rea\u00e7\u00e3o do jornalista Arnaldo Ribeiro. Durante o programa \u201cPosse de Bola\u201d, do UOL, o comentarista se posicionou contr\u00e1rio aos valores envolvidos na contrata\u00e7\u00e3o do atacante junto ao Atl\u00e9tico de Madrid. Arnaldo utilizou um argumento de ordem social para justificar [&hellip;]<\/p>\n","protected":false},"author":30,"featured_media":273050,"comment_status":"open","ping_status":"closed","sticky":false,"template":"","format":"standard","meta":{"footnotes":""},"categories":[1],"tags":[],"class_list":["post-273049","post","type-post","status-publish","format-standard","has-post-thumbnail","hentry","category-flamengo"],"yoast_head":"<!-- This site is optimized with the Yoast SEO Premium plugin v24.2 (Yoast SEO v26.9) - https:\/\/yoast.com\/product\/yoast-seo-premium-wordpress\/ -->\n<title>Jornalista critica poss\u00edvel chegada de Samuel Lino ao Flamengo<\/title>\n<meta name=\"robots\" content=\"index, follow, max-snippet:-1, max-image-preview:large, max-video-preview:-1\" \/>\n<link rel=\"canonical\" href=\"https:\/\/www.gaveanews.com\/index.php\/2025\/07\/25\/jornalista-critica-possivel-chegada-de-samuel-lino-ao-flamengo\/\" \/>\n<meta property=\"og:locale\" content=\"pt_BR\" \/>\n<meta property=\"og:type\" content=\"article\" \/>\n<meta property=\"og:title\" content=\"Jornalista critica poss\u00edvel chegada de Samuel Lino ao Flamengo\" \/>\n<meta property=\"og:description\" content=\"A negocia\u00e7\u00e3o que transformou Samuel Lino no refor\u00e7o mais caro da hist\u00f3ria do Flamengo provocou forte rea\u00e7\u00e3o do jornalista Arnaldo Ribeiro. Durante o programa \u201cPosse de Bola\u201d, do UOL, o comentarista se posicionou contr\u00e1rio aos valores envolvidos na contrata\u00e7\u00e3o do atacante junto ao Atl\u00e9tico de Madrid. Arnaldo utilizou um argumento de ordem social para justificar [&hellip;]\" \/>\n<meta property=\"og:url\" content=\"https:\/\/www.gaveanews.com\/index.php\/2025\/07\/25\/jornalista-critica-possivel-chegada-de-samuel-lino-ao-flamengo\/\" \/>\n<meta property=\"og:site_name\" content=\"G\u00e1vea News\" \/>\n<meta property=\"article:publisher\" content=\"https:\/\/facebook.com\/gaveaNews\/\" \/>\n<meta property=\"article:published_time\" content=\"2025-07-25T22:00:00+00:00\" \/>\n<meta property=\"article:modified_time\" content=\"2025-07-25T22:06:24+00:00\" \/>\n<meta property=\"og:image\" content=\"http:\/\/www.gaveanews.com\/wp-content\/uploads\/Samuel-Lino-em-entrevista-pelo-Atletico-de-Madrid.jpg\" \/>\n\t<meta property=\"og:image:width\" content=\"1280\" \/>\n\t<meta property=\"og:image:height\" content=\"960\" \/>\n\t<meta property=\"og:image:type\" content=\"image\/jpeg\" \/>\n<meta name=\"author\" content=\"Ana Teixeira\" \/>\n<meta name=\"twitter:card\" content=\"summary_large_image\" \/>\n<meta name=\"twitter:label1\" content=\"Escrito por\" \/>\n\t<meta name=\"twitter:data1\" content=\"Ana Teixeira\" \/>\n\t<meta name=\"twitter:label2\" content=\"Est. tempo de leitura\" \/>\n\t<meta name=\"twitter:data2\" content=\"4 minutos\" \/>\n<script type=\"application\/ld+json\" class=\"yoast-schema-graph\">{\"@context\":\"https:\/\/schema.org\",\"@graph\":[{\"@type\":\"NewsArticle\",\"@id\":\"https:\/\/www.gaveanews.com\/index.php\/2025\/07\/25\/jornalista-critica-possivel-chegada-de-samuel-lino-ao-flamengo\/#article\",\"isPartOf\":{\"@id\":\"https:\/\/www.gaveanews.com\/index.php\/2025\/07\/25\/jornalista-critica-possivel-chegada-de-samuel-lino-ao-flamengo\/\"},\"author\":{\"name\":\"Ana Teixeira\",\"@id\":\"https:\/\/www.gaveanews.com\/#\/schema\/person\/3b19f7288b0ce20372991275e4f2e6c2\"},\"headline\":\"Jornalista critica poss\u00edvel chegada de Samuel Lino ao Flamengo\",\"datePublished\":\"2025-07-25T22:00:00+00:00\",\"dateModified\":\"2025-07-25T22:06:24+00:00\",\"mainEntityOfPage\":{\"@id\":\"https:\/\/www.gaveanews.com\/index.php\/2025\/07\/25\/jornalista-critica-possivel-chegada-de-samuel-lino-ao-flamengo\/\"},\"wordCount\":678,\"commentCount\":0,\"image\":{\"@id\":\"https:\/\/www.gaveanews.com\/index.php\/2025\/07\/25\/jornalista-critica-possivel-chegada-de-samuel-lino-ao-flamengo\/#primaryimage\"},\"thumbnailUrl\":\"https:\/\/www.gaveanews.com\/wp-content\/uploads\/Samuel-Lino-em-entrevista-pelo-Atletico-de-Madrid.jpg\",\"articleSection\":[\"Flamengo\"],\"inLanguage\":\"pt-BR\",\"potentialAction\":[{\"@type\":\"CommentAction\",\"name\":\"Comment\",\"target\":[\"https:\/\/www.gaveanews.com\/index.php\/2025\/07\/25\/jornalista-critica-possivel-chegada-de-samuel-lino-ao-flamengo\/#respond\"]}],\"copyrightYear\":\"2025\",\"copyrightHolder\":{\"@id\":\"https:\/\/www.gaveanews.com\/#organization\"}},{\"@type\":\"WebPage\",\"@id\":\"https:\/\/www.gaveanews.com\/index.php\/2025\/07\/25\/jornalista-critica-possivel-chegada-de-samuel-lino-ao-flamengo\/\",\"url\":\"https:\/\/www.gaveanews.com\/index.php\/2025\/07\/25\/jornalista-critica-possivel-chegada-de-samuel-lino-ao-flamengo\/\",\"name\":\"Jornalista critica poss\u00edvel chegada de Samuel Lino ao Flamengo\",\"isPartOf\":{\"@id\":\"https:\/\/www.gaveanews.com\/#website\"},\"primaryImageOfPage\":{\"@id\":\"https:\/\/www.gaveanews.com\/index.php\/2025\/07\/25\/jornalista-critica-possivel-chegada-de-samuel-lino-ao-flamengo\/#primaryimage\"},\"image\":{\"@id\":\"https:\/\/www.gaveanews.com\/index.php\/2025\/07\/25\/jornalista-critica-possivel-chegada-de-samuel-lino-ao-flamengo\/#primaryimage\"},\"thumbnailUrl\":\"https:\/\/www.gaveanews.com\/wp-content\/uploads\/Samuel-Lino-em-entrevista-pelo-Atletico-de-Madrid.jpg\",\"datePublished\":\"2025-07-25T22:00:00+00:00\",\"dateModified\":\"2025-07-25T22:06:24+00:00\",\"author\":{\"@id\":\"https:\/\/www.gaveanews.com\/#\/schema\/person\/3b19f7288b0ce20372991275e4f2e6c2\"},\"breadcrumb\":{\"@id\":\"https:\/\/www.gaveanews.com\/index.php\/2025\/07\/25\/jornalista-critica-possivel-chegada-de-samuel-lino-ao-flamengo\/#breadcrumb\"},\"inLanguage\":\"pt-BR\",\"potentialAction\":[{\"@type\":\"ReadAction\",\"target\":[\"https:\/\/www.gaveanews.com\/index.php\/2025\/07\/25\/jornalista-critica-possivel-chegada-de-samuel-lino-ao-flamengo\/\"]}]},{\"@type\":\"ImageObject\",\"inLanguage\":\"pt-BR\",\"@id\":\"https:\/\/www.gaveanews.com\/index.php\/2025\/07\/25\/jornalista-critica-possivel-chegada-de-samuel-lino-ao-flamengo\/#primaryimage\",\"url\":\"https:\/\/www.gaveanews.com\/wp-content\/uploads\/Samuel-Lino-em-entrevista-pelo-Atletico-de-Madrid.jpg\",\"contentUrl\":\"https:\/\/www.gaveanews.com\/wp-content\/uploads\/Samuel-Lino-em-entrevista-pelo-Atletico-de-Madrid.jpg\",\"width\":1280,\"height\":960},{\"@type\":\"BreadcrumbList\",\"@id\":\"https:\/\/www.gaveanews.com\/index.php\/2025\/07\/25\/jornalista-critica-possivel-chegada-de-samuel-lino-ao-flamengo\/#breadcrumb\",\"itemListElement\":[{\"@type\":\"ListItem\",\"position\":1,\"name\":\"Home\",\"item\":\"https:\/\/www.gaveanews.com\/\"},{\"@type\":\"ListItem\",\"position\":2,\"name\":\"Jornalista critica poss\u00edvel chegada de Samuel Lino ao Flamengo\"}]},{\"@type\":\"WebSite\",\"@id\":\"https:\/\/www.gaveanews.com\/#website\",\"url\":\"https:\/\/www.gaveanews.com\/\",\"name\":\"G\u00e1vea News\",\"description\":\"Veja todas as not\u00edcias sobre o Flamengo: Contrata\u00e7\u00f5es, categorias de base, resultados das partidas, tabela de classifica\u00e7\u00e3o, pr\u00f3ximos jogos!\",\"potentialAction\":[{\"@type\":\"SearchAction\",\"target\":{\"@type\":\"EntryPoint\",\"urlTemplate\":\"https:\/\/www.gaveanews.com\/?s={search_term_string}\"},\"query-input\":{\"@type\":\"PropertyValueSpecification\",\"valueRequired\":true,\"valueName\":\"search_term_string\"}}],\"inLanguage\":\"pt-BR\"},{\"@type\":\"Person\",\"@id\":\"https:\/\/www.gaveanews.com\/#\/schema\/person\/3b19f7288b0ce20372991275e4f2e6c2\",\"name\":\"Ana Teixeira\",\"image\":{\"@type\":\"ImageObject\",\"inLanguage\":\"pt-BR\",\"@id\":\"https:\/\/www.gaveanews.com\/#\/schema\/person\/image\/\",\"url\":\"https:\/\/secure.gravatar.com\/avatar\/0a73f5a5258f3fed37fc2fa641892f3f7a4748456d4d4792f9bc550e6c19e06c?s=96&d=mm&r=g\",\"contentUrl\":\"https:\/\/secure.gravatar.com\/avatar\/0a73f5a5258f3fed37fc2fa641892f3f7a4748456d4d4792f9bc550e6c19e06c?s=96&d=mm&r=g\",\"caption\":\"Ana Teixeira\"}}]}<\/script>\n<!-- \/ Yoast SEO Premium plugin. -->","yoast_head_json":{"title":"Jornalista critica poss\u00edvel chegada de Samuel Lino ao Flamengo","robots":{"index":"index","follow":"follow","max-snippet":"max-snippet:-1","max-image-preview":"max-image-preview:large","max-video-preview":"max-video-preview:-1"},"canonical":"https:\/\/www.gaveanews.com\/index.php\/2025\/07\/25\/jornalista-critica-possivel-chegada-de-samuel-lino-ao-flamengo\/","og_locale":"pt_BR","og_type":"article","og_title":"Jornalista critica poss\u00edvel chegada de Samuel Lino ao Flamengo","og_description":"A negocia\u00e7\u00e3o que transformou Samuel Lino no refor\u00e7o mais caro da hist\u00f3ria do Flamengo provocou forte rea\u00e7\u00e3o do jornalista Arnaldo Ribeiro. Durante o programa \u201cPosse de Bola\u201d, do UOL, o comentarista se posicionou contr\u00e1rio aos valores envolvidos na contrata\u00e7\u00e3o do atacante junto ao Atl\u00e9tico de Madrid. Arnaldo utilizou um argumento de ordem social para justificar [&hellip;]","og_url":"https:\/\/www.gaveanews.com\/index.php\/2025\/07\/25\/jornalista-critica-possivel-chegada-de-samuel-lino-ao-flamengo\/","og_site_name":"G\u00e1vea News","article_publisher":"https:\/\/facebook.com\/gaveaNews\/","article_published_time":"2025-07-25T22:00:00+00:00","article_modified_time":"2025-07-25T22:06:24+00:00","og_image":[{"width":1280,"height":960,"url":"http:\/\/www.gaveanews.com\/wp-content\/uploads\/Samuel-Lino-em-entrevista-pelo-Atletico-de-Madrid.jpg","type":"image\/jpeg"}],"author":"Ana Teixeira","twitter_card":"summary_large_image","twitter_misc":{"Escrito por":"Ana Teixeira","Est. tempo de leitura":"4 minutos"},"schema":{"@context":"https:\/\/schema.org","@graph":[{"@type":"NewsArticle","@id":"https:\/\/www.gaveanews.com\/index.php\/2025\/07\/25\/jornalista-critica-possivel-chegada-de-samuel-lino-ao-flamengo\/#article","isPartOf":{"@id":"https:\/\/www.gaveanews.com\/index.php\/2025\/07\/25\/jornalista-critica-possivel-chegada-de-samuel-lino-ao-flamengo\/"},"author":{"name":"Ana Teixeira","@id":"https:\/\/www.gaveanews.com\/#\/schema\/person\/3b19f7288b0ce20372991275e4f2e6c2"},"headline":"Jornalista critica poss\u00edvel chegada de Samuel Lino ao Flamengo","datePublished":"2025-07-25T22:00:00+00:00","dateModified":"2025-07-25T22:06:24+00:00","mainEntityOfPage":{"@id":"https:\/\/www.gaveanews.com\/index.php\/2025\/07\/25\/jornalista-critica-possivel-chegada-de-samuel-lino-ao-flamengo\/"},"wordCount":678,"commentCount":0,"image":{"@id":"https:\/\/www.gaveanews.com\/index.php\/2025\/07\/25\/jornalista-critica-possivel-chegada-de-samuel-lino-ao-flamengo\/#primaryimage"},"thumbnailUrl":"https:\/\/www.gaveanews.com\/wp-content\/uploads\/Samuel-Lino-em-entrevista-pelo-Atletico-de-Madrid.jpg","articleSection":["Flamengo"],"inLanguage":"pt-BR","potentialAction":[{"@type":"CommentAction","name":"Comment","target":["https:\/\/www.gaveanews.com\/index.php\/2025\/07\/25\/jornalista-critica-possivel-chegada-de-samuel-lino-ao-flamengo\/#respond"]}],"copyrightYear":"2025","copyrightHolder":{"@id":"https:\/\/www.gaveanews.com\/#organization"}},{"@type":"WebPage","@id":"https:\/\/www.gaveanews.com\/index.php\/2025\/07\/25\/jornalista-critica-possivel-chegada-de-samuel-lino-ao-flamengo\/","url":"https:\/\/www.gaveanews.com\/index.php\/2025\/07\/25\/jornalista-critica-possivel-chegada-de-samuel-lino-ao-flamengo\/","name":"Jornalista critica poss\u00edvel chegada de Samuel Lino ao Flamengo","isPartOf":{"@id":"https:\/\/www.gaveanews.com\/#website"},"primaryImageOfPage":{"@id":"https:\/\/www.gaveanews.com\/index.php\/2025\/07\/25\/jornalista-critica-possivel-chegada-de-samuel-lino-ao-flamengo\/#primaryimage"},"image":{"@id":"https:\/\/www.gaveanews.com\/index.php\/2025\/07\/25\/jornalista-critica-possivel-chegada-de-samuel-lino-ao-flamengo\/#primaryimage"},"thumbnailUrl":"https:\/\/www.gaveanews.com\/wp-content\/uploads\/Samuel-Lino-em-entrevista-pelo-Atletico-de-Madrid.jpg","datePublished":"2025-07-25T22:00:00+00:00","dateModified":"2025-07-25T22:06:24+00:00","author":{"@id":"https:\/\/www.gaveanews.com\/#\/schema\/person\/3b19f7288b0ce20372991275e4f2e6c2"},"breadcrumb":{"@id":"https:\/\/www.gaveanews.com\/index.php\/2025\/07\/25\/jornalista-critica-possivel-chegada-de-samuel-lino-ao-flamengo\/#breadcrumb"},"inLanguage":"pt-BR","potentialAction":[{"@type":"ReadAction","target":["https:\/\/www.gaveanews.com\/index.php\/2025\/07\/25\/jornalista-critica-possivel-chegada-de-samuel-lino-ao-flamengo\/"]}]},{"@type":"ImageObject","inLanguage":"pt-BR","@id":"https:\/\/www.gaveanews.com\/index.php\/2025\/07\/25\/jornalista-critica-possivel-chegada-de-samuel-lino-ao-flamengo\/#primaryimage","url":"https:\/\/www.gaveanews.com\/wp-content\/uploads\/Samuel-Lino-em-entrevista-pelo-Atletico-de-Madrid.jpg","contentUrl":"https:\/\/www.gaveanews.com\/wp-content\/uploads\/Samuel-Lino-em-entrevista-pelo-Atletico-de-Madrid.jpg","width":1280,"height":960},{"@type":"BreadcrumbList","@id":"https:\/\/www.gaveanews.com\/index.php\/2025\/07\/25\/jornalista-critica-possivel-chegada-de-samuel-lino-ao-flamengo\/#breadcrumb","itemListElement":[{"@type":"ListItem","position":1,"name":"Home","item":"https:\/\/www.gaveanews.com\/"},{"@type":"ListItem","position":2,"name":"Jornalista critica poss\u00edvel chegada de Samuel Lino ao Flamengo"}]},{"@type":"WebSite","@id":"https:\/\/www.gaveanews.com\/#website","url":"https:\/\/www.gaveanews.com\/","name":"G\u00e1vea News","description":"Veja todas as not\u00edcias sobre o Flamengo: Contrata\u00e7\u00f5es, categorias de base, resultados das partidas, tabela de classifica\u00e7\u00e3o, pr\u00f3ximos jogos!","potentialAction":[{"@type":"SearchAction","target":{"@type":"EntryPoint","urlTemplate":"https:\/\/www.gaveanews.com\/?s={search_term_string}"},"query-input":{"@type":"PropertyValueSpecification","valueRequired":true,"valueName":"search_term_string"}}],"inLanguage":"pt-BR"},{"@type":"Person","@id":"https:\/\/www.gaveanews.com\/#\/schema\/person\/3b19f7288b0ce20372991275e4f2e6c2","name":"Ana Teixeira","image":{"@type":"ImageObject","inLanguage":"pt-BR","@id":"https:\/\/www.gaveanews.com\/#\/schema\/person\/image\/","url":"https:\/\/secure.gravatar.com\/avatar\/0a73f5a5258f3fed37fc2fa641892f3f7a4748456d4d4792f9bc550e6c19e06c?s=96&d=mm&r=g","contentUrl":"https:\/\/secure.gravatar.com\/avatar\/0a73f5a5258f3fed37fc2fa641892f3f7a4748456d4d4792f9bc550e6c19e06c?s=96&d=mm&r=g","caption":"Ana Teixeira"}}]}},"_links":{"self":[{"href":"https:\/\/www.gaveanews.com\/index.php\/wp-json\/wp\/v2\/posts\/273049","targetHints":{"allow":["GET"]}}],"collection":[{"href":"https:\/\/www.gaveanews.com\/index.php\/wp-json\/wp\/v2\/posts"}],"about":[{"href":"https:\/\/www.gaveanews.com\/index.php\/wp-json\/wp\/v2\/types\/post"}],"author":[{"embeddable":true,"href":"https:\/\/www.gaveanews.com\/index.php\/wp-json\/wp\/v2\/users\/30"}],"replies":[{"embeddable":true,"href":"https:\/\/www.gaveanews.com\/index.php\/wp-json\/wp\/v2\/comments?post=273049"}],"version-history":[{"count":1,"href":"https:\/\/www.gaveanews.com\/index.php\/wp-json\/wp\/v2\/posts\/273049\/revisions"}],"predecessor-version":[{"id":273051,"href":"https:\/\/www.gaveanews.com\/index.php\/wp-json\/wp\/v2\/posts\/273049\/revisions\/273051"}],"wp:featuredmedia":[{"embeddable":true,"href":"https:\/\/www.gaveanews.com\/index.php\/wp-json\/wp\/v2\/media\/273050"}],"wp:attachment":[{"href":"https:\/\/www.gaveanews.com\/index.php\/wp-json\/wp\/v2\/media?parent=273049"}],"wp:term":[{"taxonomy":"category","embeddable":true,"href":"https:\/\/www.gaveanews.com\/index.php\/wp-json\/wp\/v2\/categories?post=273049"},{"taxonomy":"post_tag","embeddable":true,"href":"https:\/\/www.gaveanews.com\/index.php\/wp-json\/wp\/v2\/tags?post=273049"}],"curies":[{"name":"wp","href":"https:\/\/api.w.org\/{rel}","templated":true}]}}