{"id":273052,"date":"2025-07-26T14:30:00","date_gmt":"2025-07-26T17:30:00","guid":{"rendered":"https:\/\/www.gaveanews.com\/?p=273052"},"modified":"2025-07-26T14:29:23","modified_gmt":"2025-07-26T17:29:23","slug":"flamengo-ja-sabe-quanto-tera-que-pagar-para-assinar-com-paqueta","status":"publish","type":"post","link":"https:\/\/www.gaveanews.com\/index.php\/2025\/07\/26\/flamengo-ja-sabe-quanto-tera-que-pagar-para-assinar-com-paqueta\/","title":{"rendered":"Flamengo j\u00e1 sabe quanto ter\u00e1 que pagar para assinar com Paquet\u00e1"},"content":{"rendered":"\n<p>O Flamengo j\u00e1 conhece o pre\u00e7o para tentar a contrata\u00e7\u00e3o de Lucas Paquet\u00e1 nesta janela de transfer\u00eancias. O West Ham estipulou o valor de 30 milh\u00f5es de libras, aproximadamente R$ 224 milh\u00f5es na cota\u00e7\u00e3o atual, para liberar o meia brasileiro.&nbsp;<\/p>\n\n\n\n<p>A informa\u00e7\u00e3o \u00e9 do Mail Sport e confirma o que j\u00e1 se desenhava nos bastidores: o Rubro-Negro est\u00e1 atento \u00e0 possibilidade de repatriar um dos maiores talentos revelados pelo clube nos \u00faltimos anos.<\/p>\n\n\n\n<h2 class=\"wp-block-heading\" id=\"h-paqueta-volta-ao-radar-e-pode-bater-recorde-no-futebol-brasileiro\">Paquet\u00e1 volta ao radar e pode bater recorde no futebol brasileiro<\/h2>\n\n\n\n<p>Se o neg\u00f3cio for concretizado, Paquet\u00e1 se tornar\u00e1 a contrata\u00e7\u00e3o mais cara da hist\u00f3ria do futebol brasileiro. O meia, que viveu grande fase na Premier League, pode ser absolvido nos pr\u00f3ximos dias da acusa\u00e7\u00e3o de envolvimento com apostas ilegais, o que abre caminho para o retorno ao Brasil.<\/p>\n\n\n\n<p>&nbsp;Vale destacar que, apesar do valor definido, ainda n\u00e3o h\u00e1 uma sinaliza\u00e7\u00e3o oficial do Flamengo quanto ao aceite da pedida.<\/p>\n\n\n\n<p>Cabe ressaltar que o jogador nunca escondeu o desejo de voltar ao clube que o revelou. Isso porque, mesmo ap\u00f3s deixar o Brasil, Paquet\u00e1 manteve forte v\u00ednculo com o Flamengo. Sendo assim, a possibilidade de retorno, ainda que surpreendente, ganha corpo com a movimenta\u00e7\u00e3o do mercado.<\/p>\n\n\n\n<h2 class=\"wp-block-heading\" id=\"h-flamengo-mira-reforcos-de-peso-na-janela\">Flamengo mira refor\u00e7os de peso na janela<\/h2>\n\n\n\n<p>Al\u00e9m de Paquet\u00e1, o Flamengo tamb\u00e9m monitora a situa\u00e7\u00e3o de Gabriel Jesus, atualmente no Arsenal. O atacante se recupera de les\u00e3o e j\u00e1 teria dado sinal verde para retornar ao futebol brasileiro. O Palmeiras tamb\u00e9m acompanha de perto os desdobramentos, o que pode criar uma disputa interna no mercado nacional.<\/p>\n\n\n\n<p>Outro nome que deve refor\u00e7ar o elenco comandado por Filipe Lu\u00eds \u00e9 o de Samuel Lino, jogador do Atl\u00e9tico de Madrid que tamb\u00e9m pode atuar como ala. Revelado na base rubro-negra, Lino j\u00e1 teve passagem marcante no futebol portugu\u00eas e hoje \u00e9 alvo de clubes como Napoli e Zenit.<\/p>\n","protected":false},"excerpt":{"rendered":"<p>O Flamengo j\u00e1 conhece o pre\u00e7o para tentar a contrata\u00e7\u00e3o de Lucas Paquet\u00e1 nesta janela de transfer\u00eancias. O West Ham estipulou o valor de 30 milh\u00f5es de libras, aproximadamente R$ 224 milh\u00f5es na cota\u00e7\u00e3o atual, para liberar o meia brasileiro.&nbsp; A informa\u00e7\u00e3o \u00e9 do Mail Sport e confirma o que j\u00e1 se desenhava nos bastidores: [&hellip;]<\/p>\n","protected":false},"author":25,"featured_media":89283,"comment_status":"open","ping_status":"closed","sticky":false,"template":"","format":"standard","meta":{"footnotes":""},"categories":[1],"tags":[],"class_list":["post-273052","post","type-post","status-publish","format-standard","has-post-thumbnail","hentry","category-flamengo"],"yoast_head":"<!-- This site is optimized with the Yoast SEO Premium plugin v24.2 (Yoast SEO v26.9) - https:\/\/yoast.com\/product\/yoast-seo-premium-wordpress\/ -->\n<title>Flamengo j\u00e1 sabe quanto ter\u00e1 que pagar para assinar com Paquet\u00e1<\/title>\n<meta name=\"robots\" content=\"index, follow, max-snippet:-1, max-image-preview:large, max-video-preview:-1\" \/>\n<link rel=\"canonical\" href=\"https:\/\/www.gaveanews.com\/index.php\/2025\/07\/26\/flamengo-ja-sabe-quanto-tera-que-pagar-para-assinar-com-paqueta\/\" \/>\n<meta property=\"og:locale\" content=\"pt_BR\" \/>\n<meta property=\"og:type\" content=\"article\" \/>\n<meta property=\"og:title\" content=\"Flamengo j\u00e1 sabe quanto ter\u00e1 que pagar para assinar com Paquet\u00e1\" \/>\n<meta property=\"og:description\" content=\"O Flamengo j\u00e1 conhece o pre\u00e7o para tentar a contrata\u00e7\u00e3o de Lucas Paquet\u00e1 nesta janela de transfer\u00eancias. O West Ham estipulou o valor de 30 milh\u00f5es de libras, aproximadamente R$ 224 milh\u00f5es na cota\u00e7\u00e3o atual, para liberar o meia brasileiro.&nbsp; A informa\u00e7\u00e3o \u00e9 do Mail Sport e confirma o que j\u00e1 se desenhava nos bastidores: [&hellip;]\" \/>\n<meta property=\"og:url\" content=\"https:\/\/www.gaveanews.com\/index.php\/2025\/07\/26\/flamengo-ja-sabe-quanto-tera-que-pagar-para-assinar-com-paqueta\/\" \/>\n<meta property=\"og:site_name\" content=\"G\u00e1vea News\" \/>\n<meta property=\"article:publisher\" content=\"https:\/\/facebook.com\/gaveaNews\/\" \/>\n<meta property=\"article:published_time\" content=\"2025-07-26T17:30:00+00:00\" \/>\n<meta property=\"og:image\" content=\"http:\/\/www.gaveanews.com\/wp-content\/uploads\/Lucas-Paqueta-em-jogo-do-Flamengo.webp\" \/>\n\t<meta property=\"og:image:width\" content=\"846\" \/>\n\t<meta property=\"og:image:height\" content=\"529\" \/>\n\t<meta property=\"og:image:type\" content=\"image\/webp\" \/>\n<meta name=\"author\" content=\"Rafaela Ladeira\" \/>\n<meta name=\"twitter:card\" content=\"summary_large_image\" \/>\n<meta name=\"twitter:label1\" content=\"Escrito por\" \/>\n\t<meta name=\"twitter:data1\" content=\"Rafaela Ladeira\" \/>\n\t<meta name=\"twitter:label2\" content=\"Est. tempo de leitura\" \/>\n\t<meta name=\"twitter:data2\" content=\"2 minutos\" \/>\n<script type=\"application\/ld+json\" class=\"yoast-schema-graph\">{\"@context\":\"https:\/\/schema.org\",\"@graph\":[{\"@type\":\"NewsArticle\",\"@id\":\"https:\/\/www.gaveanews.com\/index.php\/2025\/07\/26\/flamengo-ja-sabe-quanto-tera-que-pagar-para-assinar-com-paqueta\/#article\",\"isPartOf\":{\"@id\":\"https:\/\/www.gaveanews.com\/index.php\/2025\/07\/26\/flamengo-ja-sabe-quanto-tera-que-pagar-para-assinar-com-paqueta\/\"},\"author\":{\"name\":\"Rafaela Ladeira\",\"@id\":\"https:\/\/www.gaveanews.com\/#\/schema\/person\/0eb3e3fe1754f0205218538adbe8f5ed\"},\"headline\":\"Flamengo j\u00e1 sabe quanto ter\u00e1 que pagar para assinar com Paquet\u00e1\",\"datePublished\":\"2025-07-26T17:30:00+00:00\",\"mainEntityOfPage\":{\"@id\":\"https:\/\/www.gaveanews.com\/index.php\/2025\/07\/26\/flamengo-ja-sabe-quanto-tera-que-pagar-para-assinar-com-paqueta\/\"},\"wordCount\":339,\"commentCount\":0,\"image\":{\"@id\":\"https:\/\/www.gaveanews.com\/index.php\/2025\/07\/26\/flamengo-ja-sabe-quanto-tera-que-pagar-para-assinar-com-paqueta\/#primaryimage\"},\"thumbnailUrl\":\"https:\/\/www.gaveanews.com\/wp-content\/uploads\/Lucas-Paqueta-em-jogo-do-Flamengo.webp\",\"articleSection\":[\"Flamengo\"],\"inLanguage\":\"pt-BR\",\"potentialAction\":[{\"@type\":\"CommentAction\",\"name\":\"Comment\",\"target\":[\"https:\/\/www.gaveanews.com\/index.php\/2025\/07\/26\/flamengo-ja-sabe-quanto-tera-que-pagar-para-assinar-com-paqueta\/#respond\"]}],\"copyrightYear\":\"2025\",\"copyrightHolder\":{\"@id\":\"https:\/\/www.gaveanews.com\/#organization\"}},{\"@type\":\"WebPage\",\"@id\":\"https:\/\/www.gaveanews.com\/index.php\/2025\/07\/26\/flamengo-ja-sabe-quanto-tera-que-pagar-para-assinar-com-paqueta\/\",\"url\":\"https:\/\/www.gaveanews.com\/index.php\/2025\/07\/26\/flamengo-ja-sabe-quanto-tera-que-pagar-para-assinar-com-paqueta\/\",\"name\":\"Flamengo j\u00e1 sabe quanto ter\u00e1 que pagar para assinar com Paquet\u00e1\",\"isPartOf\":{\"@id\":\"https:\/\/www.gaveanews.com\/#website\"},\"primaryImageOfPage\":{\"@id\":\"https:\/\/www.gaveanews.com\/index.php\/2025\/07\/26\/flamengo-ja-sabe-quanto-tera-que-pagar-para-assinar-com-paqueta\/#primaryimage\"},\"image\":{\"@id\":\"https:\/\/www.gaveanews.com\/index.php\/2025\/07\/26\/flamengo-ja-sabe-quanto-tera-que-pagar-para-assinar-com-paqueta\/#primaryimage\"},\"thumbnailUrl\":\"https:\/\/www.gaveanews.com\/wp-content\/uploads\/Lucas-Paqueta-em-jogo-do-Flamengo.webp\",\"datePublished\":\"2025-07-26T17:30:00+00:00\",\"author\":{\"@id\":\"https:\/\/www.gaveanews.com\/#\/schema\/person\/0eb3e3fe1754f0205218538adbe8f5ed\"},\"breadcrumb\":{\"@id\":\"https:\/\/www.gaveanews.com\/index.php\/2025\/07\/26\/flamengo-ja-sabe-quanto-tera-que-pagar-para-assinar-com-paqueta\/#breadcrumb\"},\"inLanguage\":\"pt-BR\",\"potentialAction\":[{\"@type\":\"ReadAction\",\"target\":[\"https:\/\/www.gaveanews.com\/index.php\/2025\/07\/26\/flamengo-ja-sabe-quanto-tera-que-pagar-para-assinar-com-paqueta\/\"]}]},{\"@type\":\"ImageObject\",\"inLanguage\":\"pt-BR\",\"@id\":\"https:\/\/www.gaveanews.com\/index.php\/2025\/07\/26\/flamengo-ja-sabe-quanto-tera-que-pagar-para-assinar-com-paqueta\/#primaryimage\",\"url\":\"https:\/\/www.gaveanews.com\/wp-content\/uploads\/Lucas-Paqueta-em-jogo-do-Flamengo.webp\",\"contentUrl\":\"https:\/\/www.gaveanews.com\/wp-content\/uploads\/Lucas-Paqueta-em-jogo-do-Flamengo.webp\",\"width\":846,\"height\":529,\"caption\":\"Lucas Paquet\u00e1 em jogo do Flamengo (Foto: Marcelo de Jesus)\"},{\"@type\":\"BreadcrumbList\",\"@id\":\"https:\/\/www.gaveanews.com\/index.php\/2025\/07\/26\/flamengo-ja-sabe-quanto-tera-que-pagar-para-assinar-com-paqueta\/#breadcrumb\",\"itemListElement\":[{\"@type\":\"ListItem\",\"position\":1,\"name\":\"Home\",\"item\":\"https:\/\/www.gaveanews.com\/\"},{\"@type\":\"ListItem\",\"position\":2,\"name\":\"Flamengo j\u00e1 sabe quanto ter\u00e1 que pagar para assinar com Paquet\u00e1\"}]},{\"@type\":\"WebSite\",\"@id\":\"https:\/\/www.gaveanews.com\/#website\",\"url\":\"https:\/\/www.gaveanews.com\/\",\"name\":\"G\u00e1vea News\",\"description\":\"Veja todas as not\u00edcias sobre o Flamengo: Contrata\u00e7\u00f5es, categorias de base, resultados das partidas, tabela de classifica\u00e7\u00e3o, pr\u00f3ximos jogos!\",\"potentialAction\":[{\"@type\":\"SearchAction\",\"target\":{\"@type\":\"EntryPoint\",\"urlTemplate\":\"https:\/\/www.gaveanews.com\/?s={search_term_string}\"},\"query-input\":{\"@type\":\"PropertyValueSpecification\",\"valueRequired\":true,\"valueName\":\"search_term_string\"}}],\"inLanguage\":\"pt-BR\"},{\"@type\":\"Person\",\"@id\":\"https:\/\/www.gaveanews.com\/#\/schema\/person\/0eb3e3fe1754f0205218538adbe8f5ed\",\"name\":\"Rafaela Ladeira\",\"image\":{\"@type\":\"ImageObject\",\"inLanguage\":\"pt-BR\",\"@id\":\"https:\/\/www.gaveanews.com\/#\/schema\/person\/image\/\",\"url\":\"https:\/\/secure.gravatar.com\/avatar\/c31f513acffd85eacab5730cbdfdbbf59f21ba5aeada8cd890acea879fbb2455?s=96&d=mm&r=g\",\"contentUrl\":\"https:\/\/secure.gravatar.com\/avatar\/c31f513acffd85eacab5730cbdfdbbf59f21ba5aeada8cd890acea879fbb2455?s=96&d=mm&r=g\",\"caption\":\"Rafaela Ladeira\"}}]}<\/script>\n<!-- \/ Yoast SEO Premium plugin. -->","yoast_head_json":{"title":"Flamengo j\u00e1 sabe quanto ter\u00e1 que pagar para assinar com Paquet\u00e1","robots":{"index":"index","follow":"follow","max-snippet":"max-snippet:-1","max-image-preview":"max-image-preview:large","max-video-preview":"max-video-preview:-1"},"canonical":"https:\/\/www.gaveanews.com\/index.php\/2025\/07\/26\/flamengo-ja-sabe-quanto-tera-que-pagar-para-assinar-com-paqueta\/","og_locale":"pt_BR","og_type":"article","og_title":"Flamengo j\u00e1 sabe quanto ter\u00e1 que pagar para assinar com Paquet\u00e1","og_description":"O Flamengo j\u00e1 conhece o pre\u00e7o para tentar a contrata\u00e7\u00e3o de Lucas Paquet\u00e1 nesta janela de transfer\u00eancias. O West Ham estipulou o valor de 30 milh\u00f5es de libras, aproximadamente R$ 224 milh\u00f5es na cota\u00e7\u00e3o atual, para liberar o meia brasileiro.&nbsp; A informa\u00e7\u00e3o \u00e9 do Mail Sport e confirma o que j\u00e1 se desenhava nos bastidores: [&hellip;]","og_url":"https:\/\/www.gaveanews.com\/index.php\/2025\/07\/26\/flamengo-ja-sabe-quanto-tera-que-pagar-para-assinar-com-paqueta\/","og_site_name":"G\u00e1vea News","article_publisher":"https:\/\/facebook.com\/gaveaNews\/","article_published_time":"2025-07-26T17:30:00+00:00","og_image":[{"width":846,"height":529,"url":"http:\/\/www.gaveanews.com\/wp-content\/uploads\/Lucas-Paqueta-em-jogo-do-Flamengo.webp","type":"image\/webp"}],"author":"Rafaela Ladeira","twitter_card":"summary_large_image","twitter_misc":{"Escrito por":"Rafaela Ladeira","Est. tempo de leitura":"2 minutos"},"schema":{"@context":"https:\/\/schema.org","@graph":[{"@type":"NewsArticle","@id":"https:\/\/www.gaveanews.com\/index.php\/2025\/07\/26\/flamengo-ja-sabe-quanto-tera-que-pagar-para-assinar-com-paqueta\/#article","isPartOf":{"@id":"https:\/\/www.gaveanews.com\/index.php\/2025\/07\/26\/flamengo-ja-sabe-quanto-tera-que-pagar-para-assinar-com-paqueta\/"},"author":{"name":"Rafaela Ladeira","@id":"https:\/\/www.gaveanews.com\/#\/schema\/person\/0eb3e3fe1754f0205218538adbe8f5ed"},"headline":"Flamengo j\u00e1 sabe quanto ter\u00e1 que pagar para assinar com Paquet\u00e1","datePublished":"2025-07-26T17:30:00+00:00","mainEntityOfPage":{"@id":"https:\/\/www.gaveanews.com\/index.php\/2025\/07\/26\/flamengo-ja-sabe-quanto-tera-que-pagar-para-assinar-com-paqueta\/"},"wordCount":339,"commentCount":0,"image":{"@id":"https:\/\/www.gaveanews.com\/index.php\/2025\/07\/26\/flamengo-ja-sabe-quanto-tera-que-pagar-para-assinar-com-paqueta\/#primaryimage"},"thumbnailUrl":"https:\/\/www.gaveanews.com\/wp-content\/uploads\/Lucas-Paqueta-em-jogo-do-Flamengo.webp","articleSection":["Flamengo"],"inLanguage":"pt-BR","potentialAction":[{"@type":"CommentAction","name":"Comment","target":["https:\/\/www.gaveanews.com\/index.php\/2025\/07\/26\/flamengo-ja-sabe-quanto-tera-que-pagar-para-assinar-com-paqueta\/#respond"]}],"copyrightYear":"2025","copyrightHolder":{"@id":"https:\/\/www.gaveanews.com\/#organization"}},{"@type":"WebPage","@id":"https:\/\/www.gaveanews.com\/index.php\/2025\/07\/26\/flamengo-ja-sabe-quanto-tera-que-pagar-para-assinar-com-paqueta\/","url":"https:\/\/www.gaveanews.com\/index.php\/2025\/07\/26\/flamengo-ja-sabe-quanto-tera-que-pagar-para-assinar-com-paqueta\/","name":"Flamengo j\u00e1 sabe quanto ter\u00e1 que pagar para assinar com Paquet\u00e1","isPartOf":{"@id":"https:\/\/www.gaveanews.com\/#website"},"primaryImageOfPage":{"@id":"https:\/\/www.gaveanews.com\/index.php\/2025\/07\/26\/flamengo-ja-sabe-quanto-tera-que-pagar-para-assinar-com-paqueta\/#primaryimage"},"image":{"@id":"https:\/\/www.gaveanews.com\/index.php\/2025\/07\/26\/flamengo-ja-sabe-quanto-tera-que-pagar-para-assinar-com-paqueta\/#primaryimage"},"thumbnailUrl":"https:\/\/www.gaveanews.com\/wp-content\/uploads\/Lucas-Paqueta-em-jogo-do-Flamengo.webp","datePublished":"2025-07-26T17:30:00+00:00","author":{"@id":"https:\/\/www.gaveanews.com\/#\/schema\/person\/0eb3e3fe1754f0205218538adbe8f5ed"},"breadcrumb":{"@id":"https:\/\/www.gaveanews.com\/index.php\/2025\/07\/26\/flamengo-ja-sabe-quanto-tera-que-pagar-para-assinar-com-paqueta\/#breadcrumb"},"inLanguage":"pt-BR","potentialAction":[{"@type":"ReadAction","target":["https:\/\/www.gaveanews.com\/index.php\/2025\/07\/26\/flamengo-ja-sabe-quanto-tera-que-pagar-para-assinar-com-paqueta\/"]}]},{"@type":"ImageObject","inLanguage":"pt-BR","@id":"https:\/\/www.gaveanews.com\/index.php\/2025\/07\/26\/flamengo-ja-sabe-quanto-tera-que-pagar-para-assinar-com-paqueta\/#primaryimage","url":"https:\/\/www.gaveanews.com\/wp-content\/uploads\/Lucas-Paqueta-em-jogo-do-Flamengo.webp","contentUrl":"https:\/\/www.gaveanews.com\/wp-content\/uploads\/Lucas-Paqueta-em-jogo-do-Flamengo.webp","width":846,"height":529,"caption":"Lucas Paquet\u00e1 em jogo do Flamengo (Foto: Marcelo de Jesus)"},{"@type":"BreadcrumbList","@id":"https:\/\/www.gaveanews.com\/index.php\/2025\/07\/26\/flamengo-ja-sabe-quanto-tera-que-pagar-para-assinar-com-paqueta\/#breadcrumb","itemListElement":[{"@type":"ListItem","position":1,"name":"Home","item":"https:\/\/www.gaveanews.com\/"},{"@type":"ListItem","position":2,"name":"Flamengo j\u00e1 sabe quanto ter\u00e1 que pagar para assinar com Paquet\u00e1"}]},{"@type":"WebSite","@id":"https:\/\/www.gaveanews.com\/#website","url":"https:\/\/www.gaveanews.com\/","name":"G\u00e1vea News","description":"Veja todas as not\u00edcias sobre o Flamengo: Contrata\u00e7\u00f5es, categorias de base, resultados das partidas, tabela de classifica\u00e7\u00e3o, pr\u00f3ximos jogos!","potentialAction":[{"@type":"SearchAction","target":{"@type":"EntryPoint","urlTemplate":"https:\/\/www.gaveanews.com\/?s={search_term_string}"},"query-input":{"@type":"PropertyValueSpecification","valueRequired":true,"valueName":"search_term_string"}}],"inLanguage":"pt-BR"},{"@type":"Person","@id":"https:\/\/www.gaveanews.com\/#\/schema\/person\/0eb3e3fe1754f0205218538adbe8f5ed","name":"Rafaela Ladeira","image":{"@type":"ImageObject","inLanguage":"pt-BR","@id":"https:\/\/www.gaveanews.com\/#\/schema\/person\/image\/","url":"https:\/\/secure.gravatar.com\/avatar\/c31f513acffd85eacab5730cbdfdbbf59f21ba5aeada8cd890acea879fbb2455?s=96&d=mm&r=g","contentUrl":"https:\/\/secure.gravatar.com\/avatar\/c31f513acffd85eacab5730cbdfdbbf59f21ba5aeada8cd890acea879fbb2455?s=96&d=mm&r=g","caption":"Rafaela Ladeira"}}]}},"_links":{"self":[{"href":"https:\/\/www.gaveanews.com\/index.php\/wp-json\/wp\/v2\/posts\/273052","targetHints":{"allow":["GET"]}}],"collection":[{"href":"https:\/\/www.gaveanews.com\/index.php\/wp-json\/wp\/v2\/posts"}],"about":[{"href":"https:\/\/www.gaveanews.com\/index.php\/wp-json\/wp\/v2\/types\/post"}],"author":[{"embeddable":true,"href":"https:\/\/www.gaveanews.com\/index.php\/wp-json\/wp\/v2\/users\/25"}],"replies":[{"embeddable":true,"href":"https:\/\/www.gaveanews.com\/index.php\/wp-json\/wp\/v2\/comments?post=273052"}],"version-history":[{"count":1,"href":"https:\/\/www.gaveanews.com\/index.php\/wp-json\/wp\/v2\/posts\/273052\/revisions"}],"predecessor-version":[{"id":273053,"href":"https:\/\/www.gaveanews.com\/index.php\/wp-json\/wp\/v2\/posts\/273052\/revisions\/273053"}],"wp:featuredmedia":[{"embeddable":true,"href":"https:\/\/www.gaveanews.com\/index.php\/wp-json\/wp\/v2\/media\/89283"}],"wp:attachment":[{"href":"https:\/\/www.gaveanews.com\/index.php\/wp-json\/wp\/v2\/media?parent=273052"}],"wp:term":[{"taxonomy":"category","embeddable":true,"href":"https:\/\/www.gaveanews.com\/index.php\/wp-json\/wp\/v2\/categories?post=273052"},{"taxonomy":"post_tag","embeddable":true,"href":"https:\/\/www.gaveanews.com\/index.php\/wp-json\/wp\/v2\/tags?post=273052"}],"curies":[{"name":"wp","href":"https:\/\/api.w.org\/{rel}","templated":true}]}}