{"id":273054,"date":"2025-07-26T15:00:00","date_gmt":"2025-07-26T18:00:00","guid":{"rendered":"https:\/\/www.gaveanews.com\/?p=273054"},"modified":"2025-07-26T14:33:49","modified_gmt":"2025-07-26T17:33:49","slug":"diretoria-do-flamengo-acerta-a-chegada-de-tres-reforcos-vindos-da-europa","status":"publish","type":"post","link":"https:\/\/www.gaveanews.com\/index.php\/2025\/07\/26\/diretoria-do-flamengo-acerta-a-chegada-de-tres-reforcos-vindos-da-europa\/","title":{"rendered":"Diretoria do Flamengo acerta a chegada de tr\u00eas refor\u00e7os vindos da Europa"},"content":{"rendered":"\n<p>O Flamengo voltou a sacudir o mercado da bola e enviou um sinal claro aos rivais: est\u00e1 disposto a investir pesado para brigar por todos os t\u00edtulos. A diretoria acertou a contrata\u00e7\u00e3o de tr\u00eas nomes que atuavam na Europa, Sa\u00fal \u00d1\u00edguez, Emerson Royal e Samuel Lino, e refor\u00e7ou o elenco com atletas que t\u00eam bagagem internacional.&nbsp;<\/p>\n\n\n\n<p>A movimenta\u00e7\u00e3o, analisada por especialistas como Leonardo Bertozzi e Paulo Cal\u00e7ade \u00e9 uma demonstra\u00e7\u00e3o de poder financeiro e vis\u00e3o estrat\u00e9gica.<\/p>\n\n\n\n<h2 class=\"wp-block-heading\" id=\"h-saul-royal-e-lino-chegam-em-momentos-diferentes-mas-com-potencial-de-impacto\">Sa\u00fal, Royal e Lino chegam em momentos diferentes, mas com potencial de impacto<\/h2>\n\n\n\n<p>Os tr\u00eas refor\u00e7os chegam ao clube em condi\u00e7\u00f5es distintas. Segundo Bertozzi, \u201co Sa\u00fal \u00e9 a quest\u00e3o dos \u00faltimos anos. \u00c9 quem est\u00e1 mais distante do que foi no auge. Nos melhores momentos, era top da Europa, mas depois foi perdendo espa\u00e7o\u201d.&nbsp;<\/p>\n\n\n\n<p>Ainda assim, vale destacar que o meio-campista espanhol foi multicampe\u00e3o com o Atl\u00e9tico de Madrid e conhece bem o t\u00e9cnico Filipe Lu\u00eds, o que pode facilitar sua adapta\u00e7\u00e3o.<\/p>\n\n\n\n<p>J\u00e1 Emerson Royal, lateral revelado pela Ponte Preta, passou por clubes como Barcelona, Tottenham e Milan. De acordo com Bertozzi, \u201c\u00e9 um jogador mais natural da lateral-direita, muito forte e potente&#8230; no Flamengo ele pode ter essas possibilidades\u201d. Por isso, a expectativa \u00e9 de que ele brigue imediatamente por posi\u00e7\u00e3o.<\/p>\n\n\n\n<h2 class=\"wp-block-heading\" id=\"h-samuel-lino-e-o-investimento-recorde-do-clube\">Samuel Lino e o investimento recorde do clube<\/h2>\n\n\n\n<p>Dessa maneira, Samuel Lino chega ao Flamengo com status de contrata\u00e7\u00e3o mais cara da hist\u00f3ria do clube: R$ 144 milh\u00f5es. Isso porque o jovem ponta, revelado na base rubro-negra, tem versatilidade para atuar como ala, ponta ou at\u00e9 lateral.&nbsp;<\/p>\n\n\n\n<p>\u201c\u00c9 um jogador que pode fazer tanto um ala com tr\u00eas zagueiros quanto um ponta\u201d, destacou Bertozzi.<\/p>\n\n\n\n<p>Sendo assim, a diretoria rubro-negra mostra que pretende elevar o patamar do elenco. Com isso, Cal\u00e7ade observa que \u201co Flamengo est\u00e1 em um outro patamar de investimento&#8230; tem or\u00e7amento, pode fazer investimentos, e \u00e9 sempre um dos favoritos a ganhar todos os t\u00edtulos\u201d.<\/p>\n\n\n\n<h2 class=\"wp-block-heading\" id=\"h-um-flamengo-mais-forte-e-com-recado-direto-ao-mercado\">Um Flamengo mais forte e com recado direto ao mercado<\/h2>\n\n\n\n<p>Al\u00e9m disso, as contrata\u00e7\u00f5es refor\u00e7am a ideia de que o clube est\u00e1 se planejando n\u00e3o s\u00f3 para a temporada atual, mas tamb\u00e9m para o futuro. \u201cO recado que o Flamengo deixa \u00e9 que pode, a exemplo do Palmeiras, vender muito bem&#8230; e contratar forte\u201d, explicou Cal\u00e7ade.<\/p>\n\n\n\n<p>Cabe ressaltar que o clube tamb\u00e9m negocia com Jorge Carrascal, do D\u00ednamo de Moscou, por R$ 77,3 milh\u00f5es. Por isso, o torcedor pode esperar por mais novidades.<\/p>\n","protected":false},"excerpt":{"rendered":"<p>O Flamengo voltou a sacudir o mercado da bola e enviou um sinal claro aos rivais: est\u00e1 disposto a investir pesado para brigar por todos os t\u00edtulos. A diretoria acertou a contrata\u00e7\u00e3o de tr\u00eas nomes que atuavam na Europa, Sa\u00fal \u00d1\u00edguez, Emerson Royal e Samuel Lino, e refor\u00e7ou o elenco com atletas que t\u00eam bagagem [&hellip;]<\/p>\n","protected":false},"author":25,"featured_media":205636,"comment_status":"open","ping_status":"closed","sticky":false,"template":"","format":"standard","meta":{"footnotes":""},"categories":[1],"tags":[],"class_list":["post-273054","post","type-post","status-publish","format-standard","has-post-thumbnail","hentry","category-flamengo"],"yoast_head":"<!-- This site is optimized with the Yoast SEO Premium plugin v24.2 (Yoast SEO v26.9) - https:\/\/yoast.com\/product\/yoast-seo-premium-wordpress\/ -->\n<title>Diretoria do Flamengo acerta a chegada de tr\u00eas refor\u00e7os vindos da Europa<\/title>\n<meta name=\"robots\" content=\"index, follow, max-snippet:-1, max-image-preview:large, max-video-preview:-1\" \/>\n<link rel=\"canonical\" href=\"https:\/\/www.gaveanews.com\/index.php\/2025\/07\/26\/diretoria-do-flamengo-acerta-a-chegada-de-tres-reforcos-vindos-da-europa\/\" \/>\n<meta property=\"og:locale\" content=\"pt_BR\" \/>\n<meta property=\"og:type\" content=\"article\" \/>\n<meta property=\"og:title\" content=\"Diretoria do Flamengo acerta a chegada de tr\u00eas refor\u00e7os vindos da Europa\" \/>\n<meta property=\"og:description\" content=\"O Flamengo voltou a sacudir o mercado da bola e enviou um sinal claro aos rivais: est\u00e1 disposto a investir pesado para brigar por todos os t\u00edtulos. A diretoria acertou a contrata\u00e7\u00e3o de tr\u00eas nomes que atuavam na Europa, Sa\u00fal \u00d1\u00edguez, Emerson Royal e Samuel Lino, e refor\u00e7ou o elenco com atletas que t\u00eam bagagem [&hellip;]\" \/>\n<meta property=\"og:url\" content=\"https:\/\/www.gaveanews.com\/index.php\/2025\/07\/26\/diretoria-do-flamengo-acerta-a-chegada-de-tres-reforcos-vindos-da-europa\/\" \/>\n<meta property=\"og:site_name\" content=\"G\u00e1vea News\" \/>\n<meta property=\"article:publisher\" content=\"https:\/\/facebook.com\/gaveaNews\/\" \/>\n<meta property=\"article:published_time\" content=\"2025-07-26T18:00:00+00:00\" \/>\n<meta property=\"og:image\" content=\"https:\/\/www.gaveanews.com\/wp-content\/uploads\/Apresentacao-de-Jose-Boto-no-Flamengo-Foto_-Marcelo-Cortes-_-CRF.webp\" \/>\n\t<meta property=\"og:image:width\" content=\"2048\" \/>\n\t<meta property=\"og:image:height\" content=\"1364\" \/>\n\t<meta property=\"og:image:type\" content=\"image\/webp\" \/>\n<meta name=\"author\" content=\"Rafaela Ladeira\" \/>\n<meta name=\"twitter:card\" content=\"summary_large_image\" \/>\n<meta name=\"twitter:label1\" content=\"Escrito por\" \/>\n\t<meta name=\"twitter:data1\" content=\"Rafaela Ladeira\" \/>\n\t<meta name=\"twitter:label2\" content=\"Est. tempo de leitura\" \/>\n\t<meta name=\"twitter:data2\" content=\"3 minutos\" \/>\n<script type=\"application\/ld+json\" class=\"yoast-schema-graph\">{\"@context\":\"https:\/\/schema.org\",\"@graph\":[{\"@type\":\"NewsArticle\",\"@id\":\"https:\/\/www.gaveanews.com\/index.php\/2025\/07\/26\/diretoria-do-flamengo-acerta-a-chegada-de-tres-reforcos-vindos-da-europa\/#article\",\"isPartOf\":{\"@id\":\"https:\/\/www.gaveanews.com\/index.php\/2025\/07\/26\/diretoria-do-flamengo-acerta-a-chegada-de-tres-reforcos-vindos-da-europa\/\"},\"author\":{\"name\":\"Rafaela Ladeira\",\"@id\":\"https:\/\/www.gaveanews.com\/#\/schema\/person\/0eb3e3fe1754f0205218538adbe8f5ed\"},\"headline\":\"Diretoria do Flamengo acerta a chegada de tr\u00eas refor\u00e7os vindos da Europa\",\"datePublished\":\"2025-07-26T18:00:00+00:00\",\"mainEntityOfPage\":{\"@id\":\"https:\/\/www.gaveanews.com\/index.php\/2025\/07\/26\/diretoria-do-flamengo-acerta-a-chegada-de-tres-reforcos-vindos-da-europa\/\"},\"wordCount\":445,\"commentCount\":0,\"image\":{\"@id\":\"https:\/\/www.gaveanews.com\/index.php\/2025\/07\/26\/diretoria-do-flamengo-acerta-a-chegada-de-tres-reforcos-vindos-da-europa\/#primaryimage\"},\"thumbnailUrl\":\"https:\/\/www.gaveanews.com\/wp-content\/uploads\/Apresentacao-de-Jose-Boto-no-Flamengo-Foto_-Marcelo-Cortes-_-CRF.webp\",\"articleSection\":[\"Flamengo\"],\"inLanguage\":\"pt-BR\",\"potentialAction\":[{\"@type\":\"CommentAction\",\"name\":\"Comment\",\"target\":[\"https:\/\/www.gaveanews.com\/index.php\/2025\/07\/26\/diretoria-do-flamengo-acerta-a-chegada-de-tres-reforcos-vindos-da-europa\/#respond\"]}],\"copyrightYear\":\"2025\",\"copyrightHolder\":{\"@id\":\"https:\/\/www.gaveanews.com\/#organization\"}},{\"@type\":\"WebPage\",\"@id\":\"https:\/\/www.gaveanews.com\/index.php\/2025\/07\/26\/diretoria-do-flamengo-acerta-a-chegada-de-tres-reforcos-vindos-da-europa\/\",\"url\":\"https:\/\/www.gaveanews.com\/index.php\/2025\/07\/26\/diretoria-do-flamengo-acerta-a-chegada-de-tres-reforcos-vindos-da-europa\/\",\"name\":\"Diretoria do Flamengo acerta a chegada de tr\u00eas refor\u00e7os vindos da Europa\",\"isPartOf\":{\"@id\":\"https:\/\/www.gaveanews.com\/#website\"},\"primaryImageOfPage\":{\"@id\":\"https:\/\/www.gaveanews.com\/index.php\/2025\/07\/26\/diretoria-do-flamengo-acerta-a-chegada-de-tres-reforcos-vindos-da-europa\/#primaryimage\"},\"image\":{\"@id\":\"https:\/\/www.gaveanews.com\/index.php\/2025\/07\/26\/diretoria-do-flamengo-acerta-a-chegada-de-tres-reforcos-vindos-da-europa\/#primaryimage\"},\"thumbnailUrl\":\"https:\/\/www.gaveanews.com\/wp-content\/uploads\/Apresentacao-de-Jose-Boto-no-Flamengo-Foto_-Marcelo-Cortes-_-CRF.webp\",\"datePublished\":\"2025-07-26T18:00:00+00:00\",\"author\":{\"@id\":\"https:\/\/www.gaveanews.com\/#\/schema\/person\/0eb3e3fe1754f0205218538adbe8f5ed\"},\"breadcrumb\":{\"@id\":\"https:\/\/www.gaveanews.com\/index.php\/2025\/07\/26\/diretoria-do-flamengo-acerta-a-chegada-de-tres-reforcos-vindos-da-europa\/#breadcrumb\"},\"inLanguage\":\"pt-BR\",\"potentialAction\":[{\"@type\":\"ReadAction\",\"target\":[\"https:\/\/www.gaveanews.com\/index.php\/2025\/07\/26\/diretoria-do-flamengo-acerta-a-chegada-de-tres-reforcos-vindos-da-europa\/\"]}]},{\"@type\":\"ImageObject\",\"inLanguage\":\"pt-BR\",\"@id\":\"https:\/\/www.gaveanews.com\/index.php\/2025\/07\/26\/diretoria-do-flamengo-acerta-a-chegada-de-tres-reforcos-vindos-da-europa\/#primaryimage\",\"url\":\"https:\/\/www.gaveanews.com\/wp-content\/uploads\/Apresentacao-de-Jose-Boto-no-Flamengo-Foto_-Marcelo-Cortes-_-CRF.webp\",\"contentUrl\":\"https:\/\/www.gaveanews.com\/wp-content\/uploads\/Apresentacao-de-Jose-Boto-no-Flamengo-Foto_-Marcelo-Cortes-_-CRF.webp\",\"width\":2048,\"height\":1364},{\"@type\":\"BreadcrumbList\",\"@id\":\"https:\/\/www.gaveanews.com\/index.php\/2025\/07\/26\/diretoria-do-flamengo-acerta-a-chegada-de-tres-reforcos-vindos-da-europa\/#breadcrumb\",\"itemListElement\":[{\"@type\":\"ListItem\",\"position\":1,\"name\":\"Home\",\"item\":\"https:\/\/www.gaveanews.com\/\"},{\"@type\":\"ListItem\",\"position\":2,\"name\":\"Diretoria do Flamengo acerta a chegada de tr\u00eas refor\u00e7os vindos da Europa\"}]},{\"@type\":\"WebSite\",\"@id\":\"https:\/\/www.gaveanews.com\/#website\",\"url\":\"https:\/\/www.gaveanews.com\/\",\"name\":\"G\u00e1vea News\",\"description\":\"Veja todas as not\u00edcias sobre o Flamengo: Contrata\u00e7\u00f5es, categorias de base, resultados das partidas, tabela de classifica\u00e7\u00e3o, pr\u00f3ximos jogos!\",\"potentialAction\":[{\"@type\":\"SearchAction\",\"target\":{\"@type\":\"EntryPoint\",\"urlTemplate\":\"https:\/\/www.gaveanews.com\/?s={search_term_string}\"},\"query-input\":{\"@type\":\"PropertyValueSpecification\",\"valueRequired\":true,\"valueName\":\"search_term_string\"}}],\"inLanguage\":\"pt-BR\"},{\"@type\":\"Person\",\"@id\":\"https:\/\/www.gaveanews.com\/#\/schema\/person\/0eb3e3fe1754f0205218538adbe8f5ed\",\"name\":\"Rafaela Ladeira\",\"image\":{\"@type\":\"ImageObject\",\"inLanguage\":\"pt-BR\",\"@id\":\"https:\/\/www.gaveanews.com\/#\/schema\/person\/image\/\",\"url\":\"https:\/\/secure.gravatar.com\/avatar\/c31f513acffd85eacab5730cbdfdbbf59f21ba5aeada8cd890acea879fbb2455?s=96&d=mm&r=g\",\"contentUrl\":\"https:\/\/secure.gravatar.com\/avatar\/c31f513acffd85eacab5730cbdfdbbf59f21ba5aeada8cd890acea879fbb2455?s=96&d=mm&r=g\",\"caption\":\"Rafaela Ladeira\"}}]}<\/script>\n<!-- \/ Yoast SEO Premium plugin. -->","yoast_head_json":{"title":"Diretoria do Flamengo acerta a chegada de tr\u00eas refor\u00e7os vindos da Europa","robots":{"index":"index","follow":"follow","max-snippet":"max-snippet:-1","max-image-preview":"max-image-preview:large","max-video-preview":"max-video-preview:-1"},"canonical":"https:\/\/www.gaveanews.com\/index.php\/2025\/07\/26\/diretoria-do-flamengo-acerta-a-chegada-de-tres-reforcos-vindos-da-europa\/","og_locale":"pt_BR","og_type":"article","og_title":"Diretoria do Flamengo acerta a chegada de tr\u00eas refor\u00e7os vindos da Europa","og_description":"O Flamengo voltou a sacudir o mercado da bola e enviou um sinal claro aos rivais: est\u00e1 disposto a investir pesado para brigar por todos os t\u00edtulos. A diretoria acertou a contrata\u00e7\u00e3o de tr\u00eas nomes que atuavam na Europa, Sa\u00fal \u00d1\u00edguez, Emerson Royal e Samuel Lino, e refor\u00e7ou o elenco com atletas que t\u00eam bagagem [&hellip;]","og_url":"https:\/\/www.gaveanews.com\/index.php\/2025\/07\/26\/diretoria-do-flamengo-acerta-a-chegada-de-tres-reforcos-vindos-da-europa\/","og_site_name":"G\u00e1vea News","article_publisher":"https:\/\/facebook.com\/gaveaNews\/","article_published_time":"2025-07-26T18:00:00+00:00","og_image":[{"width":2048,"height":1364,"url":"https:\/\/www.gaveanews.com\/wp-content\/uploads\/Apresentacao-de-Jose-Boto-no-Flamengo-Foto_-Marcelo-Cortes-_-CRF.webp","type":"image\/webp"}],"author":"Rafaela Ladeira","twitter_card":"summary_large_image","twitter_misc":{"Escrito por":"Rafaela Ladeira","Est. tempo de leitura":"3 minutos"},"schema":{"@context":"https:\/\/schema.org","@graph":[{"@type":"NewsArticle","@id":"https:\/\/www.gaveanews.com\/index.php\/2025\/07\/26\/diretoria-do-flamengo-acerta-a-chegada-de-tres-reforcos-vindos-da-europa\/#article","isPartOf":{"@id":"https:\/\/www.gaveanews.com\/index.php\/2025\/07\/26\/diretoria-do-flamengo-acerta-a-chegada-de-tres-reforcos-vindos-da-europa\/"},"author":{"name":"Rafaela Ladeira","@id":"https:\/\/www.gaveanews.com\/#\/schema\/person\/0eb3e3fe1754f0205218538adbe8f5ed"},"headline":"Diretoria do Flamengo acerta a chegada de tr\u00eas refor\u00e7os vindos da Europa","datePublished":"2025-07-26T18:00:00+00:00","mainEntityOfPage":{"@id":"https:\/\/www.gaveanews.com\/index.php\/2025\/07\/26\/diretoria-do-flamengo-acerta-a-chegada-de-tres-reforcos-vindos-da-europa\/"},"wordCount":445,"commentCount":0,"image":{"@id":"https:\/\/www.gaveanews.com\/index.php\/2025\/07\/26\/diretoria-do-flamengo-acerta-a-chegada-de-tres-reforcos-vindos-da-europa\/#primaryimage"},"thumbnailUrl":"https:\/\/www.gaveanews.com\/wp-content\/uploads\/Apresentacao-de-Jose-Boto-no-Flamengo-Foto_-Marcelo-Cortes-_-CRF.webp","articleSection":["Flamengo"],"inLanguage":"pt-BR","potentialAction":[{"@type":"CommentAction","name":"Comment","target":["https:\/\/www.gaveanews.com\/index.php\/2025\/07\/26\/diretoria-do-flamengo-acerta-a-chegada-de-tres-reforcos-vindos-da-europa\/#respond"]}],"copyrightYear":"2025","copyrightHolder":{"@id":"https:\/\/www.gaveanews.com\/#organization"}},{"@type":"WebPage","@id":"https:\/\/www.gaveanews.com\/index.php\/2025\/07\/26\/diretoria-do-flamengo-acerta-a-chegada-de-tres-reforcos-vindos-da-europa\/","url":"https:\/\/www.gaveanews.com\/index.php\/2025\/07\/26\/diretoria-do-flamengo-acerta-a-chegada-de-tres-reforcos-vindos-da-europa\/","name":"Diretoria do Flamengo acerta a chegada de tr\u00eas refor\u00e7os vindos da Europa","isPartOf":{"@id":"https:\/\/www.gaveanews.com\/#website"},"primaryImageOfPage":{"@id":"https:\/\/www.gaveanews.com\/index.php\/2025\/07\/26\/diretoria-do-flamengo-acerta-a-chegada-de-tres-reforcos-vindos-da-europa\/#primaryimage"},"image":{"@id":"https:\/\/www.gaveanews.com\/index.php\/2025\/07\/26\/diretoria-do-flamengo-acerta-a-chegada-de-tres-reforcos-vindos-da-europa\/#primaryimage"},"thumbnailUrl":"https:\/\/www.gaveanews.com\/wp-content\/uploads\/Apresentacao-de-Jose-Boto-no-Flamengo-Foto_-Marcelo-Cortes-_-CRF.webp","datePublished":"2025-07-26T18:00:00+00:00","author":{"@id":"https:\/\/www.gaveanews.com\/#\/schema\/person\/0eb3e3fe1754f0205218538adbe8f5ed"},"breadcrumb":{"@id":"https:\/\/www.gaveanews.com\/index.php\/2025\/07\/26\/diretoria-do-flamengo-acerta-a-chegada-de-tres-reforcos-vindos-da-europa\/#breadcrumb"},"inLanguage":"pt-BR","potentialAction":[{"@type":"ReadAction","target":["https:\/\/www.gaveanews.com\/index.php\/2025\/07\/26\/diretoria-do-flamengo-acerta-a-chegada-de-tres-reforcos-vindos-da-europa\/"]}]},{"@type":"ImageObject","inLanguage":"pt-BR","@id":"https:\/\/www.gaveanews.com\/index.php\/2025\/07\/26\/diretoria-do-flamengo-acerta-a-chegada-de-tres-reforcos-vindos-da-europa\/#primaryimage","url":"https:\/\/www.gaveanews.com\/wp-content\/uploads\/Apresentacao-de-Jose-Boto-no-Flamengo-Foto_-Marcelo-Cortes-_-CRF.webp","contentUrl":"https:\/\/www.gaveanews.com\/wp-content\/uploads\/Apresentacao-de-Jose-Boto-no-Flamengo-Foto_-Marcelo-Cortes-_-CRF.webp","width":2048,"height":1364},{"@type":"BreadcrumbList","@id":"https:\/\/www.gaveanews.com\/index.php\/2025\/07\/26\/diretoria-do-flamengo-acerta-a-chegada-de-tres-reforcos-vindos-da-europa\/#breadcrumb","itemListElement":[{"@type":"ListItem","position":1,"name":"Home","item":"https:\/\/www.gaveanews.com\/"},{"@type":"ListItem","position":2,"name":"Diretoria do Flamengo acerta a chegada de tr\u00eas refor\u00e7os vindos da Europa"}]},{"@type":"WebSite","@id":"https:\/\/www.gaveanews.com\/#website","url":"https:\/\/www.gaveanews.com\/","name":"G\u00e1vea News","description":"Veja todas as not\u00edcias sobre o Flamengo: Contrata\u00e7\u00f5es, categorias de base, resultados das partidas, tabela de classifica\u00e7\u00e3o, pr\u00f3ximos jogos!","potentialAction":[{"@type":"SearchAction","target":{"@type":"EntryPoint","urlTemplate":"https:\/\/www.gaveanews.com\/?s={search_term_string}"},"query-input":{"@type":"PropertyValueSpecification","valueRequired":true,"valueName":"search_term_string"}}],"inLanguage":"pt-BR"},{"@type":"Person","@id":"https:\/\/www.gaveanews.com\/#\/schema\/person\/0eb3e3fe1754f0205218538adbe8f5ed","name":"Rafaela Ladeira","image":{"@type":"ImageObject","inLanguage":"pt-BR","@id":"https:\/\/www.gaveanews.com\/#\/schema\/person\/image\/","url":"https:\/\/secure.gravatar.com\/avatar\/c31f513acffd85eacab5730cbdfdbbf59f21ba5aeada8cd890acea879fbb2455?s=96&d=mm&r=g","contentUrl":"https:\/\/secure.gravatar.com\/avatar\/c31f513acffd85eacab5730cbdfdbbf59f21ba5aeada8cd890acea879fbb2455?s=96&d=mm&r=g","caption":"Rafaela Ladeira"}}]}},"_links":{"self":[{"href":"https:\/\/www.gaveanews.com\/index.php\/wp-json\/wp\/v2\/posts\/273054","targetHints":{"allow":["GET"]}}],"collection":[{"href":"https:\/\/www.gaveanews.com\/index.php\/wp-json\/wp\/v2\/posts"}],"about":[{"href":"https:\/\/www.gaveanews.com\/index.php\/wp-json\/wp\/v2\/types\/post"}],"author":[{"embeddable":true,"href":"https:\/\/www.gaveanews.com\/index.php\/wp-json\/wp\/v2\/users\/25"}],"replies":[{"embeddable":true,"href":"https:\/\/www.gaveanews.com\/index.php\/wp-json\/wp\/v2\/comments?post=273054"}],"version-history":[{"count":1,"href":"https:\/\/www.gaveanews.com\/index.php\/wp-json\/wp\/v2\/posts\/273054\/revisions"}],"predecessor-version":[{"id":273055,"href":"https:\/\/www.gaveanews.com\/index.php\/wp-json\/wp\/v2\/posts\/273054\/revisions\/273055"}],"wp:featuredmedia":[{"embeddable":true,"href":"https:\/\/www.gaveanews.com\/index.php\/wp-json\/wp\/v2\/media\/205636"}],"wp:attachment":[{"href":"https:\/\/www.gaveanews.com\/index.php\/wp-json\/wp\/v2\/media?parent=273054"}],"wp:term":[{"taxonomy":"category","embeddable":true,"href":"https:\/\/www.gaveanews.com\/index.php\/wp-json\/wp\/v2\/categories?post=273054"},{"taxonomy":"post_tag","embeddable":true,"href":"https:\/\/www.gaveanews.com\/index.php\/wp-json\/wp\/v2\/tags?post=273054"}],"curies":[{"name":"wp","href":"https:\/\/api.w.org\/{rel}","templated":true}]}}