{"id":273058,"date":"2025-07-26T16:00:00","date_gmt":"2025-07-26T19:00:00","guid":{"rendered":"https:\/\/www.gaveanews.com\/?p=273058"},"modified":"2025-07-26T14:42:44","modified_gmt":"2025-07-26T17:42:44","slug":"filipe-luis-recebe-boa-noticia-para-o-jogo-entre-flamengo-x-atletico-mg","status":"publish","type":"post","link":"https:\/\/www.gaveanews.com\/index.php\/2025\/07\/26\/filipe-luis-recebe-boa-noticia-para-o-jogo-entre-flamengo-x-atletico-mg\/","title":{"rendered":"Filipe Lu\u00eds recebe boa not\u00edcia para o jogo entre Flamengo x Atl\u00e9tico-MG"},"content":{"rendered":"\n<p>O Flamengo se prepara para mais um desafio importante no Campeonato Brasileiro, e a comiss\u00e3o t\u00e9cnica comandada por Filipe Lu\u00eds ganhou motivos para comemorar.&nbsp;<\/p>\n\n\n\n<p>Isso porque dois jogadores que estavam fora por problemas f\u00edsicos treinaram normalmente nesta sexta-feira (25) e podem refor\u00e7ar o time j\u00e1 neste domingo (27), contra o Atl\u00e9tico-MG, no Maracan\u00e3, pela 17\u00aa rodada do torneio nacional.<\/p>\n\n\n\n<h2 class=\"wp-block-heading\" id=\"h-allan-e-gonzalo-plata-ficam-mais-proximos-de-voltar\">Allan e Gonzalo Plata ficam mais pr\u00f3ximos de voltar<\/h2>\n\n\n\n<p>O volante Allan, que desfalcou a equipe na vit\u00f3ria por 2 a 1 sobre o Red Bull Bragantino, deve retornar ap\u00f3s se recuperar de uma fascite plantar no p\u00e9 direito. Vale destacar que o jogador \u00e9 pe\u00e7a-chave no meio de campo rubro-negro, e sua presen\u00e7a fortalece o setor de marca\u00e7\u00e3o.&nbsp;<\/p>\n\n\n\n<p>J\u00e1 o atacante Gonzalo Plata, ausente nas \u00faltimas rodadas devido a uma tendinite na coxa direita, tamb\u00e9m foi liberado para treinar com o grupo. Por isso, a expectativa \u00e9 que ambos estejam \u00e0 disposi\u00e7\u00e3o para o confronto contra o Galo.<\/p>\n\n\n\n<h2 class=\"wp-block-heading\" id=\"h-departamento-medico-ainda-inspira-cuidados\">Departamento m\u00e9dico ainda inspira cuidados<\/h2>\n\n\n\n<p>Apesar disso, o Departamento M\u00e9dico do Flamengo continua movimentado. Danilo, De La Cruz, Michael e Alex Sandro seguem em recupera\u00e7\u00e3o, cada um em fase diferente de tratamento.&nbsp;<\/p>\n\n\n\n<p>Al\u00e9m disso, Ayrton Lucas permanece afastado ap\u00f3s sofrer um corte com exposi\u00e7\u00e3o \u00f3ssea na canela, enquanto Erick Pulgar se recupera de uma cirurgia no p\u00e9. Sendo assim, Filipe Lu\u00eds ainda precisar\u00e1 administrar aus\u00eancias importantes no elenco.<\/p>\n\n\n\n<h2 class=\"wp-block-heading\" id=\"h-jogo-contra-o-galo-vale-lideranca\">Jogo contra o Galo vale lideran\u00e7a<\/h2>\n\n\n\n<p>O Flamengo ocupa atualmente a segunda coloca\u00e7\u00e3o no Brasileir\u00e3o, com 33 pontos, apenas um a menos que o l\u00edder Cruzeiro, que tem um jogo a mais. Dessa maneira, caso o Rubro-Negro ven\u00e7a o Atl\u00e9tico-MG e o time mineiro tropece na rodada, o clube carioca reassumir\u00e1 a lideran\u00e7a da competi\u00e7\u00e3o.&nbsp;<\/p>\n\n\n\n<p>Cabe ressaltar que o Atl\u00e9tico-MG ocupa o nono lugar, com 20 pontos, e busca reagir na tabela.<\/p>\n\n\n\n<h2 class=\"wp-block-heading\" id=\"h-expectativa-de-casa-cheia-no-maracana\">Expectativa de casa cheia no Maracan\u00e3<\/h2>\n\n\n\n<p>A partida entre Flamengo e Atl\u00e9tico-MG est\u00e1 marcada para este domingo (27), \u00e0s 20h30 (hor\u00e1rio de Bras\u00edlia), no Maracan\u00e3.&nbsp;<\/p>\n\n\n\n<p>Com isso, a Na\u00e7\u00e3o Rubro-Negra deve comparecer em peso para empurrar o time rumo a mais uma vit\u00f3ria. Desse jeito, o ambiente promete ser decisivo dentro e fora das quatro linhas.<\/p>\n","protected":false},"excerpt":{"rendered":"<p>O Flamengo se prepara para mais um desafio importante no Campeonato Brasileiro, e a comiss\u00e3o t\u00e9cnica comandada por Filipe Lu\u00eds ganhou motivos para comemorar.&nbsp; Isso porque dois jogadores que estavam fora por problemas f\u00edsicos treinaram normalmente nesta sexta-feira (25) e podem refor\u00e7ar o time j\u00e1 neste domingo (27), contra o Atl\u00e9tico-MG, no Maracan\u00e3, pela 17\u00aa [&hellip;]<\/p>\n","protected":false},"author":25,"featured_media":171213,"comment_status":"open","ping_status":"closed","sticky":false,"template":"","format":"standard","meta":{"footnotes":""},"categories":[1],"tags":[],"class_list":["post-273058","post","type-post","status-publish","format-standard","has-post-thumbnail","hentry","category-flamengo"],"yoast_head":"<!-- This site is optimized with the Yoast SEO Premium plugin v24.2 (Yoast SEO v26.9) - https:\/\/yoast.com\/product\/yoast-seo-premium-wordpress\/ -->\n<title>Filipe Lu\u00eds recebe boa not\u00edcia para o jogo entre Flamengo x Atl\u00e9tico-MG<\/title>\n<meta name=\"robots\" content=\"index, follow, max-snippet:-1, max-image-preview:large, max-video-preview:-1\" \/>\n<link rel=\"canonical\" href=\"https:\/\/www.gaveanews.com\/index.php\/2025\/07\/26\/filipe-luis-recebe-boa-noticia-para-o-jogo-entre-flamengo-x-atletico-mg\/\" \/>\n<meta property=\"og:locale\" content=\"pt_BR\" \/>\n<meta property=\"og:type\" content=\"article\" \/>\n<meta property=\"og:title\" content=\"Filipe Lu\u00eds recebe boa not\u00edcia para o jogo entre Flamengo x Atl\u00e9tico-MG\" \/>\n<meta property=\"og:description\" content=\"O Flamengo se prepara para mais um desafio importante no Campeonato Brasileiro, e a comiss\u00e3o t\u00e9cnica comandada por Filipe Lu\u00eds ganhou motivos para comemorar.&nbsp; Isso porque dois jogadores que estavam fora por problemas f\u00edsicos treinaram normalmente nesta sexta-feira (25) e podem refor\u00e7ar o time j\u00e1 neste domingo (27), contra o Atl\u00e9tico-MG, no Maracan\u00e3, pela 17\u00aa [&hellip;]\" \/>\n<meta property=\"og:url\" content=\"https:\/\/www.gaveanews.com\/index.php\/2025\/07\/26\/filipe-luis-recebe-boa-noticia-para-o-jogo-entre-flamengo-x-atletico-mg\/\" \/>\n<meta property=\"og:site_name\" content=\"G\u00e1vea News\" \/>\n<meta property=\"article:publisher\" content=\"https:\/\/facebook.com\/gaveaNews\/\" \/>\n<meta property=\"article:published_time\" content=\"2025-07-26T19:00:00+00:00\" \/>\n<meta property=\"og:image\" content=\"https:\/\/www.gaveanews.com\/wp-content\/uploads\/Filipe-Luis-como-tecnico-do-Flamengo-em-2024.webp\" \/>\n\t<meta property=\"og:image:width\" content=\"1065\" \/>\n\t<meta property=\"og:image:height\" content=\"710\" \/>\n\t<meta property=\"og:image:type\" content=\"image\/webp\" \/>\n<meta name=\"author\" content=\"Rafaela Ladeira\" \/>\n<meta name=\"twitter:card\" content=\"summary_large_image\" \/>\n<meta name=\"twitter:label1\" content=\"Escrito por\" \/>\n\t<meta name=\"twitter:data1\" content=\"Rafaela Ladeira\" \/>\n\t<meta name=\"twitter:label2\" content=\"Est. tempo de leitura\" \/>\n\t<meta name=\"twitter:data2\" content=\"3 minutos\" \/>\n<script type=\"application\/ld+json\" class=\"yoast-schema-graph\">{\"@context\":\"https:\/\/schema.org\",\"@graph\":[{\"@type\":\"NewsArticle\",\"@id\":\"https:\/\/www.gaveanews.com\/index.php\/2025\/07\/26\/filipe-luis-recebe-boa-noticia-para-o-jogo-entre-flamengo-x-atletico-mg\/#article\",\"isPartOf\":{\"@id\":\"https:\/\/www.gaveanews.com\/index.php\/2025\/07\/26\/filipe-luis-recebe-boa-noticia-para-o-jogo-entre-flamengo-x-atletico-mg\/\"},\"author\":{\"name\":\"Rafaela Ladeira\",\"@id\":\"https:\/\/www.gaveanews.com\/#\/schema\/person\/0eb3e3fe1754f0205218538adbe8f5ed\"},\"headline\":\"Filipe Lu\u00eds recebe boa not\u00edcia para o jogo entre Flamengo x Atl\u00e9tico-MG\",\"datePublished\":\"2025-07-26T19:00:00+00:00\",\"mainEntityOfPage\":{\"@id\":\"https:\/\/www.gaveanews.com\/index.php\/2025\/07\/26\/filipe-luis-recebe-boa-noticia-para-o-jogo-entre-flamengo-x-atletico-mg\/\"},\"wordCount\":399,\"commentCount\":0,\"image\":{\"@id\":\"https:\/\/www.gaveanews.com\/index.php\/2025\/07\/26\/filipe-luis-recebe-boa-noticia-para-o-jogo-entre-flamengo-x-atletico-mg\/#primaryimage\"},\"thumbnailUrl\":\"https:\/\/www.gaveanews.com\/wp-content\/uploads\/Filipe-Luis-como-tecnico-do-Flamengo-em-2024.webp\",\"articleSection\":[\"Flamengo\"],\"inLanguage\":\"pt-BR\",\"potentialAction\":[{\"@type\":\"CommentAction\",\"name\":\"Comment\",\"target\":[\"https:\/\/www.gaveanews.com\/index.php\/2025\/07\/26\/filipe-luis-recebe-boa-noticia-para-o-jogo-entre-flamengo-x-atletico-mg\/#respond\"]}],\"copyrightYear\":\"2025\",\"copyrightHolder\":{\"@id\":\"https:\/\/www.gaveanews.com\/#organization\"}},{\"@type\":\"WebPage\",\"@id\":\"https:\/\/www.gaveanews.com\/index.php\/2025\/07\/26\/filipe-luis-recebe-boa-noticia-para-o-jogo-entre-flamengo-x-atletico-mg\/\",\"url\":\"https:\/\/www.gaveanews.com\/index.php\/2025\/07\/26\/filipe-luis-recebe-boa-noticia-para-o-jogo-entre-flamengo-x-atletico-mg\/\",\"name\":\"Filipe Lu\u00eds recebe boa not\u00edcia para o jogo entre Flamengo x Atl\u00e9tico-MG\",\"isPartOf\":{\"@id\":\"https:\/\/www.gaveanews.com\/#website\"},\"primaryImageOfPage\":{\"@id\":\"https:\/\/www.gaveanews.com\/index.php\/2025\/07\/26\/filipe-luis-recebe-boa-noticia-para-o-jogo-entre-flamengo-x-atletico-mg\/#primaryimage\"},\"image\":{\"@id\":\"https:\/\/www.gaveanews.com\/index.php\/2025\/07\/26\/filipe-luis-recebe-boa-noticia-para-o-jogo-entre-flamengo-x-atletico-mg\/#primaryimage\"},\"thumbnailUrl\":\"https:\/\/www.gaveanews.com\/wp-content\/uploads\/Filipe-Luis-como-tecnico-do-Flamengo-em-2024.webp\",\"datePublished\":\"2025-07-26T19:00:00+00:00\",\"author\":{\"@id\":\"https:\/\/www.gaveanews.com\/#\/schema\/person\/0eb3e3fe1754f0205218538adbe8f5ed\"},\"breadcrumb\":{\"@id\":\"https:\/\/www.gaveanews.com\/index.php\/2025\/07\/26\/filipe-luis-recebe-boa-noticia-para-o-jogo-entre-flamengo-x-atletico-mg\/#breadcrumb\"},\"inLanguage\":\"pt-BR\",\"potentialAction\":[{\"@type\":\"ReadAction\",\"target\":[\"https:\/\/www.gaveanews.com\/index.php\/2025\/07\/26\/filipe-luis-recebe-boa-noticia-para-o-jogo-entre-flamengo-x-atletico-mg\/\"]}]},{\"@type\":\"ImageObject\",\"inLanguage\":\"pt-BR\",\"@id\":\"https:\/\/www.gaveanews.com\/index.php\/2025\/07\/26\/filipe-luis-recebe-boa-noticia-para-o-jogo-entre-flamengo-x-atletico-mg\/#primaryimage\",\"url\":\"https:\/\/www.gaveanews.com\/wp-content\/uploads\/Filipe-Luis-como-tecnico-do-Flamengo-em-2024.webp\",\"contentUrl\":\"https:\/\/www.gaveanews.com\/wp-content\/uploads\/Filipe-Luis-como-tecnico-do-Flamengo-em-2024.webp\",\"width\":1065,\"height\":710,\"caption\":\"Filipe Lu\u00eds como t\u00e9cnico do Flamengo em (Foto: Gilvan de Souza e Marcelo Cortes \/ CRF)\"},{\"@type\":\"BreadcrumbList\",\"@id\":\"https:\/\/www.gaveanews.com\/index.php\/2025\/07\/26\/filipe-luis-recebe-boa-noticia-para-o-jogo-entre-flamengo-x-atletico-mg\/#breadcrumb\",\"itemListElement\":[{\"@type\":\"ListItem\",\"position\":1,\"name\":\"Home\",\"item\":\"https:\/\/www.gaveanews.com\/\"},{\"@type\":\"ListItem\",\"position\":2,\"name\":\"Filipe Lu\u00eds recebe boa not\u00edcia para o jogo entre Flamengo x Atl\u00e9tico-MG\"}]},{\"@type\":\"WebSite\",\"@id\":\"https:\/\/www.gaveanews.com\/#website\",\"url\":\"https:\/\/www.gaveanews.com\/\",\"name\":\"G\u00e1vea News\",\"description\":\"Veja todas as not\u00edcias sobre o Flamengo: Contrata\u00e7\u00f5es, categorias de base, resultados das partidas, tabela de classifica\u00e7\u00e3o, pr\u00f3ximos jogos!\",\"potentialAction\":[{\"@type\":\"SearchAction\",\"target\":{\"@type\":\"EntryPoint\",\"urlTemplate\":\"https:\/\/www.gaveanews.com\/?s={search_term_string}\"},\"query-input\":{\"@type\":\"PropertyValueSpecification\",\"valueRequired\":true,\"valueName\":\"search_term_string\"}}],\"inLanguage\":\"pt-BR\"},{\"@type\":\"Person\",\"@id\":\"https:\/\/www.gaveanews.com\/#\/schema\/person\/0eb3e3fe1754f0205218538adbe8f5ed\",\"name\":\"Rafaela Ladeira\",\"image\":{\"@type\":\"ImageObject\",\"inLanguage\":\"pt-BR\",\"@id\":\"https:\/\/www.gaveanews.com\/#\/schema\/person\/image\/\",\"url\":\"https:\/\/secure.gravatar.com\/avatar\/c31f513acffd85eacab5730cbdfdbbf59f21ba5aeada8cd890acea879fbb2455?s=96&d=mm&r=g\",\"contentUrl\":\"https:\/\/secure.gravatar.com\/avatar\/c31f513acffd85eacab5730cbdfdbbf59f21ba5aeada8cd890acea879fbb2455?s=96&d=mm&r=g\",\"caption\":\"Rafaela Ladeira\"}}]}<\/script>\n<!-- \/ Yoast SEO Premium plugin. -->","yoast_head_json":{"title":"Filipe Lu\u00eds recebe boa not\u00edcia para o jogo entre Flamengo x Atl\u00e9tico-MG","robots":{"index":"index","follow":"follow","max-snippet":"max-snippet:-1","max-image-preview":"max-image-preview:large","max-video-preview":"max-video-preview:-1"},"canonical":"https:\/\/www.gaveanews.com\/index.php\/2025\/07\/26\/filipe-luis-recebe-boa-noticia-para-o-jogo-entre-flamengo-x-atletico-mg\/","og_locale":"pt_BR","og_type":"article","og_title":"Filipe Lu\u00eds recebe boa not\u00edcia para o jogo entre Flamengo x Atl\u00e9tico-MG","og_description":"O Flamengo se prepara para mais um desafio importante no Campeonato Brasileiro, e a comiss\u00e3o t\u00e9cnica comandada por Filipe Lu\u00eds ganhou motivos para comemorar.&nbsp; Isso porque dois jogadores que estavam fora por problemas f\u00edsicos treinaram normalmente nesta sexta-feira (25) e podem refor\u00e7ar o time j\u00e1 neste domingo (27), contra o Atl\u00e9tico-MG, no Maracan\u00e3, pela 17\u00aa [&hellip;]","og_url":"https:\/\/www.gaveanews.com\/index.php\/2025\/07\/26\/filipe-luis-recebe-boa-noticia-para-o-jogo-entre-flamengo-x-atletico-mg\/","og_site_name":"G\u00e1vea News","article_publisher":"https:\/\/facebook.com\/gaveaNews\/","article_published_time":"2025-07-26T19:00:00+00:00","og_image":[{"width":1065,"height":710,"url":"https:\/\/www.gaveanews.com\/wp-content\/uploads\/Filipe-Luis-como-tecnico-do-Flamengo-em-2024.webp","type":"image\/webp"}],"author":"Rafaela Ladeira","twitter_card":"summary_large_image","twitter_misc":{"Escrito por":"Rafaela Ladeira","Est. tempo de leitura":"3 minutos"},"schema":{"@context":"https:\/\/schema.org","@graph":[{"@type":"NewsArticle","@id":"https:\/\/www.gaveanews.com\/index.php\/2025\/07\/26\/filipe-luis-recebe-boa-noticia-para-o-jogo-entre-flamengo-x-atletico-mg\/#article","isPartOf":{"@id":"https:\/\/www.gaveanews.com\/index.php\/2025\/07\/26\/filipe-luis-recebe-boa-noticia-para-o-jogo-entre-flamengo-x-atletico-mg\/"},"author":{"name":"Rafaela Ladeira","@id":"https:\/\/www.gaveanews.com\/#\/schema\/person\/0eb3e3fe1754f0205218538adbe8f5ed"},"headline":"Filipe Lu\u00eds recebe boa not\u00edcia para o jogo entre Flamengo x Atl\u00e9tico-MG","datePublished":"2025-07-26T19:00:00+00:00","mainEntityOfPage":{"@id":"https:\/\/www.gaveanews.com\/index.php\/2025\/07\/26\/filipe-luis-recebe-boa-noticia-para-o-jogo-entre-flamengo-x-atletico-mg\/"},"wordCount":399,"commentCount":0,"image":{"@id":"https:\/\/www.gaveanews.com\/index.php\/2025\/07\/26\/filipe-luis-recebe-boa-noticia-para-o-jogo-entre-flamengo-x-atletico-mg\/#primaryimage"},"thumbnailUrl":"https:\/\/www.gaveanews.com\/wp-content\/uploads\/Filipe-Luis-como-tecnico-do-Flamengo-em-2024.webp","articleSection":["Flamengo"],"inLanguage":"pt-BR","potentialAction":[{"@type":"CommentAction","name":"Comment","target":["https:\/\/www.gaveanews.com\/index.php\/2025\/07\/26\/filipe-luis-recebe-boa-noticia-para-o-jogo-entre-flamengo-x-atletico-mg\/#respond"]}],"copyrightYear":"2025","copyrightHolder":{"@id":"https:\/\/www.gaveanews.com\/#organization"}},{"@type":"WebPage","@id":"https:\/\/www.gaveanews.com\/index.php\/2025\/07\/26\/filipe-luis-recebe-boa-noticia-para-o-jogo-entre-flamengo-x-atletico-mg\/","url":"https:\/\/www.gaveanews.com\/index.php\/2025\/07\/26\/filipe-luis-recebe-boa-noticia-para-o-jogo-entre-flamengo-x-atletico-mg\/","name":"Filipe Lu\u00eds recebe boa not\u00edcia para o jogo entre Flamengo x Atl\u00e9tico-MG","isPartOf":{"@id":"https:\/\/www.gaveanews.com\/#website"},"primaryImageOfPage":{"@id":"https:\/\/www.gaveanews.com\/index.php\/2025\/07\/26\/filipe-luis-recebe-boa-noticia-para-o-jogo-entre-flamengo-x-atletico-mg\/#primaryimage"},"image":{"@id":"https:\/\/www.gaveanews.com\/index.php\/2025\/07\/26\/filipe-luis-recebe-boa-noticia-para-o-jogo-entre-flamengo-x-atletico-mg\/#primaryimage"},"thumbnailUrl":"https:\/\/www.gaveanews.com\/wp-content\/uploads\/Filipe-Luis-como-tecnico-do-Flamengo-em-2024.webp","datePublished":"2025-07-26T19:00:00+00:00","author":{"@id":"https:\/\/www.gaveanews.com\/#\/schema\/person\/0eb3e3fe1754f0205218538adbe8f5ed"},"breadcrumb":{"@id":"https:\/\/www.gaveanews.com\/index.php\/2025\/07\/26\/filipe-luis-recebe-boa-noticia-para-o-jogo-entre-flamengo-x-atletico-mg\/#breadcrumb"},"inLanguage":"pt-BR","potentialAction":[{"@type":"ReadAction","target":["https:\/\/www.gaveanews.com\/index.php\/2025\/07\/26\/filipe-luis-recebe-boa-noticia-para-o-jogo-entre-flamengo-x-atletico-mg\/"]}]},{"@type":"ImageObject","inLanguage":"pt-BR","@id":"https:\/\/www.gaveanews.com\/index.php\/2025\/07\/26\/filipe-luis-recebe-boa-noticia-para-o-jogo-entre-flamengo-x-atletico-mg\/#primaryimage","url":"https:\/\/www.gaveanews.com\/wp-content\/uploads\/Filipe-Luis-como-tecnico-do-Flamengo-em-2024.webp","contentUrl":"https:\/\/www.gaveanews.com\/wp-content\/uploads\/Filipe-Luis-como-tecnico-do-Flamengo-em-2024.webp","width":1065,"height":710,"caption":"Filipe Lu\u00eds como t\u00e9cnico do Flamengo em (Foto: Gilvan de Souza e Marcelo Cortes \/ CRF)"},{"@type":"BreadcrumbList","@id":"https:\/\/www.gaveanews.com\/index.php\/2025\/07\/26\/filipe-luis-recebe-boa-noticia-para-o-jogo-entre-flamengo-x-atletico-mg\/#breadcrumb","itemListElement":[{"@type":"ListItem","position":1,"name":"Home","item":"https:\/\/www.gaveanews.com\/"},{"@type":"ListItem","position":2,"name":"Filipe Lu\u00eds recebe boa not\u00edcia para o jogo entre Flamengo x Atl\u00e9tico-MG"}]},{"@type":"WebSite","@id":"https:\/\/www.gaveanews.com\/#website","url":"https:\/\/www.gaveanews.com\/","name":"G\u00e1vea News","description":"Veja todas as not\u00edcias sobre o Flamengo: Contrata\u00e7\u00f5es, categorias de base, resultados das partidas, tabela de classifica\u00e7\u00e3o, pr\u00f3ximos jogos!","potentialAction":[{"@type":"SearchAction","target":{"@type":"EntryPoint","urlTemplate":"https:\/\/www.gaveanews.com\/?s={search_term_string}"},"query-input":{"@type":"PropertyValueSpecification","valueRequired":true,"valueName":"search_term_string"}}],"inLanguage":"pt-BR"},{"@type":"Person","@id":"https:\/\/www.gaveanews.com\/#\/schema\/person\/0eb3e3fe1754f0205218538adbe8f5ed","name":"Rafaela Ladeira","image":{"@type":"ImageObject","inLanguage":"pt-BR","@id":"https:\/\/www.gaveanews.com\/#\/schema\/person\/image\/","url":"https:\/\/secure.gravatar.com\/avatar\/c31f513acffd85eacab5730cbdfdbbf59f21ba5aeada8cd890acea879fbb2455?s=96&d=mm&r=g","contentUrl":"https:\/\/secure.gravatar.com\/avatar\/c31f513acffd85eacab5730cbdfdbbf59f21ba5aeada8cd890acea879fbb2455?s=96&d=mm&r=g","caption":"Rafaela Ladeira"}}]}},"_links":{"self":[{"href":"https:\/\/www.gaveanews.com\/index.php\/wp-json\/wp\/v2\/posts\/273058","targetHints":{"allow":["GET"]}}],"collection":[{"href":"https:\/\/www.gaveanews.com\/index.php\/wp-json\/wp\/v2\/posts"}],"about":[{"href":"https:\/\/www.gaveanews.com\/index.php\/wp-json\/wp\/v2\/types\/post"}],"author":[{"embeddable":true,"href":"https:\/\/www.gaveanews.com\/index.php\/wp-json\/wp\/v2\/users\/25"}],"replies":[{"embeddable":true,"href":"https:\/\/www.gaveanews.com\/index.php\/wp-json\/wp\/v2\/comments?post=273058"}],"version-history":[{"count":1,"href":"https:\/\/www.gaveanews.com\/index.php\/wp-json\/wp\/v2\/posts\/273058\/revisions"}],"predecessor-version":[{"id":273059,"href":"https:\/\/www.gaveanews.com\/index.php\/wp-json\/wp\/v2\/posts\/273058\/revisions\/273059"}],"wp:featuredmedia":[{"embeddable":true,"href":"https:\/\/www.gaveanews.com\/index.php\/wp-json\/wp\/v2\/media\/171213"}],"wp:attachment":[{"href":"https:\/\/www.gaveanews.com\/index.php\/wp-json\/wp\/v2\/media?parent=273058"}],"wp:term":[{"taxonomy":"category","embeddable":true,"href":"https:\/\/www.gaveanews.com\/index.php\/wp-json\/wp\/v2\/categories?post=273058"},{"taxonomy":"post_tag","embeddable":true,"href":"https:\/\/www.gaveanews.com\/index.php\/wp-json\/wp\/v2\/tags?post=273058"}],"curies":[{"name":"wp","href":"https:\/\/api.w.org\/{rel}","templated":true}]}}