{"id":273102,"date":"2025-07-28T22:49:31","date_gmt":"2025-07-29T01:49:31","guid":{"rendered":"https:\/\/www.gaveanews.com\/?p=273102"},"modified":"2025-07-28T22:49:34","modified_gmt":"2025-07-29T01:49:34","slug":"flamengo-filipe-luis-se-posiciona-apos-declaracao-polemica-de-alcaraz","status":"publish","type":"post","link":"https:\/\/www.gaveanews.com\/index.php\/2025\/07\/28\/flamengo-filipe-luis-se-posiciona-apos-declaracao-polemica-de-alcaraz\/","title":{"rendered":"Flamengo: Filipe Lu\u00eds se posiciona ap\u00f3s declara\u00e7\u00e3o pol\u00eamica de Alcaraz"},"content":{"rendered":"\n<p>Maior contrata\u00e7\u00e3o da hist\u00f3ria do Flamengo at\u00e9 o momento e prestes a ser superado por Samuel Lino, Carlos Alcaraz desabafou sobre sua r\u00e1pida passagem pelo clube carioca. Depois de um amistoso contra o Bournemouth, o argentino concedeu entrevista \u00e0 ESPN e disse que falaram mentiras sobre ele ap\u00f3s sua sa\u00edda do Rubro-Negro.<\/p>\n\n\n\n<p>Apesar de n\u00e3o nomear quem mentiu, Carlos Alcaraz afirmou que o t\u00e9cnico Filipe Lu\u00eds e o diretor esportivo, Jos\u00e9 Boto, sabem o motivo de sua sa\u00edda do Flamengo. Charly disse que gostaria de ter ficado e agradeceu o carinho do torcedor.<\/p>\n\n\n\n<p>&#8220;N\u00e3o tenho muito o que dizer. O pouco tempo que passei no\u00a0Flamengo\u00a0foi muito bonito, tenho muito carinho pela torcida. S\u00f3 tenho que dizer que tudo que disseram de mim \u00e9 mentira. Falaram muitas coisas de mim. Filipe (Lu\u00eds), (Jos\u00e9) Boto e eu sabemos por que eu decidi sair. S\u00f3 isso. Que as pessoas fiquem tranquilas. Eu realmente queria ficar no Flamengo, queria ficar porque sei o n\u00edvel de jogador que sou. Tentaram colocar as pessoas contra mim&#8221;, iniciou Alcaraz.<\/p>\n\n\n\n<p>&#8220;A verdade \u00e9 que em todos os clubes que passei fui bem. E n\u00e3o foi o caso neste. Sempre que coloquei a camisa do Flamengo, sabia a responsabilidade que tinha, o que tinha que fazer. Depois que falaram que n\u00e3o encontraram a posi\u00e7\u00e3o, obviamente que n\u00e3o gostei. Sou jogador e posso me acomodar em qualquer posi\u00e7\u00e3o. Hoje aconteceu de eu jogar em uma posi\u00e7\u00e3o totalmente nova e tratei de me habituar&#8221;, finalizou.<\/p>\n\n\n\n<p>Depois da vit\u00f3ria do Flamengo em cima do Atl\u00e9tico-MG, o t\u00e9cnico Filipe Lu\u00eds foi perguntado sobre o tema e se posicionou. O comandante do Fla elogiou Alcaraz, demonstrou carinho, mas disse que j\u00e1 havia falado tudo sobre logo ap\u00f3s sua sa\u00edda, ainda no in\u00edcio do ano.<\/p>\n\n\n\n<p>&#8220;Eu falei j\u00e1. \u00c9 um menino que tenho um carinho gigantesco, foi campe\u00e3o do meu lado. S\u00f3 rever a entrevista e est\u00e1 ali tudo que eu penso. Ele sabe o carinho que eu tenho. Desejo o melhor e sou absolutamente agradecido por tudo&#8221;, disse Filipe Lu\u00eds.<\/p>\n","protected":false},"excerpt":{"rendered":"<p>Maior contrata\u00e7\u00e3o da hist\u00f3ria do Flamengo at\u00e9 o momento e prestes a ser superado por Samuel Lino, Carlos Alcaraz desabafou sobre sua r\u00e1pida passagem pelo clube carioca. Depois de um amistoso contra o Bournemouth, o argentino concedeu entrevista \u00e0 ESPN e disse que falaram mentiras sobre ele ap\u00f3s sua sa\u00edda do Rubro-Negro. Apesar de n\u00e3o [&hellip;]<\/p>\n","protected":false},"author":32,"featured_media":173982,"comment_status":"open","ping_status":"closed","sticky":false,"template":"","format":"standard","meta":{"footnotes":""},"categories":[1],"tags":[],"class_list":["post-273102","post","type-post","status-publish","format-standard","has-post-thumbnail","hentry","category-flamengo"],"yoast_head":"<!-- This site is optimized with the Yoast SEO Premium plugin v24.2 (Yoast SEO v26.9) - https:\/\/yoast.com\/product\/yoast-seo-premium-wordpress\/ -->\n<title>Flamengo: Filipe Lu\u00eds se posiciona ap\u00f3s declara\u00e7\u00e3o pol\u00eamica de Alcaraz<\/title>\n<meta name=\"robots\" content=\"index, follow, max-snippet:-1, max-image-preview:large, max-video-preview:-1\" \/>\n<link rel=\"canonical\" href=\"https:\/\/www.gaveanews.com\/index.php\/2025\/07\/28\/flamengo-filipe-luis-se-posiciona-apos-declaracao-polemica-de-alcaraz\/\" \/>\n<meta property=\"og:locale\" content=\"pt_BR\" \/>\n<meta property=\"og:type\" content=\"article\" \/>\n<meta property=\"og:title\" content=\"Flamengo: Filipe Lu\u00eds se posiciona ap\u00f3s declara\u00e7\u00e3o pol\u00eamica de Alcaraz\" \/>\n<meta property=\"og:description\" content=\"Maior contrata\u00e7\u00e3o da hist\u00f3ria do Flamengo at\u00e9 o momento e prestes a ser superado por Samuel Lino, Carlos Alcaraz desabafou sobre sua r\u00e1pida passagem pelo clube carioca. Depois de um amistoso contra o Bournemouth, o argentino concedeu entrevista \u00e0 ESPN e disse que falaram mentiras sobre ele ap\u00f3s sua sa\u00edda do Rubro-Negro. Apesar de n\u00e3o [&hellip;]\" \/>\n<meta property=\"og:url\" content=\"https:\/\/www.gaveanews.com\/index.php\/2025\/07\/28\/flamengo-filipe-luis-se-posiciona-apos-declaracao-polemica-de-alcaraz\/\" \/>\n<meta property=\"og:site_name\" content=\"G\u00e1vea News\" \/>\n<meta property=\"article:publisher\" content=\"https:\/\/facebook.com\/gaveaNews\/\" \/>\n<meta property=\"article:published_time\" content=\"2025-07-29T01:49:31+00:00\" \/>\n<meta property=\"article:modified_time\" content=\"2025-07-29T01:49:34+00:00\" \/>\n<meta property=\"og:image\" content=\"http:\/\/www.gaveanews.com\/wp-content\/uploads\/Alcaraz-pelo-Flamengo.webp\" \/>\n\t<meta property=\"og:image:width\" content=\"714\" \/>\n\t<meta property=\"og:image:height\" content=\"530\" \/>\n\t<meta property=\"og:image:type\" content=\"image\/jpeg\" \/>\n<meta name=\"author\" content=\"Matheus Leal\" \/>\n<meta name=\"twitter:card\" content=\"summary_large_image\" \/>\n<meta name=\"twitter:label1\" content=\"Escrito por\" \/>\n\t<meta name=\"twitter:data1\" content=\"Matheus Leal\" \/>\n\t<meta name=\"twitter:label2\" content=\"Est. tempo de leitura\" \/>\n\t<meta name=\"twitter:data2\" content=\"3 minutos\" \/>\n<script type=\"application\/ld+json\" class=\"yoast-schema-graph\">{\"@context\":\"https:\/\/schema.org\",\"@graph\":[{\"@type\":\"NewsArticle\",\"@id\":\"https:\/\/www.gaveanews.com\/index.php\/2025\/07\/28\/flamengo-filipe-luis-se-posiciona-apos-declaracao-polemica-de-alcaraz\/#article\",\"isPartOf\":{\"@id\":\"https:\/\/www.gaveanews.com\/index.php\/2025\/07\/28\/flamengo-filipe-luis-se-posiciona-apos-declaracao-polemica-de-alcaraz\/\"},\"author\":{\"name\":\"Matheus Leal\",\"@id\":\"https:\/\/www.gaveanews.com\/#\/schema\/person\/49ac99b6823a2b8d5087a6ce3aaaa128\"},\"headline\":\"Flamengo: Filipe Lu\u00eds se posiciona ap\u00f3s declara\u00e7\u00e3o pol\u00eamica de Alcaraz\",\"datePublished\":\"2025-07-29T01:49:31+00:00\",\"dateModified\":\"2025-07-29T01:49:34+00:00\",\"mainEntityOfPage\":{\"@id\":\"https:\/\/www.gaveanews.com\/index.php\/2025\/07\/28\/flamengo-filipe-luis-se-posiciona-apos-declaracao-polemica-de-alcaraz\/\"},\"wordCount\":375,\"commentCount\":0,\"image\":{\"@id\":\"https:\/\/www.gaveanews.com\/index.php\/2025\/07\/28\/flamengo-filipe-luis-se-posiciona-apos-declaracao-polemica-de-alcaraz\/#primaryimage\"},\"thumbnailUrl\":\"https:\/\/www.gaveanews.com\/wp-content\/uploads\/Alcaraz-pelo-Flamengo.webp\",\"articleSection\":[\"Flamengo\"],\"inLanguage\":\"pt-BR\",\"potentialAction\":[{\"@type\":\"CommentAction\",\"name\":\"Comment\",\"target\":[\"https:\/\/www.gaveanews.com\/index.php\/2025\/07\/28\/flamengo-filipe-luis-se-posiciona-apos-declaracao-polemica-de-alcaraz\/#respond\"]}],\"copyrightYear\":\"2025\",\"copyrightHolder\":{\"@id\":\"https:\/\/www.gaveanews.com\/#organization\"}},{\"@type\":\"WebPage\",\"@id\":\"https:\/\/www.gaveanews.com\/index.php\/2025\/07\/28\/flamengo-filipe-luis-se-posiciona-apos-declaracao-polemica-de-alcaraz\/\",\"url\":\"https:\/\/www.gaveanews.com\/index.php\/2025\/07\/28\/flamengo-filipe-luis-se-posiciona-apos-declaracao-polemica-de-alcaraz\/\",\"name\":\"Flamengo: Filipe Lu\u00eds se posiciona ap\u00f3s declara\u00e7\u00e3o pol\u00eamica de Alcaraz\",\"isPartOf\":{\"@id\":\"https:\/\/www.gaveanews.com\/#website\"},\"primaryImageOfPage\":{\"@id\":\"https:\/\/www.gaveanews.com\/index.php\/2025\/07\/28\/flamengo-filipe-luis-se-posiciona-apos-declaracao-polemica-de-alcaraz\/#primaryimage\"},\"image\":{\"@id\":\"https:\/\/www.gaveanews.com\/index.php\/2025\/07\/28\/flamengo-filipe-luis-se-posiciona-apos-declaracao-polemica-de-alcaraz\/#primaryimage\"},\"thumbnailUrl\":\"https:\/\/www.gaveanews.com\/wp-content\/uploads\/Alcaraz-pelo-Flamengo.webp\",\"datePublished\":\"2025-07-29T01:49:31+00:00\",\"dateModified\":\"2025-07-29T01:49:34+00:00\",\"author\":{\"@id\":\"https:\/\/www.gaveanews.com\/#\/schema\/person\/49ac99b6823a2b8d5087a6ce3aaaa128\"},\"breadcrumb\":{\"@id\":\"https:\/\/www.gaveanews.com\/index.php\/2025\/07\/28\/flamengo-filipe-luis-se-posiciona-apos-declaracao-polemica-de-alcaraz\/#breadcrumb\"},\"inLanguage\":\"pt-BR\",\"potentialAction\":[{\"@type\":\"ReadAction\",\"target\":[\"https:\/\/www.gaveanews.com\/index.php\/2025\/07\/28\/flamengo-filipe-luis-se-posiciona-apos-declaracao-polemica-de-alcaraz\/\"]}]},{\"@type\":\"ImageObject\",\"inLanguage\":\"pt-BR\",\"@id\":\"https:\/\/www.gaveanews.com\/index.php\/2025\/07\/28\/flamengo-filipe-luis-se-posiciona-apos-declaracao-polemica-de-alcaraz\/#primaryimage\",\"url\":\"https:\/\/www.gaveanews.com\/wp-content\/uploads\/Alcaraz-pelo-Flamengo.webp\",\"contentUrl\":\"https:\/\/www.gaveanews.com\/wp-content\/uploads\/Alcaraz-pelo-Flamengo.webp\",\"width\":714,\"height\":530,\"caption\":\"Alcaraz pelo Flamengo (Foto: Gilvan de Souza\/CRF)\"},{\"@type\":\"BreadcrumbList\",\"@id\":\"https:\/\/www.gaveanews.com\/index.php\/2025\/07\/28\/flamengo-filipe-luis-se-posiciona-apos-declaracao-polemica-de-alcaraz\/#breadcrumb\",\"itemListElement\":[{\"@type\":\"ListItem\",\"position\":1,\"name\":\"Home\",\"item\":\"https:\/\/www.gaveanews.com\/\"},{\"@type\":\"ListItem\",\"position\":2,\"name\":\"Flamengo: Filipe Lu\u00eds se posiciona ap\u00f3s declara\u00e7\u00e3o pol\u00eamica de Alcaraz\"}]},{\"@type\":\"WebSite\",\"@id\":\"https:\/\/www.gaveanews.com\/#website\",\"url\":\"https:\/\/www.gaveanews.com\/\",\"name\":\"G\u00e1vea News\",\"description\":\"Veja todas as not\u00edcias sobre o Flamengo: Contrata\u00e7\u00f5es, categorias de base, resultados das partidas, tabela de classifica\u00e7\u00e3o, pr\u00f3ximos jogos!\",\"potentialAction\":[{\"@type\":\"SearchAction\",\"target\":{\"@type\":\"EntryPoint\",\"urlTemplate\":\"https:\/\/www.gaveanews.com\/?s={search_term_string}\"},\"query-input\":{\"@type\":\"PropertyValueSpecification\",\"valueRequired\":true,\"valueName\":\"search_term_string\"}}],\"inLanguage\":\"pt-BR\"},{\"@type\":\"Person\",\"@id\":\"https:\/\/www.gaveanews.com\/#\/schema\/person\/49ac99b6823a2b8d5087a6ce3aaaa128\",\"name\":\"Matheus Leal\",\"image\":{\"@type\":\"ImageObject\",\"inLanguage\":\"pt-BR\",\"@id\":\"https:\/\/www.gaveanews.com\/#\/schema\/person\/image\/\",\"url\":\"https:\/\/secure.gravatar.com\/avatar\/21c52300d1234416f9c886f6dadd7452d8b035ac505314a51e4f56731e90c481?s=96&d=mm&r=g\",\"contentUrl\":\"https:\/\/secure.gravatar.com\/avatar\/21c52300d1234416f9c886f6dadd7452d8b035ac505314a51e4f56731e90c481?s=96&d=mm&r=g\",\"caption\":\"Matheus Leal\"}}]}<\/script>\n<!-- \/ Yoast SEO Premium plugin. -->","yoast_head_json":{"title":"Flamengo: Filipe Lu\u00eds se posiciona ap\u00f3s declara\u00e7\u00e3o pol\u00eamica de Alcaraz","robots":{"index":"index","follow":"follow","max-snippet":"max-snippet:-1","max-image-preview":"max-image-preview:large","max-video-preview":"max-video-preview:-1"},"canonical":"https:\/\/www.gaveanews.com\/index.php\/2025\/07\/28\/flamengo-filipe-luis-se-posiciona-apos-declaracao-polemica-de-alcaraz\/","og_locale":"pt_BR","og_type":"article","og_title":"Flamengo: Filipe Lu\u00eds se posiciona ap\u00f3s declara\u00e7\u00e3o pol\u00eamica de Alcaraz","og_description":"Maior contrata\u00e7\u00e3o da hist\u00f3ria do Flamengo at\u00e9 o momento e prestes a ser superado por Samuel Lino, Carlos Alcaraz desabafou sobre sua r\u00e1pida passagem pelo clube carioca. Depois de um amistoso contra o Bournemouth, o argentino concedeu entrevista \u00e0 ESPN e disse que falaram mentiras sobre ele ap\u00f3s sua sa\u00edda do Rubro-Negro. Apesar de n\u00e3o [&hellip;]","og_url":"https:\/\/www.gaveanews.com\/index.php\/2025\/07\/28\/flamengo-filipe-luis-se-posiciona-apos-declaracao-polemica-de-alcaraz\/","og_site_name":"G\u00e1vea News","article_publisher":"https:\/\/facebook.com\/gaveaNews\/","article_published_time":"2025-07-29T01:49:31+00:00","article_modified_time":"2025-07-29T01:49:34+00:00","og_image":[{"width":714,"height":530,"url":"http:\/\/www.gaveanews.com\/wp-content\/uploads\/Alcaraz-pelo-Flamengo.webp","type":"image\/jpeg"}],"author":"Matheus Leal","twitter_card":"summary_large_image","twitter_misc":{"Escrito por":"Matheus Leal","Est. tempo de leitura":"3 minutos"},"schema":{"@context":"https:\/\/schema.org","@graph":[{"@type":"NewsArticle","@id":"https:\/\/www.gaveanews.com\/index.php\/2025\/07\/28\/flamengo-filipe-luis-se-posiciona-apos-declaracao-polemica-de-alcaraz\/#article","isPartOf":{"@id":"https:\/\/www.gaveanews.com\/index.php\/2025\/07\/28\/flamengo-filipe-luis-se-posiciona-apos-declaracao-polemica-de-alcaraz\/"},"author":{"name":"Matheus Leal","@id":"https:\/\/www.gaveanews.com\/#\/schema\/person\/49ac99b6823a2b8d5087a6ce3aaaa128"},"headline":"Flamengo: Filipe Lu\u00eds se posiciona ap\u00f3s declara\u00e7\u00e3o pol\u00eamica de Alcaraz","datePublished":"2025-07-29T01:49:31+00:00","dateModified":"2025-07-29T01:49:34+00:00","mainEntityOfPage":{"@id":"https:\/\/www.gaveanews.com\/index.php\/2025\/07\/28\/flamengo-filipe-luis-se-posiciona-apos-declaracao-polemica-de-alcaraz\/"},"wordCount":375,"commentCount":0,"image":{"@id":"https:\/\/www.gaveanews.com\/index.php\/2025\/07\/28\/flamengo-filipe-luis-se-posiciona-apos-declaracao-polemica-de-alcaraz\/#primaryimage"},"thumbnailUrl":"https:\/\/www.gaveanews.com\/wp-content\/uploads\/Alcaraz-pelo-Flamengo.webp","articleSection":["Flamengo"],"inLanguage":"pt-BR","potentialAction":[{"@type":"CommentAction","name":"Comment","target":["https:\/\/www.gaveanews.com\/index.php\/2025\/07\/28\/flamengo-filipe-luis-se-posiciona-apos-declaracao-polemica-de-alcaraz\/#respond"]}],"copyrightYear":"2025","copyrightHolder":{"@id":"https:\/\/www.gaveanews.com\/#organization"}},{"@type":"WebPage","@id":"https:\/\/www.gaveanews.com\/index.php\/2025\/07\/28\/flamengo-filipe-luis-se-posiciona-apos-declaracao-polemica-de-alcaraz\/","url":"https:\/\/www.gaveanews.com\/index.php\/2025\/07\/28\/flamengo-filipe-luis-se-posiciona-apos-declaracao-polemica-de-alcaraz\/","name":"Flamengo: Filipe Lu\u00eds se posiciona ap\u00f3s declara\u00e7\u00e3o pol\u00eamica de Alcaraz","isPartOf":{"@id":"https:\/\/www.gaveanews.com\/#website"},"primaryImageOfPage":{"@id":"https:\/\/www.gaveanews.com\/index.php\/2025\/07\/28\/flamengo-filipe-luis-se-posiciona-apos-declaracao-polemica-de-alcaraz\/#primaryimage"},"image":{"@id":"https:\/\/www.gaveanews.com\/index.php\/2025\/07\/28\/flamengo-filipe-luis-se-posiciona-apos-declaracao-polemica-de-alcaraz\/#primaryimage"},"thumbnailUrl":"https:\/\/www.gaveanews.com\/wp-content\/uploads\/Alcaraz-pelo-Flamengo.webp","datePublished":"2025-07-29T01:49:31+00:00","dateModified":"2025-07-29T01:49:34+00:00","author":{"@id":"https:\/\/www.gaveanews.com\/#\/schema\/person\/49ac99b6823a2b8d5087a6ce3aaaa128"},"breadcrumb":{"@id":"https:\/\/www.gaveanews.com\/index.php\/2025\/07\/28\/flamengo-filipe-luis-se-posiciona-apos-declaracao-polemica-de-alcaraz\/#breadcrumb"},"inLanguage":"pt-BR","potentialAction":[{"@type":"ReadAction","target":["https:\/\/www.gaveanews.com\/index.php\/2025\/07\/28\/flamengo-filipe-luis-se-posiciona-apos-declaracao-polemica-de-alcaraz\/"]}]},{"@type":"ImageObject","inLanguage":"pt-BR","@id":"https:\/\/www.gaveanews.com\/index.php\/2025\/07\/28\/flamengo-filipe-luis-se-posiciona-apos-declaracao-polemica-de-alcaraz\/#primaryimage","url":"https:\/\/www.gaveanews.com\/wp-content\/uploads\/Alcaraz-pelo-Flamengo.webp","contentUrl":"https:\/\/www.gaveanews.com\/wp-content\/uploads\/Alcaraz-pelo-Flamengo.webp","width":714,"height":530,"caption":"Alcaraz pelo Flamengo (Foto: Gilvan de Souza\/CRF)"},{"@type":"BreadcrumbList","@id":"https:\/\/www.gaveanews.com\/index.php\/2025\/07\/28\/flamengo-filipe-luis-se-posiciona-apos-declaracao-polemica-de-alcaraz\/#breadcrumb","itemListElement":[{"@type":"ListItem","position":1,"name":"Home","item":"https:\/\/www.gaveanews.com\/"},{"@type":"ListItem","position":2,"name":"Flamengo: Filipe Lu\u00eds se posiciona ap\u00f3s declara\u00e7\u00e3o pol\u00eamica de Alcaraz"}]},{"@type":"WebSite","@id":"https:\/\/www.gaveanews.com\/#website","url":"https:\/\/www.gaveanews.com\/","name":"G\u00e1vea News","description":"Veja todas as not\u00edcias sobre o Flamengo: Contrata\u00e7\u00f5es, categorias de base, resultados das partidas, tabela de classifica\u00e7\u00e3o, pr\u00f3ximos jogos!","potentialAction":[{"@type":"SearchAction","target":{"@type":"EntryPoint","urlTemplate":"https:\/\/www.gaveanews.com\/?s={search_term_string}"},"query-input":{"@type":"PropertyValueSpecification","valueRequired":true,"valueName":"search_term_string"}}],"inLanguage":"pt-BR"},{"@type":"Person","@id":"https:\/\/www.gaveanews.com\/#\/schema\/person\/49ac99b6823a2b8d5087a6ce3aaaa128","name":"Matheus Leal","image":{"@type":"ImageObject","inLanguage":"pt-BR","@id":"https:\/\/www.gaveanews.com\/#\/schema\/person\/image\/","url":"https:\/\/secure.gravatar.com\/avatar\/21c52300d1234416f9c886f6dadd7452d8b035ac505314a51e4f56731e90c481?s=96&d=mm&r=g","contentUrl":"https:\/\/secure.gravatar.com\/avatar\/21c52300d1234416f9c886f6dadd7452d8b035ac505314a51e4f56731e90c481?s=96&d=mm&r=g","caption":"Matheus Leal"}}]}},"_links":{"self":[{"href":"https:\/\/www.gaveanews.com\/index.php\/wp-json\/wp\/v2\/posts\/273102","targetHints":{"allow":["GET"]}}],"collection":[{"href":"https:\/\/www.gaveanews.com\/index.php\/wp-json\/wp\/v2\/posts"}],"about":[{"href":"https:\/\/www.gaveanews.com\/index.php\/wp-json\/wp\/v2\/types\/post"}],"author":[{"embeddable":true,"href":"https:\/\/www.gaveanews.com\/index.php\/wp-json\/wp\/v2\/users\/32"}],"replies":[{"embeddable":true,"href":"https:\/\/www.gaveanews.com\/index.php\/wp-json\/wp\/v2\/comments?post=273102"}],"version-history":[{"count":1,"href":"https:\/\/www.gaveanews.com\/index.php\/wp-json\/wp\/v2\/posts\/273102\/revisions"}],"predecessor-version":[{"id":273104,"href":"https:\/\/www.gaveanews.com\/index.php\/wp-json\/wp\/v2\/posts\/273102\/revisions\/273104"}],"wp:featuredmedia":[{"embeddable":true,"href":"https:\/\/www.gaveanews.com\/index.php\/wp-json\/wp\/v2\/media\/173982"}],"wp:attachment":[{"href":"https:\/\/www.gaveanews.com\/index.php\/wp-json\/wp\/v2\/media?parent=273102"}],"wp:term":[{"taxonomy":"category","embeddable":true,"href":"https:\/\/www.gaveanews.com\/index.php\/wp-json\/wp\/v2\/categories?post=273102"},{"taxonomy":"post_tag","embeddable":true,"href":"https:\/\/www.gaveanews.com\/index.php\/wp-json\/wp\/v2\/tags?post=273102"}],"curies":[{"name":"wp","href":"https:\/\/api.w.org\/{rel}","templated":true}]}}