{"id":273105,"date":"2025-07-28T22:49:38","date_gmt":"2025-07-29T01:49:38","guid":{"rendered":"https:\/\/www.gaveanews.com\/?p=273105"},"modified":"2025-07-28T22:49:41","modified_gmt":"2025-07-29T01:49:41","slug":"a-declaracao-de-filipe-luis-sobre-a-possivel-contratacao-de-lucas-paqueta-pelo-flamengo","status":"publish","type":"post","link":"https:\/\/www.gaveanews.com\/index.php\/2025\/07\/28\/a-declaracao-de-filipe-luis-sobre-a-possivel-contratacao-de-lucas-paqueta-pelo-flamengo\/","title":{"rendered":"A declara\u00e7\u00e3o de Filipe Lu\u00eds sobre a poss\u00edvel contrata\u00e7\u00e3o de Lucas Paquet\u00e1 pelo Flamengo"},"content":{"rendered":"\n<p>Lucas Paquet\u00e1 vive semana decisiva em rela\u00e7\u00e3o ao seu futuro. De acordo com a imprensa inglesa, o meia brasileiro ser\u00e1 inocentado da acusa\u00e7\u00e3o de manipula\u00e7\u00e3o de apostas. A FA, Associa\u00e7\u00e3o de Futebol Inglesa, deve divulgar o veredito nesta semana.<\/p>\n\n\n\n<p>O meia Lucas Paquet\u00e1 foi acusado pela FA em maio de 2024 e, desde ent\u00e3o, acumula uma s\u00e9rie de perdas na carreira. O brasileiro perdeu uma transfer\u00eancia astron\u00f4mica ao Manchester City, saiu da sele\u00e7\u00e3o brasileira e amargou o banco no West Ham. No entanto, onde o Flamengo entra nessa hist\u00f3ria?<\/p>\n\n\n\n<p>Cria do Ninho do Urubu, Lucas Paquet\u00e1 atrai olhares do Flamengo, que acompanha o processo de perto. O Rubro-Negro sonha alto e tem um projeto elaborado para repatriar o meia assim que ele for inocentado. Entretanto, a situa\u00e7\u00e3o n\u00e3o \u00e9 simples, tendo em vista seu contrato at\u00e9 2027 com o West Ham e os valores especulados.<\/p>\n\n\n\n<p>O t\u00e9cnico Filipe Lu\u00eds, na coletiva ap\u00f3s a vit\u00f3ria contra o Atl\u00e9tico-MG, abriu as portas para Lucas Paquet\u00e1. Ele n\u00e3o quis comentar a especula\u00e7\u00e3o de um poss\u00edvel retorno do Garoto do Ninho, mas afirmou que teria espa\u00e7o em qualquer time do mundo.<\/p>\n\n\n\n<p>&#8220;Ele n\u00e3o \u00e9 um jogador nosso. Ele tem uma hist\u00f3ria muito grande aqui, o carinho do torcedor e tem lugar em qualquer time do mundo&#8221;, disse Filipe Lu\u00eds.<\/p>\n\n\n\n<p>No &#8220;projeto do Flamengo&#8221;, Lucas Paquet\u00e1 est\u00e1 or\u00e7ado em at\u00e9 30 milh\u00f5es de euros, cerca de R$ 195 milh\u00f5es atualmente, o que o tornaria a maior contrata\u00e7\u00e3o da hist\u00f3ria n\u00e3o s\u00f3 do clube, mas tamb\u00e9m do futebol brasileiro. Por\u00e9m, o West Ham v\u00ea o brasileiro valendo o dobro desse valor.<\/p>\n\n\n\n<p>Caso a confirma\u00e7\u00e3o de sua inoc\u00eancia aconte\u00e7a, Paquet\u00e1 tamb\u00e9m pode voltar a ser requisitado por outros gigantes da Europa, o que dificultaria um retorno imediato para &#8220;casa&#8221;. O Flamengo monitora, conta com a vontade do atleta, mas sabe que o final feliz n\u00e3o \u00e9 simples.<\/p>\n","protected":false},"excerpt":{"rendered":"<p>Lucas Paquet\u00e1 vive semana decisiva em rela\u00e7\u00e3o ao seu futuro. De acordo com a imprensa inglesa, o meia brasileiro ser\u00e1 inocentado da acusa\u00e7\u00e3o de manipula\u00e7\u00e3o de apostas. A FA, Associa\u00e7\u00e3o de Futebol Inglesa, deve divulgar o veredito nesta semana. O meia Lucas Paquet\u00e1 foi acusado pela FA em maio de 2024 e, desde ent\u00e3o, acumula [&hellip;]<\/p>\n","protected":false},"author":32,"featured_media":89283,"comment_status":"open","ping_status":"closed","sticky":false,"template":"","format":"standard","meta":{"footnotes":""},"categories":[1],"tags":[],"class_list":["post-273105","post","type-post","status-publish","format-standard","has-post-thumbnail","hentry","category-flamengo"],"yoast_head":"<!-- This site is optimized with the Yoast SEO Premium plugin v24.2 (Yoast SEO v26.9) - https:\/\/yoast.com\/product\/yoast-seo-premium-wordpress\/ -->\n<title>A declara\u00e7\u00e3o de Filipe Lu\u00eds sobre a poss\u00edvel contrata\u00e7\u00e3o de Lucas Paquet\u00e1 pelo Flamengo<\/title>\n<meta name=\"robots\" content=\"index, follow, max-snippet:-1, max-image-preview:large, max-video-preview:-1\" \/>\n<link rel=\"canonical\" href=\"https:\/\/www.gaveanews.com\/index.php\/2025\/07\/28\/a-declaracao-de-filipe-luis-sobre-a-possivel-contratacao-de-lucas-paqueta-pelo-flamengo\/\" \/>\n<meta property=\"og:locale\" content=\"pt_BR\" \/>\n<meta property=\"og:type\" content=\"article\" \/>\n<meta property=\"og:title\" content=\"A declara\u00e7\u00e3o de Filipe Lu\u00eds sobre a poss\u00edvel contrata\u00e7\u00e3o de Lucas Paquet\u00e1 pelo Flamengo\" \/>\n<meta property=\"og:description\" content=\"Lucas Paquet\u00e1 vive semana decisiva em rela\u00e7\u00e3o ao seu futuro. De acordo com a imprensa inglesa, o meia brasileiro ser\u00e1 inocentado da acusa\u00e7\u00e3o de manipula\u00e7\u00e3o de apostas. A FA, Associa\u00e7\u00e3o de Futebol Inglesa, deve divulgar o veredito nesta semana. O meia Lucas Paquet\u00e1 foi acusado pela FA em maio de 2024 e, desde ent\u00e3o, acumula [&hellip;]\" \/>\n<meta property=\"og:url\" content=\"https:\/\/www.gaveanews.com\/index.php\/2025\/07\/28\/a-declaracao-de-filipe-luis-sobre-a-possivel-contratacao-de-lucas-paqueta-pelo-flamengo\/\" \/>\n<meta property=\"og:site_name\" content=\"G\u00e1vea News\" \/>\n<meta property=\"article:publisher\" content=\"https:\/\/facebook.com\/gaveaNews\/\" \/>\n<meta property=\"article:published_time\" content=\"2025-07-29T01:49:38+00:00\" \/>\n<meta property=\"article:modified_time\" content=\"2025-07-29T01:49:41+00:00\" \/>\n<meta property=\"og:image\" content=\"http:\/\/www.gaveanews.com\/wp-content\/uploads\/Lucas-Paqueta-em-jogo-do-Flamengo.webp\" \/>\n\t<meta property=\"og:image:width\" content=\"846\" \/>\n\t<meta property=\"og:image:height\" content=\"529\" \/>\n\t<meta property=\"og:image:type\" content=\"image\/webp\" \/>\n<meta name=\"author\" content=\"Matheus Leal\" \/>\n<meta name=\"twitter:card\" content=\"summary_large_image\" \/>\n<meta name=\"twitter:label1\" content=\"Escrito por\" \/>\n\t<meta name=\"twitter:data1\" content=\"Matheus Leal\" \/>\n\t<meta name=\"twitter:label2\" content=\"Est. tempo de leitura\" \/>\n\t<meta name=\"twitter:data2\" content=\"2 minutos\" \/>\n<script type=\"application\/ld+json\" class=\"yoast-schema-graph\">{\"@context\":\"https:\/\/schema.org\",\"@graph\":[{\"@type\":\"NewsArticle\",\"@id\":\"https:\/\/www.gaveanews.com\/index.php\/2025\/07\/28\/a-declaracao-de-filipe-luis-sobre-a-possivel-contratacao-de-lucas-paqueta-pelo-flamengo\/#article\",\"isPartOf\":{\"@id\":\"https:\/\/www.gaveanews.com\/index.php\/2025\/07\/28\/a-declaracao-de-filipe-luis-sobre-a-possivel-contratacao-de-lucas-paqueta-pelo-flamengo\/\"},\"author\":{\"name\":\"Matheus Leal\",\"@id\":\"https:\/\/www.gaveanews.com\/#\/schema\/person\/49ac99b6823a2b8d5087a6ce3aaaa128\"},\"headline\":\"A declara\u00e7\u00e3o de Filipe Lu\u00eds sobre a poss\u00edvel contrata\u00e7\u00e3o de Lucas Paquet\u00e1 pelo Flamengo\",\"datePublished\":\"2025-07-29T01:49:38+00:00\",\"dateModified\":\"2025-07-29T01:49:41+00:00\",\"mainEntityOfPage\":{\"@id\":\"https:\/\/www.gaveanews.com\/index.php\/2025\/07\/28\/a-declaracao-de-filipe-luis-sobre-a-possivel-contratacao-de-lucas-paqueta-pelo-flamengo\/\"},\"wordCount\":358,\"commentCount\":0,\"image\":{\"@id\":\"https:\/\/www.gaveanews.com\/index.php\/2025\/07\/28\/a-declaracao-de-filipe-luis-sobre-a-possivel-contratacao-de-lucas-paqueta-pelo-flamengo\/#primaryimage\"},\"thumbnailUrl\":\"https:\/\/www.gaveanews.com\/wp-content\/uploads\/Lucas-Paqueta-em-jogo-do-Flamengo.webp\",\"articleSection\":[\"Flamengo\"],\"inLanguage\":\"pt-BR\",\"potentialAction\":[{\"@type\":\"CommentAction\",\"name\":\"Comment\",\"target\":[\"https:\/\/www.gaveanews.com\/index.php\/2025\/07\/28\/a-declaracao-de-filipe-luis-sobre-a-possivel-contratacao-de-lucas-paqueta-pelo-flamengo\/#respond\"]}],\"copyrightYear\":\"2025\",\"copyrightHolder\":{\"@id\":\"https:\/\/www.gaveanews.com\/#organization\"}},{\"@type\":\"WebPage\",\"@id\":\"https:\/\/www.gaveanews.com\/index.php\/2025\/07\/28\/a-declaracao-de-filipe-luis-sobre-a-possivel-contratacao-de-lucas-paqueta-pelo-flamengo\/\",\"url\":\"https:\/\/www.gaveanews.com\/index.php\/2025\/07\/28\/a-declaracao-de-filipe-luis-sobre-a-possivel-contratacao-de-lucas-paqueta-pelo-flamengo\/\",\"name\":\"A declara\u00e7\u00e3o de Filipe Lu\u00eds sobre a poss\u00edvel contrata\u00e7\u00e3o de Lucas Paquet\u00e1 pelo Flamengo\",\"isPartOf\":{\"@id\":\"https:\/\/www.gaveanews.com\/#website\"},\"primaryImageOfPage\":{\"@id\":\"https:\/\/www.gaveanews.com\/index.php\/2025\/07\/28\/a-declaracao-de-filipe-luis-sobre-a-possivel-contratacao-de-lucas-paqueta-pelo-flamengo\/#primaryimage\"},\"image\":{\"@id\":\"https:\/\/www.gaveanews.com\/index.php\/2025\/07\/28\/a-declaracao-de-filipe-luis-sobre-a-possivel-contratacao-de-lucas-paqueta-pelo-flamengo\/#primaryimage\"},\"thumbnailUrl\":\"https:\/\/www.gaveanews.com\/wp-content\/uploads\/Lucas-Paqueta-em-jogo-do-Flamengo.webp\",\"datePublished\":\"2025-07-29T01:49:38+00:00\",\"dateModified\":\"2025-07-29T01:49:41+00:00\",\"author\":{\"@id\":\"https:\/\/www.gaveanews.com\/#\/schema\/person\/49ac99b6823a2b8d5087a6ce3aaaa128\"},\"breadcrumb\":{\"@id\":\"https:\/\/www.gaveanews.com\/index.php\/2025\/07\/28\/a-declaracao-de-filipe-luis-sobre-a-possivel-contratacao-de-lucas-paqueta-pelo-flamengo\/#breadcrumb\"},\"inLanguage\":\"pt-BR\",\"potentialAction\":[{\"@type\":\"ReadAction\",\"target\":[\"https:\/\/www.gaveanews.com\/index.php\/2025\/07\/28\/a-declaracao-de-filipe-luis-sobre-a-possivel-contratacao-de-lucas-paqueta-pelo-flamengo\/\"]}]},{\"@type\":\"ImageObject\",\"inLanguage\":\"pt-BR\",\"@id\":\"https:\/\/www.gaveanews.com\/index.php\/2025\/07\/28\/a-declaracao-de-filipe-luis-sobre-a-possivel-contratacao-de-lucas-paqueta-pelo-flamengo\/#primaryimage\",\"url\":\"https:\/\/www.gaveanews.com\/wp-content\/uploads\/Lucas-Paqueta-em-jogo-do-Flamengo.webp\",\"contentUrl\":\"https:\/\/www.gaveanews.com\/wp-content\/uploads\/Lucas-Paqueta-em-jogo-do-Flamengo.webp\",\"width\":846,\"height\":529,\"caption\":\"Lucas Paquet\u00e1 em jogo do Flamengo (Foto: Marcelo de Jesus)\"},{\"@type\":\"BreadcrumbList\",\"@id\":\"https:\/\/www.gaveanews.com\/index.php\/2025\/07\/28\/a-declaracao-de-filipe-luis-sobre-a-possivel-contratacao-de-lucas-paqueta-pelo-flamengo\/#breadcrumb\",\"itemListElement\":[{\"@type\":\"ListItem\",\"position\":1,\"name\":\"Home\",\"item\":\"https:\/\/www.gaveanews.com\/\"},{\"@type\":\"ListItem\",\"position\":2,\"name\":\"A declara\u00e7\u00e3o de Filipe Lu\u00eds sobre a poss\u00edvel contrata\u00e7\u00e3o de Lucas Paquet\u00e1 pelo Flamengo\"}]},{\"@type\":\"WebSite\",\"@id\":\"https:\/\/www.gaveanews.com\/#website\",\"url\":\"https:\/\/www.gaveanews.com\/\",\"name\":\"G\u00e1vea News\",\"description\":\"Veja todas as not\u00edcias sobre o Flamengo: Contrata\u00e7\u00f5es, categorias de base, resultados das partidas, tabela de classifica\u00e7\u00e3o, pr\u00f3ximos jogos!\",\"potentialAction\":[{\"@type\":\"SearchAction\",\"target\":{\"@type\":\"EntryPoint\",\"urlTemplate\":\"https:\/\/www.gaveanews.com\/?s={search_term_string}\"},\"query-input\":{\"@type\":\"PropertyValueSpecification\",\"valueRequired\":true,\"valueName\":\"search_term_string\"}}],\"inLanguage\":\"pt-BR\"},{\"@type\":\"Person\",\"@id\":\"https:\/\/www.gaveanews.com\/#\/schema\/person\/49ac99b6823a2b8d5087a6ce3aaaa128\",\"name\":\"Matheus Leal\",\"image\":{\"@type\":\"ImageObject\",\"inLanguage\":\"pt-BR\",\"@id\":\"https:\/\/www.gaveanews.com\/#\/schema\/person\/image\/\",\"url\":\"https:\/\/secure.gravatar.com\/avatar\/21c52300d1234416f9c886f6dadd7452d8b035ac505314a51e4f56731e90c481?s=96&d=mm&r=g\",\"contentUrl\":\"https:\/\/secure.gravatar.com\/avatar\/21c52300d1234416f9c886f6dadd7452d8b035ac505314a51e4f56731e90c481?s=96&d=mm&r=g\",\"caption\":\"Matheus Leal\"}}]}<\/script>\n<!-- \/ Yoast SEO Premium plugin. -->","yoast_head_json":{"title":"A declara\u00e7\u00e3o de Filipe Lu\u00eds sobre a poss\u00edvel contrata\u00e7\u00e3o de Lucas Paquet\u00e1 pelo Flamengo","robots":{"index":"index","follow":"follow","max-snippet":"max-snippet:-1","max-image-preview":"max-image-preview:large","max-video-preview":"max-video-preview:-1"},"canonical":"https:\/\/www.gaveanews.com\/index.php\/2025\/07\/28\/a-declaracao-de-filipe-luis-sobre-a-possivel-contratacao-de-lucas-paqueta-pelo-flamengo\/","og_locale":"pt_BR","og_type":"article","og_title":"A declara\u00e7\u00e3o de Filipe Lu\u00eds sobre a poss\u00edvel contrata\u00e7\u00e3o de Lucas Paquet\u00e1 pelo Flamengo","og_description":"Lucas Paquet\u00e1 vive semana decisiva em rela\u00e7\u00e3o ao seu futuro. De acordo com a imprensa inglesa, o meia brasileiro ser\u00e1 inocentado da acusa\u00e7\u00e3o de manipula\u00e7\u00e3o de apostas. A FA, Associa\u00e7\u00e3o de Futebol Inglesa, deve divulgar o veredito nesta semana. O meia Lucas Paquet\u00e1 foi acusado pela FA em maio de 2024 e, desde ent\u00e3o, acumula [&hellip;]","og_url":"https:\/\/www.gaveanews.com\/index.php\/2025\/07\/28\/a-declaracao-de-filipe-luis-sobre-a-possivel-contratacao-de-lucas-paqueta-pelo-flamengo\/","og_site_name":"G\u00e1vea News","article_publisher":"https:\/\/facebook.com\/gaveaNews\/","article_published_time":"2025-07-29T01:49:38+00:00","article_modified_time":"2025-07-29T01:49:41+00:00","og_image":[{"width":846,"height":529,"url":"http:\/\/www.gaveanews.com\/wp-content\/uploads\/Lucas-Paqueta-em-jogo-do-Flamengo.webp","type":"image\/webp"}],"author":"Matheus Leal","twitter_card":"summary_large_image","twitter_misc":{"Escrito por":"Matheus Leal","Est. tempo de leitura":"2 minutos"},"schema":{"@context":"https:\/\/schema.org","@graph":[{"@type":"NewsArticle","@id":"https:\/\/www.gaveanews.com\/index.php\/2025\/07\/28\/a-declaracao-de-filipe-luis-sobre-a-possivel-contratacao-de-lucas-paqueta-pelo-flamengo\/#article","isPartOf":{"@id":"https:\/\/www.gaveanews.com\/index.php\/2025\/07\/28\/a-declaracao-de-filipe-luis-sobre-a-possivel-contratacao-de-lucas-paqueta-pelo-flamengo\/"},"author":{"name":"Matheus Leal","@id":"https:\/\/www.gaveanews.com\/#\/schema\/person\/49ac99b6823a2b8d5087a6ce3aaaa128"},"headline":"A declara\u00e7\u00e3o de Filipe Lu\u00eds sobre a poss\u00edvel contrata\u00e7\u00e3o de Lucas Paquet\u00e1 pelo Flamengo","datePublished":"2025-07-29T01:49:38+00:00","dateModified":"2025-07-29T01:49:41+00:00","mainEntityOfPage":{"@id":"https:\/\/www.gaveanews.com\/index.php\/2025\/07\/28\/a-declaracao-de-filipe-luis-sobre-a-possivel-contratacao-de-lucas-paqueta-pelo-flamengo\/"},"wordCount":358,"commentCount":0,"image":{"@id":"https:\/\/www.gaveanews.com\/index.php\/2025\/07\/28\/a-declaracao-de-filipe-luis-sobre-a-possivel-contratacao-de-lucas-paqueta-pelo-flamengo\/#primaryimage"},"thumbnailUrl":"https:\/\/www.gaveanews.com\/wp-content\/uploads\/Lucas-Paqueta-em-jogo-do-Flamengo.webp","articleSection":["Flamengo"],"inLanguage":"pt-BR","potentialAction":[{"@type":"CommentAction","name":"Comment","target":["https:\/\/www.gaveanews.com\/index.php\/2025\/07\/28\/a-declaracao-de-filipe-luis-sobre-a-possivel-contratacao-de-lucas-paqueta-pelo-flamengo\/#respond"]}],"copyrightYear":"2025","copyrightHolder":{"@id":"https:\/\/www.gaveanews.com\/#organization"}},{"@type":"WebPage","@id":"https:\/\/www.gaveanews.com\/index.php\/2025\/07\/28\/a-declaracao-de-filipe-luis-sobre-a-possivel-contratacao-de-lucas-paqueta-pelo-flamengo\/","url":"https:\/\/www.gaveanews.com\/index.php\/2025\/07\/28\/a-declaracao-de-filipe-luis-sobre-a-possivel-contratacao-de-lucas-paqueta-pelo-flamengo\/","name":"A declara\u00e7\u00e3o de Filipe Lu\u00eds sobre a poss\u00edvel contrata\u00e7\u00e3o de Lucas Paquet\u00e1 pelo Flamengo","isPartOf":{"@id":"https:\/\/www.gaveanews.com\/#website"},"primaryImageOfPage":{"@id":"https:\/\/www.gaveanews.com\/index.php\/2025\/07\/28\/a-declaracao-de-filipe-luis-sobre-a-possivel-contratacao-de-lucas-paqueta-pelo-flamengo\/#primaryimage"},"image":{"@id":"https:\/\/www.gaveanews.com\/index.php\/2025\/07\/28\/a-declaracao-de-filipe-luis-sobre-a-possivel-contratacao-de-lucas-paqueta-pelo-flamengo\/#primaryimage"},"thumbnailUrl":"https:\/\/www.gaveanews.com\/wp-content\/uploads\/Lucas-Paqueta-em-jogo-do-Flamengo.webp","datePublished":"2025-07-29T01:49:38+00:00","dateModified":"2025-07-29T01:49:41+00:00","author":{"@id":"https:\/\/www.gaveanews.com\/#\/schema\/person\/49ac99b6823a2b8d5087a6ce3aaaa128"},"breadcrumb":{"@id":"https:\/\/www.gaveanews.com\/index.php\/2025\/07\/28\/a-declaracao-de-filipe-luis-sobre-a-possivel-contratacao-de-lucas-paqueta-pelo-flamengo\/#breadcrumb"},"inLanguage":"pt-BR","potentialAction":[{"@type":"ReadAction","target":["https:\/\/www.gaveanews.com\/index.php\/2025\/07\/28\/a-declaracao-de-filipe-luis-sobre-a-possivel-contratacao-de-lucas-paqueta-pelo-flamengo\/"]}]},{"@type":"ImageObject","inLanguage":"pt-BR","@id":"https:\/\/www.gaveanews.com\/index.php\/2025\/07\/28\/a-declaracao-de-filipe-luis-sobre-a-possivel-contratacao-de-lucas-paqueta-pelo-flamengo\/#primaryimage","url":"https:\/\/www.gaveanews.com\/wp-content\/uploads\/Lucas-Paqueta-em-jogo-do-Flamengo.webp","contentUrl":"https:\/\/www.gaveanews.com\/wp-content\/uploads\/Lucas-Paqueta-em-jogo-do-Flamengo.webp","width":846,"height":529,"caption":"Lucas Paquet\u00e1 em jogo do Flamengo (Foto: Marcelo de Jesus)"},{"@type":"BreadcrumbList","@id":"https:\/\/www.gaveanews.com\/index.php\/2025\/07\/28\/a-declaracao-de-filipe-luis-sobre-a-possivel-contratacao-de-lucas-paqueta-pelo-flamengo\/#breadcrumb","itemListElement":[{"@type":"ListItem","position":1,"name":"Home","item":"https:\/\/www.gaveanews.com\/"},{"@type":"ListItem","position":2,"name":"A declara\u00e7\u00e3o de Filipe Lu\u00eds sobre a poss\u00edvel contrata\u00e7\u00e3o de Lucas Paquet\u00e1 pelo Flamengo"}]},{"@type":"WebSite","@id":"https:\/\/www.gaveanews.com\/#website","url":"https:\/\/www.gaveanews.com\/","name":"G\u00e1vea News","description":"Veja todas as not\u00edcias sobre o Flamengo: Contrata\u00e7\u00f5es, categorias de base, resultados das partidas, tabela de classifica\u00e7\u00e3o, pr\u00f3ximos jogos!","potentialAction":[{"@type":"SearchAction","target":{"@type":"EntryPoint","urlTemplate":"https:\/\/www.gaveanews.com\/?s={search_term_string}"},"query-input":{"@type":"PropertyValueSpecification","valueRequired":true,"valueName":"search_term_string"}}],"inLanguage":"pt-BR"},{"@type":"Person","@id":"https:\/\/www.gaveanews.com\/#\/schema\/person\/49ac99b6823a2b8d5087a6ce3aaaa128","name":"Matheus Leal","image":{"@type":"ImageObject","inLanguage":"pt-BR","@id":"https:\/\/www.gaveanews.com\/#\/schema\/person\/image\/","url":"https:\/\/secure.gravatar.com\/avatar\/21c52300d1234416f9c886f6dadd7452d8b035ac505314a51e4f56731e90c481?s=96&d=mm&r=g","contentUrl":"https:\/\/secure.gravatar.com\/avatar\/21c52300d1234416f9c886f6dadd7452d8b035ac505314a51e4f56731e90c481?s=96&d=mm&r=g","caption":"Matheus Leal"}}]}},"_links":{"self":[{"href":"https:\/\/www.gaveanews.com\/index.php\/wp-json\/wp\/v2\/posts\/273105","targetHints":{"allow":["GET"]}}],"collection":[{"href":"https:\/\/www.gaveanews.com\/index.php\/wp-json\/wp\/v2\/posts"}],"about":[{"href":"https:\/\/www.gaveanews.com\/index.php\/wp-json\/wp\/v2\/types\/post"}],"author":[{"embeddable":true,"href":"https:\/\/www.gaveanews.com\/index.php\/wp-json\/wp\/v2\/users\/32"}],"replies":[{"embeddable":true,"href":"https:\/\/www.gaveanews.com\/index.php\/wp-json\/wp\/v2\/comments?post=273105"}],"version-history":[{"count":1,"href":"https:\/\/www.gaveanews.com\/index.php\/wp-json\/wp\/v2\/posts\/273105\/revisions"}],"predecessor-version":[{"id":273141,"href":"https:\/\/www.gaveanews.com\/index.php\/wp-json\/wp\/v2\/posts\/273105\/revisions\/273141"}],"wp:featuredmedia":[{"embeddable":true,"href":"https:\/\/www.gaveanews.com\/index.php\/wp-json\/wp\/v2\/media\/89283"}],"wp:attachment":[{"href":"https:\/\/www.gaveanews.com\/index.php\/wp-json\/wp\/v2\/media?parent=273105"}],"wp:term":[{"taxonomy":"category","embeddable":true,"href":"https:\/\/www.gaveanews.com\/index.php\/wp-json\/wp\/v2\/categories?post=273105"},{"taxonomy":"post_tag","embeddable":true,"href":"https:\/\/www.gaveanews.com\/index.php\/wp-json\/wp\/v2\/tags?post=273105"}],"curies":[{"name":"wp","href":"https:\/\/api.w.org\/{rel}","templated":true}]}}