{"id":273135,"date":"2025-07-28T22:49:18","date_gmt":"2025-07-29T01:49:18","guid":{"rendered":"https:\/\/www.gaveanews.com\/?p=273135"},"modified":"2025-07-28T22:49:23","modified_gmt":"2025-07-29T01:49:23","slug":"flamengo-emite-nota-oficial-sobre-reforcos","status":"publish","type":"post","link":"https:\/\/www.gaveanews.com\/index.php\/2025\/07\/28\/flamengo-emite-nota-oficial-sobre-reforcos\/","title":{"rendered":"Flamengo emite nota oficial sobre refor\u00e7os"},"content":{"rendered":"\n<p>Pouco depois de confirmar a contrata\u00e7\u00e3o do atacante Samuel Lino, do Atl\u00e9tico de Madrid, o Flamengo emitiu uma nota oficial para esclarecer algumas especula\u00e7\u00f5es e rebater cr\u00edticas aos valores gastos na janela.<\/p>\n\n\n\n<p>Samuel Lino \u00e9 o refor\u00e7o mais caro da hist\u00f3ria do Flamengo. Ele vai custar 22 milh\u00f5es de euros fixos mais 2 milh\u00f5es de b\u00f4nus por metas. Sendo assim, podendo chegar a valores totais de R$ 155,7 milh\u00f5es na cota\u00e7\u00e3o atual.<\/p>\n\n\n\n<p><strong>CONFIRA A NOTA DO FLAMENGO:<\/strong><\/p>\n\n\n\n<p>&#8220;<em>Diante do volume de especula\u00e7\u00f5es e nomes que continuam a surgir ao longo da atual janela de transfer\u00eancias, a Diretoria de Futebol do Flamengo esclarece que todas as contrata\u00e7\u00f5es realizadas at\u00e9 o momento, bem como eventuais refor\u00e7os futuros, seguem um planejamento criterioso do Departamento de Futebol, em alinhamento com as necessidades identificadas pela comiss\u00e3o t\u00e9cnica. <\/em><\/p>\n\n\n\n<p><em>O clube refor\u00e7a que qualquer movimenta\u00e7\u00e3o no mercado leva em considera\u00e7\u00e3o a responsabilidade financeira que norteia a atual gest\u00e3o. O equil\u00edbrio das contas e a sustentabilidade do Flamengo a m\u00e9dio e longo prazo permanecem como premissas inegoci\u00e1veis. <\/em><\/p>\n\n\n\n<p><em>Por fim, o Flamengo reitera sua confian\u00e7a no elenco atual, formado por jogadores que t\u00eam demonstrado desempenho e entrega em alto n\u00edvel ao longo da temporada &#8211; raz\u00e3o pela qual n\u00e3o h\u00e1 qualquer necessidade de uma busca desenfreada por refor\u00e7os. Trata-se de um grupo que, em 2025, j\u00e1 conquistou todos os t\u00edtulos que disputou em solo nacional at\u00e9 o momento, lidera o Campeonato Brasileiro, est\u00e1 classificado para as oitavas de final da Copa do Brasil e da Conmebol Libertadores, al\u00e9m de ter chamado aten\u00e7\u00e3o internacional ao representar o Manto com destaque na recente edi\u00e7\u00e3o da Copa do Mundo de Clubes da FIFA<\/em>&#8220;.<\/p>\n\n\n\n<p>Samuel Lino desembarcar\u00e1 no Rio de Janeiro nesta ter\u00e7a-feira (29). Ele parte de Madrid no voo LA715, com escala em S\u00e3o Paulo, antes de seguir para o Aeroporto Internacional Tom Jobim no voo LA3342. A chegada \u00e0 capital carioca est\u00e1 prevista para as 9h35. Aprovado nos exames, o atacante deve ser oficialmente anunciado pelo Fla ainda nesta ter\u00e7a, com contrato at\u00e9 o fim de 2029.<\/p>\n","protected":false},"excerpt":{"rendered":"<p>Pouco depois de confirmar a contrata\u00e7\u00e3o do atacante Samuel Lino, do Atl\u00e9tico de Madrid, o Flamengo emitiu uma nota oficial para esclarecer algumas especula\u00e7\u00f5es e rebater cr\u00edticas aos valores gastos na janela. Samuel Lino \u00e9 o refor\u00e7o mais caro da hist\u00f3ria do Flamengo. Ele vai custar 22 milh\u00f5es de euros fixos mais 2 milh\u00f5es de [&hellip;]<\/p>\n","protected":false},"author":32,"featured_media":273050,"comment_status":"open","ping_status":"closed","sticky":false,"template":"","format":"standard","meta":{"footnotes":""},"categories":[1],"tags":[],"class_list":["post-273135","post","type-post","status-publish","format-standard","has-post-thumbnail","hentry","category-flamengo"],"yoast_head":"<!-- This site is optimized with the Yoast SEO Premium plugin v24.2 (Yoast SEO v26.9) - https:\/\/yoast.com\/product\/yoast-seo-premium-wordpress\/ -->\n<title>Flamengo emite nota oficial sobre refor\u00e7os<\/title>\n<meta name=\"robots\" content=\"index, follow, max-snippet:-1, max-image-preview:large, max-video-preview:-1\" \/>\n<link rel=\"canonical\" href=\"https:\/\/www.gaveanews.com\/index.php\/2025\/07\/28\/flamengo-emite-nota-oficial-sobre-reforcos\/\" \/>\n<meta property=\"og:locale\" content=\"pt_BR\" \/>\n<meta property=\"og:type\" content=\"article\" \/>\n<meta property=\"og:title\" content=\"Flamengo emite nota oficial sobre refor\u00e7os\" \/>\n<meta property=\"og:description\" content=\"Pouco depois de confirmar a contrata\u00e7\u00e3o do atacante Samuel Lino, do Atl\u00e9tico de Madrid, o Flamengo emitiu uma nota oficial para esclarecer algumas especula\u00e7\u00f5es e rebater cr\u00edticas aos valores gastos na janela. Samuel Lino \u00e9 o refor\u00e7o mais caro da hist\u00f3ria do Flamengo. Ele vai custar 22 milh\u00f5es de euros fixos mais 2 milh\u00f5es de [&hellip;]\" \/>\n<meta property=\"og:url\" content=\"https:\/\/www.gaveanews.com\/index.php\/2025\/07\/28\/flamengo-emite-nota-oficial-sobre-reforcos\/\" \/>\n<meta property=\"og:site_name\" content=\"G\u00e1vea News\" \/>\n<meta property=\"article:publisher\" content=\"https:\/\/facebook.com\/gaveaNews\/\" \/>\n<meta property=\"article:published_time\" content=\"2025-07-29T01:49:18+00:00\" \/>\n<meta property=\"article:modified_time\" content=\"2025-07-29T01:49:23+00:00\" \/>\n<meta property=\"og:image\" content=\"http:\/\/www.gaveanews.com\/wp-content\/uploads\/Samuel-Lino-em-entrevista-pelo-Atletico-de-Madrid.jpg\" \/>\n\t<meta property=\"og:image:width\" content=\"1280\" \/>\n\t<meta property=\"og:image:height\" content=\"960\" \/>\n\t<meta property=\"og:image:type\" content=\"image\/jpeg\" \/>\n<meta name=\"author\" content=\"Matheus Leal\" \/>\n<meta name=\"twitter:card\" content=\"summary_large_image\" \/>\n<meta name=\"twitter:label1\" content=\"Escrito por\" \/>\n\t<meta name=\"twitter:data1\" content=\"Matheus Leal\" \/>\n\t<meta name=\"twitter:label2\" content=\"Est. tempo de leitura\" \/>\n\t<meta name=\"twitter:data2\" content=\"3 minutos\" \/>\n<script type=\"application\/ld+json\" class=\"yoast-schema-graph\">{\"@context\":\"https:\/\/schema.org\",\"@graph\":[{\"@type\":\"NewsArticle\",\"@id\":\"https:\/\/www.gaveanews.com\/index.php\/2025\/07\/28\/flamengo-emite-nota-oficial-sobre-reforcos\/#article\",\"isPartOf\":{\"@id\":\"https:\/\/www.gaveanews.com\/index.php\/2025\/07\/28\/flamengo-emite-nota-oficial-sobre-reforcos\/\"},\"author\":{\"name\":\"Matheus Leal\",\"@id\":\"https:\/\/www.gaveanews.com\/#\/schema\/person\/49ac99b6823a2b8d5087a6ce3aaaa128\"},\"headline\":\"Flamengo emite nota oficial sobre refor\u00e7os\",\"datePublished\":\"2025-07-29T01:49:18+00:00\",\"dateModified\":\"2025-07-29T01:49:23+00:00\",\"mainEntityOfPage\":{\"@id\":\"https:\/\/www.gaveanews.com\/index.php\/2025\/07\/28\/flamengo-emite-nota-oficial-sobre-reforcos\/\"},\"wordCount\":372,\"commentCount\":0,\"image\":{\"@id\":\"https:\/\/www.gaveanews.com\/index.php\/2025\/07\/28\/flamengo-emite-nota-oficial-sobre-reforcos\/#primaryimage\"},\"thumbnailUrl\":\"https:\/\/www.gaveanews.com\/wp-content\/uploads\/Samuel-Lino-em-entrevista-pelo-Atletico-de-Madrid.jpg\",\"articleSection\":[\"Flamengo\"],\"inLanguage\":\"pt-BR\",\"potentialAction\":[{\"@type\":\"CommentAction\",\"name\":\"Comment\",\"target\":[\"https:\/\/www.gaveanews.com\/index.php\/2025\/07\/28\/flamengo-emite-nota-oficial-sobre-reforcos\/#respond\"]}],\"copyrightYear\":\"2025\",\"copyrightHolder\":{\"@id\":\"https:\/\/www.gaveanews.com\/#organization\"}},{\"@type\":\"WebPage\",\"@id\":\"https:\/\/www.gaveanews.com\/index.php\/2025\/07\/28\/flamengo-emite-nota-oficial-sobre-reforcos\/\",\"url\":\"https:\/\/www.gaveanews.com\/index.php\/2025\/07\/28\/flamengo-emite-nota-oficial-sobre-reforcos\/\",\"name\":\"Flamengo emite nota oficial sobre refor\u00e7os\",\"isPartOf\":{\"@id\":\"https:\/\/www.gaveanews.com\/#website\"},\"primaryImageOfPage\":{\"@id\":\"https:\/\/www.gaveanews.com\/index.php\/2025\/07\/28\/flamengo-emite-nota-oficial-sobre-reforcos\/#primaryimage\"},\"image\":{\"@id\":\"https:\/\/www.gaveanews.com\/index.php\/2025\/07\/28\/flamengo-emite-nota-oficial-sobre-reforcos\/#primaryimage\"},\"thumbnailUrl\":\"https:\/\/www.gaveanews.com\/wp-content\/uploads\/Samuel-Lino-em-entrevista-pelo-Atletico-de-Madrid.jpg\",\"datePublished\":\"2025-07-29T01:49:18+00:00\",\"dateModified\":\"2025-07-29T01:49:23+00:00\",\"author\":{\"@id\":\"https:\/\/www.gaveanews.com\/#\/schema\/person\/49ac99b6823a2b8d5087a6ce3aaaa128\"},\"breadcrumb\":{\"@id\":\"https:\/\/www.gaveanews.com\/index.php\/2025\/07\/28\/flamengo-emite-nota-oficial-sobre-reforcos\/#breadcrumb\"},\"inLanguage\":\"pt-BR\",\"potentialAction\":[{\"@type\":\"ReadAction\",\"target\":[\"https:\/\/www.gaveanews.com\/index.php\/2025\/07\/28\/flamengo-emite-nota-oficial-sobre-reforcos\/\"]}]},{\"@type\":\"ImageObject\",\"inLanguage\":\"pt-BR\",\"@id\":\"https:\/\/www.gaveanews.com\/index.php\/2025\/07\/28\/flamengo-emite-nota-oficial-sobre-reforcos\/#primaryimage\",\"url\":\"https:\/\/www.gaveanews.com\/wp-content\/uploads\/Samuel-Lino-em-entrevista-pelo-Atletico-de-Madrid.jpg\",\"contentUrl\":\"https:\/\/www.gaveanews.com\/wp-content\/uploads\/Samuel-Lino-em-entrevista-pelo-Atletico-de-Madrid.jpg\",\"width\":1280,\"height\":960},{\"@type\":\"BreadcrumbList\",\"@id\":\"https:\/\/www.gaveanews.com\/index.php\/2025\/07\/28\/flamengo-emite-nota-oficial-sobre-reforcos\/#breadcrumb\",\"itemListElement\":[{\"@type\":\"ListItem\",\"position\":1,\"name\":\"Home\",\"item\":\"https:\/\/www.gaveanews.com\/\"},{\"@type\":\"ListItem\",\"position\":2,\"name\":\"Flamengo emite nota oficial sobre refor\u00e7os\"}]},{\"@type\":\"WebSite\",\"@id\":\"https:\/\/www.gaveanews.com\/#website\",\"url\":\"https:\/\/www.gaveanews.com\/\",\"name\":\"G\u00e1vea News\",\"description\":\"Veja todas as not\u00edcias sobre o Flamengo: Contrata\u00e7\u00f5es, categorias de base, resultados das partidas, tabela de classifica\u00e7\u00e3o, pr\u00f3ximos jogos!\",\"potentialAction\":[{\"@type\":\"SearchAction\",\"target\":{\"@type\":\"EntryPoint\",\"urlTemplate\":\"https:\/\/www.gaveanews.com\/?s={search_term_string}\"},\"query-input\":{\"@type\":\"PropertyValueSpecification\",\"valueRequired\":true,\"valueName\":\"search_term_string\"}}],\"inLanguage\":\"pt-BR\"},{\"@type\":\"Person\",\"@id\":\"https:\/\/www.gaveanews.com\/#\/schema\/person\/49ac99b6823a2b8d5087a6ce3aaaa128\",\"name\":\"Matheus Leal\",\"image\":{\"@type\":\"ImageObject\",\"inLanguage\":\"pt-BR\",\"@id\":\"https:\/\/www.gaveanews.com\/#\/schema\/person\/image\/\",\"url\":\"https:\/\/secure.gravatar.com\/avatar\/21c52300d1234416f9c886f6dadd7452d8b035ac505314a51e4f56731e90c481?s=96&d=mm&r=g\",\"contentUrl\":\"https:\/\/secure.gravatar.com\/avatar\/21c52300d1234416f9c886f6dadd7452d8b035ac505314a51e4f56731e90c481?s=96&d=mm&r=g\",\"caption\":\"Matheus Leal\"}}]}<\/script>\n<!-- \/ Yoast SEO Premium plugin. -->","yoast_head_json":{"title":"Flamengo emite nota oficial sobre refor\u00e7os","robots":{"index":"index","follow":"follow","max-snippet":"max-snippet:-1","max-image-preview":"max-image-preview:large","max-video-preview":"max-video-preview:-1"},"canonical":"https:\/\/www.gaveanews.com\/index.php\/2025\/07\/28\/flamengo-emite-nota-oficial-sobre-reforcos\/","og_locale":"pt_BR","og_type":"article","og_title":"Flamengo emite nota oficial sobre refor\u00e7os","og_description":"Pouco depois de confirmar a contrata\u00e7\u00e3o do atacante Samuel Lino, do Atl\u00e9tico de Madrid, o Flamengo emitiu uma nota oficial para esclarecer algumas especula\u00e7\u00f5es e rebater cr\u00edticas aos valores gastos na janela. Samuel Lino \u00e9 o refor\u00e7o mais caro da hist\u00f3ria do Flamengo. Ele vai custar 22 milh\u00f5es de euros fixos mais 2 milh\u00f5es de [&hellip;]","og_url":"https:\/\/www.gaveanews.com\/index.php\/2025\/07\/28\/flamengo-emite-nota-oficial-sobre-reforcos\/","og_site_name":"G\u00e1vea News","article_publisher":"https:\/\/facebook.com\/gaveaNews\/","article_published_time":"2025-07-29T01:49:18+00:00","article_modified_time":"2025-07-29T01:49:23+00:00","og_image":[{"width":1280,"height":960,"url":"http:\/\/www.gaveanews.com\/wp-content\/uploads\/Samuel-Lino-em-entrevista-pelo-Atletico-de-Madrid.jpg","type":"image\/jpeg"}],"author":"Matheus Leal","twitter_card":"summary_large_image","twitter_misc":{"Escrito por":"Matheus Leal","Est. tempo de leitura":"3 minutos"},"schema":{"@context":"https:\/\/schema.org","@graph":[{"@type":"NewsArticle","@id":"https:\/\/www.gaveanews.com\/index.php\/2025\/07\/28\/flamengo-emite-nota-oficial-sobre-reforcos\/#article","isPartOf":{"@id":"https:\/\/www.gaveanews.com\/index.php\/2025\/07\/28\/flamengo-emite-nota-oficial-sobre-reforcos\/"},"author":{"name":"Matheus Leal","@id":"https:\/\/www.gaveanews.com\/#\/schema\/person\/49ac99b6823a2b8d5087a6ce3aaaa128"},"headline":"Flamengo emite nota oficial sobre refor\u00e7os","datePublished":"2025-07-29T01:49:18+00:00","dateModified":"2025-07-29T01:49:23+00:00","mainEntityOfPage":{"@id":"https:\/\/www.gaveanews.com\/index.php\/2025\/07\/28\/flamengo-emite-nota-oficial-sobre-reforcos\/"},"wordCount":372,"commentCount":0,"image":{"@id":"https:\/\/www.gaveanews.com\/index.php\/2025\/07\/28\/flamengo-emite-nota-oficial-sobre-reforcos\/#primaryimage"},"thumbnailUrl":"https:\/\/www.gaveanews.com\/wp-content\/uploads\/Samuel-Lino-em-entrevista-pelo-Atletico-de-Madrid.jpg","articleSection":["Flamengo"],"inLanguage":"pt-BR","potentialAction":[{"@type":"CommentAction","name":"Comment","target":["https:\/\/www.gaveanews.com\/index.php\/2025\/07\/28\/flamengo-emite-nota-oficial-sobre-reforcos\/#respond"]}],"copyrightYear":"2025","copyrightHolder":{"@id":"https:\/\/www.gaveanews.com\/#organization"}},{"@type":"WebPage","@id":"https:\/\/www.gaveanews.com\/index.php\/2025\/07\/28\/flamengo-emite-nota-oficial-sobre-reforcos\/","url":"https:\/\/www.gaveanews.com\/index.php\/2025\/07\/28\/flamengo-emite-nota-oficial-sobre-reforcos\/","name":"Flamengo emite nota oficial sobre refor\u00e7os","isPartOf":{"@id":"https:\/\/www.gaveanews.com\/#website"},"primaryImageOfPage":{"@id":"https:\/\/www.gaveanews.com\/index.php\/2025\/07\/28\/flamengo-emite-nota-oficial-sobre-reforcos\/#primaryimage"},"image":{"@id":"https:\/\/www.gaveanews.com\/index.php\/2025\/07\/28\/flamengo-emite-nota-oficial-sobre-reforcos\/#primaryimage"},"thumbnailUrl":"https:\/\/www.gaveanews.com\/wp-content\/uploads\/Samuel-Lino-em-entrevista-pelo-Atletico-de-Madrid.jpg","datePublished":"2025-07-29T01:49:18+00:00","dateModified":"2025-07-29T01:49:23+00:00","author":{"@id":"https:\/\/www.gaveanews.com\/#\/schema\/person\/49ac99b6823a2b8d5087a6ce3aaaa128"},"breadcrumb":{"@id":"https:\/\/www.gaveanews.com\/index.php\/2025\/07\/28\/flamengo-emite-nota-oficial-sobre-reforcos\/#breadcrumb"},"inLanguage":"pt-BR","potentialAction":[{"@type":"ReadAction","target":["https:\/\/www.gaveanews.com\/index.php\/2025\/07\/28\/flamengo-emite-nota-oficial-sobre-reforcos\/"]}]},{"@type":"ImageObject","inLanguage":"pt-BR","@id":"https:\/\/www.gaveanews.com\/index.php\/2025\/07\/28\/flamengo-emite-nota-oficial-sobre-reforcos\/#primaryimage","url":"https:\/\/www.gaveanews.com\/wp-content\/uploads\/Samuel-Lino-em-entrevista-pelo-Atletico-de-Madrid.jpg","contentUrl":"https:\/\/www.gaveanews.com\/wp-content\/uploads\/Samuel-Lino-em-entrevista-pelo-Atletico-de-Madrid.jpg","width":1280,"height":960},{"@type":"BreadcrumbList","@id":"https:\/\/www.gaveanews.com\/index.php\/2025\/07\/28\/flamengo-emite-nota-oficial-sobre-reforcos\/#breadcrumb","itemListElement":[{"@type":"ListItem","position":1,"name":"Home","item":"https:\/\/www.gaveanews.com\/"},{"@type":"ListItem","position":2,"name":"Flamengo emite nota oficial sobre refor\u00e7os"}]},{"@type":"WebSite","@id":"https:\/\/www.gaveanews.com\/#website","url":"https:\/\/www.gaveanews.com\/","name":"G\u00e1vea News","description":"Veja todas as not\u00edcias sobre o Flamengo: Contrata\u00e7\u00f5es, categorias de base, resultados das partidas, tabela de classifica\u00e7\u00e3o, pr\u00f3ximos jogos!","potentialAction":[{"@type":"SearchAction","target":{"@type":"EntryPoint","urlTemplate":"https:\/\/www.gaveanews.com\/?s={search_term_string}"},"query-input":{"@type":"PropertyValueSpecification","valueRequired":true,"valueName":"search_term_string"}}],"inLanguage":"pt-BR"},{"@type":"Person","@id":"https:\/\/www.gaveanews.com\/#\/schema\/person\/49ac99b6823a2b8d5087a6ce3aaaa128","name":"Matheus Leal","image":{"@type":"ImageObject","inLanguage":"pt-BR","@id":"https:\/\/www.gaveanews.com\/#\/schema\/person\/image\/","url":"https:\/\/secure.gravatar.com\/avatar\/21c52300d1234416f9c886f6dadd7452d8b035ac505314a51e4f56731e90c481?s=96&d=mm&r=g","contentUrl":"https:\/\/secure.gravatar.com\/avatar\/21c52300d1234416f9c886f6dadd7452d8b035ac505314a51e4f56731e90c481?s=96&d=mm&r=g","caption":"Matheus Leal"}}]}},"_links":{"self":[{"href":"https:\/\/www.gaveanews.com\/index.php\/wp-json\/wp\/v2\/posts\/273135","targetHints":{"allow":["GET"]}}],"collection":[{"href":"https:\/\/www.gaveanews.com\/index.php\/wp-json\/wp\/v2\/posts"}],"about":[{"href":"https:\/\/www.gaveanews.com\/index.php\/wp-json\/wp\/v2\/types\/post"}],"author":[{"embeddable":true,"href":"https:\/\/www.gaveanews.com\/index.php\/wp-json\/wp\/v2\/users\/32"}],"replies":[{"embeddable":true,"href":"https:\/\/www.gaveanews.com\/index.php\/wp-json\/wp\/v2\/comments?post=273135"}],"version-history":[{"count":1,"href":"https:\/\/www.gaveanews.com\/index.php\/wp-json\/wp\/v2\/posts\/273135\/revisions"}],"predecessor-version":[{"id":273136,"href":"https:\/\/www.gaveanews.com\/index.php\/wp-json\/wp\/v2\/posts\/273135\/revisions\/273136"}],"wp:featuredmedia":[{"embeddable":true,"href":"https:\/\/www.gaveanews.com\/index.php\/wp-json\/wp\/v2\/media\/273050"}],"wp:attachment":[{"href":"https:\/\/www.gaveanews.com\/index.php\/wp-json\/wp\/v2\/media?parent=273135"}],"wp:term":[{"taxonomy":"category","embeddable":true,"href":"https:\/\/www.gaveanews.com\/index.php\/wp-json\/wp\/v2\/categories?post=273135"},{"taxonomy":"post_tag","embeddable":true,"href":"https:\/\/www.gaveanews.com\/index.php\/wp-json\/wp\/v2\/tags?post=273135"}],"curies":[{"name":"wp","href":"https:\/\/api.w.org\/{rel}","templated":true}]}}