{"id":273143,"date":"2025-07-28T20:30:00","date_gmt":"2025-07-28T23:30:00","guid":{"rendered":"https:\/\/www.gaveanews.com\/?p=273143"},"modified":"2025-07-28T19:35:31","modified_gmt":"2025-07-28T22:35:31","slug":"a-declaracao-de-bruno-henrique-direcionada-a-ramon-abatti-abel","status":"publish","type":"post","link":"https:\/\/www.gaveanews.com\/index.php\/2025\/07\/28\/a-declaracao-de-bruno-henrique-direcionada-a-ramon-abatti-abel\/","title":{"rendered":"A declara\u00e7\u00e3o de Bruno Henrique direcionada a Ramon Abatti Abel"},"content":{"rendered":"\n<p>O confronto entre Flamengo e Atl\u00e9tico-MG, realizado no domingo (27), no Maracan\u00e3, pela 17\u00aa rodada do Campeonato Brasileiro, terminou envolto em pol\u00eamica. Ainda no primeiro tempo, uma decis\u00e3o da arbitragem gerou indigna\u00e7\u00e3o por parte dos jogadores rubro-negros, especialmente do atacante Bruno Henrique, que saiu de campo reclamando da conduta do \u00e1rbitro Ramon Abatti Abel.<\/p>\n\n\n\n<p>A confus\u00e3o come\u00e7ou aos 35 minutos da etapa inicial, quando Gonzalo Plata recebeu lan\u00e7amento em velocidade e foi derrubado na entrada da \u00e1rea por Fausto Vera, \u00faltimo homem da defesa atleticana. Ramon Abatti marcou falta e aplicou o cart\u00e3o amarelo. <\/p>\n\n\n\n<p>Em seguida, ap\u00f3s recomenda\u00e7\u00e3o do VAR, o \u00e1rbitro revisou o lance para avaliar se a infra\u00e7\u00e3o ocorrera dentro da \u00e1rea e, principalmente, se o cart\u00e3o deveria ser alterado.<\/p>\n\n\n\n<h3 class=\"wp-block-heading\" id=\"h-declaracao-contundente-de-bruno-henrique\">Declara\u00e7\u00e3o contundente de Bruno Henrique<\/h3>\n\n\n\n<p>Na sa\u00edda para o intervalo, Bruno Henrique revelou uma fala do \u00e1rbitro que, segundo ele, contradiz a decis\u00e3o tomada ap\u00f3s a checagem no v\u00eddeo:<\/p>\n\n\n\n<p>&#8220;O \u00e1rbitro me chamou e falou: \u2018Se foi dentro da \u00e1rea, \u00e9 p\u00eanalti e cart\u00e3o amarelo. Se foi falta [fora da \u00e1rea], \u00e9 expuls\u00e3o\u02bc. Ele falou isso para mim e para o Hulk. Depois que ele olha o VAR, muda a decis\u00e3o. Ent\u00e3o, \u00e9 dif\u00edcil ficar falando de arbitragem o tempo todo&#8221;.<\/p>\n\n\n\n<h3 class=\"wp-block-heading\" id=\"h-contradicao-e-revolta-no-elenco\">Contradi\u00e7\u00e3o e revolta no elenco<\/h3>\n\n\n\n<p>Conforme o relato do camisa 27, a explica\u00e7\u00e3o de Ramon Abatti antes da ida ao monitor gerava expectativa de uma expuls\u00e3o em caso de falta fora da \u00e1rea. <\/p>\n\n\n\n<p>No entanto, mesmo ap\u00f3s confirmar que o contato aconteceu fora da \u00e1rea e reconhecer que o volante do Atl\u00e9tico-MG era o \u00faltimo defensor, o \u00e1rbitro manteve o cart\u00e3o amarelo, o que acirrou ainda mais os \u00e2nimos no time do Flamengo.<\/p>\n\n\n\n<h3 class=\"wp-block-heading\" id=\"h-situacao-no-campeonato-e-proximos-passos\">Situa\u00e7\u00e3o no campeonato e pr\u00f3ximos passos<\/h3>\n\n\n\n<p>Apesar da controv\u00e9rsia, a equipe rubro-negra conseguiu vencer o jogo por 1 a 0 e, com isso, assumiu a lideran\u00e7a do Brasileir\u00e3o ao final da rodada. Ainda assim, a arbitragem segue como tema recorrente nas entrevistas e nos bastidores do clube.<\/p>\n\n\n\n<h3 class=\"wp-block-heading\" id=\"h-historico-recente-do-arbitro-com-o-flamengo\">Hist\u00f3rico recente do \u00e1rbitro com o Flamengo<\/h3>\n\n\n\n<p>Ali\u00e1s, esta n\u00e3o foi a primeira vez que Ramon Abatti esteve no centro de cr\u00edticas envolvendo jogos do Flamengo. <\/p>\n\n\n\n<p>Em partida anterior contra o Palmeiras, neste mesmo campeonato, o \u00e1rbitro j\u00e1 havia sido acusado de ignorar uma joelhada de Weverton em L\u00e9o Ortiz dentro da \u00e1rea, al\u00e9m de n\u00e3o expulsar Gustavo G\u00f3mez por uma entrada dura em Luiz Ara\u00fajo.<\/p>\n","protected":false},"excerpt":{"rendered":"<p>O confronto entre Flamengo e Atl\u00e9tico-MG, realizado no domingo (27), no Maracan\u00e3, pela 17\u00aa rodada do Campeonato Brasileiro, terminou envolto em pol\u00eamica. Ainda no primeiro tempo, uma decis\u00e3o da arbitragem gerou indigna\u00e7\u00e3o por parte dos jogadores rubro-negros, especialmente do atacante Bruno Henrique, que saiu de campo reclamando da conduta do \u00e1rbitro Ramon Abatti Abel. A [&hellip;]<\/p>\n","protected":false},"author":30,"featured_media":255011,"comment_status":"open","ping_status":"closed","sticky":false,"template":"","format":"standard","meta":{"footnotes":""},"categories":[1],"tags":[],"class_list":["post-273143","post","type-post","status-publish","format-standard","has-post-thumbnail","hentry","category-flamengo"],"yoast_head":"<!-- This site is optimized with the Yoast SEO Premium plugin v24.2 (Yoast SEO v26.9) - https:\/\/yoast.com\/product\/yoast-seo-premium-wordpress\/ -->\n<title>A declara\u00e7\u00e3o de Bruno Henrique direcionada a Ramon Abatti Abel<\/title>\n<meta name=\"robots\" content=\"index, follow, max-snippet:-1, max-image-preview:large, max-video-preview:-1\" \/>\n<link rel=\"canonical\" href=\"https:\/\/www.gaveanews.com\/index.php\/2025\/07\/28\/a-declaracao-de-bruno-henrique-direcionada-a-ramon-abatti-abel\/\" \/>\n<meta property=\"og:locale\" content=\"pt_BR\" \/>\n<meta property=\"og:type\" content=\"article\" \/>\n<meta property=\"og:title\" content=\"A declara\u00e7\u00e3o de Bruno Henrique direcionada a Ramon Abatti Abel\" \/>\n<meta property=\"og:description\" content=\"O confronto entre Flamengo e Atl\u00e9tico-MG, realizado no domingo (27), no Maracan\u00e3, pela 17\u00aa rodada do Campeonato Brasileiro, terminou envolto em pol\u00eamica. Ainda no primeiro tempo, uma decis\u00e3o da arbitragem gerou indigna\u00e7\u00e3o por parte dos jogadores rubro-negros, especialmente do atacante Bruno Henrique, que saiu de campo reclamando da conduta do \u00e1rbitro Ramon Abatti Abel. A [&hellip;]\" \/>\n<meta property=\"og:url\" content=\"https:\/\/www.gaveanews.com\/index.php\/2025\/07\/28\/a-declaracao-de-bruno-henrique-direcionada-a-ramon-abatti-abel\/\" \/>\n<meta property=\"og:site_name\" content=\"G\u00e1vea News\" \/>\n<meta property=\"article:publisher\" content=\"https:\/\/facebook.com\/gaveaNews\/\" \/>\n<meta property=\"article:published_time\" content=\"2025-07-28T23:30:00+00:00\" \/>\n<meta property=\"og:image\" content=\"https:\/\/www.gaveanews.com\/wp-content\/uploads\/Bruno-Henrique-em-embarque-do-Flamengo.webp\" \/>\n\t<meta property=\"og:image:width\" content=\"1200\" \/>\n\t<meta property=\"og:image:height\" content=\"800\" \/>\n\t<meta property=\"og:image:type\" content=\"image\/png\" \/>\n<meta name=\"author\" content=\"Ana Teixeira\" \/>\n<meta name=\"twitter:card\" content=\"summary_large_image\" \/>\n<meta name=\"twitter:label1\" content=\"Escrito por\" \/>\n\t<meta name=\"twitter:data1\" content=\"Ana Teixeira\" \/>\n\t<meta name=\"twitter:label2\" content=\"Est. tempo de leitura\" \/>\n\t<meta name=\"twitter:data2\" content=\"3 minutos\" \/>\n<script type=\"application\/ld+json\" class=\"yoast-schema-graph\">{\"@context\":\"https:\/\/schema.org\",\"@graph\":[{\"@type\":\"NewsArticle\",\"@id\":\"https:\/\/www.gaveanews.com\/index.php\/2025\/07\/28\/a-declaracao-de-bruno-henrique-direcionada-a-ramon-abatti-abel\/#article\",\"isPartOf\":{\"@id\":\"https:\/\/www.gaveanews.com\/index.php\/2025\/07\/28\/a-declaracao-de-bruno-henrique-direcionada-a-ramon-abatti-abel\/\"},\"author\":{\"name\":\"Ana Teixeira\",\"@id\":\"https:\/\/www.gaveanews.com\/#\/schema\/person\/3b19f7288b0ce20372991275e4f2e6c2\"},\"headline\":\"A declara\u00e7\u00e3o de Bruno Henrique direcionada a Ramon Abatti Abel\",\"datePublished\":\"2025-07-28T23:30:00+00:00\",\"mainEntityOfPage\":{\"@id\":\"https:\/\/www.gaveanews.com\/index.php\/2025\/07\/28\/a-declaracao-de-bruno-henrique-direcionada-a-ramon-abatti-abel\/\"},\"wordCount\":434,\"commentCount\":0,\"image\":{\"@id\":\"https:\/\/www.gaveanews.com\/index.php\/2025\/07\/28\/a-declaracao-de-bruno-henrique-direcionada-a-ramon-abatti-abel\/#primaryimage\"},\"thumbnailUrl\":\"https:\/\/www.gaveanews.com\/wp-content\/uploads\/Bruno-Henrique-em-embarque-do-Flamengo.webp\",\"articleSection\":[\"Flamengo\"],\"inLanguage\":\"pt-BR\",\"potentialAction\":[{\"@type\":\"CommentAction\",\"name\":\"Comment\",\"target\":[\"https:\/\/www.gaveanews.com\/index.php\/2025\/07\/28\/a-declaracao-de-bruno-henrique-direcionada-a-ramon-abatti-abel\/#respond\"]}],\"copyrightYear\":\"2025\",\"copyrightHolder\":{\"@id\":\"https:\/\/www.gaveanews.com\/#organization\"}},{\"@type\":\"WebPage\",\"@id\":\"https:\/\/www.gaveanews.com\/index.php\/2025\/07\/28\/a-declaracao-de-bruno-henrique-direcionada-a-ramon-abatti-abel\/\",\"url\":\"https:\/\/www.gaveanews.com\/index.php\/2025\/07\/28\/a-declaracao-de-bruno-henrique-direcionada-a-ramon-abatti-abel\/\",\"name\":\"A declara\u00e7\u00e3o de Bruno Henrique direcionada a Ramon Abatti Abel\",\"isPartOf\":{\"@id\":\"https:\/\/www.gaveanews.com\/#website\"},\"primaryImageOfPage\":{\"@id\":\"https:\/\/www.gaveanews.com\/index.php\/2025\/07\/28\/a-declaracao-de-bruno-henrique-direcionada-a-ramon-abatti-abel\/#primaryimage\"},\"image\":{\"@id\":\"https:\/\/www.gaveanews.com\/index.php\/2025\/07\/28\/a-declaracao-de-bruno-henrique-direcionada-a-ramon-abatti-abel\/#primaryimage\"},\"thumbnailUrl\":\"https:\/\/www.gaveanews.com\/wp-content\/uploads\/Bruno-Henrique-em-embarque-do-Flamengo.webp\",\"datePublished\":\"2025-07-28T23:30:00+00:00\",\"author\":{\"@id\":\"https:\/\/www.gaveanews.com\/#\/schema\/person\/3b19f7288b0ce20372991275e4f2e6c2\"},\"breadcrumb\":{\"@id\":\"https:\/\/www.gaveanews.com\/index.php\/2025\/07\/28\/a-declaracao-de-bruno-henrique-direcionada-a-ramon-abatti-abel\/#breadcrumb\"},\"inLanguage\":\"pt-BR\",\"potentialAction\":[{\"@type\":\"ReadAction\",\"target\":[\"https:\/\/www.gaveanews.com\/index.php\/2025\/07\/28\/a-declaracao-de-bruno-henrique-direcionada-a-ramon-abatti-abel\/\"]}]},{\"@type\":\"ImageObject\",\"inLanguage\":\"pt-BR\",\"@id\":\"https:\/\/www.gaveanews.com\/index.php\/2025\/07\/28\/a-declaracao-de-bruno-henrique-direcionada-a-ramon-abatti-abel\/#primaryimage\",\"url\":\"https:\/\/www.gaveanews.com\/wp-content\/uploads\/Bruno-Henrique-em-embarque-do-Flamengo.webp\",\"contentUrl\":\"https:\/\/www.gaveanews.com\/wp-content\/uploads\/Bruno-Henrique-em-embarque-do-Flamengo.webp\",\"width\":1200,\"height\":800,\"caption\":\"Bruno Henrique em embarque do Flamengo - Foto: Adriano Fontes\/Flamengo\"},{\"@type\":\"BreadcrumbList\",\"@id\":\"https:\/\/www.gaveanews.com\/index.php\/2025\/07\/28\/a-declaracao-de-bruno-henrique-direcionada-a-ramon-abatti-abel\/#breadcrumb\",\"itemListElement\":[{\"@type\":\"ListItem\",\"position\":1,\"name\":\"Home\",\"item\":\"https:\/\/www.gaveanews.com\/\"},{\"@type\":\"ListItem\",\"position\":2,\"name\":\"A declara\u00e7\u00e3o de Bruno Henrique direcionada a Ramon Abatti Abel\"}]},{\"@type\":\"WebSite\",\"@id\":\"https:\/\/www.gaveanews.com\/#website\",\"url\":\"https:\/\/www.gaveanews.com\/\",\"name\":\"G\u00e1vea News\",\"description\":\"Veja todas as not\u00edcias sobre o Flamengo: Contrata\u00e7\u00f5es, categorias de base, resultados das partidas, tabela de classifica\u00e7\u00e3o, pr\u00f3ximos jogos!\",\"potentialAction\":[{\"@type\":\"SearchAction\",\"target\":{\"@type\":\"EntryPoint\",\"urlTemplate\":\"https:\/\/www.gaveanews.com\/?s={search_term_string}\"},\"query-input\":{\"@type\":\"PropertyValueSpecification\",\"valueRequired\":true,\"valueName\":\"search_term_string\"}}],\"inLanguage\":\"pt-BR\"},{\"@type\":\"Person\",\"@id\":\"https:\/\/www.gaveanews.com\/#\/schema\/person\/3b19f7288b0ce20372991275e4f2e6c2\",\"name\":\"Ana Teixeira\",\"image\":{\"@type\":\"ImageObject\",\"inLanguage\":\"pt-BR\",\"@id\":\"https:\/\/www.gaveanews.com\/#\/schema\/person\/image\/\",\"url\":\"https:\/\/secure.gravatar.com\/avatar\/0a73f5a5258f3fed37fc2fa641892f3f7a4748456d4d4792f9bc550e6c19e06c?s=96&d=mm&r=g\",\"contentUrl\":\"https:\/\/secure.gravatar.com\/avatar\/0a73f5a5258f3fed37fc2fa641892f3f7a4748456d4d4792f9bc550e6c19e06c?s=96&d=mm&r=g\",\"caption\":\"Ana Teixeira\"}}]}<\/script>\n<!-- \/ Yoast SEO Premium plugin. -->","yoast_head_json":{"title":"A declara\u00e7\u00e3o de Bruno Henrique direcionada a Ramon Abatti Abel","robots":{"index":"index","follow":"follow","max-snippet":"max-snippet:-1","max-image-preview":"max-image-preview:large","max-video-preview":"max-video-preview:-1"},"canonical":"https:\/\/www.gaveanews.com\/index.php\/2025\/07\/28\/a-declaracao-de-bruno-henrique-direcionada-a-ramon-abatti-abel\/","og_locale":"pt_BR","og_type":"article","og_title":"A declara\u00e7\u00e3o de Bruno Henrique direcionada a Ramon Abatti Abel","og_description":"O confronto entre Flamengo e Atl\u00e9tico-MG, realizado no domingo (27), no Maracan\u00e3, pela 17\u00aa rodada do Campeonato Brasileiro, terminou envolto em pol\u00eamica. Ainda no primeiro tempo, uma decis\u00e3o da arbitragem gerou indigna\u00e7\u00e3o por parte dos jogadores rubro-negros, especialmente do atacante Bruno Henrique, que saiu de campo reclamando da conduta do \u00e1rbitro Ramon Abatti Abel. A [&hellip;]","og_url":"https:\/\/www.gaveanews.com\/index.php\/2025\/07\/28\/a-declaracao-de-bruno-henrique-direcionada-a-ramon-abatti-abel\/","og_site_name":"G\u00e1vea News","article_publisher":"https:\/\/facebook.com\/gaveaNews\/","article_published_time":"2025-07-28T23:30:00+00:00","og_image":[{"width":1200,"height":800,"url":"https:\/\/www.gaveanews.com\/wp-content\/uploads\/Bruno-Henrique-em-embarque-do-Flamengo.webp","type":"image\/png"}],"author":"Ana Teixeira","twitter_card":"summary_large_image","twitter_misc":{"Escrito por":"Ana Teixeira","Est. tempo de leitura":"3 minutos"},"schema":{"@context":"https:\/\/schema.org","@graph":[{"@type":"NewsArticle","@id":"https:\/\/www.gaveanews.com\/index.php\/2025\/07\/28\/a-declaracao-de-bruno-henrique-direcionada-a-ramon-abatti-abel\/#article","isPartOf":{"@id":"https:\/\/www.gaveanews.com\/index.php\/2025\/07\/28\/a-declaracao-de-bruno-henrique-direcionada-a-ramon-abatti-abel\/"},"author":{"name":"Ana Teixeira","@id":"https:\/\/www.gaveanews.com\/#\/schema\/person\/3b19f7288b0ce20372991275e4f2e6c2"},"headline":"A declara\u00e7\u00e3o de Bruno Henrique direcionada a Ramon Abatti Abel","datePublished":"2025-07-28T23:30:00+00:00","mainEntityOfPage":{"@id":"https:\/\/www.gaveanews.com\/index.php\/2025\/07\/28\/a-declaracao-de-bruno-henrique-direcionada-a-ramon-abatti-abel\/"},"wordCount":434,"commentCount":0,"image":{"@id":"https:\/\/www.gaveanews.com\/index.php\/2025\/07\/28\/a-declaracao-de-bruno-henrique-direcionada-a-ramon-abatti-abel\/#primaryimage"},"thumbnailUrl":"https:\/\/www.gaveanews.com\/wp-content\/uploads\/Bruno-Henrique-em-embarque-do-Flamengo.webp","articleSection":["Flamengo"],"inLanguage":"pt-BR","potentialAction":[{"@type":"CommentAction","name":"Comment","target":["https:\/\/www.gaveanews.com\/index.php\/2025\/07\/28\/a-declaracao-de-bruno-henrique-direcionada-a-ramon-abatti-abel\/#respond"]}],"copyrightYear":"2025","copyrightHolder":{"@id":"https:\/\/www.gaveanews.com\/#organization"}},{"@type":"WebPage","@id":"https:\/\/www.gaveanews.com\/index.php\/2025\/07\/28\/a-declaracao-de-bruno-henrique-direcionada-a-ramon-abatti-abel\/","url":"https:\/\/www.gaveanews.com\/index.php\/2025\/07\/28\/a-declaracao-de-bruno-henrique-direcionada-a-ramon-abatti-abel\/","name":"A declara\u00e7\u00e3o de Bruno Henrique direcionada a Ramon Abatti Abel","isPartOf":{"@id":"https:\/\/www.gaveanews.com\/#website"},"primaryImageOfPage":{"@id":"https:\/\/www.gaveanews.com\/index.php\/2025\/07\/28\/a-declaracao-de-bruno-henrique-direcionada-a-ramon-abatti-abel\/#primaryimage"},"image":{"@id":"https:\/\/www.gaveanews.com\/index.php\/2025\/07\/28\/a-declaracao-de-bruno-henrique-direcionada-a-ramon-abatti-abel\/#primaryimage"},"thumbnailUrl":"https:\/\/www.gaveanews.com\/wp-content\/uploads\/Bruno-Henrique-em-embarque-do-Flamengo.webp","datePublished":"2025-07-28T23:30:00+00:00","author":{"@id":"https:\/\/www.gaveanews.com\/#\/schema\/person\/3b19f7288b0ce20372991275e4f2e6c2"},"breadcrumb":{"@id":"https:\/\/www.gaveanews.com\/index.php\/2025\/07\/28\/a-declaracao-de-bruno-henrique-direcionada-a-ramon-abatti-abel\/#breadcrumb"},"inLanguage":"pt-BR","potentialAction":[{"@type":"ReadAction","target":["https:\/\/www.gaveanews.com\/index.php\/2025\/07\/28\/a-declaracao-de-bruno-henrique-direcionada-a-ramon-abatti-abel\/"]}]},{"@type":"ImageObject","inLanguage":"pt-BR","@id":"https:\/\/www.gaveanews.com\/index.php\/2025\/07\/28\/a-declaracao-de-bruno-henrique-direcionada-a-ramon-abatti-abel\/#primaryimage","url":"https:\/\/www.gaveanews.com\/wp-content\/uploads\/Bruno-Henrique-em-embarque-do-Flamengo.webp","contentUrl":"https:\/\/www.gaveanews.com\/wp-content\/uploads\/Bruno-Henrique-em-embarque-do-Flamengo.webp","width":1200,"height":800,"caption":"Bruno Henrique em embarque do Flamengo - Foto: Adriano Fontes\/Flamengo"},{"@type":"BreadcrumbList","@id":"https:\/\/www.gaveanews.com\/index.php\/2025\/07\/28\/a-declaracao-de-bruno-henrique-direcionada-a-ramon-abatti-abel\/#breadcrumb","itemListElement":[{"@type":"ListItem","position":1,"name":"Home","item":"https:\/\/www.gaveanews.com\/"},{"@type":"ListItem","position":2,"name":"A declara\u00e7\u00e3o de Bruno Henrique direcionada a Ramon Abatti Abel"}]},{"@type":"WebSite","@id":"https:\/\/www.gaveanews.com\/#website","url":"https:\/\/www.gaveanews.com\/","name":"G\u00e1vea News","description":"Veja todas as not\u00edcias sobre o Flamengo: Contrata\u00e7\u00f5es, categorias de base, resultados das partidas, tabela de classifica\u00e7\u00e3o, pr\u00f3ximos jogos!","potentialAction":[{"@type":"SearchAction","target":{"@type":"EntryPoint","urlTemplate":"https:\/\/www.gaveanews.com\/?s={search_term_string}"},"query-input":{"@type":"PropertyValueSpecification","valueRequired":true,"valueName":"search_term_string"}}],"inLanguage":"pt-BR"},{"@type":"Person","@id":"https:\/\/www.gaveanews.com\/#\/schema\/person\/3b19f7288b0ce20372991275e4f2e6c2","name":"Ana Teixeira","image":{"@type":"ImageObject","inLanguage":"pt-BR","@id":"https:\/\/www.gaveanews.com\/#\/schema\/person\/image\/","url":"https:\/\/secure.gravatar.com\/avatar\/0a73f5a5258f3fed37fc2fa641892f3f7a4748456d4d4792f9bc550e6c19e06c?s=96&d=mm&r=g","contentUrl":"https:\/\/secure.gravatar.com\/avatar\/0a73f5a5258f3fed37fc2fa641892f3f7a4748456d4d4792f9bc550e6c19e06c?s=96&d=mm&r=g","caption":"Ana Teixeira"}}]}},"_links":{"self":[{"href":"https:\/\/www.gaveanews.com\/index.php\/wp-json\/wp\/v2\/posts\/273143","targetHints":{"allow":["GET"]}}],"collection":[{"href":"https:\/\/www.gaveanews.com\/index.php\/wp-json\/wp\/v2\/posts"}],"about":[{"href":"https:\/\/www.gaveanews.com\/index.php\/wp-json\/wp\/v2\/types\/post"}],"author":[{"embeddable":true,"href":"https:\/\/www.gaveanews.com\/index.php\/wp-json\/wp\/v2\/users\/30"}],"replies":[{"embeddable":true,"href":"https:\/\/www.gaveanews.com\/index.php\/wp-json\/wp\/v2\/comments?post=273143"}],"version-history":[{"count":1,"href":"https:\/\/www.gaveanews.com\/index.php\/wp-json\/wp\/v2\/posts\/273143\/revisions"}],"predecessor-version":[{"id":273150,"href":"https:\/\/www.gaveanews.com\/index.php\/wp-json\/wp\/v2\/posts\/273143\/revisions\/273150"}],"wp:featuredmedia":[{"embeddable":true,"href":"https:\/\/www.gaveanews.com\/index.php\/wp-json\/wp\/v2\/media\/255011"}],"wp:attachment":[{"href":"https:\/\/www.gaveanews.com\/index.php\/wp-json\/wp\/v2\/media?parent=273143"}],"wp:term":[{"taxonomy":"category","embeddable":true,"href":"https:\/\/www.gaveanews.com\/index.php\/wp-json\/wp\/v2\/categories?post=273143"},{"taxonomy":"post_tag","embeddable":true,"href":"https:\/\/www.gaveanews.com\/index.php\/wp-json\/wp\/v2\/tags?post=273143"}],"curies":[{"name":"wp","href":"https:\/\/api.w.org\/{rel}","templated":true}]}}