{"id":273177,"date":"2025-07-29T16:00:00","date_gmt":"2025-07-29T19:00:00","guid":{"rendered":"https:\/\/www.gaveanews.com\/?p=273177"},"modified":"2025-07-29T15:22:44","modified_gmt":"2025-07-29T18:22:44","slug":"imprensa-europeia-elogia-contratacoes-do-flamengo-veja","status":"publish","type":"post","link":"https:\/\/www.gaveanews.com\/index.php\/2025\/07\/29\/imprensa-europeia-elogia-contratacoes-do-flamengo-veja\/","title":{"rendered":"Imprensa europeia elogia contrata\u00e7\u00f5es do Flamengo; veja"},"content":{"rendered":"\n<p>O Flamengo intensificou sua atua\u00e7\u00e3o no mercado de transfer\u00eancias durante o segundo semestre de 2025, refor\u00e7ando o elenco com nomes de peso do futebol europeu. As chegadas de Jorginho, Emerson Royal e Sa\u00fal \u00d1\u00edguez foram conduzidas sob a gest\u00e3o do diretor Jos\u00e9 Boto, que passou a receber elogios n\u00e3o apenas no Brasil, mas tamb\u00e9m de ve\u00edculos da imprensa internacional.<\/p>\n\n\n\n<p>Primeiramente, Jorginho foi o primeiro a ser confirmado. O volante, ex-Arsenal, assinou contrato at\u00e9 julho de 2028, chegando sem custos de transfer\u00eancia, mas com um investimento estimado em R$ 107 milh\u00f5es entre sal\u00e1rios e luvas. O atleta vestir\u00e1 a camisa 21 e foi apontado como pe\u00e7a-chave na disputa do Mundial de Clubes. Ainda assim, o jogador precisou abrir m\u00e3o de uma bonifica\u00e7\u00e3o de aproximadamente R$ 3,8 milh\u00f5es para agilizar sua rescis\u00e3o com o clube ingl\u00eas.<\/p>\n\n\n\n<figure class=\"wp-block-image size-large\"><img loading=\"lazy\" decoding=\"async\" width=\"1024\" height=\"681\" src=\"http:\/\/www.gaveanews.com\/wp-content\/uploads\/Apresentacao-de-Jose-Boto-no-Flamengo-Foto_-Marcelo-Cortes_CRF-1024x681.webp\" alt=\"\" class=\"wp-image-205638\" srcset=\"https:\/\/www.gaveanews.com\/wp-content\/uploads\/Apresentacao-de-Jose-Boto-no-Flamengo-Foto_-Marcelo-Cortes_CRF-1024x681.webp 1024w, https:\/\/www.gaveanews.com\/wp-content\/uploads\/Apresentacao-de-Jose-Boto-no-Flamengo-Foto_-Marcelo-Cortes_CRF-300x200.webp 300w, https:\/\/www.gaveanews.com\/wp-content\/uploads\/Apresentacao-de-Jose-Boto-no-Flamengo-Foto_-Marcelo-Cortes_CRF-768x511.webp 768w, https:\/\/www.gaveanews.com\/wp-content\/uploads\/Apresentacao-de-Jose-Boto-no-Flamengo-Foto_-Marcelo-Cortes_CRF-1536x1022.webp 1536w, https:\/\/www.gaveanews.com\/wp-content\/uploads\/Apresentacao-de-Jose-Boto-no-Flamengo-Foto_-Marcelo-Cortes_CRF-632x420.webp 632w, https:\/\/www.gaveanews.com\/wp-content\/uploads\/Apresentacao-de-Jose-Boto-no-Flamengo-Foto_-Marcelo-Cortes_CRF-1263x840.webp 1263w, https:\/\/www.gaveanews.com\/wp-content\/uploads\/Apresentacao-de-Jose-Boto-no-Flamengo-Foto_-Marcelo-Cortes_CRF-640x426.webp 640w, https:\/\/www.gaveanews.com\/wp-content\/uploads\/Apresentacao-de-Jose-Boto-no-Flamengo-Foto_-Marcelo-Cortes_CRF-1280x851.webp 1280w, https:\/\/www.gaveanews.com\/wp-content\/uploads\/Apresentacao-de-Jose-Boto-no-Flamengo-Foto_-Marcelo-Cortes_CRF-681x453.webp 681w, https:\/\/www.gaveanews.com\/wp-content\/uploads\/Apresentacao-de-Jose-Boto-no-Flamengo-Foto_-Marcelo-Cortes_CRF-1362x906.webp 1362w, https:\/\/www.gaveanews.com\/wp-content\/uploads\/Apresentacao-de-Jose-Boto-no-Flamengo-Foto_-Marcelo-Cortes_CRF-100x67.webp 100w, https:\/\/www.gaveanews.com\/wp-content\/uploads\/Apresentacao-de-Jose-Boto-no-Flamengo-Foto_-Marcelo-Cortes_CRF.webp 2048w\" sizes=\"auto, (max-width: 1024px) 100vw, 1024px\" \/><figcaption class=\"wp-element-caption\">Entrevista coletiva de Jos\u00e9 Boto (Foto: Reprodu\u00e7\u00e3o\/FlaTV)<\/figcaption><\/figure>\n\n\n\n<p>Em seguida, foi a vez de Emerson Royal. Revelado pelo Atl\u00e9tico-MG e com passagem recente pelo Milan, o lateral-direito firmou v\u00ednculo com o Flamengo at\u00e9 o fim de 2028. Para contrat\u00e1-lo, o clube desembolsou 9 milh\u00f5es de euros, cerca de R$ 58 milh\u00f5es. Emerson foi apresentado no Maracan\u00e3 e expressou entusiasmo: \u201cPrazer incr\u00edvel estar aqui. Viver isso, s\u00f3 vivi jogando contra e um dia sonhei com esse momento. Deus \u00e9 muito bom comigo em estar realizando isso. N\u00e3o vejo a hora de estar em campo e sentir esse calor da torcida\u201d.<\/p>\n\n\n\n<p>Posteriormente, o espanhol Sa\u00fal \u00d1\u00edguez completou o trio de refor\u00e7os. Com passagens por Atl\u00e9tico de Madrid e Sevilla, o meio-campista rescindiu seu contrato na Europa e acertou com o Flamengo at\u00e9 dezembro de 2028. Ao ser recepcionado pela torcida, o jogador declarou: \u201cMuito obrigado pelo carinho, na\u00e7\u00e3o. Muito bonito estar aqui. Veja, n\u00e3o h\u00e1 que falar, h\u00e1 que admirar e desfrutar. Mas \u00e9 muito bonito. Ainda n\u00e3o demonstrei nada e j\u00e1 tem esse carinho. Me d\u00e1 gana de querer competir e dar tudo por eles\u201d.<\/p>\n\n\n\n<p>As movimenta\u00e7\u00f5es coordenadas por Jos\u00e9 Boto ganharam destaque fora do pa\u00eds. O jornalista italiano Gianluca DiMarzio classificou o dirigente como \u201chabilidoso em administrar m\u00faltiplas situa\u00e7\u00f5es\u201d e destacou a solidez das vendas anteriores, como as de Fabr\u00edcio Bruno, Gerson, Alcaraz e Wesley, al\u00e9m de elogiar o planejamento das novas contrata\u00e7\u00f5es.<\/p>\n\n\n\n<p>\u201cJos\u00e9 Boto enfrenta dificuldades em sil\u00eancio. O diretor esportivo j\u00e1 fez isso no passado e continua fazendo hoje. Basta pensar no ataque feroz \u2014 e injustificado \u2014 da m\u00eddia brasileira ap\u00f3s o Mundial\u201d, escreveu DiMarzio ao se referir \u00e0s cr\u00edticas ap\u00f3s a elimina\u00e7\u00e3o no torneio internacional.<\/p>\n\n\n\n<p>Apesar das cr\u00edticas, o dirigente segue gerindo um mercado sem desperd\u00edcios. Al\u00e9m dos tr\u00eas principais nomes, Boto tamb\u00e9m trouxe Jorginho e Danilo sem custos e quase fechou com Sa\u00fal mesmo quando o jogador j\u00e1 se aproximava do Trabzonspor. Segundo o jornalista europeu, trata-se de uma \u201cdemonstra\u00e7\u00e3o de for\u00e7a e penetra\u00e7\u00e3o de mercado nunca antes vista em um clube sul-americano\u201d.<\/p>\n","protected":false},"excerpt":{"rendered":"<p>O Flamengo intensificou sua atua\u00e7\u00e3o no mercado de transfer\u00eancias durante o segundo semestre de 2025, refor\u00e7ando o elenco com nomes de peso do futebol europeu. As chegadas de Jorginho, Emerson Royal e Sa\u00fal \u00d1\u00edguez foram conduzidas sob a gest\u00e3o do diretor Jos\u00e9 Boto, que passou a receber elogios n\u00e3o apenas no Brasil, mas tamb\u00e9m de [&hellip;]<\/p>\n","protected":false},"author":27,"featured_media":272956,"comment_status":"open","ping_status":"closed","sticky":false,"template":"","format":"standard","meta":{"footnotes":""},"categories":[1],"tags":[],"class_list":["post-273177","post","type-post","status-publish","format-standard","has-post-thumbnail","hentry","category-flamengo"],"yoast_head":"<!-- This site is optimized with the Yoast SEO Premium plugin v24.2 (Yoast SEO v26.9) - https:\/\/yoast.com\/product\/yoast-seo-premium-wordpress\/ -->\n<title>Imprensa europeia elogia contrata\u00e7\u00f5es do Flamengo; veja<\/title>\n<meta name=\"robots\" content=\"index, follow, max-snippet:-1, max-image-preview:large, max-video-preview:-1\" \/>\n<link rel=\"canonical\" href=\"https:\/\/www.gaveanews.com\/index.php\/2025\/07\/29\/imprensa-europeia-elogia-contratacoes-do-flamengo-veja\/\" \/>\n<meta property=\"og:locale\" content=\"pt_BR\" \/>\n<meta property=\"og:type\" content=\"article\" \/>\n<meta property=\"og:title\" content=\"Imprensa europeia elogia contrata\u00e7\u00f5es do Flamengo; veja\" \/>\n<meta property=\"og:description\" content=\"O Flamengo intensificou sua atua\u00e7\u00e3o no mercado de transfer\u00eancias durante o segundo semestre de 2025, refor\u00e7ando o elenco com nomes de peso do futebol europeu. As chegadas de Jorginho, Emerson Royal e Sa\u00fal \u00d1\u00edguez foram conduzidas sob a gest\u00e3o do diretor Jos\u00e9 Boto, que passou a receber elogios n\u00e3o apenas no Brasil, mas tamb\u00e9m de [&hellip;]\" \/>\n<meta property=\"og:url\" content=\"https:\/\/www.gaveanews.com\/index.php\/2025\/07\/29\/imprensa-europeia-elogia-contratacoes-do-flamengo-veja\/\" \/>\n<meta property=\"og:site_name\" content=\"G\u00e1vea News\" \/>\n<meta property=\"article:publisher\" content=\"https:\/\/facebook.com\/gaveaNews\/\" \/>\n<meta property=\"article:published_time\" content=\"2025-07-29T19:00:00+00:00\" \/>\n<meta property=\"og:image\" content=\"https:\/\/www.gaveanews.com\/wp-content\/uploads\/elenco-do-Flamengo.png\" \/>\n\t<meta property=\"og:image:width\" content=\"1200\" \/>\n\t<meta property=\"og:image:height\" content=\"900\" \/>\n\t<meta property=\"og:image:type\" content=\"image\/png\" \/>\n<meta name=\"author\" content=\"Matheus Felipe\" \/>\n<meta name=\"twitter:card\" content=\"summary_large_image\" \/>\n<meta name=\"twitter:label1\" content=\"Escrito por\" \/>\n\t<meta name=\"twitter:data1\" content=\"Matheus Felipe\" \/>\n\t<meta name=\"twitter:label2\" content=\"Est. tempo de leitura\" \/>\n\t<meta name=\"twitter:data2\" content=\"3 minutos\" \/>\n<script type=\"application\/ld+json\" class=\"yoast-schema-graph\">{\"@context\":\"https:\/\/schema.org\",\"@graph\":[{\"@type\":\"NewsArticle\",\"@id\":\"https:\/\/www.gaveanews.com\/index.php\/2025\/07\/29\/imprensa-europeia-elogia-contratacoes-do-flamengo-veja\/#article\",\"isPartOf\":{\"@id\":\"https:\/\/www.gaveanews.com\/index.php\/2025\/07\/29\/imprensa-europeia-elogia-contratacoes-do-flamengo-veja\/\"},\"author\":{\"name\":\"Matheus Felipe\",\"@id\":\"https:\/\/www.gaveanews.com\/#\/schema\/person\/8207cd4627f56151707418bfc835b2fb\"},\"headline\":\"Imprensa europeia elogia contrata\u00e7\u00f5es do Flamengo; veja\",\"datePublished\":\"2025-07-29T19:00:00+00:00\",\"mainEntityOfPage\":{\"@id\":\"https:\/\/www.gaveanews.com\/index.php\/2025\/07\/29\/imprensa-europeia-elogia-contratacoes-do-flamengo-veja\/\"},\"wordCount\":520,\"commentCount\":0,\"image\":{\"@id\":\"https:\/\/www.gaveanews.com\/index.php\/2025\/07\/29\/imprensa-europeia-elogia-contratacoes-do-flamengo-veja\/#primaryimage\"},\"thumbnailUrl\":\"https:\/\/www.gaveanews.com\/wp-content\/uploads\/elenco-do-Flamengo.png\",\"articleSection\":[\"Flamengo\"],\"inLanguage\":\"pt-BR\",\"potentialAction\":[{\"@type\":\"CommentAction\",\"name\":\"Comment\",\"target\":[\"https:\/\/www.gaveanews.com\/index.php\/2025\/07\/29\/imprensa-europeia-elogia-contratacoes-do-flamengo-veja\/#respond\"]}],\"copyrightYear\":\"2025\",\"copyrightHolder\":{\"@id\":\"https:\/\/www.gaveanews.com\/#organization\"}},{\"@type\":\"WebPage\",\"@id\":\"https:\/\/www.gaveanews.com\/index.php\/2025\/07\/29\/imprensa-europeia-elogia-contratacoes-do-flamengo-veja\/\",\"url\":\"https:\/\/www.gaveanews.com\/index.php\/2025\/07\/29\/imprensa-europeia-elogia-contratacoes-do-flamengo-veja\/\",\"name\":\"Imprensa europeia elogia contrata\u00e7\u00f5es do Flamengo; veja\",\"isPartOf\":{\"@id\":\"https:\/\/www.gaveanews.com\/#website\"},\"primaryImageOfPage\":{\"@id\":\"https:\/\/www.gaveanews.com\/index.php\/2025\/07\/29\/imprensa-europeia-elogia-contratacoes-do-flamengo-veja\/#primaryimage\"},\"image\":{\"@id\":\"https:\/\/www.gaveanews.com\/index.php\/2025\/07\/29\/imprensa-europeia-elogia-contratacoes-do-flamengo-veja\/#primaryimage\"},\"thumbnailUrl\":\"https:\/\/www.gaveanews.com\/wp-content\/uploads\/elenco-do-Flamengo.png\",\"datePublished\":\"2025-07-29T19:00:00+00:00\",\"author\":{\"@id\":\"https:\/\/www.gaveanews.com\/#\/schema\/person\/8207cd4627f56151707418bfc835b2fb\"},\"breadcrumb\":{\"@id\":\"https:\/\/www.gaveanews.com\/index.php\/2025\/07\/29\/imprensa-europeia-elogia-contratacoes-do-flamengo-veja\/#breadcrumb\"},\"inLanguage\":\"pt-BR\",\"potentialAction\":[{\"@type\":\"ReadAction\",\"target\":[\"https:\/\/www.gaveanews.com\/index.php\/2025\/07\/29\/imprensa-europeia-elogia-contratacoes-do-flamengo-veja\/\"]}]},{\"@type\":\"ImageObject\",\"inLanguage\":\"pt-BR\",\"@id\":\"https:\/\/www.gaveanews.com\/index.php\/2025\/07\/29\/imprensa-europeia-elogia-contratacoes-do-flamengo-veja\/#primaryimage\",\"url\":\"https:\/\/www.gaveanews.com\/wp-content\/uploads\/elenco-do-Flamengo.png\",\"contentUrl\":\"https:\/\/www.gaveanews.com\/wp-content\/uploads\/elenco-do-Flamengo.png\",\"width\":1200,\"height\":900,\"caption\":\"Elenco do Flamengo (Foto: Adriano Fontes\/Flamengo)\"},{\"@type\":\"BreadcrumbList\",\"@id\":\"https:\/\/www.gaveanews.com\/index.php\/2025\/07\/29\/imprensa-europeia-elogia-contratacoes-do-flamengo-veja\/#breadcrumb\",\"itemListElement\":[{\"@type\":\"ListItem\",\"position\":1,\"name\":\"Home\",\"item\":\"https:\/\/www.gaveanews.com\/\"},{\"@type\":\"ListItem\",\"position\":2,\"name\":\"Imprensa europeia elogia contrata\u00e7\u00f5es do Flamengo; veja\"}]},{\"@type\":\"WebSite\",\"@id\":\"https:\/\/www.gaveanews.com\/#website\",\"url\":\"https:\/\/www.gaveanews.com\/\",\"name\":\"G\u00e1vea News\",\"description\":\"Veja todas as not\u00edcias sobre o Flamengo: Contrata\u00e7\u00f5es, categorias de base, resultados das partidas, tabela de classifica\u00e7\u00e3o, pr\u00f3ximos jogos!\",\"potentialAction\":[{\"@type\":\"SearchAction\",\"target\":{\"@type\":\"EntryPoint\",\"urlTemplate\":\"https:\/\/www.gaveanews.com\/?s={search_term_string}\"},\"query-input\":{\"@type\":\"PropertyValueSpecification\",\"valueRequired\":true,\"valueName\":\"search_term_string\"}}],\"inLanguage\":\"pt-BR\"},{\"@type\":\"Person\",\"@id\":\"https:\/\/www.gaveanews.com\/#\/schema\/person\/8207cd4627f56151707418bfc835b2fb\",\"name\":\"Matheus Felipe\",\"image\":{\"@type\":\"ImageObject\",\"inLanguage\":\"pt-BR\",\"@id\":\"https:\/\/www.gaveanews.com\/#\/schema\/person\/image\/\",\"url\":\"https:\/\/secure.gravatar.com\/avatar\/a452ffbed9130f726358b298bb3a99ce4bd3c5338411f8440e87e14d74c7c087?s=96&d=mm&r=g\",\"contentUrl\":\"https:\/\/secure.gravatar.com\/avatar\/a452ffbed9130f726358b298bb3a99ce4bd3c5338411f8440e87e14d74c7c087?s=96&d=mm&r=g\",\"caption\":\"Matheus Felipe\"}}]}<\/script>\n<!-- \/ Yoast SEO Premium plugin. -->","yoast_head_json":{"title":"Imprensa europeia elogia contrata\u00e7\u00f5es do Flamengo; veja","robots":{"index":"index","follow":"follow","max-snippet":"max-snippet:-1","max-image-preview":"max-image-preview:large","max-video-preview":"max-video-preview:-1"},"canonical":"https:\/\/www.gaveanews.com\/index.php\/2025\/07\/29\/imprensa-europeia-elogia-contratacoes-do-flamengo-veja\/","og_locale":"pt_BR","og_type":"article","og_title":"Imprensa europeia elogia contrata\u00e7\u00f5es do Flamengo; veja","og_description":"O Flamengo intensificou sua atua\u00e7\u00e3o no mercado de transfer\u00eancias durante o segundo semestre de 2025, refor\u00e7ando o elenco com nomes de peso do futebol europeu. As chegadas de Jorginho, Emerson Royal e Sa\u00fal \u00d1\u00edguez foram conduzidas sob a gest\u00e3o do diretor Jos\u00e9 Boto, que passou a receber elogios n\u00e3o apenas no Brasil, mas tamb\u00e9m de [&hellip;]","og_url":"https:\/\/www.gaveanews.com\/index.php\/2025\/07\/29\/imprensa-europeia-elogia-contratacoes-do-flamengo-veja\/","og_site_name":"G\u00e1vea News","article_publisher":"https:\/\/facebook.com\/gaveaNews\/","article_published_time":"2025-07-29T19:00:00+00:00","og_image":[{"width":1200,"height":900,"url":"https:\/\/www.gaveanews.com\/wp-content\/uploads\/elenco-do-Flamengo.png","type":"image\/png"}],"author":"Matheus Felipe","twitter_card":"summary_large_image","twitter_misc":{"Escrito por":"Matheus Felipe","Est. tempo de leitura":"3 minutos"},"schema":{"@context":"https:\/\/schema.org","@graph":[{"@type":"NewsArticle","@id":"https:\/\/www.gaveanews.com\/index.php\/2025\/07\/29\/imprensa-europeia-elogia-contratacoes-do-flamengo-veja\/#article","isPartOf":{"@id":"https:\/\/www.gaveanews.com\/index.php\/2025\/07\/29\/imprensa-europeia-elogia-contratacoes-do-flamengo-veja\/"},"author":{"name":"Matheus Felipe","@id":"https:\/\/www.gaveanews.com\/#\/schema\/person\/8207cd4627f56151707418bfc835b2fb"},"headline":"Imprensa europeia elogia contrata\u00e7\u00f5es do Flamengo; veja","datePublished":"2025-07-29T19:00:00+00:00","mainEntityOfPage":{"@id":"https:\/\/www.gaveanews.com\/index.php\/2025\/07\/29\/imprensa-europeia-elogia-contratacoes-do-flamengo-veja\/"},"wordCount":520,"commentCount":0,"image":{"@id":"https:\/\/www.gaveanews.com\/index.php\/2025\/07\/29\/imprensa-europeia-elogia-contratacoes-do-flamengo-veja\/#primaryimage"},"thumbnailUrl":"https:\/\/www.gaveanews.com\/wp-content\/uploads\/elenco-do-Flamengo.png","articleSection":["Flamengo"],"inLanguage":"pt-BR","potentialAction":[{"@type":"CommentAction","name":"Comment","target":["https:\/\/www.gaveanews.com\/index.php\/2025\/07\/29\/imprensa-europeia-elogia-contratacoes-do-flamengo-veja\/#respond"]}],"copyrightYear":"2025","copyrightHolder":{"@id":"https:\/\/www.gaveanews.com\/#organization"}},{"@type":"WebPage","@id":"https:\/\/www.gaveanews.com\/index.php\/2025\/07\/29\/imprensa-europeia-elogia-contratacoes-do-flamengo-veja\/","url":"https:\/\/www.gaveanews.com\/index.php\/2025\/07\/29\/imprensa-europeia-elogia-contratacoes-do-flamengo-veja\/","name":"Imprensa europeia elogia contrata\u00e7\u00f5es do Flamengo; veja","isPartOf":{"@id":"https:\/\/www.gaveanews.com\/#website"},"primaryImageOfPage":{"@id":"https:\/\/www.gaveanews.com\/index.php\/2025\/07\/29\/imprensa-europeia-elogia-contratacoes-do-flamengo-veja\/#primaryimage"},"image":{"@id":"https:\/\/www.gaveanews.com\/index.php\/2025\/07\/29\/imprensa-europeia-elogia-contratacoes-do-flamengo-veja\/#primaryimage"},"thumbnailUrl":"https:\/\/www.gaveanews.com\/wp-content\/uploads\/elenco-do-Flamengo.png","datePublished":"2025-07-29T19:00:00+00:00","author":{"@id":"https:\/\/www.gaveanews.com\/#\/schema\/person\/8207cd4627f56151707418bfc835b2fb"},"breadcrumb":{"@id":"https:\/\/www.gaveanews.com\/index.php\/2025\/07\/29\/imprensa-europeia-elogia-contratacoes-do-flamengo-veja\/#breadcrumb"},"inLanguage":"pt-BR","potentialAction":[{"@type":"ReadAction","target":["https:\/\/www.gaveanews.com\/index.php\/2025\/07\/29\/imprensa-europeia-elogia-contratacoes-do-flamengo-veja\/"]}]},{"@type":"ImageObject","inLanguage":"pt-BR","@id":"https:\/\/www.gaveanews.com\/index.php\/2025\/07\/29\/imprensa-europeia-elogia-contratacoes-do-flamengo-veja\/#primaryimage","url":"https:\/\/www.gaveanews.com\/wp-content\/uploads\/elenco-do-Flamengo.png","contentUrl":"https:\/\/www.gaveanews.com\/wp-content\/uploads\/elenco-do-Flamengo.png","width":1200,"height":900,"caption":"Elenco do Flamengo (Foto: Adriano Fontes\/Flamengo)"},{"@type":"BreadcrumbList","@id":"https:\/\/www.gaveanews.com\/index.php\/2025\/07\/29\/imprensa-europeia-elogia-contratacoes-do-flamengo-veja\/#breadcrumb","itemListElement":[{"@type":"ListItem","position":1,"name":"Home","item":"https:\/\/www.gaveanews.com\/"},{"@type":"ListItem","position":2,"name":"Imprensa europeia elogia contrata\u00e7\u00f5es do Flamengo; veja"}]},{"@type":"WebSite","@id":"https:\/\/www.gaveanews.com\/#website","url":"https:\/\/www.gaveanews.com\/","name":"G\u00e1vea News","description":"Veja todas as not\u00edcias sobre o Flamengo: Contrata\u00e7\u00f5es, categorias de base, resultados das partidas, tabela de classifica\u00e7\u00e3o, pr\u00f3ximos jogos!","potentialAction":[{"@type":"SearchAction","target":{"@type":"EntryPoint","urlTemplate":"https:\/\/www.gaveanews.com\/?s={search_term_string}"},"query-input":{"@type":"PropertyValueSpecification","valueRequired":true,"valueName":"search_term_string"}}],"inLanguage":"pt-BR"},{"@type":"Person","@id":"https:\/\/www.gaveanews.com\/#\/schema\/person\/8207cd4627f56151707418bfc835b2fb","name":"Matheus Felipe","image":{"@type":"ImageObject","inLanguage":"pt-BR","@id":"https:\/\/www.gaveanews.com\/#\/schema\/person\/image\/","url":"https:\/\/secure.gravatar.com\/avatar\/a452ffbed9130f726358b298bb3a99ce4bd3c5338411f8440e87e14d74c7c087?s=96&d=mm&r=g","contentUrl":"https:\/\/secure.gravatar.com\/avatar\/a452ffbed9130f726358b298bb3a99ce4bd3c5338411f8440e87e14d74c7c087?s=96&d=mm&r=g","caption":"Matheus Felipe"}}]}},"_links":{"self":[{"href":"https:\/\/www.gaveanews.com\/index.php\/wp-json\/wp\/v2\/posts\/273177","targetHints":{"allow":["GET"]}}],"collection":[{"href":"https:\/\/www.gaveanews.com\/index.php\/wp-json\/wp\/v2\/posts"}],"about":[{"href":"https:\/\/www.gaveanews.com\/index.php\/wp-json\/wp\/v2\/types\/post"}],"author":[{"embeddable":true,"href":"https:\/\/www.gaveanews.com\/index.php\/wp-json\/wp\/v2\/users\/27"}],"replies":[{"embeddable":true,"href":"https:\/\/www.gaveanews.com\/index.php\/wp-json\/wp\/v2\/comments?post=273177"}],"version-history":[{"count":1,"href":"https:\/\/www.gaveanews.com\/index.php\/wp-json\/wp\/v2\/posts\/273177\/revisions"}],"predecessor-version":[{"id":273178,"href":"https:\/\/www.gaveanews.com\/index.php\/wp-json\/wp\/v2\/posts\/273177\/revisions\/273178"}],"wp:featuredmedia":[{"embeddable":true,"href":"https:\/\/www.gaveanews.com\/index.php\/wp-json\/wp\/v2\/media\/272956"}],"wp:attachment":[{"href":"https:\/\/www.gaveanews.com\/index.php\/wp-json\/wp\/v2\/media?parent=273177"}],"wp:term":[{"taxonomy":"category","embeddable":true,"href":"https:\/\/www.gaveanews.com\/index.php\/wp-json\/wp\/v2\/categories?post=273177"},{"taxonomy":"post_tag","embeddable":true,"href":"https:\/\/www.gaveanews.com\/index.php\/wp-json\/wp\/v2\/tags?post=273177"}],"curies":[{"name":"wp","href":"https:\/\/api.w.org\/{rel}","templated":true}]}}