{"id":273181,"date":"2025-07-29T17:00:00","date_gmt":"2025-07-29T20:00:00","guid":{"rendered":"https:\/\/www.gaveanews.com\/?p=273181"},"modified":"2025-07-29T16:21:25","modified_gmt":"2025-07-29T19:21:25","slug":"video-emerson-royal-e-sincero-ao-falar-sobre-a-torcida-do-flamengo","status":"publish","type":"post","link":"https:\/\/www.gaveanews.com\/index.php\/2025\/07\/29\/video-emerson-royal-e-sincero-ao-falar-sobre-a-torcida-do-flamengo\/","title":{"rendered":"V\u00eddeo: Emerson Royal \u00e9 sincero ao falar sobre a torcida do Flamengo"},"content":{"rendered":"\n<p>Emerson Royal foi oficialmente apresentado pelo Flamengo nesta ter\u00e7a-feira, no Ninho do Urubu. Em suas primeiras declara\u00e7\u00f5es, o lateral-direito destacou a for\u00e7a da torcida como fator fundamental para sua decis\u00e3o de vestir a camisa do clube carioca.<\/p>\n\n\n\n<p>\u201dUm prazer incr\u00edvel estar fazendo parte da &#8220;na\u00e7\u00e3o&#8221;. Sempre fui flamenguista e n\u00e3o sabia. O primeiro calor da torcida foi muito importante para mim. Mostrei interesse de vir, mas teve uma dificuldade de ser realizada. Agradecer o esfor\u00e7o que o Flamengo fez para eu vir para c\u00e1. Perna treme quanto vejo o calor a torcida.\u201d, disse o jogador.&nbsp;<\/p>\n\n\n\n<p>Essa sinceridade revela o impacto emocional que a Na\u00e7\u00e3o Rubro-Negra exerce sobre o atleta, que chega ao Brasil ap\u00f3s passagem pelo futebol europeu.<\/p>\n\n\n\n<blockquote class=\"twitter-tweet\" data-media-max-width=\"560\"><p lang=\"pt\" dir=\"ltr\">Emerson Royal sobre a torcida do Flamengo: \u201c\u00c9 dif\u00edcil jogar contra, a perna treme\u201d. <br><br>\ud83c\udfa5: <a href=\"https:\/\/twitter.com\/joubertjnr?ref_src=twsrc%5Etfw\">@joubertjnr<\/a> <a href=\"https:\/\/t.co\/4ZzqPSNufu\">pic.twitter.com\/4ZzqPSNufu<\/a><\/p>&mdash; QG DO MENGO (@QGdomengo) <a href=\"https:\/\/twitter.com\/QGdomengo\/status\/1950252755022729699?ref_src=twsrc%5Etfw\">July 29, 2025<\/a><\/blockquote> <script async src=\"https:\/\/platform.twitter.com\/widgets.js\" charset=\"utf-8\"><\/script>\n\n\n\n<h2 class=\"wp-block-heading\" id=\"h-escolha-pautada-no-projeto-do-flamengo-nao-no-dinheiro\">Escolha pautada no projeto do Flamengo, n\u00e3o no dinheiro<\/h2>\n\n\n\n<p>\u00c9 importante destacar que Emerson Royal tinha outras propostas na Europa, incluindo do Besiktas, onde at\u00e9 havia passagem a\u00e9rea comprada. Entretanto, ele optou pelo Flamengo n\u00e3o por quest\u00f5es financeiras, mas porque acredita no projeto esportivo apresentado.<\/p>\n\n\n\n<p>\u201cEu tinha outras propostas para ficar na Europa. Disseram que eu ia regressar na carreira, mas muito pelo contr\u00e1rio. A gente sabe a repercuss\u00e3o que tem o Flamengo. Sem d\u00favida, o que me chamou aten\u00e7\u00e3o foi o elenco, bons jogadores e treinador em uma crescente. Projeto muito grande, querendo ganhar tudo\u201d, afirmou o jogador.<\/p>\n\n\n\n<p>Portanto, Emerson chega ao clube com o objetivo claro de evoluir no futebol nacional, al\u00e9m de ter a meta de retornar \u00e0 sele\u00e7\u00e3o brasileira. Sendo assim, o lateral espera contribuir para que o Flamengo conquiste os t\u00edtulos almejados.<\/p>\n\n\n\n<h2 class=\"wp-block-heading\" id=\"h-a-expectativa-para-a-estreia-e-a-continuidade-do-flamengo\">A expectativa para a estreia e a continuidade do Flamengo<\/h2>\n\n\n\n<p>Com a regulariza\u00e7\u00e3o no BID, Emerson j\u00e1 est\u00e1 apto a atuar pelo Flamengo e pode fazer sua estreia em breve. Com isso, o clube ganha uma pe\u00e7a importante para a temporada, refor\u00e7ando a defesa e aumentando as op\u00e7\u00f5es para o t\u00e9cnico.<\/p>\n\n\n\n<p>Cabe ressaltar que, com o retorno do jogador, a equipe espera retomar o ritmo vencedor e manter o alto n\u00edvel que a torcida exige. Desse jeito, Emerson Royal assume a responsabilidade de corresponder \u00e0 expectativa da Na\u00e7\u00e3o Rubro-Negra dentro de campo.<\/p>\n","protected":false},"excerpt":{"rendered":"<p>Emerson Royal foi oficialmente apresentado pelo Flamengo nesta ter\u00e7a-feira, no Ninho do Urubu. Em suas primeiras declara\u00e7\u00f5es, o lateral-direito destacou a for\u00e7a da torcida como fator fundamental para sua decis\u00e3o de vestir a camisa do clube carioca. \u201dUm prazer incr\u00edvel estar fazendo parte da &#8220;na\u00e7\u00e3o&#8221;. Sempre fui flamenguista e n\u00e3o sabia. O primeiro calor da [&hellip;]<\/p>\n","protected":false},"author":25,"featured_media":114437,"comment_status":"open","ping_status":"closed","sticky":false,"template":"","format":"standard","meta":{"footnotes":""},"categories":[1],"tags":[],"class_list":["post-273181","post","type-post","status-publish","format-standard","has-post-thumbnail","hentry","category-flamengo"],"yoast_head":"<!-- This site is optimized with the Yoast SEO Premium plugin v24.2 (Yoast SEO v26.9) - https:\/\/yoast.com\/product\/yoast-seo-premium-wordpress\/ -->\n<title>V\u00eddeo: Emerson Royal \u00e9 sincero ao falar sobre a torcida do Flamengo<\/title>\n<meta name=\"robots\" content=\"index, follow, max-snippet:-1, max-image-preview:large, max-video-preview:-1\" \/>\n<link rel=\"canonical\" href=\"https:\/\/www.gaveanews.com\/index.php\/2025\/07\/29\/video-emerson-royal-e-sincero-ao-falar-sobre-a-torcida-do-flamengo\/\" \/>\n<meta property=\"og:locale\" content=\"pt_BR\" \/>\n<meta property=\"og:type\" content=\"article\" \/>\n<meta property=\"og:title\" content=\"V\u00eddeo: Emerson Royal \u00e9 sincero ao falar sobre a torcida do Flamengo\" \/>\n<meta property=\"og:description\" content=\"Emerson Royal foi oficialmente apresentado pelo Flamengo nesta ter\u00e7a-feira, no Ninho do Urubu. Em suas primeiras declara\u00e7\u00f5es, o lateral-direito destacou a for\u00e7a da torcida como fator fundamental para sua decis\u00e3o de vestir a camisa do clube carioca. \u201dUm prazer incr\u00edvel estar fazendo parte da &#8220;na\u00e7\u00e3o&#8221;. Sempre fui flamenguista e n\u00e3o sabia. O primeiro calor da [&hellip;]\" \/>\n<meta property=\"og:url\" content=\"https:\/\/www.gaveanews.com\/index.php\/2025\/07\/29\/video-emerson-royal-e-sincero-ao-falar-sobre-a-torcida-do-flamengo\/\" \/>\n<meta property=\"og:site_name\" content=\"G\u00e1vea News\" \/>\n<meta property=\"article:publisher\" content=\"https:\/\/facebook.com\/gaveaNews\/\" \/>\n<meta property=\"article:published_time\" content=\"2025-07-29T20:00:00+00:00\" \/>\n<meta property=\"og:image\" content=\"https:\/\/www.gaveanews.com\/wp-content\/uploads\/Emerson-Royal-durante-treino-do-Brasil.webp\" \/>\n\t<meta property=\"og:image:width\" content=\"1080\" \/>\n\t<meta property=\"og:image:height\" content=\"1080\" \/>\n\t<meta property=\"og:image:type\" content=\"image\/jpeg\" \/>\n<meta name=\"author\" content=\"Rafaela Ladeira\" \/>\n<meta name=\"twitter:card\" content=\"summary_large_image\" \/>\n<meta name=\"twitter:label1\" content=\"Escrito por\" \/>\n\t<meta name=\"twitter:data1\" content=\"Rafaela Ladeira\" \/>\n\t<meta name=\"twitter:label2\" content=\"Est. tempo de leitura\" \/>\n\t<meta name=\"twitter:data2\" content=\"3 minutos\" \/>\n<script type=\"application\/ld+json\" class=\"yoast-schema-graph\">{\"@context\":\"https:\/\/schema.org\",\"@graph\":[{\"@type\":\"NewsArticle\",\"@id\":\"https:\/\/www.gaveanews.com\/index.php\/2025\/07\/29\/video-emerson-royal-e-sincero-ao-falar-sobre-a-torcida-do-flamengo\/#article\",\"isPartOf\":{\"@id\":\"https:\/\/www.gaveanews.com\/index.php\/2025\/07\/29\/video-emerson-royal-e-sincero-ao-falar-sobre-a-torcida-do-flamengo\/\"},\"author\":{\"name\":\"Rafaela Ladeira\",\"@id\":\"https:\/\/www.gaveanews.com\/#\/schema\/person\/0eb3e3fe1754f0205218538adbe8f5ed\"},\"headline\":\"V\u00eddeo: Emerson Royal \u00e9 sincero ao falar sobre a torcida do Flamengo\",\"datePublished\":\"2025-07-29T20:00:00+00:00\",\"mainEntityOfPage\":{\"@id\":\"https:\/\/www.gaveanews.com\/index.php\/2025\/07\/29\/video-emerson-royal-e-sincero-ao-falar-sobre-a-torcida-do-flamengo\/\"},\"wordCount\":410,\"commentCount\":0,\"image\":{\"@id\":\"https:\/\/www.gaveanews.com\/index.php\/2025\/07\/29\/video-emerson-royal-e-sincero-ao-falar-sobre-a-torcida-do-flamengo\/#primaryimage\"},\"thumbnailUrl\":\"https:\/\/www.gaveanews.com\/wp-content\/uploads\/Emerson-Royal-durante-treino-do-Brasil.webp\",\"articleSection\":[\"Flamengo\"],\"inLanguage\":\"pt-BR\",\"potentialAction\":[{\"@type\":\"CommentAction\",\"name\":\"Comment\",\"target\":[\"https:\/\/www.gaveanews.com\/index.php\/2025\/07\/29\/video-emerson-royal-e-sincero-ao-falar-sobre-a-torcida-do-flamengo\/#respond\"]}],\"copyrightYear\":\"2025\",\"copyrightHolder\":{\"@id\":\"https:\/\/www.gaveanews.com\/#organization\"}},{\"@type\":\"WebPage\",\"@id\":\"https:\/\/www.gaveanews.com\/index.php\/2025\/07\/29\/video-emerson-royal-e-sincero-ao-falar-sobre-a-torcida-do-flamengo\/\",\"url\":\"https:\/\/www.gaveanews.com\/index.php\/2025\/07\/29\/video-emerson-royal-e-sincero-ao-falar-sobre-a-torcida-do-flamengo\/\",\"name\":\"V\u00eddeo: Emerson Royal \u00e9 sincero ao falar sobre a torcida do Flamengo\",\"isPartOf\":{\"@id\":\"https:\/\/www.gaveanews.com\/#website\"},\"primaryImageOfPage\":{\"@id\":\"https:\/\/www.gaveanews.com\/index.php\/2025\/07\/29\/video-emerson-royal-e-sincero-ao-falar-sobre-a-torcida-do-flamengo\/#primaryimage\"},\"image\":{\"@id\":\"https:\/\/www.gaveanews.com\/index.php\/2025\/07\/29\/video-emerson-royal-e-sincero-ao-falar-sobre-a-torcida-do-flamengo\/#primaryimage\"},\"thumbnailUrl\":\"https:\/\/www.gaveanews.com\/wp-content\/uploads\/Emerson-Royal-durante-treino-do-Brasil.webp\",\"datePublished\":\"2025-07-29T20:00:00+00:00\",\"author\":{\"@id\":\"https:\/\/www.gaveanews.com\/#\/schema\/person\/0eb3e3fe1754f0205218538adbe8f5ed\"},\"breadcrumb\":{\"@id\":\"https:\/\/www.gaveanews.com\/index.php\/2025\/07\/29\/video-emerson-royal-e-sincero-ao-falar-sobre-a-torcida-do-flamengo\/#breadcrumb\"},\"inLanguage\":\"pt-BR\",\"potentialAction\":[{\"@type\":\"ReadAction\",\"target\":[\"https:\/\/www.gaveanews.com\/index.php\/2025\/07\/29\/video-emerson-royal-e-sincero-ao-falar-sobre-a-torcida-do-flamengo\/\"]}]},{\"@type\":\"ImageObject\",\"inLanguage\":\"pt-BR\",\"@id\":\"https:\/\/www.gaveanews.com\/index.php\/2025\/07\/29\/video-emerson-royal-e-sincero-ao-falar-sobre-a-torcida-do-flamengo\/#primaryimage\",\"url\":\"https:\/\/www.gaveanews.com\/wp-content\/uploads\/Emerson-Royal-durante-treino-do-Brasil.webp\",\"contentUrl\":\"https:\/\/www.gaveanews.com\/wp-content\/uploads\/Emerson-Royal-durante-treino-do-Brasil.webp\",\"width\":1080,\"height\":1080,\"caption\":\"Emerson Royal durante treino do Brasil (Foto: Reprodu\u00e7\u00e3o\/Instagram)\"},{\"@type\":\"BreadcrumbList\",\"@id\":\"https:\/\/www.gaveanews.com\/index.php\/2025\/07\/29\/video-emerson-royal-e-sincero-ao-falar-sobre-a-torcida-do-flamengo\/#breadcrumb\",\"itemListElement\":[{\"@type\":\"ListItem\",\"position\":1,\"name\":\"Home\",\"item\":\"https:\/\/www.gaveanews.com\/\"},{\"@type\":\"ListItem\",\"position\":2,\"name\":\"V\u00eddeo: Emerson Royal \u00e9 sincero ao falar sobre a torcida do Flamengo\"}]},{\"@type\":\"WebSite\",\"@id\":\"https:\/\/www.gaveanews.com\/#website\",\"url\":\"https:\/\/www.gaveanews.com\/\",\"name\":\"G\u00e1vea News\",\"description\":\"Veja todas as not\u00edcias sobre o Flamengo: Contrata\u00e7\u00f5es, categorias de base, resultados das partidas, tabela de classifica\u00e7\u00e3o, pr\u00f3ximos jogos!\",\"potentialAction\":[{\"@type\":\"SearchAction\",\"target\":{\"@type\":\"EntryPoint\",\"urlTemplate\":\"https:\/\/www.gaveanews.com\/?s={search_term_string}\"},\"query-input\":{\"@type\":\"PropertyValueSpecification\",\"valueRequired\":true,\"valueName\":\"search_term_string\"}}],\"inLanguage\":\"pt-BR\"},{\"@type\":\"Person\",\"@id\":\"https:\/\/www.gaveanews.com\/#\/schema\/person\/0eb3e3fe1754f0205218538adbe8f5ed\",\"name\":\"Rafaela Ladeira\",\"image\":{\"@type\":\"ImageObject\",\"inLanguage\":\"pt-BR\",\"@id\":\"https:\/\/www.gaveanews.com\/#\/schema\/person\/image\/\",\"url\":\"https:\/\/secure.gravatar.com\/avatar\/c31f513acffd85eacab5730cbdfdbbf59f21ba5aeada8cd890acea879fbb2455?s=96&d=mm&r=g\",\"contentUrl\":\"https:\/\/secure.gravatar.com\/avatar\/c31f513acffd85eacab5730cbdfdbbf59f21ba5aeada8cd890acea879fbb2455?s=96&d=mm&r=g\",\"caption\":\"Rafaela Ladeira\"}}]}<\/script>\n<!-- \/ Yoast SEO Premium plugin. -->","yoast_head_json":{"title":"V\u00eddeo: Emerson Royal \u00e9 sincero ao falar sobre a torcida do Flamengo","robots":{"index":"index","follow":"follow","max-snippet":"max-snippet:-1","max-image-preview":"max-image-preview:large","max-video-preview":"max-video-preview:-1"},"canonical":"https:\/\/www.gaveanews.com\/index.php\/2025\/07\/29\/video-emerson-royal-e-sincero-ao-falar-sobre-a-torcida-do-flamengo\/","og_locale":"pt_BR","og_type":"article","og_title":"V\u00eddeo: Emerson Royal \u00e9 sincero ao falar sobre a torcida do Flamengo","og_description":"Emerson Royal foi oficialmente apresentado pelo Flamengo nesta ter\u00e7a-feira, no Ninho do Urubu. Em suas primeiras declara\u00e7\u00f5es, o lateral-direito destacou a for\u00e7a da torcida como fator fundamental para sua decis\u00e3o de vestir a camisa do clube carioca. \u201dUm prazer incr\u00edvel estar fazendo parte da &#8220;na\u00e7\u00e3o&#8221;. Sempre fui flamenguista e n\u00e3o sabia. O primeiro calor da [&hellip;]","og_url":"https:\/\/www.gaveanews.com\/index.php\/2025\/07\/29\/video-emerson-royal-e-sincero-ao-falar-sobre-a-torcida-do-flamengo\/","og_site_name":"G\u00e1vea News","article_publisher":"https:\/\/facebook.com\/gaveaNews\/","article_published_time":"2025-07-29T20:00:00+00:00","og_image":[{"width":1080,"height":1080,"url":"https:\/\/www.gaveanews.com\/wp-content\/uploads\/Emerson-Royal-durante-treino-do-Brasil.webp","type":"image\/jpeg"}],"author":"Rafaela Ladeira","twitter_card":"summary_large_image","twitter_misc":{"Escrito por":"Rafaela Ladeira","Est. tempo de leitura":"3 minutos"},"schema":{"@context":"https:\/\/schema.org","@graph":[{"@type":"NewsArticle","@id":"https:\/\/www.gaveanews.com\/index.php\/2025\/07\/29\/video-emerson-royal-e-sincero-ao-falar-sobre-a-torcida-do-flamengo\/#article","isPartOf":{"@id":"https:\/\/www.gaveanews.com\/index.php\/2025\/07\/29\/video-emerson-royal-e-sincero-ao-falar-sobre-a-torcida-do-flamengo\/"},"author":{"name":"Rafaela Ladeira","@id":"https:\/\/www.gaveanews.com\/#\/schema\/person\/0eb3e3fe1754f0205218538adbe8f5ed"},"headline":"V\u00eddeo: Emerson Royal \u00e9 sincero ao falar sobre a torcida do Flamengo","datePublished":"2025-07-29T20:00:00+00:00","mainEntityOfPage":{"@id":"https:\/\/www.gaveanews.com\/index.php\/2025\/07\/29\/video-emerson-royal-e-sincero-ao-falar-sobre-a-torcida-do-flamengo\/"},"wordCount":410,"commentCount":0,"image":{"@id":"https:\/\/www.gaveanews.com\/index.php\/2025\/07\/29\/video-emerson-royal-e-sincero-ao-falar-sobre-a-torcida-do-flamengo\/#primaryimage"},"thumbnailUrl":"https:\/\/www.gaveanews.com\/wp-content\/uploads\/Emerson-Royal-durante-treino-do-Brasil.webp","articleSection":["Flamengo"],"inLanguage":"pt-BR","potentialAction":[{"@type":"CommentAction","name":"Comment","target":["https:\/\/www.gaveanews.com\/index.php\/2025\/07\/29\/video-emerson-royal-e-sincero-ao-falar-sobre-a-torcida-do-flamengo\/#respond"]}],"copyrightYear":"2025","copyrightHolder":{"@id":"https:\/\/www.gaveanews.com\/#organization"}},{"@type":"WebPage","@id":"https:\/\/www.gaveanews.com\/index.php\/2025\/07\/29\/video-emerson-royal-e-sincero-ao-falar-sobre-a-torcida-do-flamengo\/","url":"https:\/\/www.gaveanews.com\/index.php\/2025\/07\/29\/video-emerson-royal-e-sincero-ao-falar-sobre-a-torcida-do-flamengo\/","name":"V\u00eddeo: Emerson Royal \u00e9 sincero ao falar sobre a torcida do Flamengo","isPartOf":{"@id":"https:\/\/www.gaveanews.com\/#website"},"primaryImageOfPage":{"@id":"https:\/\/www.gaveanews.com\/index.php\/2025\/07\/29\/video-emerson-royal-e-sincero-ao-falar-sobre-a-torcida-do-flamengo\/#primaryimage"},"image":{"@id":"https:\/\/www.gaveanews.com\/index.php\/2025\/07\/29\/video-emerson-royal-e-sincero-ao-falar-sobre-a-torcida-do-flamengo\/#primaryimage"},"thumbnailUrl":"https:\/\/www.gaveanews.com\/wp-content\/uploads\/Emerson-Royal-durante-treino-do-Brasil.webp","datePublished":"2025-07-29T20:00:00+00:00","author":{"@id":"https:\/\/www.gaveanews.com\/#\/schema\/person\/0eb3e3fe1754f0205218538adbe8f5ed"},"breadcrumb":{"@id":"https:\/\/www.gaveanews.com\/index.php\/2025\/07\/29\/video-emerson-royal-e-sincero-ao-falar-sobre-a-torcida-do-flamengo\/#breadcrumb"},"inLanguage":"pt-BR","potentialAction":[{"@type":"ReadAction","target":["https:\/\/www.gaveanews.com\/index.php\/2025\/07\/29\/video-emerson-royal-e-sincero-ao-falar-sobre-a-torcida-do-flamengo\/"]}]},{"@type":"ImageObject","inLanguage":"pt-BR","@id":"https:\/\/www.gaveanews.com\/index.php\/2025\/07\/29\/video-emerson-royal-e-sincero-ao-falar-sobre-a-torcida-do-flamengo\/#primaryimage","url":"https:\/\/www.gaveanews.com\/wp-content\/uploads\/Emerson-Royal-durante-treino-do-Brasil.webp","contentUrl":"https:\/\/www.gaveanews.com\/wp-content\/uploads\/Emerson-Royal-durante-treino-do-Brasil.webp","width":1080,"height":1080,"caption":"Emerson Royal durante treino do Brasil (Foto: Reprodu\u00e7\u00e3o\/Instagram)"},{"@type":"BreadcrumbList","@id":"https:\/\/www.gaveanews.com\/index.php\/2025\/07\/29\/video-emerson-royal-e-sincero-ao-falar-sobre-a-torcida-do-flamengo\/#breadcrumb","itemListElement":[{"@type":"ListItem","position":1,"name":"Home","item":"https:\/\/www.gaveanews.com\/"},{"@type":"ListItem","position":2,"name":"V\u00eddeo: Emerson Royal \u00e9 sincero ao falar sobre a torcida do Flamengo"}]},{"@type":"WebSite","@id":"https:\/\/www.gaveanews.com\/#website","url":"https:\/\/www.gaveanews.com\/","name":"G\u00e1vea News","description":"Veja todas as not\u00edcias sobre o Flamengo: Contrata\u00e7\u00f5es, categorias de base, resultados das partidas, tabela de classifica\u00e7\u00e3o, pr\u00f3ximos jogos!","potentialAction":[{"@type":"SearchAction","target":{"@type":"EntryPoint","urlTemplate":"https:\/\/www.gaveanews.com\/?s={search_term_string}"},"query-input":{"@type":"PropertyValueSpecification","valueRequired":true,"valueName":"search_term_string"}}],"inLanguage":"pt-BR"},{"@type":"Person","@id":"https:\/\/www.gaveanews.com\/#\/schema\/person\/0eb3e3fe1754f0205218538adbe8f5ed","name":"Rafaela Ladeira","image":{"@type":"ImageObject","inLanguage":"pt-BR","@id":"https:\/\/www.gaveanews.com\/#\/schema\/person\/image\/","url":"https:\/\/secure.gravatar.com\/avatar\/c31f513acffd85eacab5730cbdfdbbf59f21ba5aeada8cd890acea879fbb2455?s=96&d=mm&r=g","contentUrl":"https:\/\/secure.gravatar.com\/avatar\/c31f513acffd85eacab5730cbdfdbbf59f21ba5aeada8cd890acea879fbb2455?s=96&d=mm&r=g","caption":"Rafaela Ladeira"}}]}},"_links":{"self":[{"href":"https:\/\/www.gaveanews.com\/index.php\/wp-json\/wp\/v2\/posts\/273181","targetHints":{"allow":["GET"]}}],"collection":[{"href":"https:\/\/www.gaveanews.com\/index.php\/wp-json\/wp\/v2\/posts"}],"about":[{"href":"https:\/\/www.gaveanews.com\/index.php\/wp-json\/wp\/v2\/types\/post"}],"author":[{"embeddable":true,"href":"https:\/\/www.gaveanews.com\/index.php\/wp-json\/wp\/v2\/users\/25"}],"replies":[{"embeddable":true,"href":"https:\/\/www.gaveanews.com\/index.php\/wp-json\/wp\/v2\/comments?post=273181"}],"version-history":[{"count":1,"href":"https:\/\/www.gaveanews.com\/index.php\/wp-json\/wp\/v2\/posts\/273181\/revisions"}],"predecessor-version":[{"id":273182,"href":"https:\/\/www.gaveanews.com\/index.php\/wp-json\/wp\/v2\/posts\/273181\/revisions\/273182"}],"wp:featuredmedia":[{"embeddable":true,"href":"https:\/\/www.gaveanews.com\/index.php\/wp-json\/wp\/v2\/media\/114437"}],"wp:attachment":[{"href":"https:\/\/www.gaveanews.com\/index.php\/wp-json\/wp\/v2\/media?parent=273181"}],"wp:term":[{"taxonomy":"category","embeddable":true,"href":"https:\/\/www.gaveanews.com\/index.php\/wp-json\/wp\/v2\/categories?post=273181"},{"taxonomy":"post_tag","embeddable":true,"href":"https:\/\/www.gaveanews.com\/index.php\/wp-json\/wp\/v2\/tags?post=273181"}],"curies":[{"name":"wp","href":"https:\/\/api.w.org\/{rel}","templated":true}]}}