{"id":273183,"date":"2025-07-29T18:00:00","date_gmt":"2025-07-29T21:00:00","guid":{"rendered":"https:\/\/www.gaveanews.com\/?p=273183"},"modified":"2025-07-29T16:41:55","modified_gmt":"2025-07-29T19:41:55","slug":"atacante-que-esteve-na-mira-do-flamengo-assina-com-time-de-cristiano-ronaldo","status":"publish","type":"post","link":"https:\/\/www.gaveanews.com\/index.php\/2025\/07\/29\/atacante-que-esteve-na-mira-do-flamengo-assina-com-time-de-cristiano-ronaldo\/","title":{"rendered":"Atacante que esteve na mira do Flamengo assina com time de Cristiano Ronaldo"},"content":{"rendered":"\n<p>Jo\u00e3o F\u00e9lix foi anunciado oficialmente como novo refor\u00e7o do Al-Nassr nesta ter\u00e7a-feira (29) em um dos movimentos de maior impacto da atual janela. A chegada do jogador foi formalizada nas redes sociais do clube de Riade, com o atleta posando ao lado do diretor esportivo Sim\u00e3o Coutinho, segurando a camisa da nova equipe.<\/p>\n\n\n\n<p>O acordo com o Chelsea foi fechado por 30 milh\u00f5es de euros, valor que pode atingir os 50 milh\u00f5es com metas adicionais. O novo contrato tem validade at\u00e9 2027, colocando o atacante como parceiro de Cristiano Ronaldo no setor ofensivo da equipe comandada por Jorge Jesus .<\/p>\n\n\n\n<h3 class=\"wp-block-heading\" id=\"h-historico-recente-no-futebol-europeu\">Hist\u00f3rico recente no futebol europeu<\/h3>\n\n\n\n<p>Antes de desembarcar no futebol saudita, Jo\u00e3o F\u00e9lix passou por uma sequ\u00eancia de clubes europeus. Na temporada passada, o atacante atuou em 20 jogos pelo Chelsea, somando sete gols e duas assist\u00eancias. Em seguida, foi emprestado ao Milan, onde participou de 21 partidas e marcou tr\u00eas vezes.<\/p>\n\n\n\n<p>O jogador n\u00e3o encontrou estabilidade desde que deixou o Benfica. Vendido ao Atl\u00e9tico de Madrid por 120 milh\u00f5es de euros, ele teve passagens por Barcelona e Chelsea, mas n\u00e3o conseguiu se consolidar como refer\u00eancia. <\/p>\n\n\n\n<p>Em 2024, o clube londrino o contratou em definitivo por 52 milh\u00f5es, mas optou por negoci\u00e1-lo um ano depois, diante da falta de espa\u00e7o no elenco principal.<\/p>\n\n\n\n<h3 class=\"wp-block-heading\" id=\"h-interferencia-de-cristiano-ronaldo-na-negociacao\">Interfer\u00eancia de Cristiano Ronaldo na negocia\u00e7\u00e3o<\/h3>\n\n\n\n<p>Cristiano Ronaldo teve atua\u00e7\u00e3o direta para viabilizar a contrata\u00e7\u00e3o. Segundo a imprensa local, o camisa 7 portugu\u00eas emprestou seu jato particular para facilitar o deslocamento de Jo\u00e3o F\u00e9lix entre Londres e Salzburgo, cidade onde o Al-Nassr realiza sua pr\u00e9-temporada. A atitude contribuiu para acelerar os tr\u00e2mites finais da transfer\u00eancia.<\/p>\n\n\n\n<p>No elenco saudita, o atacante reencontra Ronaldo, com quem j\u00e1 atuou diversas vezes na sele\u00e7\u00e3o de Portugal. Al\u00e9m disso, trabalhar\u00e1 sob comando de Jorge Jesus, t\u00e9cnico que assumiu recentemente a equipe. Ot\u00e1vio, outro portugu\u00eas que estava no clube, est\u00e1 de sa\u00edda.<\/p>\n\n\n\n<h3 class=\"wp-block-heading\" id=\"h-declaracao-e-projecao-imediata\">Declara\u00e7\u00e3o e proje\u00e7\u00e3o imediata<\/h3>\n\n\n\n<p>Durante a apresenta\u00e7\u00e3o, Jo\u00e3o F\u00e9lix se dirigiu aos torcedores por meio de uma curta mensagem publicada nas redes sociais do clube: <strong>&#8220;Estou aqui para espalhar alegria. Vamos vencer juntos&#8221;<\/strong>.<\/p>\n\n\n\n<h3 class=\"wp-block-heading\" id=\"h-projecao-de-carreira-e-valores-movimentados\">Proje\u00e7\u00e3o de carreira e valores movimentados<\/h3>\n\n\n\n<p>Desde a temporada 2018\/2019, quando se destacou no Benfica, Jo\u00e3o F\u00e9lix j\u00e1 atuou por seis clubes distintos. Ao longo dessa trajet\u00f3ria, o atacante movimentou mais de 200 milh\u00f5es de euros em transfer\u00eancias. <\/p>\n\n\n\n<p>Apesar das expectativas iniciais, ele ainda busca desempenho constante em alto n\u00edvel e regularidade em sua carreira profissional.<\/p>\n","protected":false},"excerpt":{"rendered":"<p>Jo\u00e3o F\u00e9lix foi anunciado oficialmente como novo refor\u00e7o do Al-Nassr nesta ter\u00e7a-feira (29) em um dos movimentos de maior impacto da atual janela. A chegada do jogador foi formalizada nas redes sociais do clube de Riade, com o atleta posando ao lado do diretor esportivo Sim\u00e3o Coutinho, segurando a camisa da nova equipe. O acordo [&hellip;]<\/p>\n","protected":false},"author":30,"featured_media":167469,"comment_status":"open","ping_status":"closed","sticky":false,"template":"","format":"standard","meta":{"footnotes":""},"categories":[246,78,245],"tags":[],"class_list":["post-273183","post","type-post","status-publish","format-standard","has-post-thumbnail","hentry","category-al-nassr","category-futebol-internacional","category-saudi-pro-league"],"yoast_head":"<!-- This site is optimized with the Yoast SEO Premium plugin v24.2 (Yoast SEO v26.9) - https:\/\/yoast.com\/product\/yoast-seo-premium-wordpress\/ -->\n<title>Atacante que esteve na mira do Flamengo assina com time de Cristiano Ronaldo<\/title>\n<meta name=\"robots\" content=\"index, follow, max-snippet:-1, max-image-preview:large, max-video-preview:-1\" \/>\n<link rel=\"canonical\" href=\"https:\/\/www.gaveanews.com\/index.php\/2025\/07\/29\/atacante-que-esteve-na-mira-do-flamengo-assina-com-time-de-cristiano-ronaldo\/\" \/>\n<meta property=\"og:locale\" content=\"pt_BR\" \/>\n<meta property=\"og:type\" content=\"article\" \/>\n<meta property=\"og:title\" content=\"Atacante que esteve na mira do Flamengo assina com time de Cristiano Ronaldo\" \/>\n<meta property=\"og:description\" content=\"Jo\u00e3o F\u00e9lix foi anunciado oficialmente como novo refor\u00e7o do Al-Nassr nesta ter\u00e7a-feira (29) em um dos movimentos de maior impacto da atual janela. A chegada do jogador foi formalizada nas redes sociais do clube de Riade, com o atleta posando ao lado do diretor esportivo Sim\u00e3o Coutinho, segurando a camisa da nova equipe. O acordo [&hellip;]\" \/>\n<meta property=\"og:url\" content=\"https:\/\/www.gaveanews.com\/index.php\/2025\/07\/29\/atacante-que-esteve-na-mira-do-flamengo-assina-com-time-de-cristiano-ronaldo\/\" \/>\n<meta property=\"og:site_name\" content=\"G\u00e1vea News\" \/>\n<meta property=\"article:publisher\" content=\"https:\/\/facebook.com\/gaveaNews\/\" \/>\n<meta property=\"article:published_time\" content=\"2025-07-29T21:00:00+00:00\" \/>\n<meta property=\"og:image\" content=\"https:\/\/www.gaveanews.com\/wp-content\/uploads\/Cristiano-Ronaldo-com-a-camisa-do-Al-Nassr-em-2024.webp\" \/>\n\t<meta property=\"og:image:width\" content=\"1397\" \/>\n\t<meta property=\"og:image:height\" content=\"931\" \/>\n\t<meta property=\"og:image:type\" content=\"image\/webp\" \/>\n<meta name=\"author\" content=\"Ana Teixeira\" \/>\n<meta name=\"twitter:card\" content=\"summary_large_image\" \/>\n<meta name=\"twitter:label1\" content=\"Escrito por\" \/>\n\t<meta name=\"twitter:data1\" content=\"Ana Teixeira\" \/>\n\t<meta name=\"twitter:label2\" content=\"Est. tempo de leitura\" \/>\n\t<meta name=\"twitter:data2\" content=\"3 minutos\" \/>\n<script type=\"application\/ld+json\" class=\"yoast-schema-graph\">{\"@context\":\"https:\/\/schema.org\",\"@graph\":[{\"@type\":\"NewsArticle\",\"@id\":\"https:\/\/www.gaveanews.com\/index.php\/2025\/07\/29\/atacante-que-esteve-na-mira-do-flamengo-assina-com-time-de-cristiano-ronaldo\/#article\",\"isPartOf\":{\"@id\":\"https:\/\/www.gaveanews.com\/index.php\/2025\/07\/29\/atacante-que-esteve-na-mira-do-flamengo-assina-com-time-de-cristiano-ronaldo\/\"},\"author\":{\"name\":\"Ana Teixeira\",\"@id\":\"https:\/\/www.gaveanews.com\/#\/schema\/person\/3b19f7288b0ce20372991275e4f2e6c2\"},\"headline\":\"Atacante que esteve na mira do Flamengo assina com time de Cristiano Ronaldo\",\"datePublished\":\"2025-07-29T21:00:00+00:00\",\"mainEntityOfPage\":{\"@id\":\"https:\/\/www.gaveanews.com\/index.php\/2025\/07\/29\/atacante-que-esteve-na-mira-do-flamengo-assina-com-time-de-cristiano-ronaldo\/\"},\"wordCount\":447,\"commentCount\":0,\"image\":{\"@id\":\"https:\/\/www.gaveanews.com\/index.php\/2025\/07\/29\/atacante-que-esteve-na-mira-do-flamengo-assina-com-time-de-cristiano-ronaldo\/#primaryimage\"},\"thumbnailUrl\":\"https:\/\/www.gaveanews.com\/wp-content\/uploads\/Cristiano-Ronaldo-com-a-camisa-do-Al-Nassr-em-2024.webp\",\"articleSection\":[\"Al-Nassr\",\"Futebol Internacional\",\"Saudi Pro League\"],\"inLanguage\":\"pt-BR\",\"potentialAction\":[{\"@type\":\"CommentAction\",\"name\":\"Comment\",\"target\":[\"https:\/\/www.gaveanews.com\/index.php\/2025\/07\/29\/atacante-que-esteve-na-mira-do-flamengo-assina-com-time-de-cristiano-ronaldo\/#respond\"]}],\"copyrightYear\":\"2025\",\"copyrightHolder\":{\"@id\":\"https:\/\/www.gaveanews.com\/#organization\"}},{\"@type\":\"WebPage\",\"@id\":\"https:\/\/www.gaveanews.com\/index.php\/2025\/07\/29\/atacante-que-esteve-na-mira-do-flamengo-assina-com-time-de-cristiano-ronaldo\/\",\"url\":\"https:\/\/www.gaveanews.com\/index.php\/2025\/07\/29\/atacante-que-esteve-na-mira-do-flamengo-assina-com-time-de-cristiano-ronaldo\/\",\"name\":\"Atacante que esteve na mira do Flamengo assina com time de Cristiano Ronaldo\",\"isPartOf\":{\"@id\":\"https:\/\/www.gaveanews.com\/#website\"},\"primaryImageOfPage\":{\"@id\":\"https:\/\/www.gaveanews.com\/index.php\/2025\/07\/29\/atacante-que-esteve-na-mira-do-flamengo-assina-com-time-de-cristiano-ronaldo\/#primaryimage\"},\"image\":{\"@id\":\"https:\/\/www.gaveanews.com\/index.php\/2025\/07\/29\/atacante-que-esteve-na-mira-do-flamengo-assina-com-time-de-cristiano-ronaldo\/#primaryimage\"},\"thumbnailUrl\":\"https:\/\/www.gaveanews.com\/wp-content\/uploads\/Cristiano-Ronaldo-com-a-camisa-do-Al-Nassr-em-2024.webp\",\"datePublished\":\"2025-07-29T21:00:00+00:00\",\"author\":{\"@id\":\"https:\/\/www.gaveanews.com\/#\/schema\/person\/3b19f7288b0ce20372991275e4f2e6c2\"},\"breadcrumb\":{\"@id\":\"https:\/\/www.gaveanews.com\/index.php\/2025\/07\/29\/atacante-que-esteve-na-mira-do-flamengo-assina-com-time-de-cristiano-ronaldo\/#breadcrumb\"},\"inLanguage\":\"pt-BR\",\"potentialAction\":[{\"@type\":\"ReadAction\",\"target\":[\"https:\/\/www.gaveanews.com\/index.php\/2025\/07\/29\/atacante-que-esteve-na-mira-do-flamengo-assina-com-time-de-cristiano-ronaldo\/\"]}]},{\"@type\":\"ImageObject\",\"inLanguage\":\"pt-BR\",\"@id\":\"https:\/\/www.gaveanews.com\/index.php\/2025\/07\/29\/atacante-que-esteve-na-mira-do-flamengo-assina-com-time-de-cristiano-ronaldo\/#primaryimage\",\"url\":\"https:\/\/www.gaveanews.com\/wp-content\/uploads\/Cristiano-Ronaldo-com-a-camisa-do-Al-Nassr-em-2024.webp\",\"contentUrl\":\"https:\/\/www.gaveanews.com\/wp-content\/uploads\/Cristiano-Ronaldo-com-a-camisa-do-Al-Nassr-em-2024.webp\",\"width\":1397,\"height\":931,\"caption\":\"Cristiano Ronaldo com a camisa do Al Nassr em 2024 (Foto: Reprodu\u00e7\u00e3o\/Al Nassr)\"},{\"@type\":\"BreadcrumbList\",\"@id\":\"https:\/\/www.gaveanews.com\/index.php\/2025\/07\/29\/atacante-que-esteve-na-mira-do-flamengo-assina-com-time-de-cristiano-ronaldo\/#breadcrumb\",\"itemListElement\":[{\"@type\":\"ListItem\",\"position\":1,\"name\":\"Home\",\"item\":\"https:\/\/www.gaveanews.com\/\"},{\"@type\":\"ListItem\",\"position\":2,\"name\":\"Atacante que esteve na mira do Flamengo assina com time de Cristiano Ronaldo\"}]},{\"@type\":\"WebSite\",\"@id\":\"https:\/\/www.gaveanews.com\/#website\",\"url\":\"https:\/\/www.gaveanews.com\/\",\"name\":\"G\u00e1vea News\",\"description\":\"Veja todas as not\u00edcias sobre o Flamengo: Contrata\u00e7\u00f5es, categorias de base, resultados das partidas, tabela de classifica\u00e7\u00e3o, pr\u00f3ximos jogos!\",\"potentialAction\":[{\"@type\":\"SearchAction\",\"target\":{\"@type\":\"EntryPoint\",\"urlTemplate\":\"https:\/\/www.gaveanews.com\/?s={search_term_string}\"},\"query-input\":{\"@type\":\"PropertyValueSpecification\",\"valueRequired\":true,\"valueName\":\"search_term_string\"}}],\"inLanguage\":\"pt-BR\"},{\"@type\":\"Person\",\"@id\":\"https:\/\/www.gaveanews.com\/#\/schema\/person\/3b19f7288b0ce20372991275e4f2e6c2\",\"name\":\"Ana Teixeira\",\"image\":{\"@type\":\"ImageObject\",\"inLanguage\":\"pt-BR\",\"@id\":\"https:\/\/www.gaveanews.com\/#\/schema\/person\/image\/\",\"url\":\"https:\/\/secure.gravatar.com\/avatar\/0a73f5a5258f3fed37fc2fa641892f3f7a4748456d4d4792f9bc550e6c19e06c?s=96&d=mm&r=g\",\"contentUrl\":\"https:\/\/secure.gravatar.com\/avatar\/0a73f5a5258f3fed37fc2fa641892f3f7a4748456d4d4792f9bc550e6c19e06c?s=96&d=mm&r=g\",\"caption\":\"Ana Teixeira\"}}]}<\/script>\n<!-- \/ Yoast SEO Premium plugin. -->","yoast_head_json":{"title":"Atacante que esteve na mira do Flamengo assina com time de Cristiano Ronaldo","robots":{"index":"index","follow":"follow","max-snippet":"max-snippet:-1","max-image-preview":"max-image-preview:large","max-video-preview":"max-video-preview:-1"},"canonical":"https:\/\/www.gaveanews.com\/index.php\/2025\/07\/29\/atacante-que-esteve-na-mira-do-flamengo-assina-com-time-de-cristiano-ronaldo\/","og_locale":"pt_BR","og_type":"article","og_title":"Atacante que esteve na mira do Flamengo assina com time de Cristiano Ronaldo","og_description":"Jo\u00e3o F\u00e9lix foi anunciado oficialmente como novo refor\u00e7o do Al-Nassr nesta ter\u00e7a-feira (29) em um dos movimentos de maior impacto da atual janela. A chegada do jogador foi formalizada nas redes sociais do clube de Riade, com o atleta posando ao lado do diretor esportivo Sim\u00e3o Coutinho, segurando a camisa da nova equipe. O acordo [&hellip;]","og_url":"https:\/\/www.gaveanews.com\/index.php\/2025\/07\/29\/atacante-que-esteve-na-mira-do-flamengo-assina-com-time-de-cristiano-ronaldo\/","og_site_name":"G\u00e1vea News","article_publisher":"https:\/\/facebook.com\/gaveaNews\/","article_published_time":"2025-07-29T21:00:00+00:00","og_image":[{"width":1397,"height":931,"url":"https:\/\/www.gaveanews.com\/wp-content\/uploads\/Cristiano-Ronaldo-com-a-camisa-do-Al-Nassr-em-2024.webp","type":"image\/webp"}],"author":"Ana Teixeira","twitter_card":"summary_large_image","twitter_misc":{"Escrito por":"Ana Teixeira","Est. tempo de leitura":"3 minutos"},"schema":{"@context":"https:\/\/schema.org","@graph":[{"@type":"NewsArticle","@id":"https:\/\/www.gaveanews.com\/index.php\/2025\/07\/29\/atacante-que-esteve-na-mira-do-flamengo-assina-com-time-de-cristiano-ronaldo\/#article","isPartOf":{"@id":"https:\/\/www.gaveanews.com\/index.php\/2025\/07\/29\/atacante-que-esteve-na-mira-do-flamengo-assina-com-time-de-cristiano-ronaldo\/"},"author":{"name":"Ana Teixeira","@id":"https:\/\/www.gaveanews.com\/#\/schema\/person\/3b19f7288b0ce20372991275e4f2e6c2"},"headline":"Atacante que esteve na mira do Flamengo assina com time de Cristiano Ronaldo","datePublished":"2025-07-29T21:00:00+00:00","mainEntityOfPage":{"@id":"https:\/\/www.gaveanews.com\/index.php\/2025\/07\/29\/atacante-que-esteve-na-mira-do-flamengo-assina-com-time-de-cristiano-ronaldo\/"},"wordCount":447,"commentCount":0,"image":{"@id":"https:\/\/www.gaveanews.com\/index.php\/2025\/07\/29\/atacante-que-esteve-na-mira-do-flamengo-assina-com-time-de-cristiano-ronaldo\/#primaryimage"},"thumbnailUrl":"https:\/\/www.gaveanews.com\/wp-content\/uploads\/Cristiano-Ronaldo-com-a-camisa-do-Al-Nassr-em-2024.webp","articleSection":["Al-Nassr","Futebol Internacional","Saudi Pro League"],"inLanguage":"pt-BR","potentialAction":[{"@type":"CommentAction","name":"Comment","target":["https:\/\/www.gaveanews.com\/index.php\/2025\/07\/29\/atacante-que-esteve-na-mira-do-flamengo-assina-com-time-de-cristiano-ronaldo\/#respond"]}],"copyrightYear":"2025","copyrightHolder":{"@id":"https:\/\/www.gaveanews.com\/#organization"}},{"@type":"WebPage","@id":"https:\/\/www.gaveanews.com\/index.php\/2025\/07\/29\/atacante-que-esteve-na-mira-do-flamengo-assina-com-time-de-cristiano-ronaldo\/","url":"https:\/\/www.gaveanews.com\/index.php\/2025\/07\/29\/atacante-que-esteve-na-mira-do-flamengo-assina-com-time-de-cristiano-ronaldo\/","name":"Atacante que esteve na mira do Flamengo assina com time de Cristiano Ronaldo","isPartOf":{"@id":"https:\/\/www.gaveanews.com\/#website"},"primaryImageOfPage":{"@id":"https:\/\/www.gaveanews.com\/index.php\/2025\/07\/29\/atacante-que-esteve-na-mira-do-flamengo-assina-com-time-de-cristiano-ronaldo\/#primaryimage"},"image":{"@id":"https:\/\/www.gaveanews.com\/index.php\/2025\/07\/29\/atacante-que-esteve-na-mira-do-flamengo-assina-com-time-de-cristiano-ronaldo\/#primaryimage"},"thumbnailUrl":"https:\/\/www.gaveanews.com\/wp-content\/uploads\/Cristiano-Ronaldo-com-a-camisa-do-Al-Nassr-em-2024.webp","datePublished":"2025-07-29T21:00:00+00:00","author":{"@id":"https:\/\/www.gaveanews.com\/#\/schema\/person\/3b19f7288b0ce20372991275e4f2e6c2"},"breadcrumb":{"@id":"https:\/\/www.gaveanews.com\/index.php\/2025\/07\/29\/atacante-que-esteve-na-mira-do-flamengo-assina-com-time-de-cristiano-ronaldo\/#breadcrumb"},"inLanguage":"pt-BR","potentialAction":[{"@type":"ReadAction","target":["https:\/\/www.gaveanews.com\/index.php\/2025\/07\/29\/atacante-que-esteve-na-mira-do-flamengo-assina-com-time-de-cristiano-ronaldo\/"]}]},{"@type":"ImageObject","inLanguage":"pt-BR","@id":"https:\/\/www.gaveanews.com\/index.php\/2025\/07\/29\/atacante-que-esteve-na-mira-do-flamengo-assina-com-time-de-cristiano-ronaldo\/#primaryimage","url":"https:\/\/www.gaveanews.com\/wp-content\/uploads\/Cristiano-Ronaldo-com-a-camisa-do-Al-Nassr-em-2024.webp","contentUrl":"https:\/\/www.gaveanews.com\/wp-content\/uploads\/Cristiano-Ronaldo-com-a-camisa-do-Al-Nassr-em-2024.webp","width":1397,"height":931,"caption":"Cristiano Ronaldo com a camisa do Al Nassr em 2024 (Foto: Reprodu\u00e7\u00e3o\/Al Nassr)"},{"@type":"BreadcrumbList","@id":"https:\/\/www.gaveanews.com\/index.php\/2025\/07\/29\/atacante-que-esteve-na-mira-do-flamengo-assina-com-time-de-cristiano-ronaldo\/#breadcrumb","itemListElement":[{"@type":"ListItem","position":1,"name":"Home","item":"https:\/\/www.gaveanews.com\/"},{"@type":"ListItem","position":2,"name":"Atacante que esteve na mira do Flamengo assina com time de Cristiano Ronaldo"}]},{"@type":"WebSite","@id":"https:\/\/www.gaveanews.com\/#website","url":"https:\/\/www.gaveanews.com\/","name":"G\u00e1vea News","description":"Veja todas as not\u00edcias sobre o Flamengo: Contrata\u00e7\u00f5es, categorias de base, resultados das partidas, tabela de classifica\u00e7\u00e3o, pr\u00f3ximos jogos!","potentialAction":[{"@type":"SearchAction","target":{"@type":"EntryPoint","urlTemplate":"https:\/\/www.gaveanews.com\/?s={search_term_string}"},"query-input":{"@type":"PropertyValueSpecification","valueRequired":true,"valueName":"search_term_string"}}],"inLanguage":"pt-BR"},{"@type":"Person","@id":"https:\/\/www.gaveanews.com\/#\/schema\/person\/3b19f7288b0ce20372991275e4f2e6c2","name":"Ana Teixeira","image":{"@type":"ImageObject","inLanguage":"pt-BR","@id":"https:\/\/www.gaveanews.com\/#\/schema\/person\/image\/","url":"https:\/\/secure.gravatar.com\/avatar\/0a73f5a5258f3fed37fc2fa641892f3f7a4748456d4d4792f9bc550e6c19e06c?s=96&d=mm&r=g","contentUrl":"https:\/\/secure.gravatar.com\/avatar\/0a73f5a5258f3fed37fc2fa641892f3f7a4748456d4d4792f9bc550e6c19e06c?s=96&d=mm&r=g","caption":"Ana Teixeira"}}]}},"_links":{"self":[{"href":"https:\/\/www.gaveanews.com\/index.php\/wp-json\/wp\/v2\/posts\/273183","targetHints":{"allow":["GET"]}}],"collection":[{"href":"https:\/\/www.gaveanews.com\/index.php\/wp-json\/wp\/v2\/posts"}],"about":[{"href":"https:\/\/www.gaveanews.com\/index.php\/wp-json\/wp\/v2\/types\/post"}],"author":[{"embeddable":true,"href":"https:\/\/www.gaveanews.com\/index.php\/wp-json\/wp\/v2\/users\/30"}],"replies":[{"embeddable":true,"href":"https:\/\/www.gaveanews.com\/index.php\/wp-json\/wp\/v2\/comments?post=273183"}],"version-history":[{"count":1,"href":"https:\/\/www.gaveanews.com\/index.php\/wp-json\/wp\/v2\/posts\/273183\/revisions"}],"predecessor-version":[{"id":273187,"href":"https:\/\/www.gaveanews.com\/index.php\/wp-json\/wp\/v2\/posts\/273183\/revisions\/273187"}],"wp:featuredmedia":[{"embeddable":true,"href":"https:\/\/www.gaveanews.com\/index.php\/wp-json\/wp\/v2\/media\/167469"}],"wp:attachment":[{"href":"https:\/\/www.gaveanews.com\/index.php\/wp-json\/wp\/v2\/media?parent=273183"}],"wp:term":[{"taxonomy":"category","embeddable":true,"href":"https:\/\/www.gaveanews.com\/index.php\/wp-json\/wp\/v2\/categories?post=273183"},{"taxonomy":"post_tag","embeddable":true,"href":"https:\/\/www.gaveanews.com\/index.php\/wp-json\/wp\/v2\/tags?post=273183"}],"curies":[{"name":"wp","href":"https:\/\/api.w.org\/{rel}","templated":true}]}}